{"id":99960,"date":"2020-01-23T21:48:24","date_gmt":"2020-01-24T00:48:24","guid":{"rendered":"https:\/\/experienciadevida.com.ar\/portalurbano\/?p=99960"},"modified":"2020-01-23T21:48:24","modified_gmt":"2020-01-24T00:48:24","slug":"argentina-declaro-el-alerta-epidemiologico-por-el-coronavirus","status":"publish","type":"post","link":"https:\/\/experienciadevida.com.ar\/portalurbano\/argentina-declaro-el-alerta-epidemiologico-por-el-coronavirus\/","title":{"rendered":"Argentina declar\u00f3 el alerta epidemiol\u00f3gico por el coronavirus"},"content":{"rendered":"<p>El ministro de Salud, Gin\u00e9s Gonz\u00e1lez Garc\u00eda, dijo que no existe en el pa\u00eds ning\u00fan caso sospechoso, aunque aclar\u00f3: &#8220;Estamos en m\u00e1ximo control&#8221;.<\/p>\n<hr \/>\n<p>La Argentina se encuentra en alerta epidemiol\u00f3gico ante el brote de coronavirus que comenz\u00f3 en China, aunque el ministro de Salud, Gin\u00e9s Gonz\u00e1lez Garc\u00eda, aclar\u00f3 que por el momento no hay &#8220;ninguna posibilidad&#8221; de que surja la enfermedad en el pa\u00eds &#8220;a menos que sea un caso importado&#8221;.<\/p>\n<p>&#8220;Hay un alerta mundial y nosotros desplegamos ayer un alerta propio&#8221;, sostuvo el funcionario nacional. El titular de la cartera sanitaria destac\u00f3 que &#8220;hasta ahora no hay ninguna posibilidad&#8221; de que se registren casos aut\u00f3ctonos del virus respiratorio. &#8220;A menos que sea un caso importado&#8221;, advirti\u00f3.<\/p>\n<p>&#8220;No tenemos ning\u00fan caso sospechoso, aunque estamos en m\u00e1ximo control&#8221;, a\u00f1adi\u00f3 Gin\u00e9s Gonz\u00e1lez Garc\u00eda, quien explic\u00f3 que &#8220;no s\u00f3lo es un tema de salud, sino tambi\u00e9n de defensa&#8221;.<\/p>\n<p>Tras haber comenzado en la ciudad china de Wuhan, el coronavirus se propag\u00f3 a distintos pa\u00edses del sudeste asi\u00e1tico e incluso lleg\u00f3 a Estados Unidos, as\u00ed como tambi\u00e9n se investigan posibles casos de pasajeros presuntamente afectados que se trasladaron a Brasil, Colombia y M\u00e9xico.<\/p>\n<p>Aunque los coronavirus (CoV) son una gran familia de virus que causan enfermedades que van desde el resfriado com\u00fan hasta enfermedades m\u00e1s graves y que se transmiten entre animales y personas, este brote es producto de una nueva cepa que no se hab\u00eda identificado previamente en humanos.<\/p>\n<p><span id=\"saysCMSEmphasisw44hli68n78\" class=\"saysCMSEmphasis\">Los signos comunes de infecci\u00f3n incluyen s\u00edntomas respiratorios, fiebre, tos, dificultad para respirar y dificultades para respirar: en casos m\u00e1s graves, la infecci\u00f3n puede causar neumon\u00eda, s\u00edndrome respiratorio agudo severo, insuficiencia renal e incluso la muerte.<\/span><\/p>\n<p class=\" aBigClassNameToAvoidCollisionInText\">Las recomendaciones est\u00e1ndar emitidas por la Organizaci\u00f3n Mundial de la Salud (OMS) para prevenir la propagaci\u00f3n de la infecci\u00f3n incluyen lavarse las manos regularmente, cubrirse la boca y la nariz al toser y estornudar, cocinar bien la carne y los huevos, as\u00ed como tambi\u00e9n evitar el contacto cercano con cualquier persona que presente s\u00edntomas de enfermedades respiratorias, como tos y estornudos.<\/p>\n","protected":false},"excerpt":{"rendered":"<p>El ministro de Salud, Gin\u00e9s Gonz\u00e1lez Garc\u00eda, dijo que no existe en el pa\u00eds ning\u00fan&#8230;<\/p>\n","protected":false},"author":1,"featured_media":99961,"comment_status":"open","ping_status":"open","sticky":false,"template":"","format":"standard","meta":{"content-type":""},"categories":[39,45],"tags":[],"nelio_content":{"isAutoShareEnabled":false,"autoShareEndMode":"default","automationSources":{"useContentSentences":true,"useSocialTemplates":true,"useCustomSentences":false,"customSentences":[]},"followers":[1],"suggestedReferences":[],"includedReferences":[],"efiUrl":"","efiAlt":"","highlights":[]},"yoast_head":"<!-- This site is optimized with the Yoast SEO plugin v20.7 - https:\/\/yoast.com\/wordpress\/plugins\/seo\/ -->\n<title>Argentina declar\u00f3 el alerta epidemiol\u00f3gico por el coronavirus -<\/title>\n<meta name=\"robots\" content=\"index, follow, max-snippet:-1, max-image-preview:large, max-video-preview:-1\" \/>\n<link rel=\"canonical\" href=\"https:\/\/experienciadevida.com.ar\/portalurbano\/argentina-declaro-el-alerta-epidemiologico-por-el-coronavirus\/\" \/>\n<meta property=\"og:locale\" content=\"es_ES\" \/>\n<meta property=\"og:type\" content=\"article\" \/>\n<meta property=\"og:title\" content=\"Argentina declar\u00f3 el alerta epidemiol\u00f3gico por el coronavirus -\" \/>\n<meta property=\"og:description\" content=\"El ministro de Salud, Gin\u00e9s Gonz\u00e1lez Garc\u00eda, dijo que no existe en el pa\u00eds ning\u00fan...\" \/>\n<meta property=\"og:url\" content=\"https:\/\/experienciadevida.com.ar\/portalurbano\/argentina-declaro-el-alerta-epidemiologico-por-el-coronavirus\/\" \/>\n<meta property=\"article:publisher\" content=\"https:\/\/www.facebook.com\/Portal-Urbano-171542830093757\/\" \/>\n<meta property=\"article:published_time\" content=\"2020-01-24T00:48:24+00:00\" \/>\n<meta property=\"og:image\" content=\"https:\/\/experienciadevida.com.ar\/portalurbano\/wp-content\/uploads\/2020\/01\/0027851947.jpg\" \/>\n\t<meta property=\"og:image:width\" content=\"642\" \/>\n\t<meta property=\"og:image:height\" content=\"428\" \/>\n\t<meta property=\"og:image:type\" content=\"image\/jpeg\" \/>\n<meta name=\"author\" content=\"admpu17wp\" \/>\n<meta name=\"twitter:card\" content=\"summary_large_image\" \/>\n<meta name=\"twitter:creator\" content=\"@portalurbanook\" \/>\n<meta name=\"twitter:site\" content=\"@portalurbanook\" \/>\n<meta name=\"twitter:label1\" content=\"Escrito por\" \/>\n\t<meta name=\"twitter:data1\" content=\"admpu17wp\" \/>\n\t<meta name=\"twitter:label2\" content=\"Tiempo de lectura\" \/>\n\t<meta name=\"twitter:data2\" content=\"2 minutos\" \/>\n<script type=\"application\/ld+json\" class=\"yoast-schema-graph\">{\"@context\":\"https:\/\/schema.org\",\"@graph\":[{\"@type\":\"Article\",\"@id\":\"https:\/\/experienciadevida.com.ar\/portalurbano\/argentina-declaro-el-alerta-epidemiologico-por-el-coronavirus\/#article\",\"isPartOf\":{\"@id\":\"https:\/\/experienciadevida.com.ar\/portalurbano\/argentina-declaro-el-alerta-epidemiologico-por-el-coronavirus\/\"},\"author\":{\"name\":\"admpu17wp\",\"@id\":\"https:\/\/experienciadevida.com.ar\/portalurbano\/#\/schema\/person\/02dd326b1c4b056e9cc972486934a3a7\"},\"headline\":\"Argentina declar\u00f3 el alerta epidemiol\u00f3gico por el coronavirus\",\"datePublished\":\"2020-01-24T00:48:24+00:00\",\"dateModified\":\"2020-01-24T00:48:24+00:00\",\"mainEntityOfPage\":{\"@id\":\"https:\/\/experienciadevida.com.ar\/portalurbano\/argentina-declaro-el-alerta-epidemiologico-por-el-coronavirus\/\"},\"wordCount\":381,\"commentCount\":0,\"publisher\":{\"@id\":\"https:\/\/experienciadevida.com.ar\/portalurbano\/#organization\"},\"articleSection\":[\"Naci\u00f3n\",\"Salud\"],\"inLanguage\":\"es\",\"potentialAction\":[{\"@type\":\"CommentAction\",\"name\":\"Comment\",\"target\":[\"https:\/\/experienciadevida.com.ar\/portalurbano\/argentina-declaro-el-alerta-epidemiologico-por-el-coronavirus\/#respond\"]}]},{\"@type\":\"WebPage\",\"@id\":\"https:\/\/experienciadevida.com.ar\/portalurbano\/argentina-declaro-el-alerta-epidemiologico-por-el-coronavirus\/\",\"url\":\"https:\/\/experienciadevida.com.ar\/portalurbano\/argentina-declaro-el-alerta-epidemiologico-por-el-coronavirus\/\",\"name\":\"Argentina declar\u00f3 el alerta epidemiol\u00f3gico por el coronavirus -\",\"isPartOf\":{\"@id\":\"https:\/\/experienciadevida.com.ar\/portalurbano\/#website\"},\"datePublished\":\"2020-01-24T00:48:24+00:00\",\"dateModified\":\"2020-01-24T00:48:24+00:00\",\"breadcrumb\":{\"@id\":\"https:\/\/experienciadevida.com.ar\/portalurbano\/argentina-declaro-el-alerta-epidemiologico-por-el-coronavirus\/#breadcrumb\"},\"inLanguage\":\"es\",\"potentialAction\":[{\"@type\":\"ReadAction\",\"target\":[\"https:\/\/experienciadevida.com.ar\/portalurbano\/argentina-declaro-el-alerta-epidemiologico-por-el-coronavirus\/\"]}]},{\"@type\":\"BreadcrumbList\",\"@id\":\"https:\/\/experienciadevida.com.ar\/portalurbano\/argentina-declaro-el-alerta-epidemiologico-por-el-coronavirus\/#breadcrumb\",\"itemListElement\":[{\"@type\":\"ListItem\",\"position\":1,\"name\":\"Portada\",\"item\":\"https:\/\/experienciadevida.com.ar\/portalurbano\/\"},{\"@type\":\"ListItem\",\"position\":2,\"name\":\"Argentina declar\u00f3 el alerta epidemiol\u00f3gico por el coronavirus\"}]},{\"@type\":\"WebSite\",\"@id\":\"https:\/\/experienciadevida.com.ar\/portalurbano\/#website\",\"url\":\"https:\/\/experienciadevida.com.ar\/portalurbano\/\",\"name\":\"\",\"description\":\"\",\"publisher\":{\"@id\":\"https:\/\/experienciadevida.com.ar\/portalurbano\/#organization\"},\"potentialAction\":[{\"@type\":\"SearchAction\",\"target\":{\"@type\":\"EntryPoint\",\"urlTemplate\":\"https:\/\/experienciadevida.com.ar\/portalurbano\/?s={search_term_string}\"},\"query-input\":\"required name=search_term_string\"}],\"inLanguage\":\"es\"},{\"@type\":\"Organization\",\"@id\":\"https:\/\/experienciadevida.com.ar\/portalurbano\/#organization\",\"name\":\"Portal Urbano\",\"url\":\"https:\/\/experienciadevida.com.ar\/portalurbano\/\",\"logo\":{\"@type\":\"ImageObject\",\"inLanguage\":\"es\",\"@id\":\"https:\/\/experienciadevida.com.ar\/portalurbano\/#\/schema\/logo\/image\/\",\"url\":\"https:\/\/experienciadevida.com.ar\/portalurbano\/wp-content\/uploads\/2019\/09\/Logo-Original.png\",\"contentUrl\":\"https:\/\/experienciadevida.com.ar\/portalurbano\/wp-content\/uploads\/2019\/09\/Logo-Original.png\",\"width\":2236,\"height\":1216,\"caption\":\"Portal Urbano\"},\"image\":{\"@id\":\"https:\/\/experienciadevida.com.ar\/portalurbano\/#\/schema\/logo\/image\/\"},\"sameAs\":[\"https:\/\/www.facebook.com\/Portal-Urbano-171542830093757\/\",\"https:\/\/twitter.com\/portalurbanook\",\"https:\/\/www.instagram.com\/_portalurbano\/\",\"https:\/\/www.youtube.com\/channel\/UCXhagIfszH8KxFiOok79zbA?view_as=subscriber\"]},{\"@type\":\"Person\",\"@id\":\"https:\/\/experienciadevida.com.ar\/portalurbano\/#\/schema\/person\/02dd326b1c4b056e9cc972486934a3a7\",\"name\":\"admpu17wp\",\"image\":{\"@type\":\"ImageObject\",\"inLanguage\":\"es\",\"@id\":\"https:\/\/experienciadevida.com.ar\/portalurbano\/#\/schema\/person\/image\/\",\"url\":\"https:\/\/secure.gravatar.com\/avatar\/830d4c57adaae6630765e449a6908047?s=96&d=mm&r=g\",\"contentUrl\":\"https:\/\/secure.gravatar.com\/avatar\/830d4c57adaae6630765e449a6908047?s=96&d=mm&r=g\",\"caption\":\"admpu17wp\"}}]}<\/script>\n<!-- \/ Yoast SEO plugin. -->","yoast_head_json":{"title":"Argentina declar\u00f3 el alerta epidemiol\u00f3gico por el coronavirus -","robots":{"index":"index","follow":"follow","max-snippet":"max-snippet:-1","max-image-preview":"max-image-preview:large","max-video-preview":"max-video-preview:-1"},"canonical":"https:\/\/experienciadevida.com.ar\/portalurbano\/argentina-declaro-el-alerta-epidemiologico-por-el-coronavirus\/","og_locale":"es_ES","og_type":"article","og_title":"Argentina declar\u00f3 el alerta epidemiol\u00f3gico por el coronavirus -","og_description":"El ministro de Salud, Gin\u00e9s Gonz\u00e1lez Garc\u00eda, dijo que no existe en el pa\u00eds ning\u00fan...","og_url":"https:\/\/experienciadevida.com.ar\/portalurbano\/argentina-declaro-el-alerta-epidemiologico-por-el-coronavirus\/","article_publisher":"https:\/\/www.facebook.com\/Portal-Urbano-171542830093757\/","article_published_time":"2020-01-24T00:48:24+00:00","og_image":[{"width":642,"height":428,"url":"https:\/\/experienciadevida.com.ar\/portalurbano\/wp-content\/uploads\/2020\/01\/0027851947.jpg","type":"image\/jpeg"}],"author":"admpu17wp","twitter_card":"summary_large_image","twitter_creator":"@portalurbanook","twitter_site":"@portalurbanook","twitter_misc":{"Escrito por":"admpu17wp","Tiempo de lectura":"2 minutos"},"schema":{"@context":"https:\/\/schema.org","@graph":[{"@type":"Article","@id":"https:\/\/experienciadevida.com.ar\/portalurbano\/argentina-declaro-el-alerta-epidemiologico-por-el-coronavirus\/#article","isPartOf":{"@id":"https:\/\/experienciadevida.com.ar\/portalurbano\/argentina-declaro-el-alerta-epidemiologico-por-el-coronavirus\/"},"author":{"name":"admpu17wp","@id":"https:\/\/experienciadevida.com.ar\/portalurbano\/#\/schema\/person\/02dd326b1c4b056e9cc972486934a3a7"},"headline":"Argentina declar\u00f3 el alerta epidemiol\u00f3gico por el coronavirus","datePublished":"2020-01-24T00:48:24+00:00","dateModified":"2020-01-24T00:48:24+00:00","mainEntityOfPage":{"@id":"https:\/\/experienciadevida.com.ar\/portalurbano\/argentina-declaro-el-alerta-epidemiologico-por-el-coronavirus\/"},"wordCount":381,"commentCount":0,"publisher":{"@id":"https:\/\/experienciadevida.com.ar\/portalurbano\/#organization"},"articleSection":["Naci\u00f3n","Salud"],"inLanguage":"es","potentialAction":[{"@type":"CommentAction","name":"Comment","target":["https:\/\/experienciadevida.com.ar\/portalurbano\/argentina-declaro-el-alerta-epidemiologico-por-el-coronavirus\/#respond"]}]},{"@type":"WebPage","@id":"https:\/\/experienciadevida.com.ar\/portalurbano\/argentina-declaro-el-alerta-epidemiologico-por-el-coronavirus\/","url":"https:\/\/experienciadevida.com.ar\/portalurbano\/argentina-declaro-el-alerta-epidemiologico-por-el-coronavirus\/","name":"Argentina declar\u00f3 el alerta epidemiol\u00f3gico por el coronavirus -","isPartOf":{"@id":"https:\/\/experienciadevida.com.ar\/portalurbano\/#website"},"datePublished":"2020-01-24T00:48:24+00:00","dateModified":"2020-01-24T00:48:24+00:00","breadcrumb":{"@id":"https:\/\/experienciadevida.com.ar\/portalurbano\/argentina-declaro-el-alerta-epidemiologico-por-el-coronavirus\/#breadcrumb"},"inLanguage":"es","potentialAction":[{"@type":"ReadAction","target":["https:\/\/experienciadevida.com.ar\/portalurbano\/argentina-declaro-el-alerta-epidemiologico-por-el-coronavirus\/"]}]},{"@type":"BreadcrumbList","@id":"https:\/\/experienciadevida.com.ar\/portalurbano\/argentina-declaro-el-alerta-epidemiologico-por-el-coronavirus\/#breadcrumb","itemListElement":[{"@type":"ListItem","position":1,"name":"Portada","item":"https:\/\/experienciadevida.com.ar\/portalurbano\/"},{"@type":"ListItem","position":2,"name":"Argentina declar\u00f3 el alerta epidemiol\u00f3gico por el coronavirus"}]},{"@type":"WebSite","@id":"https:\/\/experienciadevida.com.ar\/portalurbano\/#website","url":"https:\/\/experienciadevida.com.ar\/portalurbano\/","name":"","description":"","publisher":{"@id":"https:\/\/experienciadevida.com.ar\/portalurbano\/#organization"},"potentialAction":[{"@type":"SearchAction","target":{"@type":"EntryPoint","urlTemplate":"https:\/\/experienciadevida.com.ar\/portalurbano\/?s={search_term_string}"},"query-input":"required name=search_term_string"}],"inLanguage":"es"},{"@type":"Organization","@id":"https:\/\/experienciadevida.com.ar\/portalurbano\/#organization","name":"Portal Urbano","url":"https:\/\/experienciadevida.com.ar\/portalurbano\/","logo":{"@type":"ImageObject","inLanguage":"es","@id":"https:\/\/experienciadevida.com.ar\/portalurbano\/#\/schema\/logo\/image\/","url":"https:\/\/experienciadevida.com.ar\/portalurbano\/wp-content\/uploads\/2019\/09\/Logo-Original.png","contentUrl":"https:\/\/experienciadevida.com.ar\/portalurbano\/wp-content\/uploads\/2019\/09\/Logo-Original.png","width":2236,"height":1216,"caption":"Portal Urbano"},"image":{"@id":"https:\/\/experienciadevida.com.ar\/portalurbano\/#\/schema\/logo\/image\/"},"sameAs":["https:\/\/www.facebook.com\/Portal-Urbano-171542830093757\/","https:\/\/twitter.com\/portalurbanook","https:\/\/www.instagram.com\/_portalurbano\/","https:\/\/www.youtube.com\/channel\/UCXhagIfszH8KxFiOok79zbA?view_as=subscriber"]},{"@type":"Person","@id":"https:\/\/experienciadevida.com.ar\/portalurbano\/#\/schema\/person\/02dd326b1c4b056e9cc972486934a3a7","name":"admpu17wp","image":{"@type":"ImageObject","inLanguage":"es","@id":"https:\/\/experienciadevida.com.ar\/portalurbano\/#\/schema\/person\/image\/","url":"https:\/\/secure.gravatar.com\/avatar\/830d4c57adaae6630765e449a6908047?s=96&d=mm&r=g","contentUrl":"https:\/\/secure.gravatar.com\/avatar\/830d4c57adaae6630765e449a6908047?s=96&d=mm&r=g","caption":"admpu17wp"}}]}},"featured_image_urls":{"full":["https:\/\/experienciadevida.com.ar\/portalurbano\/wp-content\/uploads\/2020\/01\/0027851947.jpg",642,428,false],"thumbnail":["https:\/\/experienciadevida.com.ar\/portalurbano\/wp-content\/uploads\/2020\/01\/0027851947-150x150.jpg",150,150,true],"medium":["https:\/\/experienciadevida.com.ar\/portalurbano\/wp-content\/uploads\/2020\/01\/0027851947-300x200.jpg",300,200,true],"medium_large":["https:\/\/experienciadevida.com.ar\/portalurbano\/wp-content\/uploads\/2020\/01\/0027851947.jpg",640,427,false],"large":["https:\/\/experienciadevida.com.ar\/portalurbano\/wp-content\/uploads\/2020\/01\/0027851947.jpg",640,427,false],"ug_big":["https:\/\/experienciadevida.com.ar\/portalurbano\/wp-content\/uploads\/2020\/01\/0027851947.jpg",642,428,false],"1536x1536":["https:\/\/experienciadevida.com.ar\/portalurbano\/wp-content\/uploads\/2020\/01\/0027851947.jpg",642,428,false],"2048x2048":["https:\/\/experienciadevida.com.ar\/portalurbano\/wp-content\/uploads\/2020\/01\/0027851947.jpg",642,428,false],"newsever-slider-full":["https:\/\/experienciadevida.com.ar\/portalurbano\/wp-content\/uploads\/2020\/01\/0027851947.jpg",642,428,false],"newsever-featured":["https:\/\/experienciadevida.com.ar\/portalurbano\/wp-content\/uploads\/2020\/01\/0027851947.jpg",642,428,false],"newsever-medium":["https:\/\/experienciadevida.com.ar\/portalurbano\/wp-content\/uploads\/2020\/01\/0027851947.jpg",642,428,false],"web-stories-poster-portrait":["https:\/\/experienciadevida.com.ar\/portalurbano\/wp-content\/uploads\/2020\/01\/0027851947.jpg",640,427,false],"web-stories-publisher-logo":["https:\/\/experienciadevida.com.ar\/portalurbano\/wp-content\/uploads\/2020\/01\/0027851947.jpg",96,64,false],"web-stories-thumbnail":["https:\/\/experienciadevida.com.ar\/portalurbano\/wp-content\/uploads\/2020\/01\/0027851947.jpg",150,100,false]},"author_info":{"display_name":"admpu17wp","author_link":"https:\/\/experienciadevida.com.ar\/portalurbano\/author\/admpu17wp\/"},"category_info":"<a href=\"https:\/\/experienciadevida.com.ar\/portalurbano\/category\/nacion\/\" rel=\"category tag\">Naci\u00f3n<\/a> <a href=\"https:\/\/experienciadevida.com.ar\/portalurbano\/category\/ciudad\/salud\/\" rel=\"category tag\">Salud<\/a>","tag_info":"Salud","comment_count":"0","amp_enabled":true,"_links":{"self":[{"href":"https:\/\/experienciadevida.com.ar\/portalurbano\/wp-json\/wp\/v2\/posts\/99960"}],"collection":[{"href":"https:\/\/experienciadevida.com.ar\/portalurbano\/wp-json\/wp\/v2\/posts"}],"about":[{"href":"https:\/\/experienciadevida.com.ar\/portalurbano\/wp-json\/wp\/v2\/types\/post"}],"author":[{"embeddable":true,"href":"https:\/\/experienciadevida.com.ar\/portalurbano\/wp-json\/wp\/v2\/users\/1"}],"replies":[{"embeddable":true,"href":"https:\/\/experienciadevida.com.ar\/portalurbano\/wp-json\/wp\/v2\/comments?post=99960"}],"version-history":[{"count":2,"href":"https:\/\/experienciadevida.com.ar\/portalurbano\/wp-json\/wp\/v2\/posts\/99960\/revisions"}],"predecessor-version":[{"id":99963,"href":"https:\/\/experienciadevida.com.ar\/portalurbano\/wp-json\/wp\/v2\/posts\/99960\/revisions\/99963"}],"wp:featuredmedia":[{"embeddable":true,"href":"https:\/\/experienciadevida.com.ar\/portalurbano\/wp-json\/wp\/v2\/media\/99961"}],"wp:attachment":[{"href":"https:\/\/experienciadevida.com.ar\/portalurbano\/wp-json\/wp\/v2\/media?parent=99960"}],"wp:term":[{"taxonomy":"category","embeddable":true,"href":"https:\/\/experienciadevida.com.ar\/portalurbano\/wp-json\/wp\/v2\/categories?post=99960"},{"taxonomy":"post_tag","embeddable":true,"href":"https:\/\/experienciadevida.com.ar\/portalurbano\/wp-json\/wp\/v2\/tags?post=99960"}],"curies":[{"name":"wp","href":"https:\/\/api.w.org\/{rel}","templated":true}]}}