{"id":99922,"date":"2020-01-23T13:33:02","date_gmt":"2020-01-23T16:33:02","guid":{"rendered":"https:\/\/experienciadevida.com.ar\/portalurbano\/?p=99922"},"modified":"2020-01-23T13:34:06","modified_gmt":"2020-01-23T16:34:06","slug":"machu-pichu-3-anos-de-carcel-para-el-argentino-que-provoco-destrozos","status":"publish","type":"post","link":"https:\/\/experienciadevida.com.ar\/portalurbano\/machu-pichu-3-anos-de-carcel-para-el-argentino-que-provoco-destrozos\/","title":{"rendered":"Machu Pichu: 3 a\u00f1os de c\u00e1rcel para el argentino que provoc\u00f3 destrozos"},"content":{"rendered":"<p class=\"interiorCopete\">De esta manera, Nahuel G\u00f3mez podr\u00e1 abandonar Per\u00fa previo pago de 1860 d\u00f3lares de multa.<\/p>\n<article id=\"article-post\" class=\"first\">\n<div class=\"cuerpo\" data-twitter-link=\"https:\/\/twitter.com\/intent\/tweet?url=https:\/\/www.diariopopular.com.ar\/\/c453895&amp;via=poopulardiario&amp;related=Diario Popular&amp;text=\">\n<p>Nahuel G\u00f3mez. el argentino que hab\u00eda quedado en Per\u00fa, acusado de haber provocado destrozos en Machu Pichu, fue condenado a\u00a0tres a\u00f1os y cuatro meses de prisi\u00f3n en suspenso, aunque cumplir\u00e1 la sentencia en libertad.<\/p>\n<p>El hombre, de 28 a\u00f1os,\u00a0se declar\u00f3 culpable en un juicio abreviado\u00a0y podr\u00e1 retornar a su pa\u00eds una vez que pague una multa de 1.860 d\u00f3lares por los da\u00f1os causados al principal atractivo arqueol\u00f3gico y tur\u00edstico de Per\u00fa.<\/p>\n<\/div>\n<\/article>\n<article id=\"article-post\">\n<div class=\"cuerpo\" data-twitter-link=\"https:\/\/twitter.com\/intent\/tweet?url=https:\/\/www.diariopopular.com.ar\/\/c453895&amp;via=poopulardiario&amp;related=Diario Popular&amp;text=\">\n<p>Otros cinco turistas extranjeros detenidos con G\u00f3mez el 12 de enero -una francesa, un argentino, un chileno y dos brasile\u00f1os- fueron deportados el jueves y\u00a0tienen prohibici\u00f3n de entrar a Per\u00fa durante 15 a\u00f1os.<\/p>\n<p>&#8220;El Juzgado Penal Unipersonal de Machu Picchu sentenci\u00f3 a tres a\u00f1os y cuatro meses de pena suspendida de c\u00e1rcel al argentino Nahuel G\u00f3mez, acusado del delito de\u00a0afectaci\u00f3n al patrimonio cultural de la Naci\u00f3n\u00a0en su modalidad de destrucci\u00f3n de bienes prehisp\u00e1nicos&#8221;, dijo la jueza Melody Contreras en su sentencia.<\/p>\n<p>Seg\u00fan la ley peruana, cuando la sentencia es menor a cuatro a\u00f1os, el condenado\u00a0no va a prisi\u00f3n si no tiene antecedentes previos, pero si incumple las condiciones fijadas por el tribunal, es encarcelado.<\/p>\n<p>G\u00f3mez, quien compareci\u00f3 ante la jueza con\u00a0el cabello rapado y sin la barba\u00a0que luc\u00eda al ser detenido, acept\u00f3 la sentencia.<\/p>\n<p>El argentino, quien se present\u00f3 como &#8220;viajero de oficio&#8221;,\u00a0ser\u00e1 expulsado del pa\u00eds una vez que pague la multa\u00a0y se prev\u00e9 que tambi\u00e9n quedar\u00e1 con prohibici\u00f3n de volver a Per\u00fa durante 15 a\u00f1os.<\/p>\n<p>Una vez en Argentina G\u00f3mez deber\u00e1 cumplir\u00a0ciertas reglas de conducta\u00a0y concurrir mensualmente al consulado peruano en la ciudad norte\u00f1a de Salta durante dos a\u00f1os para reportar sus actividades.<\/p>\n<div id=\"div-gpt-ad-nota-519384\" class=\"banner-90\" data-mapping=\"mapping9\" data-google-query-id=\"CP_n6OOEmucCFVMFuQYdvpoOSw\"><\/div>\n<\/div>\n<\/article>\n","protected":false},"excerpt":{"rendered":"<p>De esta manera, Nahuel G\u00f3mez podr\u00e1 abandonar Per\u00fa previo pago de 1860 d\u00f3lares de multa&#8230;.<\/p>\n","protected":false},"author":1,"featured_media":99923,"comment_status":"open","ping_status":"open","sticky":false,"template":"","format":"standard","meta":{"content-type":""},"categories":[39],"tags":[],"nelio_content":{"isAutoShareEnabled":false,"autoShareEndMode":"default","automationSources":{"useContentSentences":true,"useSocialTemplates":true,"useCustomSentences":false,"customSentences":[]},"followers":[1],"suggestedReferences":[],"includedReferences":[],"efiUrl":"","efiAlt":"","highlights":[]},"yoast_head":"<!-- This site is optimized with the Yoast SEO plugin v20.7 - https:\/\/yoast.com\/wordpress\/plugins\/seo\/ -->\n<title>Machu Pichu: 3 a\u00f1os de c\u00e1rcel para el argentino que provoc\u00f3 destrozos -<\/title>\n<meta name=\"robots\" content=\"index, follow, max-snippet:-1, max-image-preview:large, max-video-preview:-1\" \/>\n<link rel=\"canonical\" href=\"https:\/\/experienciadevida.com.ar\/portalurbano\/machu-pichu-3-anos-de-carcel-para-el-argentino-que-provoco-destrozos\/\" \/>\n<meta property=\"og:locale\" content=\"es_ES\" \/>\n<meta property=\"og:type\" content=\"article\" \/>\n<meta property=\"og:title\" content=\"Machu Pichu: 3 a\u00f1os de c\u00e1rcel para el argentino que provoc\u00f3 destrozos -\" \/>\n<meta property=\"og:description\" content=\"De esta manera, Nahuel G\u00f3mez podr\u00e1 abandonar Per\u00fa previo pago de 1860 d\u00f3lares de multa....\" \/>\n<meta property=\"og:url\" content=\"https:\/\/experienciadevida.com.ar\/portalurbano\/machu-pichu-3-anos-de-carcel-para-el-argentino-que-provoco-destrozos\/\" \/>\n<meta property=\"article:publisher\" content=\"https:\/\/www.facebook.com\/Portal-Urbano-171542830093757\/\" \/>\n<meta property=\"article:published_time\" content=\"2020-01-23T16:33:02+00:00\" \/>\n<meta property=\"article:modified_time\" content=\"2020-01-23T16:34:06+00:00\" \/>\n<meta property=\"og:image\" content=\"https:\/\/experienciadevida.com.ar\/portalurbano\/wp-content\/uploads\/2020\/01\/MACHUPICHU-e1579796992741.jpg\" \/>\n\t<meta property=\"og:image:width\" content=\"765\" \/>\n\t<meta property=\"og:image:height\" content=\"429\" \/>\n\t<meta property=\"og:image:type\" content=\"image\/jpeg\" \/>\n<meta name=\"author\" content=\"admpu17wp\" \/>\n<meta name=\"twitter:card\" content=\"summary_large_image\" \/>\n<meta name=\"twitter:creator\" content=\"@portalurbanook\" \/>\n<meta name=\"twitter:site\" content=\"@portalurbanook\" \/>\n<meta name=\"twitter:label1\" content=\"Escrito por\" \/>\n\t<meta name=\"twitter:data1\" content=\"admpu17wp\" \/>\n\t<meta name=\"twitter:label2\" content=\"Tiempo de lectura\" \/>\n\t<meta name=\"twitter:data2\" content=\"2 minutos\" \/>\n<script type=\"application\/ld+json\" class=\"yoast-schema-graph\">{\"@context\":\"https:\/\/schema.org\",\"@graph\":[{\"@type\":\"Article\",\"@id\":\"https:\/\/experienciadevida.com.ar\/portalurbano\/machu-pichu-3-anos-de-carcel-para-el-argentino-que-provoco-destrozos\/#article\",\"isPartOf\":{\"@id\":\"https:\/\/experienciadevida.com.ar\/portalurbano\/machu-pichu-3-anos-de-carcel-para-el-argentino-que-provoco-destrozos\/\"},\"author\":{\"name\":\"admpu17wp\",\"@id\":\"https:\/\/experienciadevida.com.ar\/portalurbano\/#\/schema\/person\/02dd326b1c4b056e9cc972486934a3a7\"},\"headline\":\"Machu Pichu: 3 a\u00f1os de c\u00e1rcel para el argentino que provoc\u00f3 destrozos\",\"datePublished\":\"2020-01-23T16:33:02+00:00\",\"dateModified\":\"2020-01-23T16:34:06+00:00\",\"mainEntityOfPage\":{\"@id\":\"https:\/\/experienciadevida.com.ar\/portalurbano\/machu-pichu-3-anos-de-carcel-para-el-argentino-que-provoco-destrozos\/\"},\"wordCount\":335,\"commentCount\":0,\"publisher\":{\"@id\":\"https:\/\/experienciadevida.com.ar\/portalurbano\/#organization\"},\"articleSection\":[\"Naci\u00f3n\"],\"inLanguage\":\"es\",\"potentialAction\":[{\"@type\":\"CommentAction\",\"name\":\"Comment\",\"target\":[\"https:\/\/experienciadevida.com.ar\/portalurbano\/machu-pichu-3-anos-de-carcel-para-el-argentino-que-provoco-destrozos\/#respond\"]}]},{\"@type\":\"WebPage\",\"@id\":\"https:\/\/experienciadevida.com.ar\/portalurbano\/machu-pichu-3-anos-de-carcel-para-el-argentino-que-provoco-destrozos\/\",\"url\":\"https:\/\/experienciadevida.com.ar\/portalurbano\/machu-pichu-3-anos-de-carcel-para-el-argentino-que-provoco-destrozos\/\",\"name\":\"Machu Pichu: 3 a\u00f1os de c\u00e1rcel para el argentino que provoc\u00f3 destrozos -\",\"isPartOf\":{\"@id\":\"https:\/\/experienciadevida.com.ar\/portalurbano\/#website\"},\"datePublished\":\"2020-01-23T16:33:02+00:00\",\"dateModified\":\"2020-01-23T16:34:06+00:00\",\"breadcrumb\":{\"@id\":\"https:\/\/experienciadevida.com.ar\/portalurbano\/machu-pichu-3-anos-de-carcel-para-el-argentino-que-provoco-destrozos\/#breadcrumb\"},\"inLanguage\":\"es\",\"potentialAction\":[{\"@type\":\"ReadAction\",\"target\":[\"https:\/\/experienciadevida.com.ar\/portalurbano\/machu-pichu-3-anos-de-carcel-para-el-argentino-que-provoco-destrozos\/\"]}]},{\"@type\":\"BreadcrumbList\",\"@id\":\"https:\/\/experienciadevida.com.ar\/portalurbano\/machu-pichu-3-anos-de-carcel-para-el-argentino-que-provoco-destrozos\/#breadcrumb\",\"itemListElement\":[{\"@type\":\"ListItem\",\"position\":1,\"name\":\"Portada\",\"item\":\"https:\/\/experienciadevida.com.ar\/portalurbano\/\"},{\"@type\":\"ListItem\",\"position\":2,\"name\":\"Machu Pichu: 3 a\u00f1os de c\u00e1rcel para el argentino que provoc\u00f3 destrozos\"}]},{\"@type\":\"WebSite\",\"@id\":\"https:\/\/experienciadevida.com.ar\/portalurbano\/#website\",\"url\":\"https:\/\/experienciadevida.com.ar\/portalurbano\/\",\"name\":\"\",\"description\":\"\",\"publisher\":{\"@id\":\"https:\/\/experienciadevida.com.ar\/portalurbano\/#organization\"},\"potentialAction\":[{\"@type\":\"SearchAction\",\"target\":{\"@type\":\"EntryPoint\",\"urlTemplate\":\"https:\/\/experienciadevida.com.ar\/portalurbano\/?s={search_term_string}\"},\"query-input\":\"required name=search_term_string\"}],\"inLanguage\":\"es\"},{\"@type\":\"Organization\",\"@id\":\"https:\/\/experienciadevida.com.ar\/portalurbano\/#organization\",\"name\":\"Portal Urbano\",\"url\":\"https:\/\/experienciadevida.com.ar\/portalurbano\/\",\"logo\":{\"@type\":\"ImageObject\",\"inLanguage\":\"es\",\"@id\":\"https:\/\/experienciadevida.com.ar\/portalurbano\/#\/schema\/logo\/image\/\",\"url\":\"https:\/\/experienciadevida.com.ar\/portalurbano\/wp-content\/uploads\/2019\/09\/Logo-Original.png\",\"contentUrl\":\"https:\/\/experienciadevida.com.ar\/portalurbano\/wp-content\/uploads\/2019\/09\/Logo-Original.png\",\"width\":2236,\"height\":1216,\"caption\":\"Portal Urbano\"},\"image\":{\"@id\":\"https:\/\/experienciadevida.com.ar\/portalurbano\/#\/schema\/logo\/image\/\"},\"sameAs\":[\"https:\/\/www.facebook.com\/Portal-Urbano-171542830093757\/\",\"https:\/\/twitter.com\/portalurbanook\",\"https:\/\/www.instagram.com\/_portalurbano\/\",\"https:\/\/www.youtube.com\/channel\/UCXhagIfszH8KxFiOok79zbA?view_as=subscriber\"]},{\"@type\":\"Person\",\"@id\":\"https:\/\/experienciadevida.com.ar\/portalurbano\/#\/schema\/person\/02dd326b1c4b056e9cc972486934a3a7\",\"name\":\"admpu17wp\",\"image\":{\"@type\":\"ImageObject\",\"inLanguage\":\"es\",\"@id\":\"https:\/\/experienciadevida.com.ar\/portalurbano\/#\/schema\/person\/image\/\",\"url\":\"https:\/\/secure.gravatar.com\/avatar\/830d4c57adaae6630765e449a6908047?s=96&d=mm&r=g\",\"contentUrl\":\"https:\/\/secure.gravatar.com\/avatar\/830d4c57adaae6630765e449a6908047?s=96&d=mm&r=g\",\"caption\":\"admpu17wp\"}}]}<\/script>\n<!-- \/ Yoast SEO plugin. -->","yoast_head_json":{"title":"Machu Pichu: 3 a\u00f1os de c\u00e1rcel para el argentino que provoc\u00f3 destrozos -","robots":{"index":"index","follow":"follow","max-snippet":"max-snippet:-1","max-image-preview":"max-image-preview:large","max-video-preview":"max-video-preview:-1"},"canonical":"https:\/\/experienciadevida.com.ar\/portalurbano\/machu-pichu-3-anos-de-carcel-para-el-argentino-que-provoco-destrozos\/","og_locale":"es_ES","og_type":"article","og_title":"Machu Pichu: 3 a\u00f1os de c\u00e1rcel para el argentino que provoc\u00f3 destrozos -","og_description":"De esta manera, Nahuel G\u00f3mez podr\u00e1 abandonar Per\u00fa previo pago de 1860 d\u00f3lares de multa....","og_url":"https:\/\/experienciadevida.com.ar\/portalurbano\/machu-pichu-3-anos-de-carcel-para-el-argentino-que-provoco-destrozos\/","article_publisher":"https:\/\/www.facebook.com\/Portal-Urbano-171542830093757\/","article_published_time":"2020-01-23T16:33:02+00:00","article_modified_time":"2020-01-23T16:34:06+00:00","og_image":[{"width":765,"height":429,"url":"https:\/\/experienciadevida.com.ar\/portalurbano\/wp-content\/uploads\/2020\/01\/MACHUPICHU-e1579796992741.jpg","type":"image\/jpeg"}],"author":"admpu17wp","twitter_card":"summary_large_image","twitter_creator":"@portalurbanook","twitter_site":"@portalurbanook","twitter_misc":{"Escrito por":"admpu17wp","Tiempo de lectura":"2 minutos"},"schema":{"@context":"https:\/\/schema.org","@graph":[{"@type":"Article","@id":"https:\/\/experienciadevida.com.ar\/portalurbano\/machu-pichu-3-anos-de-carcel-para-el-argentino-que-provoco-destrozos\/#article","isPartOf":{"@id":"https:\/\/experienciadevida.com.ar\/portalurbano\/machu-pichu-3-anos-de-carcel-para-el-argentino-que-provoco-destrozos\/"},"author":{"name":"admpu17wp","@id":"https:\/\/experienciadevida.com.ar\/portalurbano\/#\/schema\/person\/02dd326b1c4b056e9cc972486934a3a7"},"headline":"Machu Pichu: 3 a\u00f1os de c\u00e1rcel para el argentino que provoc\u00f3 destrozos","datePublished":"2020-01-23T16:33:02+00:00","dateModified":"2020-01-23T16:34:06+00:00","mainEntityOfPage":{"@id":"https:\/\/experienciadevida.com.ar\/portalurbano\/machu-pichu-3-anos-de-carcel-para-el-argentino-que-provoco-destrozos\/"},"wordCount":335,"commentCount":0,"publisher":{"@id":"https:\/\/experienciadevida.com.ar\/portalurbano\/#organization"},"articleSection":["Naci\u00f3n"],"inLanguage":"es","potentialAction":[{"@type":"CommentAction","name":"Comment","target":["https:\/\/experienciadevida.com.ar\/portalurbano\/machu-pichu-3-anos-de-carcel-para-el-argentino-que-provoco-destrozos\/#respond"]}]},{"@type":"WebPage","@id":"https:\/\/experienciadevida.com.ar\/portalurbano\/machu-pichu-3-anos-de-carcel-para-el-argentino-que-provoco-destrozos\/","url":"https:\/\/experienciadevida.com.ar\/portalurbano\/machu-pichu-3-anos-de-carcel-para-el-argentino-que-provoco-destrozos\/","name":"Machu Pichu: 3 a\u00f1os de c\u00e1rcel para el argentino que provoc\u00f3 destrozos -","isPartOf":{"@id":"https:\/\/experienciadevida.com.ar\/portalurbano\/#website"},"datePublished":"2020-01-23T16:33:02+00:00","dateModified":"2020-01-23T16:34:06+00:00","breadcrumb":{"@id":"https:\/\/experienciadevida.com.ar\/portalurbano\/machu-pichu-3-anos-de-carcel-para-el-argentino-que-provoco-destrozos\/#breadcrumb"},"inLanguage":"es","potentialAction":[{"@type":"ReadAction","target":["https:\/\/experienciadevida.com.ar\/portalurbano\/machu-pichu-3-anos-de-carcel-para-el-argentino-que-provoco-destrozos\/"]}]},{"@type":"BreadcrumbList","@id":"https:\/\/experienciadevida.com.ar\/portalurbano\/machu-pichu-3-anos-de-carcel-para-el-argentino-que-provoco-destrozos\/#breadcrumb","itemListElement":[{"@type":"ListItem","position":1,"name":"Portada","item":"https:\/\/experienciadevida.com.ar\/portalurbano\/"},{"@type":"ListItem","position":2,"name":"Machu Pichu: 3 a\u00f1os de c\u00e1rcel para el argentino que provoc\u00f3 destrozos"}]},{"@type":"WebSite","@id":"https:\/\/experienciadevida.com.ar\/portalurbano\/#website","url":"https:\/\/experienciadevida.com.ar\/portalurbano\/","name":"","description":"","publisher":{"@id":"https:\/\/experienciadevida.com.ar\/portalurbano\/#organization"},"potentialAction":[{"@type":"SearchAction","target":{"@type":"EntryPoint","urlTemplate":"https:\/\/experienciadevida.com.ar\/portalurbano\/?s={search_term_string}"},"query-input":"required name=search_term_string"}],"inLanguage":"es"},{"@type":"Organization","@id":"https:\/\/experienciadevida.com.ar\/portalurbano\/#organization","name":"Portal Urbano","url":"https:\/\/experienciadevida.com.ar\/portalurbano\/","logo":{"@type":"ImageObject","inLanguage":"es","@id":"https:\/\/experienciadevida.com.ar\/portalurbano\/#\/schema\/logo\/image\/","url":"https:\/\/experienciadevida.com.ar\/portalurbano\/wp-content\/uploads\/2019\/09\/Logo-Original.png","contentUrl":"https:\/\/experienciadevida.com.ar\/portalurbano\/wp-content\/uploads\/2019\/09\/Logo-Original.png","width":2236,"height":1216,"caption":"Portal Urbano"},"image":{"@id":"https:\/\/experienciadevida.com.ar\/portalurbano\/#\/schema\/logo\/image\/"},"sameAs":["https:\/\/www.facebook.com\/Portal-Urbano-171542830093757\/","https:\/\/twitter.com\/portalurbanook","https:\/\/www.instagram.com\/_portalurbano\/","https:\/\/www.youtube.com\/channel\/UCXhagIfszH8KxFiOok79zbA?view_as=subscriber"]},{"@type":"Person","@id":"https:\/\/experienciadevida.com.ar\/portalurbano\/#\/schema\/person\/02dd326b1c4b056e9cc972486934a3a7","name":"admpu17wp","image":{"@type":"ImageObject","inLanguage":"es","@id":"https:\/\/experienciadevida.com.ar\/portalurbano\/#\/schema\/person\/image\/","url":"https:\/\/secure.gravatar.com\/avatar\/830d4c57adaae6630765e449a6908047?s=96&d=mm&r=g","contentUrl":"https:\/\/secure.gravatar.com\/avatar\/830d4c57adaae6630765e449a6908047?s=96&d=mm&r=g","caption":"admpu17wp"}}]}},"featured_image_urls":{"full":["https:\/\/experienciadevida.com.ar\/portalurbano\/wp-content\/uploads\/2020\/01\/MACHUPICHU-e1579796992741.jpg",765,429,false],"thumbnail":["https:\/\/experienciadevida.com.ar\/portalurbano\/wp-content\/uploads\/2020\/01\/MACHUPICHU-150x150.jpg",150,150,true],"medium":["https:\/\/experienciadevida.com.ar\/portalurbano\/wp-content\/uploads\/2020\/01\/MACHUPICHU-300x168.jpg",300,168,true],"medium_large":["https:\/\/experienciadevida.com.ar\/portalurbano\/wp-content\/uploads\/2020\/01\/MACHUPICHU-768x431.jpg",640,359,true],"large":["https:\/\/experienciadevida.com.ar\/portalurbano\/wp-content\/uploads\/2020\/01\/MACHUPICHU-1024x575.jpg",640,359,true],"ug_big":["https:\/\/experienciadevida.com.ar\/portalurbano\/wp-content\/uploads\/2020\/01\/MACHUPICHU-768x431.jpg",768,431,true],"1536x1536":["https:\/\/experienciadevida.com.ar\/portalurbano\/wp-content\/uploads\/2020\/01\/MACHUPICHU-e1579796992741.jpg",765,429,false],"2048x2048":["https:\/\/experienciadevida.com.ar\/portalurbano\/wp-content\/uploads\/2020\/01\/MACHUPICHU-e1579796992741.jpg",765,429,false],"newsever-slider-full":["https:\/\/experienciadevida.com.ar\/portalurbano\/wp-content\/uploads\/2020\/01\/MACHUPICHU-e1579796992741.jpg",765,429,false],"newsever-featured":["https:\/\/experienciadevida.com.ar\/portalurbano\/wp-content\/uploads\/2020\/01\/MACHUPICHU-e1579796992741.jpg",765,429,false],"newsever-medium":["https:\/\/experienciadevida.com.ar\/portalurbano\/wp-content\/uploads\/2020\/01\/MACHUPICHU-e1579796992741.jpg",720,404,false],"web-stories-poster-portrait":["https:\/\/experienciadevida.com.ar\/portalurbano\/wp-content\/uploads\/2020\/01\/MACHUPICHU-e1579796992741.jpg",640,359,false],"web-stories-publisher-logo":["https:\/\/experienciadevida.com.ar\/portalurbano\/wp-content\/uploads\/2020\/01\/MACHUPICHU-e1579796992741.jpg",96,54,false],"web-stories-thumbnail":["https:\/\/experienciadevida.com.ar\/portalurbano\/wp-content\/uploads\/2020\/01\/MACHUPICHU-e1579796992741.jpg",150,84,false]},"author_info":{"display_name":"admpu17wp","author_link":"https:\/\/experienciadevida.com.ar\/portalurbano\/author\/admpu17wp\/"},"category_info":"<a href=\"https:\/\/experienciadevida.com.ar\/portalurbano\/category\/nacion\/\" rel=\"category tag\">Naci\u00f3n<\/a>","tag_info":"Naci\u00f3n","comment_count":"0","amp_enabled":true,"_links":{"self":[{"href":"https:\/\/experienciadevida.com.ar\/portalurbano\/wp-json\/wp\/v2\/posts\/99922"}],"collection":[{"href":"https:\/\/experienciadevida.com.ar\/portalurbano\/wp-json\/wp\/v2\/posts"}],"about":[{"href":"https:\/\/experienciadevida.com.ar\/portalurbano\/wp-json\/wp\/v2\/types\/post"}],"author":[{"embeddable":true,"href":"https:\/\/experienciadevida.com.ar\/portalurbano\/wp-json\/wp\/v2\/users\/1"}],"replies":[{"embeddable":true,"href":"https:\/\/experienciadevida.com.ar\/portalurbano\/wp-json\/wp\/v2\/comments?post=99922"}],"version-history":[{"count":1,"href":"https:\/\/experienciadevida.com.ar\/portalurbano\/wp-json\/wp\/v2\/posts\/99922\/revisions"}],"predecessor-version":[{"id":99924,"href":"https:\/\/experienciadevida.com.ar\/portalurbano\/wp-json\/wp\/v2\/posts\/99922\/revisions\/99924"}],"wp:featuredmedia":[{"embeddable":true,"href":"https:\/\/experienciadevida.com.ar\/portalurbano\/wp-json\/wp\/v2\/media\/99923"}],"wp:attachment":[{"href":"https:\/\/experienciadevida.com.ar\/portalurbano\/wp-json\/wp\/v2\/media?parent=99922"}],"wp:term":[{"taxonomy":"category","embeddable":true,"href":"https:\/\/experienciadevida.com.ar\/portalurbano\/wp-json\/wp\/v2\/categories?post=99922"},{"taxonomy":"post_tag","embeddable":true,"href":"https:\/\/experienciadevida.com.ar\/portalurbano\/wp-json\/wp\/v2\/tags?post=99922"}],"curies":[{"name":"wp","href":"https:\/\/api.w.org\/{rel}","templated":true}]}}