{"id":99894,"date":"2020-01-23T11:23:54","date_gmt":"2020-01-23T14:23:54","guid":{"rendered":"https:\/\/experienciadevida.com.ar\/portalurbano\/?p=99894"},"modified":"2020-01-23T11:24:18","modified_gmt":"2020-01-23T14:24:18","slug":"alberto-fernandez-participa-de-un-foro-sobre-el-holocausto","status":"publish","type":"post","link":"https:\/\/experienciadevida.com.ar\/portalurbano\/alberto-fernandez-participa-de-un-foro-sobre-el-holocausto\/","title":{"rendered":"Alberto Fern\u00e1ndez participa de un foro sobre el Holocausto"},"content":{"rendered":"<p>El Presidente viaj\u00f3 hasta Israel para conmemorar en un nuevo aniversario de la liberaci\u00f3n del exterminio Nazi.<\/p>\n<p>El Quinto Foro Internacional del Holocausto conmemora hoy en Jerusal\u00e9n el 75 aniversario de la liberaci\u00f3n del campo de exterminio nazi Auschwitz, un evento que convoc\u00f3 a l\u00edderes mundiales, entre ellos el presidente Alberto Fern\u00e1ndez.<\/p>\n<div id=\"div-gpt-ad-nota-811293\" class=\"banner-90\" data-mapping=\"mapping9\" data-google-query-id=\"CMu7y-n0mecCFXUC1AodB7ML-g\">\n<p>Desde temprano, la ciudad apareci\u00f3 con micros, camionetas de la Polic\u00eda y filas de vallas bloqueando algunos de los principales accesos a Yad Vashem (Museo del Holocausto), en el oeste de Jerusal\u00e9n, y en la zona donde se hospedan los jefes de gobierno y Estado invitados, cerca de la Ciudad Vieja.<\/p>\n<p>A lo largo de la ma\u00f1ana llegaron los \u00faltimos l\u00edderes internacionales, entre ellos el presidente de Rusia, Vladimir Putin, quien mantuvo un encuentro p\u00fablico con el presidente Reuben Rivlin y el primer ministro Benjamin Netanyahu, del pa\u00eds anfitri\u00f3n.<\/p>\n<p>Tambi\u00e9n aterriz\u00f3 el vicepresidente de Estados Unidos, Mike Pence.<\/p>\n<p>El foro comenz\u00f3 a las 13.30 (8.30 hora de Argentina) y contar\u00e1 con los discursos de Rivlin; Netanyahu; Putin; el presidente franc\u00e9s, Emmanuel Macron; Pence; el pr\u00edncipe heredero de Reino Unido, Carlos; y el presidente de Alemania, Frank-Walter Steinmeier.<\/p>\n<p>Intercalados, tambi\u00e9n hablar\u00e1n el presidente de la Fundaci\u00f3n Foro Internacional del Holocausto, Moshe Kator; autoridades del museo del Holocausto de Jerusal\u00e9n y dos supervivientes.<\/p>\n<p>La conmemoraci\u00f3n durar\u00e1 tres horas e incluir\u00e1 varios actos musicales, adem\u00e1s de ofrendas florales de cada uno de los l\u00edderes internacionales invitados en el memorial en la plaza Ghetto de Varsovia, entre ellos Fern\u00e1ndez.<\/p>\n<p>Despu\u00e9s del foro, Alberto Fern\u00e1ndez volver\u00e1 a su hotel, donde a las 20 (17 hora de Argentina) recibir\u00e1 a una organizaci\u00f3n de familiares de v\u00edctimas jud\u00edas de la \u00faltima dictadura argentina, Memoria.<\/p>\n<p>Su secretario de Asuntos Estrat\u00e9gicos, Gustavo B\u00e9liz, en tanto, visitar\u00e1 a la Autoridad de Innovaci\u00f3n Tecnol\u00f3gica de israel en Jerusal\u00e9n para abrir un di\u00e1logo sobre su desarrollo de inteligencia artificial y sus potencialidades.<\/p>\n<div id=\"div-gpt-ad-nota-860099\" class=\"banner-90\" data-mapping=\"mapping9\" data-google-query-id=\"CMaVzun0mecCFXUC1AodB7ML-g\">\n<p>En las horas previas al inicio del foro, una pol\u00e9mica sobre la poca participaci\u00f3n de sobrevivientes en la conmemoraci\u00f3n de la liberaci\u00f3n de Auschwitz cobr\u00f3 fuerza.<\/p>\n<p>Uno de los alrededor de 40 l\u00edderes que llegaron esta semana a Jerusal\u00e9n para participar del foro, el presidente de Ucrania, Vladimir Zelensky, cedi\u00f3 hoy su asiento en la ceremonia central -reservada solo para mandatarios- a sobrevivientes del Holocausto.<\/p>\n<p>\u201cNos enteramos que muchos supervivientes del Holocausto no pudieron visitar el Foro Mundial. Nuestra delegaci\u00f3n les ofreci\u00f3 nuestros lugares, como muchos ministros israel\u00edes hicieron. Esta gente se merece todos los honores\u201d, inform\u00f3 Zelensky desde su cuenta de Twitter.<\/p>\n<p>Su decisi\u00f3n fue inmediatamente repudiada por las autoridades del museo del Holocausto, seg\u00fan informaron medios locales, ya que, explicaron, muchos sobrevivientes no participan hoy del foro porque no pudieron, no porque no fueron invitados.<\/p>\n<p>Sin embargo, las cr\u00edticas se multiplicaron en los medios locales ya que algunos sobrevivientes criticaron la organizaci\u00f3n y costo del masivo foro internacional.<\/p>\n<article id=\"article-post\">\n<div class=\"cuerpo\" data-twitter-link=\"https:\/\/twitter.com\/intent\/tweet?url=https:\/\/www.diariopopular.com.ar\/\/c454196&amp;via=poopulardiario&amp;related=Diario Popular&amp;text=\">\n<p>En Israel, se estima que viven alrededor de 200.000 personas que sobrevivieron a la persecuci\u00f3n y plan de exterminio nazi. Un cuarto de ellos, seg\u00fan denunci\u00f3 la organizaci\u00f3n Aviv for Holocaust Survivors, son considerados pobres.<\/p>\n<\/div>\n<\/article>\n<div class=\"object-important-people\"><\/div>\n<\/div>\n<\/div>\n","protected":false},"excerpt":{"rendered":"<p>El Presidente viaj\u00f3 hasta Israel para conmemorar en un nuevo aniversario de la liberaci\u00f3n del&#8230;<\/p>\n","protected":false},"author":1,"featured_media":99895,"comment_status":"open","ping_status":"open","sticky":false,"template":"","format":"standard","meta":{"content-type":""},"categories":[39],"tags":[],"nelio_content":{"isAutoShareEnabled":false,"autoShareEndMode":"default","automationSources":{"useContentSentences":true,"useSocialTemplates":true,"useCustomSentences":false,"customSentences":[]},"followers":[1],"suggestedReferences":[],"includedReferences":[],"efiUrl":"","efiAlt":"","highlights":[]},"yoast_head":"<!-- This site is optimized with the Yoast SEO plugin v20.7 - https:\/\/yoast.com\/wordpress\/plugins\/seo\/ -->\n<title>Alberto Fern\u00e1ndez participa de un foro sobre el Holocausto -<\/title>\n<meta name=\"robots\" content=\"index, follow, max-snippet:-1, max-image-preview:large, max-video-preview:-1\" \/>\n<link rel=\"canonical\" href=\"https:\/\/experienciadevida.com.ar\/portalurbano\/alberto-fernandez-participa-de-un-foro-sobre-el-holocausto\/\" \/>\n<meta property=\"og:locale\" content=\"es_ES\" \/>\n<meta property=\"og:type\" content=\"article\" \/>\n<meta property=\"og:title\" content=\"Alberto Fern\u00e1ndez participa de un foro sobre el Holocausto -\" \/>\n<meta property=\"og:description\" content=\"El Presidente viaj\u00f3 hasta Israel para conmemorar en un nuevo aniversario de la liberaci\u00f3n del...\" \/>\n<meta property=\"og:url\" content=\"https:\/\/experienciadevida.com.ar\/portalurbano\/alberto-fernandez-participa-de-un-foro-sobre-el-holocausto\/\" \/>\n<meta property=\"article:publisher\" content=\"https:\/\/www.facebook.com\/Portal-Urbano-171542830093757\/\" \/>\n<meta property=\"article:published_time\" content=\"2020-01-23T14:23:54+00:00\" \/>\n<meta property=\"article:modified_time\" content=\"2020-01-23T14:24:18+00:00\" \/>\n<meta property=\"og:image\" content=\"https:\/\/experienciadevida.com.ar\/portalurbano\/wp-content\/uploads\/2020\/01\/ALBERTOFERNANDEZ-e1579789191962.jpg\" \/>\n\t<meta property=\"og:image:width\" content=\"765\" \/>\n\t<meta property=\"og:image:height\" content=\"430\" \/>\n\t<meta property=\"og:image:type\" content=\"image\/jpeg\" \/>\n<meta name=\"author\" content=\"admpu17wp\" \/>\n<meta name=\"twitter:card\" content=\"summary_large_image\" \/>\n<meta name=\"twitter:creator\" content=\"@portalurbanook\" \/>\n<meta name=\"twitter:site\" content=\"@portalurbanook\" \/>\n<meta name=\"twitter:label1\" content=\"Escrito por\" \/>\n\t<meta name=\"twitter:data1\" content=\"admpu17wp\" \/>\n\t<meta name=\"twitter:label2\" content=\"Tiempo de lectura\" \/>\n\t<meta name=\"twitter:data2\" content=\"3 minutos\" \/>\n<script type=\"application\/ld+json\" class=\"yoast-schema-graph\">{\"@context\":\"https:\/\/schema.org\",\"@graph\":[{\"@type\":\"Article\",\"@id\":\"https:\/\/experienciadevida.com.ar\/portalurbano\/alberto-fernandez-participa-de-un-foro-sobre-el-holocausto\/#article\",\"isPartOf\":{\"@id\":\"https:\/\/experienciadevida.com.ar\/portalurbano\/alberto-fernandez-participa-de-un-foro-sobre-el-holocausto\/\"},\"author\":{\"name\":\"admpu17wp\",\"@id\":\"https:\/\/experienciadevida.com.ar\/portalurbano\/#\/schema\/person\/02dd326b1c4b056e9cc972486934a3a7\"},\"headline\":\"Alberto Fern\u00e1ndez participa de un foro sobre el Holocausto\",\"datePublished\":\"2020-01-23T14:23:54+00:00\",\"dateModified\":\"2020-01-23T14:24:18+00:00\",\"mainEntityOfPage\":{\"@id\":\"https:\/\/experienciadevida.com.ar\/portalurbano\/alberto-fernandez-participa-de-un-foro-sobre-el-holocausto\/\"},\"wordCount\":559,\"commentCount\":0,\"publisher\":{\"@id\":\"https:\/\/experienciadevida.com.ar\/portalurbano\/#organization\"},\"articleSection\":[\"Naci\u00f3n\"],\"inLanguage\":\"es\",\"potentialAction\":[{\"@type\":\"CommentAction\",\"name\":\"Comment\",\"target\":[\"https:\/\/experienciadevida.com.ar\/portalurbano\/alberto-fernandez-participa-de-un-foro-sobre-el-holocausto\/#respond\"]}]},{\"@type\":\"WebPage\",\"@id\":\"https:\/\/experienciadevida.com.ar\/portalurbano\/alberto-fernandez-participa-de-un-foro-sobre-el-holocausto\/\",\"url\":\"https:\/\/experienciadevida.com.ar\/portalurbano\/alberto-fernandez-participa-de-un-foro-sobre-el-holocausto\/\",\"name\":\"Alberto Fern\u00e1ndez participa de un foro sobre el Holocausto -\",\"isPartOf\":{\"@id\":\"https:\/\/experienciadevida.com.ar\/portalurbano\/#website\"},\"datePublished\":\"2020-01-23T14:23:54+00:00\",\"dateModified\":\"2020-01-23T14:24:18+00:00\",\"breadcrumb\":{\"@id\":\"https:\/\/experienciadevida.com.ar\/portalurbano\/alberto-fernandez-participa-de-un-foro-sobre-el-holocausto\/#breadcrumb\"},\"inLanguage\":\"es\",\"potentialAction\":[{\"@type\":\"ReadAction\",\"target\":[\"https:\/\/experienciadevida.com.ar\/portalurbano\/alberto-fernandez-participa-de-un-foro-sobre-el-holocausto\/\"]}]},{\"@type\":\"BreadcrumbList\",\"@id\":\"https:\/\/experienciadevida.com.ar\/portalurbano\/alberto-fernandez-participa-de-un-foro-sobre-el-holocausto\/#breadcrumb\",\"itemListElement\":[{\"@type\":\"ListItem\",\"position\":1,\"name\":\"Portada\",\"item\":\"https:\/\/experienciadevida.com.ar\/portalurbano\/\"},{\"@type\":\"ListItem\",\"position\":2,\"name\":\"Alberto Fern\u00e1ndez participa de un foro sobre el Holocausto\"}]},{\"@type\":\"WebSite\",\"@id\":\"https:\/\/experienciadevida.com.ar\/portalurbano\/#website\",\"url\":\"https:\/\/experienciadevida.com.ar\/portalurbano\/\",\"name\":\"\",\"description\":\"\",\"publisher\":{\"@id\":\"https:\/\/experienciadevida.com.ar\/portalurbano\/#organization\"},\"potentialAction\":[{\"@type\":\"SearchAction\",\"target\":{\"@type\":\"EntryPoint\",\"urlTemplate\":\"https:\/\/experienciadevida.com.ar\/portalurbano\/?s={search_term_string}\"},\"query-input\":\"required name=search_term_string\"}],\"inLanguage\":\"es\"},{\"@type\":\"Organization\",\"@id\":\"https:\/\/experienciadevida.com.ar\/portalurbano\/#organization\",\"name\":\"Portal Urbano\",\"url\":\"https:\/\/experienciadevida.com.ar\/portalurbano\/\",\"logo\":{\"@type\":\"ImageObject\",\"inLanguage\":\"es\",\"@id\":\"https:\/\/experienciadevida.com.ar\/portalurbano\/#\/schema\/logo\/image\/\",\"url\":\"https:\/\/experienciadevida.com.ar\/portalurbano\/wp-content\/uploads\/2019\/09\/Logo-Original.png\",\"contentUrl\":\"https:\/\/experienciadevida.com.ar\/portalurbano\/wp-content\/uploads\/2019\/09\/Logo-Original.png\",\"width\":2236,\"height\":1216,\"caption\":\"Portal Urbano\"},\"image\":{\"@id\":\"https:\/\/experienciadevida.com.ar\/portalurbano\/#\/schema\/logo\/image\/\"},\"sameAs\":[\"https:\/\/www.facebook.com\/Portal-Urbano-171542830093757\/\",\"https:\/\/twitter.com\/portalurbanook\",\"https:\/\/www.instagram.com\/_portalurbano\/\",\"https:\/\/www.youtube.com\/channel\/UCXhagIfszH8KxFiOok79zbA?view_as=subscriber\"]},{\"@type\":\"Person\",\"@id\":\"https:\/\/experienciadevida.com.ar\/portalurbano\/#\/schema\/person\/02dd326b1c4b056e9cc972486934a3a7\",\"name\":\"admpu17wp\",\"image\":{\"@type\":\"ImageObject\",\"inLanguage\":\"es\",\"@id\":\"https:\/\/experienciadevida.com.ar\/portalurbano\/#\/schema\/person\/image\/\",\"url\":\"https:\/\/secure.gravatar.com\/avatar\/830d4c57adaae6630765e449a6908047?s=96&d=mm&r=g\",\"contentUrl\":\"https:\/\/secure.gravatar.com\/avatar\/830d4c57adaae6630765e449a6908047?s=96&d=mm&r=g\",\"caption\":\"admpu17wp\"}}]}<\/script>\n<!-- \/ Yoast SEO plugin. -->","yoast_head_json":{"title":"Alberto Fern\u00e1ndez participa de un foro sobre el Holocausto -","robots":{"index":"index","follow":"follow","max-snippet":"max-snippet:-1","max-image-preview":"max-image-preview:large","max-video-preview":"max-video-preview:-1"},"canonical":"https:\/\/experienciadevida.com.ar\/portalurbano\/alberto-fernandez-participa-de-un-foro-sobre-el-holocausto\/","og_locale":"es_ES","og_type":"article","og_title":"Alberto Fern\u00e1ndez participa de un foro sobre el Holocausto -","og_description":"El Presidente viaj\u00f3 hasta Israel para conmemorar en un nuevo aniversario de la liberaci\u00f3n del...","og_url":"https:\/\/experienciadevida.com.ar\/portalurbano\/alberto-fernandez-participa-de-un-foro-sobre-el-holocausto\/","article_publisher":"https:\/\/www.facebook.com\/Portal-Urbano-171542830093757\/","article_published_time":"2020-01-23T14:23:54+00:00","article_modified_time":"2020-01-23T14:24:18+00:00","og_image":[{"width":765,"height":430,"url":"https:\/\/experienciadevida.com.ar\/portalurbano\/wp-content\/uploads\/2020\/01\/ALBERTOFERNANDEZ-e1579789191962.jpg","type":"image\/jpeg"}],"author":"admpu17wp","twitter_card":"summary_large_image","twitter_creator":"@portalurbanook","twitter_site":"@portalurbanook","twitter_misc":{"Escrito por":"admpu17wp","Tiempo de lectura":"3 minutos"},"schema":{"@context":"https:\/\/schema.org","@graph":[{"@type":"Article","@id":"https:\/\/experienciadevida.com.ar\/portalurbano\/alberto-fernandez-participa-de-un-foro-sobre-el-holocausto\/#article","isPartOf":{"@id":"https:\/\/experienciadevida.com.ar\/portalurbano\/alberto-fernandez-participa-de-un-foro-sobre-el-holocausto\/"},"author":{"name":"admpu17wp","@id":"https:\/\/experienciadevida.com.ar\/portalurbano\/#\/schema\/person\/02dd326b1c4b056e9cc972486934a3a7"},"headline":"Alberto Fern\u00e1ndez participa de un foro sobre el Holocausto","datePublished":"2020-01-23T14:23:54+00:00","dateModified":"2020-01-23T14:24:18+00:00","mainEntityOfPage":{"@id":"https:\/\/experienciadevida.com.ar\/portalurbano\/alberto-fernandez-participa-de-un-foro-sobre-el-holocausto\/"},"wordCount":559,"commentCount":0,"publisher":{"@id":"https:\/\/experienciadevida.com.ar\/portalurbano\/#organization"},"articleSection":["Naci\u00f3n"],"inLanguage":"es","potentialAction":[{"@type":"CommentAction","name":"Comment","target":["https:\/\/experienciadevida.com.ar\/portalurbano\/alberto-fernandez-participa-de-un-foro-sobre-el-holocausto\/#respond"]}]},{"@type":"WebPage","@id":"https:\/\/experienciadevida.com.ar\/portalurbano\/alberto-fernandez-participa-de-un-foro-sobre-el-holocausto\/","url":"https:\/\/experienciadevida.com.ar\/portalurbano\/alberto-fernandez-participa-de-un-foro-sobre-el-holocausto\/","name":"Alberto Fern\u00e1ndez participa de un foro sobre el Holocausto -","isPartOf":{"@id":"https:\/\/experienciadevida.com.ar\/portalurbano\/#website"},"datePublished":"2020-01-23T14:23:54+00:00","dateModified":"2020-01-23T14:24:18+00:00","breadcrumb":{"@id":"https:\/\/experienciadevida.com.ar\/portalurbano\/alberto-fernandez-participa-de-un-foro-sobre-el-holocausto\/#breadcrumb"},"inLanguage":"es","potentialAction":[{"@type":"ReadAction","target":["https:\/\/experienciadevida.com.ar\/portalurbano\/alberto-fernandez-participa-de-un-foro-sobre-el-holocausto\/"]}]},{"@type":"BreadcrumbList","@id":"https:\/\/experienciadevida.com.ar\/portalurbano\/alberto-fernandez-participa-de-un-foro-sobre-el-holocausto\/#breadcrumb","itemListElement":[{"@type":"ListItem","position":1,"name":"Portada","item":"https:\/\/experienciadevida.com.ar\/portalurbano\/"},{"@type":"ListItem","position":2,"name":"Alberto Fern\u00e1ndez participa de un foro sobre el Holocausto"}]},{"@type":"WebSite","@id":"https:\/\/experienciadevida.com.ar\/portalurbano\/#website","url":"https:\/\/experienciadevida.com.ar\/portalurbano\/","name":"","description":"","publisher":{"@id":"https:\/\/experienciadevida.com.ar\/portalurbano\/#organization"},"potentialAction":[{"@type":"SearchAction","target":{"@type":"EntryPoint","urlTemplate":"https:\/\/experienciadevida.com.ar\/portalurbano\/?s={search_term_string}"},"query-input":"required name=search_term_string"}],"inLanguage":"es"},{"@type":"Organization","@id":"https:\/\/experienciadevida.com.ar\/portalurbano\/#organization","name":"Portal Urbano","url":"https:\/\/experienciadevida.com.ar\/portalurbano\/","logo":{"@type":"ImageObject","inLanguage":"es","@id":"https:\/\/experienciadevida.com.ar\/portalurbano\/#\/schema\/logo\/image\/","url":"https:\/\/experienciadevida.com.ar\/portalurbano\/wp-content\/uploads\/2019\/09\/Logo-Original.png","contentUrl":"https:\/\/experienciadevida.com.ar\/portalurbano\/wp-content\/uploads\/2019\/09\/Logo-Original.png","width":2236,"height":1216,"caption":"Portal Urbano"},"image":{"@id":"https:\/\/experienciadevida.com.ar\/portalurbano\/#\/schema\/logo\/image\/"},"sameAs":["https:\/\/www.facebook.com\/Portal-Urbano-171542830093757\/","https:\/\/twitter.com\/portalurbanook","https:\/\/www.instagram.com\/_portalurbano\/","https:\/\/www.youtube.com\/channel\/UCXhagIfszH8KxFiOok79zbA?view_as=subscriber"]},{"@type":"Person","@id":"https:\/\/experienciadevida.com.ar\/portalurbano\/#\/schema\/person\/02dd326b1c4b056e9cc972486934a3a7","name":"admpu17wp","image":{"@type":"ImageObject","inLanguage":"es","@id":"https:\/\/experienciadevida.com.ar\/portalurbano\/#\/schema\/person\/image\/","url":"https:\/\/secure.gravatar.com\/avatar\/830d4c57adaae6630765e449a6908047?s=96&d=mm&r=g","contentUrl":"https:\/\/secure.gravatar.com\/avatar\/830d4c57adaae6630765e449a6908047?s=96&d=mm&r=g","caption":"admpu17wp"}}]}},"featured_image_urls":{"full":["https:\/\/experienciadevida.com.ar\/portalurbano\/wp-content\/uploads\/2020\/01\/ALBERTOFERNANDEZ-e1579789191962.jpg",765,430,false],"thumbnail":["https:\/\/experienciadevida.com.ar\/portalurbano\/wp-content\/uploads\/2020\/01\/ALBERTOFERNANDEZ-150x150.jpg",150,150,true],"medium":["https:\/\/experienciadevida.com.ar\/portalurbano\/wp-content\/uploads\/2020\/01\/ALBERTOFERNANDEZ-300x169.jpg",300,169,true],"medium_large":["https:\/\/experienciadevida.com.ar\/portalurbano\/wp-content\/uploads\/2020\/01\/ALBERTOFERNANDEZ-768x432.jpg",640,360,true],"large":["https:\/\/experienciadevida.com.ar\/portalurbano\/wp-content\/uploads\/2020\/01\/ALBERTOFERNANDEZ-1024x576.jpg",640,360,true],"ug_big":["https:\/\/experienciadevida.com.ar\/portalurbano\/wp-content\/uploads\/2020\/01\/ALBERTOFERNANDEZ-768x432.jpg",768,432,true],"1536x1536":["https:\/\/experienciadevida.com.ar\/portalurbano\/wp-content\/uploads\/2020\/01\/ALBERTOFERNANDEZ-e1579789191962.jpg",765,430,false],"2048x2048":["https:\/\/experienciadevida.com.ar\/portalurbano\/wp-content\/uploads\/2020\/01\/ALBERTOFERNANDEZ-e1579789191962.jpg",765,430,false],"newsever-slider-full":["https:\/\/experienciadevida.com.ar\/portalurbano\/wp-content\/uploads\/2020\/01\/ALBERTOFERNANDEZ-e1579789191962.jpg",765,430,false],"newsever-featured":["https:\/\/experienciadevida.com.ar\/portalurbano\/wp-content\/uploads\/2020\/01\/ALBERTOFERNANDEZ-e1579789191962.jpg",765,430,false],"newsever-medium":["https:\/\/experienciadevida.com.ar\/portalurbano\/wp-content\/uploads\/2020\/01\/ALBERTOFERNANDEZ-e1579789191962.jpg",720,405,false],"web-stories-poster-portrait":["https:\/\/experienciadevida.com.ar\/portalurbano\/wp-content\/uploads\/2020\/01\/ALBERTOFERNANDEZ-e1579789191962.jpg",640,360,false],"web-stories-publisher-logo":["https:\/\/experienciadevida.com.ar\/portalurbano\/wp-content\/uploads\/2020\/01\/ALBERTOFERNANDEZ-e1579789191962.jpg",96,54,false],"web-stories-thumbnail":["https:\/\/experienciadevida.com.ar\/portalurbano\/wp-content\/uploads\/2020\/01\/ALBERTOFERNANDEZ-e1579789191962.jpg",150,84,false]},"author_info":{"display_name":"admpu17wp","author_link":"https:\/\/experienciadevida.com.ar\/portalurbano\/author\/admpu17wp\/"},"category_info":"<a href=\"https:\/\/experienciadevida.com.ar\/portalurbano\/category\/nacion\/\" rel=\"category tag\">Naci\u00f3n<\/a>","tag_info":"Naci\u00f3n","comment_count":"0","amp_enabled":true,"_links":{"self":[{"href":"https:\/\/experienciadevida.com.ar\/portalurbano\/wp-json\/wp\/v2\/posts\/99894"}],"collection":[{"href":"https:\/\/experienciadevida.com.ar\/portalurbano\/wp-json\/wp\/v2\/posts"}],"about":[{"href":"https:\/\/experienciadevida.com.ar\/portalurbano\/wp-json\/wp\/v2\/types\/post"}],"author":[{"embeddable":true,"href":"https:\/\/experienciadevida.com.ar\/portalurbano\/wp-json\/wp\/v2\/users\/1"}],"replies":[{"embeddable":true,"href":"https:\/\/experienciadevida.com.ar\/portalurbano\/wp-json\/wp\/v2\/comments?post=99894"}],"version-history":[{"count":1,"href":"https:\/\/experienciadevida.com.ar\/portalurbano\/wp-json\/wp\/v2\/posts\/99894\/revisions"}],"predecessor-version":[{"id":99896,"href":"https:\/\/experienciadevida.com.ar\/portalurbano\/wp-json\/wp\/v2\/posts\/99894\/revisions\/99896"}],"wp:featuredmedia":[{"embeddable":true,"href":"https:\/\/experienciadevida.com.ar\/portalurbano\/wp-json\/wp\/v2\/media\/99895"}],"wp:attachment":[{"href":"https:\/\/experienciadevida.com.ar\/portalurbano\/wp-json\/wp\/v2\/media?parent=99894"}],"wp:term":[{"taxonomy":"category","embeddable":true,"href":"https:\/\/experienciadevida.com.ar\/portalurbano\/wp-json\/wp\/v2\/categories?post=99894"},{"taxonomy":"post_tag","embeddable":true,"href":"https:\/\/experienciadevida.com.ar\/portalurbano\/wp-json\/wp\/v2\/tags?post=99894"}],"curies":[{"name":"wp","href":"https:\/\/api.w.org\/{rel}","templated":true}]}}