{"id":99107,"date":"2020-01-13T10:47:36","date_gmt":"2020-01-13T13:47:36","guid":{"rendered":"https:\/\/experienciadevida.com.ar\/portalurbano\/?p=99107"},"modified":"2020-01-13T10:48:01","modified_gmt":"2020-01-13T13:48:01","slug":"colonia-hinojo-festejo-su-142-aniversario-con-una-gran-fiesta","status":"publish","type":"post","link":"https:\/\/experienciadevida.com.ar\/portalurbano\/colonia-hinojo-festejo-su-142-aniversario-con-una-gran-fiesta\/","title":{"rendered":"Colonia Hinojo festej\u00f3 su 142 aniversario con una gran fiesta"},"content":{"rendered":"<p>En Colonia Hinojo se vivi\u00f3 una gran fiesta, en el marco de la celebraci\u00f3n del 142\u00ba aniversario de la fundaci\u00f3n de la primera colonia de alemanes del Volga del pa\u00eds, que le abri\u00f3 las puertas a la llegada de distintos contingentes, que se asentaron en distintos puntos del Partido de Olavarr\u00eda.<\/p>\n<p>Este domingo por la tarde se desarrollaron los festejos en la Plaza Sarmiento, sobre Avenida de los Fundadores y calle Juan Scharle, con una gran participaci\u00f3n comunitaria.<\/p>\n<p>En representaci\u00f3n del Municipio, estuvieron presentes el subsecretario de Gobierno Emilio Vitale, el delegado de Hinojo Ra\u00fal Kuhn, el director de Delegaciones C\u00e9sar Bournot, concejales, junto a los vecinos de la localidad.<\/p>\n<p>Colonia Hinojo fue fundada el 5 de enero de enero de 1.878 y en sus or\u00edgenes, recibi\u00f3 el nombre de \u201cKamenka\u201d, en alusi\u00f3n a la aldea alemana de la cual proven\u00edan los primeros inmigrantes y desde su nacimiento hasta la fecha, contin\u00faa conservando sus ra\u00edces y tradiciones, que se encuentran fuertemente arraigadas en la comunidad.<\/p>\n<p>Las actividades se iniciaron el d\u00eda 5 de enero, con una misa de acci\u00f3n de gracias que tuvo lugar en la parroquia de Colonia Hinojo, y continuaron este domingo 12 con el acto protocolar y baile popular.<\/p>\n<p>El programa se inici\u00f3 con la recepci\u00f3n de autoridades y la entonaci\u00f3n del Himno Nacional Argentino. Posteriormente, se realiz\u00f3 la lectura de una breve rese\u00f1a sobre los or\u00edgenes del pueblo, con palabras alusivas a la fecha y la colocaci\u00f3n de una ofrenda floral, en homenaje a los fundadores de la colonia.<\/p>\n<p>En la oportunidad, se llev\u00f3 a cabo el tradicional corte de la torta de cumplea\u00f1os (que fue elaborada por Norma Pelender, vecina de Colonia Hinojo) y brindis entre los presentes.<\/p>\n<p>M\u00e1s tarde, se desarrollaron las presentaciones de los artistas locales y del Ballet de Danzas Alemanas \u201cWir Bringen Freude\u201d. El cierre de los festejos por el 142\u00ba Aniversario de Colonia Hinojo, estuvo a cargo de Cristian Braun, que hizo bailar y cantar a todos.<\/p>\n<div class=\"at-below-post addthis_tool\" data-url=\"https:\/\/www.olavarria.gov.ar\/colonia-hinojo-de-fiesta\/\" data-title=\"Colonia Hinojo de fiesta | | Municipalidad del Partido de Olavarr\u00eda\">\n<div id=\"atstbx\" class=\"at-share-tbx-element addthis-smartlayers addthis-animated at4-show\" role=\"region\" aria-labelledby=\"at-31d6deb7-2f67-4fa9-9888-8d9fd5342ddf\">\n<p>&nbsp;<\/p>\n<div class=\"at-share-btn-elements\"><\/div>\n<\/div>\n<\/div>\n","protected":false},"excerpt":{"rendered":"<p>En Colonia Hinojo se vivi\u00f3 una gran fiesta, en el marco de la celebraci\u00f3n del&#8230;<\/p>\n","protected":false},"author":1,"featured_media":99108,"comment_status":"open","ping_status":"open","sticky":false,"template":"","format":"standard","meta":{"content-type":""},"categories":[28],"tags":[],"nelio_content":{"isAutoShareEnabled":false,"autoShareEndMode":"default","automationSources":{"useContentSentences":true,"useSocialTemplates":true,"useCustomSentences":false,"customSentences":[]},"followers":[1],"suggestedReferences":[],"includedReferences":[],"efiUrl":"","efiAlt":"","highlights":[]},"yoast_head":"<!-- This site is optimized with the Yoast SEO plugin v20.7 - https:\/\/yoast.com\/wordpress\/plugins\/seo\/ -->\n<title>Colonia Hinojo festej\u00f3 su 142 aniversario con una gran fiesta -<\/title>\n<meta name=\"robots\" content=\"index, follow, max-snippet:-1, max-image-preview:large, max-video-preview:-1\" \/>\n<link rel=\"canonical\" href=\"https:\/\/experienciadevida.com.ar\/portalurbano\/colonia-hinojo-festejo-su-142-aniversario-con-una-gran-fiesta\/\" \/>\n<meta property=\"og:locale\" content=\"es_ES\" \/>\n<meta property=\"og:type\" content=\"article\" \/>\n<meta property=\"og:title\" content=\"Colonia Hinojo festej\u00f3 su 142 aniversario con una gran fiesta -\" \/>\n<meta property=\"og:description\" content=\"En Colonia Hinojo se vivi\u00f3 una gran fiesta, en el marco de la celebraci\u00f3n del...\" \/>\n<meta property=\"og:url\" content=\"https:\/\/experienciadevida.com.ar\/portalurbano\/colonia-hinojo-festejo-su-142-aniversario-con-una-gran-fiesta\/\" \/>\n<meta property=\"article:publisher\" content=\"https:\/\/www.facebook.com\/Portal-Urbano-171542830093757\/\" \/>\n<meta property=\"article:published_time\" content=\"2020-01-13T13:47:36+00:00\" \/>\n<meta property=\"article:modified_time\" content=\"2020-01-13T13:48:01+00:00\" \/>\n<meta property=\"og:image\" content=\"https:\/\/experienciadevida.com.ar\/portalurbano\/wp-content\/uploads\/2020\/01\/HINOJO.jpeg\" \/>\n\t<meta property=\"og:image:width\" content=\"864\" \/>\n\t<meta property=\"og:image:height\" content=\"632\" \/>\n\t<meta property=\"og:image:type\" content=\"image\/jpeg\" \/>\n<meta name=\"author\" content=\"admpu17wp\" \/>\n<meta name=\"twitter:card\" content=\"summary_large_image\" \/>\n<meta name=\"twitter:creator\" content=\"@portalurbanook\" \/>\n<meta name=\"twitter:site\" content=\"@portalurbanook\" \/>\n<meta name=\"twitter:label1\" content=\"Escrito por\" \/>\n\t<meta name=\"twitter:data1\" content=\"admpu17wp\" \/>\n\t<meta name=\"twitter:label2\" content=\"Tiempo de lectura\" \/>\n\t<meta name=\"twitter:data2\" content=\"2 minutos\" \/>\n<script type=\"application\/ld+json\" class=\"yoast-schema-graph\">{\"@context\":\"https:\/\/schema.org\",\"@graph\":[{\"@type\":\"Article\",\"@id\":\"https:\/\/experienciadevida.com.ar\/portalurbano\/colonia-hinojo-festejo-su-142-aniversario-con-una-gran-fiesta\/#article\",\"isPartOf\":{\"@id\":\"https:\/\/experienciadevida.com.ar\/portalurbano\/colonia-hinojo-festejo-su-142-aniversario-con-una-gran-fiesta\/\"},\"author\":{\"name\":\"admpu17wp\",\"@id\":\"https:\/\/experienciadevida.com.ar\/portalurbano\/#\/schema\/person\/02dd326b1c4b056e9cc972486934a3a7\"},\"headline\":\"Colonia Hinojo festej\u00f3 su 142 aniversario con una gran fiesta\",\"datePublished\":\"2020-01-13T13:47:36+00:00\",\"dateModified\":\"2020-01-13T13:48:01+00:00\",\"mainEntityOfPage\":{\"@id\":\"https:\/\/experienciadevida.com.ar\/portalurbano\/colonia-hinojo-festejo-su-142-aniversario-con-una-gran-fiesta\/\"},\"wordCount\":353,\"commentCount\":0,\"publisher\":{\"@id\":\"https:\/\/experienciadevida.com.ar\/portalurbano\/#organization\"},\"articleSection\":[\"Cultura\"],\"inLanguage\":\"es\",\"potentialAction\":[{\"@type\":\"CommentAction\",\"name\":\"Comment\",\"target\":[\"https:\/\/experienciadevida.com.ar\/portalurbano\/colonia-hinojo-festejo-su-142-aniversario-con-una-gran-fiesta\/#respond\"]}]},{\"@type\":\"WebPage\",\"@id\":\"https:\/\/experienciadevida.com.ar\/portalurbano\/colonia-hinojo-festejo-su-142-aniversario-con-una-gran-fiesta\/\",\"url\":\"https:\/\/experienciadevida.com.ar\/portalurbano\/colonia-hinojo-festejo-su-142-aniversario-con-una-gran-fiesta\/\",\"name\":\"Colonia Hinojo festej\u00f3 su 142 aniversario con una gran fiesta -\",\"isPartOf\":{\"@id\":\"https:\/\/experienciadevida.com.ar\/portalurbano\/#website\"},\"datePublished\":\"2020-01-13T13:47:36+00:00\",\"dateModified\":\"2020-01-13T13:48:01+00:00\",\"breadcrumb\":{\"@id\":\"https:\/\/experienciadevida.com.ar\/portalurbano\/colonia-hinojo-festejo-su-142-aniversario-con-una-gran-fiesta\/#breadcrumb\"},\"inLanguage\":\"es\",\"potentialAction\":[{\"@type\":\"ReadAction\",\"target\":[\"https:\/\/experienciadevida.com.ar\/portalurbano\/colonia-hinojo-festejo-su-142-aniversario-con-una-gran-fiesta\/\"]}]},{\"@type\":\"BreadcrumbList\",\"@id\":\"https:\/\/experienciadevida.com.ar\/portalurbano\/colonia-hinojo-festejo-su-142-aniversario-con-una-gran-fiesta\/#breadcrumb\",\"itemListElement\":[{\"@type\":\"ListItem\",\"position\":1,\"name\":\"Portada\",\"item\":\"https:\/\/experienciadevida.com.ar\/portalurbano\/\"},{\"@type\":\"ListItem\",\"position\":2,\"name\":\"Colonia Hinojo festej\u00f3 su 142 aniversario con una gran fiesta\"}]},{\"@type\":\"WebSite\",\"@id\":\"https:\/\/experienciadevida.com.ar\/portalurbano\/#website\",\"url\":\"https:\/\/experienciadevida.com.ar\/portalurbano\/\",\"name\":\"\",\"description\":\"\",\"publisher\":{\"@id\":\"https:\/\/experienciadevida.com.ar\/portalurbano\/#organization\"},\"potentialAction\":[{\"@type\":\"SearchAction\",\"target\":{\"@type\":\"EntryPoint\",\"urlTemplate\":\"https:\/\/experienciadevida.com.ar\/portalurbano\/?s={search_term_string}\"},\"query-input\":\"required name=search_term_string\"}],\"inLanguage\":\"es\"},{\"@type\":\"Organization\",\"@id\":\"https:\/\/experienciadevida.com.ar\/portalurbano\/#organization\",\"name\":\"Portal Urbano\",\"url\":\"https:\/\/experienciadevida.com.ar\/portalurbano\/\",\"logo\":{\"@type\":\"ImageObject\",\"inLanguage\":\"es\",\"@id\":\"https:\/\/experienciadevida.com.ar\/portalurbano\/#\/schema\/logo\/image\/\",\"url\":\"https:\/\/experienciadevida.com.ar\/portalurbano\/wp-content\/uploads\/2019\/09\/Logo-Original.png\",\"contentUrl\":\"https:\/\/experienciadevida.com.ar\/portalurbano\/wp-content\/uploads\/2019\/09\/Logo-Original.png\",\"width\":2236,\"height\":1216,\"caption\":\"Portal Urbano\"},\"image\":{\"@id\":\"https:\/\/experienciadevida.com.ar\/portalurbano\/#\/schema\/logo\/image\/\"},\"sameAs\":[\"https:\/\/www.facebook.com\/Portal-Urbano-171542830093757\/\",\"https:\/\/twitter.com\/portalurbanook\",\"https:\/\/www.instagram.com\/_portalurbano\/\",\"https:\/\/www.youtube.com\/channel\/UCXhagIfszH8KxFiOok79zbA?view_as=subscriber\"]},{\"@type\":\"Person\",\"@id\":\"https:\/\/experienciadevida.com.ar\/portalurbano\/#\/schema\/person\/02dd326b1c4b056e9cc972486934a3a7\",\"name\":\"admpu17wp\",\"image\":{\"@type\":\"ImageObject\",\"inLanguage\":\"es\",\"@id\":\"https:\/\/experienciadevida.com.ar\/portalurbano\/#\/schema\/person\/image\/\",\"url\":\"https:\/\/secure.gravatar.com\/avatar\/830d4c57adaae6630765e449a6908047?s=96&d=mm&r=g\",\"contentUrl\":\"https:\/\/secure.gravatar.com\/avatar\/830d4c57adaae6630765e449a6908047?s=96&d=mm&r=g\",\"caption\":\"admpu17wp\"}}]}<\/script>\n<!-- \/ Yoast SEO plugin. -->","yoast_head_json":{"title":"Colonia Hinojo festej\u00f3 su 142 aniversario con una gran fiesta -","robots":{"index":"index","follow":"follow","max-snippet":"max-snippet:-1","max-image-preview":"max-image-preview:large","max-video-preview":"max-video-preview:-1"},"canonical":"https:\/\/experienciadevida.com.ar\/portalurbano\/colonia-hinojo-festejo-su-142-aniversario-con-una-gran-fiesta\/","og_locale":"es_ES","og_type":"article","og_title":"Colonia Hinojo festej\u00f3 su 142 aniversario con una gran fiesta -","og_description":"En Colonia Hinojo se vivi\u00f3 una gran fiesta, en el marco de la celebraci\u00f3n del...","og_url":"https:\/\/experienciadevida.com.ar\/portalurbano\/colonia-hinojo-festejo-su-142-aniversario-con-una-gran-fiesta\/","article_publisher":"https:\/\/www.facebook.com\/Portal-Urbano-171542830093757\/","article_published_time":"2020-01-13T13:47:36+00:00","article_modified_time":"2020-01-13T13:48:01+00:00","og_image":[{"width":864,"height":632,"url":"https:\/\/experienciadevida.com.ar\/portalurbano\/wp-content\/uploads\/2020\/01\/HINOJO.jpeg","type":"image\/jpeg"}],"author":"admpu17wp","twitter_card":"summary_large_image","twitter_creator":"@portalurbanook","twitter_site":"@portalurbanook","twitter_misc":{"Escrito por":"admpu17wp","Tiempo de lectura":"2 minutos"},"schema":{"@context":"https:\/\/schema.org","@graph":[{"@type":"Article","@id":"https:\/\/experienciadevida.com.ar\/portalurbano\/colonia-hinojo-festejo-su-142-aniversario-con-una-gran-fiesta\/#article","isPartOf":{"@id":"https:\/\/experienciadevida.com.ar\/portalurbano\/colonia-hinojo-festejo-su-142-aniversario-con-una-gran-fiesta\/"},"author":{"name":"admpu17wp","@id":"https:\/\/experienciadevida.com.ar\/portalurbano\/#\/schema\/person\/02dd326b1c4b056e9cc972486934a3a7"},"headline":"Colonia Hinojo festej\u00f3 su 142 aniversario con una gran fiesta","datePublished":"2020-01-13T13:47:36+00:00","dateModified":"2020-01-13T13:48:01+00:00","mainEntityOfPage":{"@id":"https:\/\/experienciadevida.com.ar\/portalurbano\/colonia-hinojo-festejo-su-142-aniversario-con-una-gran-fiesta\/"},"wordCount":353,"commentCount":0,"publisher":{"@id":"https:\/\/experienciadevida.com.ar\/portalurbano\/#organization"},"articleSection":["Cultura"],"inLanguage":"es","potentialAction":[{"@type":"CommentAction","name":"Comment","target":["https:\/\/experienciadevida.com.ar\/portalurbano\/colonia-hinojo-festejo-su-142-aniversario-con-una-gran-fiesta\/#respond"]}]},{"@type":"WebPage","@id":"https:\/\/experienciadevida.com.ar\/portalurbano\/colonia-hinojo-festejo-su-142-aniversario-con-una-gran-fiesta\/","url":"https:\/\/experienciadevida.com.ar\/portalurbano\/colonia-hinojo-festejo-su-142-aniversario-con-una-gran-fiesta\/","name":"Colonia Hinojo festej\u00f3 su 142 aniversario con una gran fiesta -","isPartOf":{"@id":"https:\/\/experienciadevida.com.ar\/portalurbano\/#website"},"datePublished":"2020-01-13T13:47:36+00:00","dateModified":"2020-01-13T13:48:01+00:00","breadcrumb":{"@id":"https:\/\/experienciadevida.com.ar\/portalurbano\/colonia-hinojo-festejo-su-142-aniversario-con-una-gran-fiesta\/#breadcrumb"},"inLanguage":"es","potentialAction":[{"@type":"ReadAction","target":["https:\/\/experienciadevida.com.ar\/portalurbano\/colonia-hinojo-festejo-su-142-aniversario-con-una-gran-fiesta\/"]}]},{"@type":"BreadcrumbList","@id":"https:\/\/experienciadevida.com.ar\/portalurbano\/colonia-hinojo-festejo-su-142-aniversario-con-una-gran-fiesta\/#breadcrumb","itemListElement":[{"@type":"ListItem","position":1,"name":"Portada","item":"https:\/\/experienciadevida.com.ar\/portalurbano\/"},{"@type":"ListItem","position":2,"name":"Colonia Hinojo festej\u00f3 su 142 aniversario con una gran fiesta"}]},{"@type":"WebSite","@id":"https:\/\/experienciadevida.com.ar\/portalurbano\/#website","url":"https:\/\/experienciadevida.com.ar\/portalurbano\/","name":"","description":"","publisher":{"@id":"https:\/\/experienciadevida.com.ar\/portalurbano\/#organization"},"potentialAction":[{"@type":"SearchAction","target":{"@type":"EntryPoint","urlTemplate":"https:\/\/experienciadevida.com.ar\/portalurbano\/?s={search_term_string}"},"query-input":"required name=search_term_string"}],"inLanguage":"es"},{"@type":"Organization","@id":"https:\/\/experienciadevida.com.ar\/portalurbano\/#organization","name":"Portal Urbano","url":"https:\/\/experienciadevida.com.ar\/portalurbano\/","logo":{"@type":"ImageObject","inLanguage":"es","@id":"https:\/\/experienciadevida.com.ar\/portalurbano\/#\/schema\/logo\/image\/","url":"https:\/\/experienciadevida.com.ar\/portalurbano\/wp-content\/uploads\/2019\/09\/Logo-Original.png","contentUrl":"https:\/\/experienciadevida.com.ar\/portalurbano\/wp-content\/uploads\/2019\/09\/Logo-Original.png","width":2236,"height":1216,"caption":"Portal Urbano"},"image":{"@id":"https:\/\/experienciadevida.com.ar\/portalurbano\/#\/schema\/logo\/image\/"},"sameAs":["https:\/\/www.facebook.com\/Portal-Urbano-171542830093757\/","https:\/\/twitter.com\/portalurbanook","https:\/\/www.instagram.com\/_portalurbano\/","https:\/\/www.youtube.com\/channel\/UCXhagIfszH8KxFiOok79zbA?view_as=subscriber"]},{"@type":"Person","@id":"https:\/\/experienciadevida.com.ar\/portalurbano\/#\/schema\/person\/02dd326b1c4b056e9cc972486934a3a7","name":"admpu17wp","image":{"@type":"ImageObject","inLanguage":"es","@id":"https:\/\/experienciadevida.com.ar\/portalurbano\/#\/schema\/person\/image\/","url":"https:\/\/secure.gravatar.com\/avatar\/830d4c57adaae6630765e449a6908047?s=96&d=mm&r=g","contentUrl":"https:\/\/secure.gravatar.com\/avatar\/830d4c57adaae6630765e449a6908047?s=96&d=mm&r=g","caption":"admpu17wp"}}]}},"featured_image_urls":{"full":["https:\/\/experienciadevida.com.ar\/portalurbano\/wp-content\/uploads\/2020\/01\/HINOJO.jpeg",864,632,false],"thumbnail":["https:\/\/experienciadevida.com.ar\/portalurbano\/wp-content\/uploads\/2020\/01\/HINOJO-150x150.jpeg",150,150,true],"medium":["https:\/\/experienciadevida.com.ar\/portalurbano\/wp-content\/uploads\/2020\/01\/HINOJO-300x219.jpeg",300,219,true],"medium_large":["https:\/\/experienciadevida.com.ar\/portalurbano\/wp-content\/uploads\/2020\/01\/HINOJO-768x562.jpeg",640,468,true],"large":["https:\/\/experienciadevida.com.ar\/portalurbano\/wp-content\/uploads\/2020\/01\/HINOJO.jpeg",640,468,false],"ug_big":["https:\/\/experienciadevida.com.ar\/portalurbano\/wp-content\/uploads\/2020\/01\/HINOJO-768x562.jpeg",768,562,true],"1536x1536":["https:\/\/experienciadevida.com.ar\/portalurbano\/wp-content\/uploads\/2020\/01\/HINOJO.jpeg",864,632,false],"2048x2048":["https:\/\/experienciadevida.com.ar\/portalurbano\/wp-content\/uploads\/2020\/01\/HINOJO.jpeg",864,632,false],"newsever-slider-full":["https:\/\/experienciadevida.com.ar\/portalurbano\/wp-content\/uploads\/2020\/01\/HINOJO.jpeg",864,632,false],"newsever-featured":["https:\/\/experienciadevida.com.ar\/portalurbano\/wp-content\/uploads\/2020\/01\/HINOJO.jpeg",864,632,false],"newsever-medium":["https:\/\/experienciadevida.com.ar\/portalurbano\/wp-content\/uploads\/2020\/01\/HINOJO.jpeg",649,475,false],"web-stories-poster-portrait":["https:\/\/experienciadevida.com.ar\/portalurbano\/wp-content\/uploads\/2020\/01\/HINOJO.jpeg",640,468,false],"web-stories-publisher-logo":["https:\/\/experienciadevida.com.ar\/portalurbano\/wp-content\/uploads\/2020\/01\/HINOJO.jpeg",96,70,false],"web-stories-thumbnail":["https:\/\/experienciadevida.com.ar\/portalurbano\/wp-content\/uploads\/2020\/01\/HINOJO.jpeg",150,110,false]},"author_info":{"display_name":"admpu17wp","author_link":"https:\/\/experienciadevida.com.ar\/portalurbano\/author\/admpu17wp\/"},"category_info":"<a href=\"https:\/\/experienciadevida.com.ar\/portalurbano\/category\/ciudad\/cultura\/\" rel=\"category tag\">Cultura<\/a>","tag_info":"Cultura","comment_count":"0","amp_enabled":true,"_links":{"self":[{"href":"https:\/\/experienciadevida.com.ar\/portalurbano\/wp-json\/wp\/v2\/posts\/99107"}],"collection":[{"href":"https:\/\/experienciadevida.com.ar\/portalurbano\/wp-json\/wp\/v2\/posts"}],"about":[{"href":"https:\/\/experienciadevida.com.ar\/portalurbano\/wp-json\/wp\/v2\/types\/post"}],"author":[{"embeddable":true,"href":"https:\/\/experienciadevida.com.ar\/portalurbano\/wp-json\/wp\/v2\/users\/1"}],"replies":[{"embeddable":true,"href":"https:\/\/experienciadevida.com.ar\/portalurbano\/wp-json\/wp\/v2\/comments?post=99107"}],"version-history":[{"count":2,"href":"https:\/\/experienciadevida.com.ar\/portalurbano\/wp-json\/wp\/v2\/posts\/99107\/revisions"}],"predecessor-version":[{"id":99110,"href":"https:\/\/experienciadevida.com.ar\/portalurbano\/wp-json\/wp\/v2\/posts\/99107\/revisions\/99110"}],"wp:featuredmedia":[{"embeddable":true,"href":"https:\/\/experienciadevida.com.ar\/portalurbano\/wp-json\/wp\/v2\/media\/99108"}],"wp:attachment":[{"href":"https:\/\/experienciadevida.com.ar\/portalurbano\/wp-json\/wp\/v2\/media?parent=99107"}],"wp:term":[{"taxonomy":"category","embeddable":true,"href":"https:\/\/experienciadevida.com.ar\/portalurbano\/wp-json\/wp\/v2\/categories?post=99107"},{"taxonomy":"post_tag","embeddable":true,"href":"https:\/\/experienciadevida.com.ar\/portalurbano\/wp-json\/wp\/v2\/tags?post=99107"}],"curies":[{"name":"wp","href":"https:\/\/api.w.org\/{rel}","templated":true}]}}