{"id":85299,"date":"2019-09-12T13:54:09","date_gmt":"2019-09-12T16:54:09","guid":{"rendered":"https:\/\/experienciadevida.com.ar\/portalurbano\/?p=85299"},"modified":"2019-09-12T13:54:31","modified_gmt":"2019-09-12T16:54:31","slug":"muestra-71-artistas-locales-exhibiran-su-obra-en-el-centro-cultural-municipal","status":"publish","type":"post","link":"https:\/\/experienciadevida.com.ar\/portalurbano\/muestra-71-artistas-locales-exhibiran-su-obra-en-el-centro-cultural-municipal\/","title":{"rendered":"Muestra #71: artistas locales exhibir\u00e1n su obra en el Centro Cultural Municipal"},"content":{"rendered":"<p>El Centro Cultural Municipal \u201cSan Jos\u00e9\u201d albergar\u00e1 una nueva exposici\u00f3n, en la cual se recopilar\u00e1n diversas obras de artistas locales, con \u00e9nfasis en la fotograf\u00eda y la pintura.<\/p>\n<p>Se trata de la muestra #71, que inaugurar\u00e1 el domingo 22 de septiembre desde las 19 horas.<\/p>\n<p>Para la presentaci\u00f3n de esta exhibici\u00f3n, el personal se encuentra abocado a las tareas de montaje, por lo cual se informa que las instalaciones del Centro Cultural Municipal permanecer\u00e1n cerradas al p\u00fablico los d\u00edas s\u00e1bado 14, domingo 15 y s\u00e1bado 21.<\/p>\n<p>&nbsp;<\/p>\n<p><strong>Muestra #71<\/strong><\/p>\n<p><strong>\u00a0<\/strong><\/p>\n<p><strong>Sala 1<\/strong><\/p>\n<p>&nbsp;<\/p>\n<p>Obras realizadas por alumnos del Taller de fotograf\u00eda de Javier Bou.<\/p>\n<p>&nbsp;<\/p>\n<p><strong>Sala 2<\/strong><\/p>\n<p>&nbsp;<\/p>\n<p>El fot\u00f3grafo Enrique \u201cpaco\u201d Zelaya nos presenta\u00a070 A\u00d1OS EN IM\u00c1GENES<\/p>\n<p><strong>\u201c<\/strong>Esta es una muestra historial, donde he recopilado fotograf\u00edas de los familiares de los primeros bomberos e im\u00e1genes donde\u00a0\u00a0plasma la labor de estos y su capacidad de resolver situaciones en donde ponen en riesgo sus vidas\u201d, explica el autor.<\/p>\n<p><strong>\u00a0<\/strong><\/p>\n<p><strong>Sala 3<\/strong><\/p>\n<p>&nbsp;<\/p>\n<p>El artista Juan Jos\u00e9\u00a0\u00a0Wally nos presenta\u00a0\u00a0PLASTIC VANITAS<\/p>\n<p>Plastic Vanitas, es un juego de palabras donde \u201cplastic\u201d en ingl\u00e9s significa pl\u00e1stico, pero tambi\u00e9n se refiere a \u201clo pl\u00e1stico\u201d en el sentido art\u00edstico y \u201cvanitas\u201d es un t\u00e9rmino latino que significa vacuidad o insignificancia.<\/p>\n<p>Es un g\u00e9nero del bodeg\u00f3n o naturaleza muerta del arte barroco donde los objetos mundanos en su simbolismo remiten a la fugacidad de las cosas de la existencia o su caducidad.<\/p>\n<p>&nbsp;<\/p>\n<p><strong>Sala 4<\/strong><\/p>\n<p>&nbsp;<\/p>\n<p>La artista Carolina Occhi\u00a0nos presenta\u00a0ORGANICIDADES<\/p>\n<p>Las pinturas de Carolina tienen una estrecha relaci\u00f3n con lo org\u00e1nico, el uso de la l\u00ednea y el plano ponen en evidencia la aparici\u00f3n de signos que directamente se las vincula con formas vivas, en constante movimiento. L\u00ednea, plano y color adquieren una particular singularidad.<\/p>\n<p>Esta artista nos\u00a0\u00a0ofrece un mundo de formas\u00a0\u00a0que parecen mostrar una cara oculta del mundo visible.<\/p>\n","protected":false},"excerpt":{"rendered":"<p>El Centro Cultural Municipal \u201cSan Jos\u00e9\u201d albergar\u00e1 una nueva exposici\u00f3n, en la cual se recopilar\u00e1n&#8230;<\/p>\n","protected":false},"author":1,"featured_media":85300,"comment_status":"open","ping_status":"open","sticky":false,"template":"","format":"standard","meta":{"content-type":""},"categories":[28],"tags":[],"nelio_content":{"isAutoShareEnabled":false,"autoShareEndMode":"default","automationSources":{"useContentSentences":true,"useSocialTemplates":true,"useCustomSentences":false,"customSentences":[]},"followers":[1],"suggestedReferences":[],"includedReferences":[],"efiUrl":"","efiAlt":"","highlights":[]},"yoast_head":"<!-- This site is optimized with the Yoast SEO plugin v20.7 - https:\/\/yoast.com\/wordpress\/plugins\/seo\/ -->\n<title>Muestra #71: artistas locales exhibir\u00e1n su obra en el Centro Cultural Municipal -<\/title>\n<meta name=\"robots\" content=\"index, follow, max-snippet:-1, max-image-preview:large, max-video-preview:-1\" \/>\n<link rel=\"canonical\" href=\"https:\/\/experienciadevida.com.ar\/portalurbano\/muestra-71-artistas-locales-exhibiran-su-obra-en-el-centro-cultural-municipal\/\" \/>\n<meta property=\"og:locale\" content=\"es_ES\" \/>\n<meta property=\"og:type\" content=\"article\" \/>\n<meta property=\"og:title\" content=\"Muestra #71: artistas locales exhibir\u00e1n su obra en el Centro Cultural Municipal -\" \/>\n<meta property=\"og:description\" content=\"El Centro Cultural Municipal \u201cSan Jos\u00e9\u201d albergar\u00e1 una nueva exposici\u00f3n, en la cual se recopilar\u00e1n...\" \/>\n<meta property=\"og:url\" content=\"https:\/\/experienciadevida.com.ar\/portalurbano\/muestra-71-artistas-locales-exhibiran-su-obra-en-el-centro-cultural-municipal\/\" \/>\n<meta property=\"article:publisher\" content=\"https:\/\/www.facebook.com\/Portal-Urbano-171542830093757\/\" \/>\n<meta property=\"article:published_time\" content=\"2019-09-12T16:54:09+00:00\" \/>\n<meta property=\"article:modified_time\" content=\"2019-09-12T16:54:31+00:00\" \/>\n<meta property=\"og:image\" content=\"https:\/\/experienciadevida.com.ar\/portalurbano\/wp-content\/uploads\/2019\/09\/CULTURAL-e1568307239103.jpg\" \/>\n\t<meta property=\"og:image:width\" content=\"765\" \/>\n\t<meta property=\"og:image:height\" content=\"510\" \/>\n\t<meta property=\"og:image:type\" content=\"image\/jpeg\" \/>\n<meta name=\"author\" content=\"admpu17wp\" \/>\n<meta name=\"twitter:card\" content=\"summary_large_image\" \/>\n<meta name=\"twitter:creator\" content=\"@portalurbanook\" \/>\n<meta name=\"twitter:site\" content=\"@portalurbanook\" \/>\n<meta name=\"twitter:label1\" content=\"Escrito por\" \/>\n\t<meta name=\"twitter:data1\" content=\"admpu17wp\" \/>\n\t<meta name=\"twitter:label2\" content=\"Tiempo de lectura\" \/>\n\t<meta name=\"twitter:data2\" content=\"2 minutos\" \/>\n<script type=\"application\/ld+json\" class=\"yoast-schema-graph\">{\"@context\":\"https:\/\/schema.org\",\"@graph\":[{\"@type\":\"Article\",\"@id\":\"https:\/\/experienciadevida.com.ar\/portalurbano\/muestra-71-artistas-locales-exhibiran-su-obra-en-el-centro-cultural-municipal\/#article\",\"isPartOf\":{\"@id\":\"https:\/\/experienciadevida.com.ar\/portalurbano\/muestra-71-artistas-locales-exhibiran-su-obra-en-el-centro-cultural-municipal\/\"},\"author\":{\"name\":\"admpu17wp\",\"@id\":\"https:\/\/experienciadevida.com.ar\/portalurbano\/#\/schema\/person\/02dd326b1c4b056e9cc972486934a3a7\"},\"headline\":\"Muestra #71: artistas locales exhibir\u00e1n su obra en el Centro Cultural Municipal\",\"datePublished\":\"2019-09-12T16:54:09+00:00\",\"dateModified\":\"2019-09-12T16:54:31+00:00\",\"mainEntityOfPage\":{\"@id\":\"https:\/\/experienciadevida.com.ar\/portalurbano\/muestra-71-artistas-locales-exhibiran-su-obra-en-el-centro-cultural-municipal\/\"},\"wordCount\":338,\"commentCount\":0,\"publisher\":{\"@id\":\"https:\/\/experienciadevida.com.ar\/portalurbano\/#organization\"},\"articleSection\":[\"Cultura\"],\"inLanguage\":\"es\",\"potentialAction\":[{\"@type\":\"CommentAction\",\"name\":\"Comment\",\"target\":[\"https:\/\/experienciadevida.com.ar\/portalurbano\/muestra-71-artistas-locales-exhibiran-su-obra-en-el-centro-cultural-municipal\/#respond\"]}]},{\"@type\":\"WebPage\",\"@id\":\"https:\/\/experienciadevida.com.ar\/portalurbano\/muestra-71-artistas-locales-exhibiran-su-obra-en-el-centro-cultural-municipal\/\",\"url\":\"https:\/\/experienciadevida.com.ar\/portalurbano\/muestra-71-artistas-locales-exhibiran-su-obra-en-el-centro-cultural-municipal\/\",\"name\":\"Muestra #71: artistas locales exhibir\u00e1n su obra en el Centro Cultural Municipal -\",\"isPartOf\":{\"@id\":\"https:\/\/experienciadevida.com.ar\/portalurbano\/#website\"},\"datePublished\":\"2019-09-12T16:54:09+00:00\",\"dateModified\":\"2019-09-12T16:54:31+00:00\",\"breadcrumb\":{\"@id\":\"https:\/\/experienciadevida.com.ar\/portalurbano\/muestra-71-artistas-locales-exhibiran-su-obra-en-el-centro-cultural-municipal\/#breadcrumb\"},\"inLanguage\":\"es\",\"potentialAction\":[{\"@type\":\"ReadAction\",\"target\":[\"https:\/\/experienciadevida.com.ar\/portalurbano\/muestra-71-artistas-locales-exhibiran-su-obra-en-el-centro-cultural-municipal\/\"]}]},{\"@type\":\"BreadcrumbList\",\"@id\":\"https:\/\/experienciadevida.com.ar\/portalurbano\/muestra-71-artistas-locales-exhibiran-su-obra-en-el-centro-cultural-municipal\/#breadcrumb\",\"itemListElement\":[{\"@type\":\"ListItem\",\"position\":1,\"name\":\"Portada\",\"item\":\"https:\/\/experienciadevida.com.ar\/portalurbano\/\"},{\"@type\":\"ListItem\",\"position\":2,\"name\":\"Muestra #71: artistas locales exhibir\u00e1n su obra en el Centro Cultural Municipal\"}]},{\"@type\":\"WebSite\",\"@id\":\"https:\/\/experienciadevida.com.ar\/portalurbano\/#website\",\"url\":\"https:\/\/experienciadevida.com.ar\/portalurbano\/\",\"name\":\"\",\"description\":\"\",\"publisher\":{\"@id\":\"https:\/\/experienciadevida.com.ar\/portalurbano\/#organization\"},\"potentialAction\":[{\"@type\":\"SearchAction\",\"target\":{\"@type\":\"EntryPoint\",\"urlTemplate\":\"https:\/\/experienciadevida.com.ar\/portalurbano\/?s={search_term_string}\"},\"query-input\":\"required name=search_term_string\"}],\"inLanguage\":\"es\"},{\"@type\":\"Organization\",\"@id\":\"https:\/\/experienciadevida.com.ar\/portalurbano\/#organization\",\"name\":\"Portal Urbano\",\"url\":\"https:\/\/experienciadevida.com.ar\/portalurbano\/\",\"logo\":{\"@type\":\"ImageObject\",\"inLanguage\":\"es\",\"@id\":\"https:\/\/experienciadevida.com.ar\/portalurbano\/#\/schema\/logo\/image\/\",\"url\":\"https:\/\/experienciadevida.com.ar\/portalurbano\/wp-content\/uploads\/2019\/09\/Logo-Original.png\",\"contentUrl\":\"https:\/\/experienciadevida.com.ar\/portalurbano\/wp-content\/uploads\/2019\/09\/Logo-Original.png\",\"width\":2236,\"height\":1216,\"caption\":\"Portal Urbano\"},\"image\":{\"@id\":\"https:\/\/experienciadevida.com.ar\/portalurbano\/#\/schema\/logo\/image\/\"},\"sameAs\":[\"https:\/\/www.facebook.com\/Portal-Urbano-171542830093757\/\",\"https:\/\/twitter.com\/portalurbanook\",\"https:\/\/www.instagram.com\/_portalurbano\/\",\"https:\/\/www.youtube.com\/channel\/UCXhagIfszH8KxFiOok79zbA?view_as=subscriber\"]},{\"@type\":\"Person\",\"@id\":\"https:\/\/experienciadevida.com.ar\/portalurbano\/#\/schema\/person\/02dd326b1c4b056e9cc972486934a3a7\",\"name\":\"admpu17wp\",\"image\":{\"@type\":\"ImageObject\",\"inLanguage\":\"es\",\"@id\":\"https:\/\/experienciadevida.com.ar\/portalurbano\/#\/schema\/person\/image\/\",\"url\":\"https:\/\/secure.gravatar.com\/avatar\/830d4c57adaae6630765e449a6908047?s=96&d=mm&r=g\",\"contentUrl\":\"https:\/\/secure.gravatar.com\/avatar\/830d4c57adaae6630765e449a6908047?s=96&d=mm&r=g\",\"caption\":\"admpu17wp\"}}]}<\/script>\n<!-- \/ Yoast SEO plugin. -->","yoast_head_json":{"title":"Muestra #71: artistas locales exhibir\u00e1n su obra en el Centro Cultural Municipal -","robots":{"index":"index","follow":"follow","max-snippet":"max-snippet:-1","max-image-preview":"max-image-preview:large","max-video-preview":"max-video-preview:-1"},"canonical":"https:\/\/experienciadevida.com.ar\/portalurbano\/muestra-71-artistas-locales-exhibiran-su-obra-en-el-centro-cultural-municipal\/","og_locale":"es_ES","og_type":"article","og_title":"Muestra #71: artistas locales exhibir\u00e1n su obra en el Centro Cultural Municipal -","og_description":"El Centro Cultural Municipal \u201cSan Jos\u00e9\u201d albergar\u00e1 una nueva exposici\u00f3n, en la cual se recopilar\u00e1n...","og_url":"https:\/\/experienciadevida.com.ar\/portalurbano\/muestra-71-artistas-locales-exhibiran-su-obra-en-el-centro-cultural-municipal\/","article_publisher":"https:\/\/www.facebook.com\/Portal-Urbano-171542830093757\/","article_published_time":"2019-09-12T16:54:09+00:00","article_modified_time":"2019-09-12T16:54:31+00:00","og_image":[{"width":765,"height":510,"url":"https:\/\/experienciadevida.com.ar\/portalurbano\/wp-content\/uploads\/2019\/09\/CULTURAL-e1568307239103.jpg","type":"image\/jpeg"}],"author":"admpu17wp","twitter_card":"summary_large_image","twitter_creator":"@portalurbanook","twitter_site":"@portalurbanook","twitter_misc":{"Escrito por":"admpu17wp","Tiempo de lectura":"2 minutos"},"schema":{"@context":"https:\/\/schema.org","@graph":[{"@type":"Article","@id":"https:\/\/experienciadevida.com.ar\/portalurbano\/muestra-71-artistas-locales-exhibiran-su-obra-en-el-centro-cultural-municipal\/#article","isPartOf":{"@id":"https:\/\/experienciadevida.com.ar\/portalurbano\/muestra-71-artistas-locales-exhibiran-su-obra-en-el-centro-cultural-municipal\/"},"author":{"name":"admpu17wp","@id":"https:\/\/experienciadevida.com.ar\/portalurbano\/#\/schema\/person\/02dd326b1c4b056e9cc972486934a3a7"},"headline":"Muestra #71: artistas locales exhibir\u00e1n su obra en el Centro Cultural Municipal","datePublished":"2019-09-12T16:54:09+00:00","dateModified":"2019-09-12T16:54:31+00:00","mainEntityOfPage":{"@id":"https:\/\/experienciadevida.com.ar\/portalurbano\/muestra-71-artistas-locales-exhibiran-su-obra-en-el-centro-cultural-municipal\/"},"wordCount":338,"commentCount":0,"publisher":{"@id":"https:\/\/experienciadevida.com.ar\/portalurbano\/#organization"},"articleSection":["Cultura"],"inLanguage":"es","potentialAction":[{"@type":"CommentAction","name":"Comment","target":["https:\/\/experienciadevida.com.ar\/portalurbano\/muestra-71-artistas-locales-exhibiran-su-obra-en-el-centro-cultural-municipal\/#respond"]}]},{"@type":"WebPage","@id":"https:\/\/experienciadevida.com.ar\/portalurbano\/muestra-71-artistas-locales-exhibiran-su-obra-en-el-centro-cultural-municipal\/","url":"https:\/\/experienciadevida.com.ar\/portalurbano\/muestra-71-artistas-locales-exhibiran-su-obra-en-el-centro-cultural-municipal\/","name":"Muestra #71: artistas locales exhibir\u00e1n su obra en el Centro Cultural Municipal -","isPartOf":{"@id":"https:\/\/experienciadevida.com.ar\/portalurbano\/#website"},"datePublished":"2019-09-12T16:54:09+00:00","dateModified":"2019-09-12T16:54:31+00:00","breadcrumb":{"@id":"https:\/\/experienciadevida.com.ar\/portalurbano\/muestra-71-artistas-locales-exhibiran-su-obra-en-el-centro-cultural-municipal\/#breadcrumb"},"inLanguage":"es","potentialAction":[{"@type":"ReadAction","target":["https:\/\/experienciadevida.com.ar\/portalurbano\/muestra-71-artistas-locales-exhibiran-su-obra-en-el-centro-cultural-municipal\/"]}]},{"@type":"BreadcrumbList","@id":"https:\/\/experienciadevida.com.ar\/portalurbano\/muestra-71-artistas-locales-exhibiran-su-obra-en-el-centro-cultural-municipal\/#breadcrumb","itemListElement":[{"@type":"ListItem","position":1,"name":"Portada","item":"https:\/\/experienciadevida.com.ar\/portalurbano\/"},{"@type":"ListItem","position":2,"name":"Muestra #71: artistas locales exhibir\u00e1n su obra en el Centro Cultural Municipal"}]},{"@type":"WebSite","@id":"https:\/\/experienciadevida.com.ar\/portalurbano\/#website","url":"https:\/\/experienciadevida.com.ar\/portalurbano\/","name":"","description":"","publisher":{"@id":"https:\/\/experienciadevida.com.ar\/portalurbano\/#organization"},"potentialAction":[{"@type":"SearchAction","target":{"@type":"EntryPoint","urlTemplate":"https:\/\/experienciadevida.com.ar\/portalurbano\/?s={search_term_string}"},"query-input":"required name=search_term_string"}],"inLanguage":"es"},{"@type":"Organization","@id":"https:\/\/experienciadevida.com.ar\/portalurbano\/#organization","name":"Portal Urbano","url":"https:\/\/experienciadevida.com.ar\/portalurbano\/","logo":{"@type":"ImageObject","inLanguage":"es","@id":"https:\/\/experienciadevida.com.ar\/portalurbano\/#\/schema\/logo\/image\/","url":"https:\/\/experienciadevida.com.ar\/portalurbano\/wp-content\/uploads\/2019\/09\/Logo-Original.png","contentUrl":"https:\/\/experienciadevida.com.ar\/portalurbano\/wp-content\/uploads\/2019\/09\/Logo-Original.png","width":2236,"height":1216,"caption":"Portal Urbano"},"image":{"@id":"https:\/\/experienciadevida.com.ar\/portalurbano\/#\/schema\/logo\/image\/"},"sameAs":["https:\/\/www.facebook.com\/Portal-Urbano-171542830093757\/","https:\/\/twitter.com\/portalurbanook","https:\/\/www.instagram.com\/_portalurbano\/","https:\/\/www.youtube.com\/channel\/UCXhagIfszH8KxFiOok79zbA?view_as=subscriber"]},{"@type":"Person","@id":"https:\/\/experienciadevida.com.ar\/portalurbano\/#\/schema\/person\/02dd326b1c4b056e9cc972486934a3a7","name":"admpu17wp","image":{"@type":"ImageObject","inLanguage":"es","@id":"https:\/\/experienciadevida.com.ar\/portalurbano\/#\/schema\/person\/image\/","url":"https:\/\/secure.gravatar.com\/avatar\/830d4c57adaae6630765e449a6908047?s=96&d=mm&r=g","contentUrl":"https:\/\/secure.gravatar.com\/avatar\/830d4c57adaae6630765e449a6908047?s=96&d=mm&r=g","caption":"admpu17wp"}}]}},"featured_image_urls":{"full":["https:\/\/experienciadevida.com.ar\/portalurbano\/wp-content\/uploads\/2019\/09\/CULTURAL-e1568307239103.jpg",765,510,false],"thumbnail":["https:\/\/experienciadevida.com.ar\/portalurbano\/wp-content\/uploads\/2019\/09\/CULTURAL-150x150.jpg",150,150,true],"medium":["https:\/\/experienciadevida.com.ar\/portalurbano\/wp-content\/uploads\/2019\/09\/CULTURAL-300x200.jpg",300,200,true],"medium_large":["https:\/\/experienciadevida.com.ar\/portalurbano\/wp-content\/uploads\/2019\/09\/CULTURAL-768x512.jpg",640,427,true],"large":["https:\/\/experienciadevida.com.ar\/portalurbano\/wp-content\/uploads\/2019\/09\/CULTURAL-1024x682.jpg",640,426,true],"ug_big":["https:\/\/experienciadevida.com.ar\/portalurbano\/wp-content\/uploads\/2019\/09\/CULTURAL-768x512.jpg",768,512,true],"1536x1536":["https:\/\/experienciadevida.com.ar\/portalurbano\/wp-content\/uploads\/2019\/09\/CULTURAL-e1568307239103.jpg",765,510,false],"2048x2048":["https:\/\/experienciadevida.com.ar\/portalurbano\/wp-content\/uploads\/2019\/09\/CULTURAL-e1568307239103.jpg",765,510,false],"newsever-slider-full":["https:\/\/experienciadevida.com.ar\/portalurbano\/wp-content\/uploads\/2019\/09\/CULTURAL-e1568307239103.jpg",765,510,false],"newsever-featured":["https:\/\/experienciadevida.com.ar\/portalurbano\/wp-content\/uploads\/2019\/09\/CULTURAL-e1568307239103.jpg",765,510,false],"newsever-medium":["https:\/\/experienciadevida.com.ar\/portalurbano\/wp-content\/uploads\/2019\/09\/CULTURAL-e1568307239103.jpg",713,475,false],"web-stories-poster-portrait":["https:\/\/experienciadevida.com.ar\/portalurbano\/wp-content\/uploads\/2019\/09\/CULTURAL-e1568307239103.jpg",640,427,false],"web-stories-publisher-logo":["https:\/\/experienciadevida.com.ar\/portalurbano\/wp-content\/uploads\/2019\/09\/CULTURAL-e1568307239103.jpg",96,64,false],"web-stories-thumbnail":["https:\/\/experienciadevida.com.ar\/portalurbano\/wp-content\/uploads\/2019\/09\/CULTURAL-e1568307239103.jpg",150,100,false]},"author_info":{"display_name":"admpu17wp","author_link":"https:\/\/experienciadevida.com.ar\/portalurbano\/author\/admpu17wp\/"},"category_info":"<a href=\"https:\/\/experienciadevida.com.ar\/portalurbano\/category\/ciudad\/cultura\/\" rel=\"category tag\">Cultura<\/a>","tag_info":"Cultura","comment_count":"0","amp_enabled":true,"_links":{"self":[{"href":"https:\/\/experienciadevida.com.ar\/portalurbano\/wp-json\/wp\/v2\/posts\/85299"}],"collection":[{"href":"https:\/\/experienciadevida.com.ar\/portalurbano\/wp-json\/wp\/v2\/posts"}],"about":[{"href":"https:\/\/experienciadevida.com.ar\/portalurbano\/wp-json\/wp\/v2\/types\/post"}],"author":[{"embeddable":true,"href":"https:\/\/experienciadevida.com.ar\/portalurbano\/wp-json\/wp\/v2\/users\/1"}],"replies":[{"embeddable":true,"href":"https:\/\/experienciadevida.com.ar\/portalurbano\/wp-json\/wp\/v2\/comments?post=85299"}],"version-history":[{"count":1,"href":"https:\/\/experienciadevida.com.ar\/portalurbano\/wp-json\/wp\/v2\/posts\/85299\/revisions"}],"predecessor-version":[{"id":85301,"href":"https:\/\/experienciadevida.com.ar\/portalurbano\/wp-json\/wp\/v2\/posts\/85299\/revisions\/85301"}],"wp:featuredmedia":[{"embeddable":true,"href":"https:\/\/experienciadevida.com.ar\/portalurbano\/wp-json\/wp\/v2\/media\/85300"}],"wp:attachment":[{"href":"https:\/\/experienciadevida.com.ar\/portalurbano\/wp-json\/wp\/v2\/media?parent=85299"}],"wp:term":[{"taxonomy":"category","embeddable":true,"href":"https:\/\/experienciadevida.com.ar\/portalurbano\/wp-json\/wp\/v2\/categories?post=85299"},{"taxonomy":"post_tag","embeddable":true,"href":"https:\/\/experienciadevida.com.ar\/portalurbano\/wp-json\/wp\/v2\/tags?post=85299"}],"curies":[{"name":"wp","href":"https:\/\/api.w.org\/{rel}","templated":true}]}}