{"id":84859,"date":"2019-09-09T13:06:05","date_gmt":"2019-09-09T16:06:05","guid":{"rendered":"https:\/\/experienciadevida.com.ar\/portalurbano\/?p=84859"},"modified":"2019-09-09T13:06:36","modified_gmt":"2019-09-09T16:06:36","slug":"nuevas-muestras-en-el-museo-damaso-arce","status":"publish","type":"post","link":"https:\/\/experienciadevida.com.ar\/portalurbano\/nuevas-muestras-en-el-museo-damaso-arce\/","title":{"rendered":"Nuevas muestras en el Museo D\u00e1maso Arce"},"content":{"rendered":"<p>El pr\u00f3ximo domingo 15 de septiembre, el Museo D\u00e1maso Arce abrir\u00e1 sus puertas para la inauguraci\u00f3n de dos nuevas muestras que se presentar\u00e1n en el espacio: \u201cDel otro lado\u201d de Claudia Umpierrez y \u201cMiguel \u00c1ngel Galgano. 30 a\u00f1os de Artes Visuales en Olavarr\u00eda\u201d.<\/p>\n<p>La primera de ellas tendr\u00e1 su inauguraci\u00f3n a las 17 horas y se exhibir\u00e1 hasta el domingo 20 de octubre. Claudia Judith Umpierrez es una artista polimat\u00e9rica: pintura, escultura, objetos de arte y joyer\u00eda contempor\u00e1nea sobre su\u00a0barrio\u00a0Pueblo Nuevo es lo que se podr\u00e1 ver en \u201cDel otro lado\u201d, una obra de un proyecto que nace en Espa\u00f1a en 2003 y cierra con esta muestra. A\u00f1oranzas de la historia personal del artista, de su\u00a0barrio, sus personajes, su gente. El\u00a0barrio\u00a0son\u00a0trocitos de pasado, reflejos de infancia, adolescentes, madurez\u2026de un espejo que nos devuelve canas en la memoria, entre juegos y escondidas.<\/p>\n<p>Por otra parte, a las 18 horas ser\u00e1 la inauguraci\u00f3n de \u201cMiguel \u00c1ngel Galgano. 30 a\u00f1os de Artes Visuales en Olavarr\u00eda\u201d<\/p>\n<p>En su referencia se se\u00f1ala que\u00a0<em>\u201cera como un hechicero parado frente a la inmensidad, tratando de ver todo desde los cuatro costados. Quiero decir de Miguel: era una persona extraordinaria y de m\u00faltiples facetas. Nos dej\u00f3 su huella de gran dise\u00f1ador gr\u00e1fico, de pintor y m\u00fasico.<\/em><\/p>\n<p><em>No soy cr\u00edtico de arte y, por lo tanto, no puedo emitir un juicio cr\u00edtico sobre sus obras. Pero s\u00ed puedo decir c\u00f3mo fue como amigo: un ser entra\u00f1able. No podr\u00e9 olvidar los momentos de pl\u00e1tica que ten\u00edamos cuando fue asesor en el Museo Municipal D\u00e1maso Arce y digo sin ning\u00fan reparo que, mientras trabaj\u00f3 conmigo, nunca organic\u00e9 una muestra sin antes obtener su consentimiento criterioso.<\/em><\/p>\n<p><em>Miguel trabaj\u00f3 en lo que lo hac\u00eda feliz porque \u00e9sa era la \u00fanica manera de que \u00e9l entend\u00eda de brindarse a los dem\u00e1s. Aceptaba todas las tendencias cuando eran honestas, como lo era \u00e9l. Vivi\u00f3 pleno en paz porque era muy creyente y sus creencias ten\u00edan la riqueza suficiente como para que las compartiera. Quico, gracias por todo y por tanto\u201d,<\/em>\u00a0Enrique Sais\u00ed.<\/p>\n<p><img decoding=\"async\" class=\"alignnone wp-image-84861 size-full\" src=\"https:\/\/experienciadevida.com.ar\/portalurbano\/wp-content\/uploads\/2019\/09\/MUSEO1-e1568045152574.jpg\" alt=\"\" width=\"765\" height=\"1110\" \/><\/p>\n","protected":false},"excerpt":{"rendered":"<p>El pr\u00f3ximo domingo 15 de septiembre, el Museo D\u00e1maso Arce abrir\u00e1 sus puertas para la&#8230;<\/p>\n","protected":false},"author":1,"featured_media":84860,"comment_status":"open","ping_status":"open","sticky":false,"template":"","format":"standard","meta":{"content-type":""},"categories":[28],"tags":[],"nelio_content":{"isAutoShareEnabled":false,"autoShareEndMode":"default","automationSources":{"useContentSentences":true,"useSocialTemplates":true,"useCustomSentences":false,"customSentences":[]},"followers":[1],"suggestedReferences":[],"includedReferences":[],"efiUrl":"","efiAlt":"","highlights":[]},"yoast_head":"<!-- This site is optimized with the Yoast SEO plugin v20.7 - https:\/\/yoast.com\/wordpress\/plugins\/seo\/ -->\n<title>Nuevas muestras en el Museo D\u00e1maso Arce -<\/title>\n<meta name=\"robots\" content=\"index, follow, max-snippet:-1, max-image-preview:large, max-video-preview:-1\" \/>\n<link rel=\"canonical\" href=\"https:\/\/experienciadevida.com.ar\/portalurbano\/nuevas-muestras-en-el-museo-damaso-arce\/\" \/>\n<meta property=\"og:locale\" content=\"es_ES\" \/>\n<meta property=\"og:type\" content=\"article\" \/>\n<meta property=\"og:title\" content=\"Nuevas muestras en el Museo D\u00e1maso Arce -\" \/>\n<meta property=\"og:description\" content=\"El pr\u00f3ximo domingo 15 de septiembre, el Museo D\u00e1maso Arce abrir\u00e1 sus puertas para la...\" \/>\n<meta property=\"og:url\" content=\"https:\/\/experienciadevida.com.ar\/portalurbano\/nuevas-muestras-en-el-museo-damaso-arce\/\" \/>\n<meta property=\"article:publisher\" content=\"https:\/\/www.facebook.com\/Portal-Urbano-171542830093757\/\" \/>\n<meta property=\"article:published_time\" content=\"2019-09-09T16:06:05+00:00\" \/>\n<meta property=\"article:modified_time\" content=\"2019-09-09T16:06:36+00:00\" \/>\n<meta property=\"og:image\" content=\"https:\/\/experienciadevida.com.ar\/portalurbano\/wp-content\/uploads\/2019\/09\/MUSEO-1-e1568045113288.jpg\" \/>\n\t<meta property=\"og:image:width\" content=\"765\" \/>\n\t<meta property=\"og:image:height\" content=\"912\" \/>\n\t<meta property=\"og:image:type\" content=\"image\/jpeg\" \/>\n<meta name=\"author\" content=\"admpu17wp\" \/>\n<meta name=\"twitter:card\" content=\"summary_large_image\" \/>\n<meta name=\"twitter:creator\" content=\"@portalurbanook\" \/>\n<meta name=\"twitter:site\" content=\"@portalurbanook\" \/>\n<meta name=\"twitter:label1\" content=\"Escrito por\" \/>\n\t<meta name=\"twitter:data1\" content=\"admpu17wp\" \/>\n\t<meta name=\"twitter:label2\" content=\"Tiempo de lectura\" \/>\n\t<meta name=\"twitter:data2\" content=\"2 minutos\" \/>\n<script type=\"application\/ld+json\" class=\"yoast-schema-graph\">{\"@context\":\"https:\/\/schema.org\",\"@graph\":[{\"@type\":\"Article\",\"@id\":\"https:\/\/experienciadevida.com.ar\/portalurbano\/nuevas-muestras-en-el-museo-damaso-arce\/#article\",\"isPartOf\":{\"@id\":\"https:\/\/experienciadevida.com.ar\/portalurbano\/nuevas-muestras-en-el-museo-damaso-arce\/\"},\"author\":{\"name\":\"admpu17wp\",\"@id\":\"https:\/\/experienciadevida.com.ar\/portalurbano\/#\/schema\/person\/02dd326b1c4b056e9cc972486934a3a7\"},\"headline\":\"Nuevas muestras en el Museo D\u00e1maso Arce\",\"datePublished\":\"2019-09-09T16:06:05+00:00\",\"dateModified\":\"2019-09-09T16:06:36+00:00\",\"mainEntityOfPage\":{\"@id\":\"https:\/\/experienciadevida.com.ar\/portalurbano\/nuevas-muestras-en-el-museo-damaso-arce\/\"},\"wordCount\":378,\"commentCount\":0,\"publisher\":{\"@id\":\"https:\/\/experienciadevida.com.ar\/portalurbano\/#organization\"},\"articleSection\":[\"Cultura\"],\"inLanguage\":\"es\",\"potentialAction\":[{\"@type\":\"CommentAction\",\"name\":\"Comment\",\"target\":[\"https:\/\/experienciadevida.com.ar\/portalurbano\/nuevas-muestras-en-el-museo-damaso-arce\/#respond\"]}]},{\"@type\":\"WebPage\",\"@id\":\"https:\/\/experienciadevida.com.ar\/portalurbano\/nuevas-muestras-en-el-museo-damaso-arce\/\",\"url\":\"https:\/\/experienciadevida.com.ar\/portalurbano\/nuevas-muestras-en-el-museo-damaso-arce\/\",\"name\":\"Nuevas muestras en el Museo D\u00e1maso Arce -\",\"isPartOf\":{\"@id\":\"https:\/\/experienciadevida.com.ar\/portalurbano\/#website\"},\"datePublished\":\"2019-09-09T16:06:05+00:00\",\"dateModified\":\"2019-09-09T16:06:36+00:00\",\"breadcrumb\":{\"@id\":\"https:\/\/experienciadevida.com.ar\/portalurbano\/nuevas-muestras-en-el-museo-damaso-arce\/#breadcrumb\"},\"inLanguage\":\"es\",\"potentialAction\":[{\"@type\":\"ReadAction\",\"target\":[\"https:\/\/experienciadevida.com.ar\/portalurbano\/nuevas-muestras-en-el-museo-damaso-arce\/\"]}]},{\"@type\":\"BreadcrumbList\",\"@id\":\"https:\/\/experienciadevida.com.ar\/portalurbano\/nuevas-muestras-en-el-museo-damaso-arce\/#breadcrumb\",\"itemListElement\":[{\"@type\":\"ListItem\",\"position\":1,\"name\":\"Portada\",\"item\":\"https:\/\/experienciadevida.com.ar\/portalurbano\/\"},{\"@type\":\"ListItem\",\"position\":2,\"name\":\"Nuevas muestras en el Museo D\u00e1maso Arce\"}]},{\"@type\":\"WebSite\",\"@id\":\"https:\/\/experienciadevida.com.ar\/portalurbano\/#website\",\"url\":\"https:\/\/experienciadevida.com.ar\/portalurbano\/\",\"name\":\"\",\"description\":\"\",\"publisher\":{\"@id\":\"https:\/\/experienciadevida.com.ar\/portalurbano\/#organization\"},\"potentialAction\":[{\"@type\":\"SearchAction\",\"target\":{\"@type\":\"EntryPoint\",\"urlTemplate\":\"https:\/\/experienciadevida.com.ar\/portalurbano\/?s={search_term_string}\"},\"query-input\":\"required name=search_term_string\"}],\"inLanguage\":\"es\"},{\"@type\":\"Organization\",\"@id\":\"https:\/\/experienciadevida.com.ar\/portalurbano\/#organization\",\"name\":\"Portal Urbano\",\"url\":\"https:\/\/experienciadevida.com.ar\/portalurbano\/\",\"logo\":{\"@type\":\"ImageObject\",\"inLanguage\":\"es\",\"@id\":\"https:\/\/experienciadevida.com.ar\/portalurbano\/#\/schema\/logo\/image\/\",\"url\":\"https:\/\/experienciadevida.com.ar\/portalurbano\/wp-content\/uploads\/2019\/09\/Logo-Original.png\",\"contentUrl\":\"https:\/\/experienciadevida.com.ar\/portalurbano\/wp-content\/uploads\/2019\/09\/Logo-Original.png\",\"width\":2236,\"height\":1216,\"caption\":\"Portal Urbano\"},\"image\":{\"@id\":\"https:\/\/experienciadevida.com.ar\/portalurbano\/#\/schema\/logo\/image\/\"},\"sameAs\":[\"https:\/\/www.facebook.com\/Portal-Urbano-171542830093757\/\",\"https:\/\/twitter.com\/portalurbanook\",\"https:\/\/www.instagram.com\/_portalurbano\/\",\"https:\/\/www.youtube.com\/channel\/UCXhagIfszH8KxFiOok79zbA?view_as=subscriber\"]},{\"@type\":\"Person\",\"@id\":\"https:\/\/experienciadevida.com.ar\/portalurbano\/#\/schema\/person\/02dd326b1c4b056e9cc972486934a3a7\",\"name\":\"admpu17wp\",\"image\":{\"@type\":\"ImageObject\",\"inLanguage\":\"es\",\"@id\":\"https:\/\/experienciadevida.com.ar\/portalurbano\/#\/schema\/person\/image\/\",\"url\":\"https:\/\/secure.gravatar.com\/avatar\/830d4c57adaae6630765e449a6908047?s=96&d=mm&r=g\",\"contentUrl\":\"https:\/\/secure.gravatar.com\/avatar\/830d4c57adaae6630765e449a6908047?s=96&d=mm&r=g\",\"caption\":\"admpu17wp\"}}]}<\/script>\n<!-- \/ Yoast SEO plugin. -->","yoast_head_json":{"title":"Nuevas muestras en el Museo D\u00e1maso Arce -","robots":{"index":"index","follow":"follow","max-snippet":"max-snippet:-1","max-image-preview":"max-image-preview:large","max-video-preview":"max-video-preview:-1"},"canonical":"https:\/\/experienciadevida.com.ar\/portalurbano\/nuevas-muestras-en-el-museo-damaso-arce\/","og_locale":"es_ES","og_type":"article","og_title":"Nuevas muestras en el Museo D\u00e1maso Arce -","og_description":"El pr\u00f3ximo domingo 15 de septiembre, el Museo D\u00e1maso Arce abrir\u00e1 sus puertas para la...","og_url":"https:\/\/experienciadevida.com.ar\/portalurbano\/nuevas-muestras-en-el-museo-damaso-arce\/","article_publisher":"https:\/\/www.facebook.com\/Portal-Urbano-171542830093757\/","article_published_time":"2019-09-09T16:06:05+00:00","article_modified_time":"2019-09-09T16:06:36+00:00","og_image":[{"width":765,"height":912,"url":"https:\/\/experienciadevida.com.ar\/portalurbano\/wp-content\/uploads\/2019\/09\/MUSEO-1-e1568045113288.jpg","type":"image\/jpeg"}],"author":"admpu17wp","twitter_card":"summary_large_image","twitter_creator":"@portalurbanook","twitter_site":"@portalurbanook","twitter_misc":{"Escrito por":"admpu17wp","Tiempo de lectura":"2 minutos"},"schema":{"@context":"https:\/\/schema.org","@graph":[{"@type":"Article","@id":"https:\/\/experienciadevida.com.ar\/portalurbano\/nuevas-muestras-en-el-museo-damaso-arce\/#article","isPartOf":{"@id":"https:\/\/experienciadevida.com.ar\/portalurbano\/nuevas-muestras-en-el-museo-damaso-arce\/"},"author":{"name":"admpu17wp","@id":"https:\/\/experienciadevida.com.ar\/portalurbano\/#\/schema\/person\/02dd326b1c4b056e9cc972486934a3a7"},"headline":"Nuevas muestras en el Museo D\u00e1maso Arce","datePublished":"2019-09-09T16:06:05+00:00","dateModified":"2019-09-09T16:06:36+00:00","mainEntityOfPage":{"@id":"https:\/\/experienciadevida.com.ar\/portalurbano\/nuevas-muestras-en-el-museo-damaso-arce\/"},"wordCount":378,"commentCount":0,"publisher":{"@id":"https:\/\/experienciadevida.com.ar\/portalurbano\/#organization"},"articleSection":["Cultura"],"inLanguage":"es","potentialAction":[{"@type":"CommentAction","name":"Comment","target":["https:\/\/experienciadevida.com.ar\/portalurbano\/nuevas-muestras-en-el-museo-damaso-arce\/#respond"]}]},{"@type":"WebPage","@id":"https:\/\/experienciadevida.com.ar\/portalurbano\/nuevas-muestras-en-el-museo-damaso-arce\/","url":"https:\/\/experienciadevida.com.ar\/portalurbano\/nuevas-muestras-en-el-museo-damaso-arce\/","name":"Nuevas muestras en el Museo D\u00e1maso Arce -","isPartOf":{"@id":"https:\/\/experienciadevida.com.ar\/portalurbano\/#website"},"datePublished":"2019-09-09T16:06:05+00:00","dateModified":"2019-09-09T16:06:36+00:00","breadcrumb":{"@id":"https:\/\/experienciadevida.com.ar\/portalurbano\/nuevas-muestras-en-el-museo-damaso-arce\/#breadcrumb"},"inLanguage":"es","potentialAction":[{"@type":"ReadAction","target":["https:\/\/experienciadevida.com.ar\/portalurbano\/nuevas-muestras-en-el-museo-damaso-arce\/"]}]},{"@type":"BreadcrumbList","@id":"https:\/\/experienciadevida.com.ar\/portalurbano\/nuevas-muestras-en-el-museo-damaso-arce\/#breadcrumb","itemListElement":[{"@type":"ListItem","position":1,"name":"Portada","item":"https:\/\/experienciadevida.com.ar\/portalurbano\/"},{"@type":"ListItem","position":2,"name":"Nuevas muestras en el Museo D\u00e1maso Arce"}]},{"@type":"WebSite","@id":"https:\/\/experienciadevida.com.ar\/portalurbano\/#website","url":"https:\/\/experienciadevida.com.ar\/portalurbano\/","name":"","description":"","publisher":{"@id":"https:\/\/experienciadevida.com.ar\/portalurbano\/#organization"},"potentialAction":[{"@type":"SearchAction","target":{"@type":"EntryPoint","urlTemplate":"https:\/\/experienciadevida.com.ar\/portalurbano\/?s={search_term_string}"},"query-input":"required name=search_term_string"}],"inLanguage":"es"},{"@type":"Organization","@id":"https:\/\/experienciadevida.com.ar\/portalurbano\/#organization","name":"Portal Urbano","url":"https:\/\/experienciadevida.com.ar\/portalurbano\/","logo":{"@type":"ImageObject","inLanguage":"es","@id":"https:\/\/experienciadevida.com.ar\/portalurbano\/#\/schema\/logo\/image\/","url":"https:\/\/experienciadevida.com.ar\/portalurbano\/wp-content\/uploads\/2019\/09\/Logo-Original.png","contentUrl":"https:\/\/experienciadevida.com.ar\/portalurbano\/wp-content\/uploads\/2019\/09\/Logo-Original.png","width":2236,"height":1216,"caption":"Portal Urbano"},"image":{"@id":"https:\/\/experienciadevida.com.ar\/portalurbano\/#\/schema\/logo\/image\/"},"sameAs":["https:\/\/www.facebook.com\/Portal-Urbano-171542830093757\/","https:\/\/twitter.com\/portalurbanook","https:\/\/www.instagram.com\/_portalurbano\/","https:\/\/www.youtube.com\/channel\/UCXhagIfszH8KxFiOok79zbA?view_as=subscriber"]},{"@type":"Person","@id":"https:\/\/experienciadevida.com.ar\/portalurbano\/#\/schema\/person\/02dd326b1c4b056e9cc972486934a3a7","name":"admpu17wp","image":{"@type":"ImageObject","inLanguage":"es","@id":"https:\/\/experienciadevida.com.ar\/portalurbano\/#\/schema\/person\/image\/","url":"https:\/\/secure.gravatar.com\/avatar\/830d4c57adaae6630765e449a6908047?s=96&d=mm&r=g","contentUrl":"https:\/\/secure.gravatar.com\/avatar\/830d4c57adaae6630765e449a6908047?s=96&d=mm&r=g","caption":"admpu17wp"}}]}},"featured_image_urls":{"full":["https:\/\/experienciadevida.com.ar\/portalurbano\/wp-content\/uploads\/2019\/09\/MUSEO-1-e1568045113288.jpg",765,912,false],"thumbnail":["https:\/\/experienciadevida.com.ar\/portalurbano\/wp-content\/uploads\/2019\/09\/MUSEO-1-150x150.jpg",150,150,true],"medium":["https:\/\/experienciadevida.com.ar\/portalurbano\/wp-content\/uploads\/2019\/09\/MUSEO-1-252x300.jpg",252,300,true],"medium_large":["https:\/\/experienciadevida.com.ar\/portalurbano\/wp-content\/uploads\/2019\/09\/MUSEO-1-768x915.jpg",640,763,true],"large":["https:\/\/experienciadevida.com.ar\/portalurbano\/wp-content\/uploads\/2019\/09\/MUSEO-1-859x1024.jpg",640,763,true],"ug_big":["https:\/\/experienciadevida.com.ar\/portalurbano\/wp-content\/uploads\/2019\/09\/MUSEO-1-644x768.jpg",644,768,true],"1536x1536":["https:\/\/experienciadevida.com.ar\/portalurbano\/wp-content\/uploads\/2019\/09\/MUSEO-1-e1568045113288.jpg",765,912,false],"2048x2048":["https:\/\/experienciadevida.com.ar\/portalurbano\/wp-content\/uploads\/2019\/09\/MUSEO-1-e1568045113288.jpg",765,912,false],"newsever-slider-full":["https:\/\/experienciadevida.com.ar\/portalurbano\/wp-content\/uploads\/2019\/09\/MUSEO-1-e1568045113288.jpg",709,845,false],"newsever-featured":["https:\/\/experienciadevida.com.ar\/portalurbano\/wp-content\/uploads\/2019\/09\/MUSEO-1-e1568045113288.jpg",765,912,false],"newsever-medium":["https:\/\/experienciadevida.com.ar\/portalurbano\/wp-content\/uploads\/2019\/09\/MUSEO-1-e1568045113288.jpg",398,475,false],"web-stories-poster-portrait":["https:\/\/experienciadevida.com.ar\/portalurbano\/wp-content\/uploads\/2019\/09\/MUSEO-1-e1568045113288.jpg",640,763,false],"web-stories-publisher-logo":["https:\/\/experienciadevida.com.ar\/portalurbano\/wp-content\/uploads\/2019\/09\/MUSEO-1-e1568045113288.jpg",81,96,false],"web-stories-thumbnail":["https:\/\/experienciadevida.com.ar\/portalurbano\/wp-content\/uploads\/2019\/09\/MUSEO-1-e1568045113288.jpg",150,179,false]},"author_info":{"display_name":"admpu17wp","author_link":"https:\/\/experienciadevida.com.ar\/portalurbano\/author\/admpu17wp\/"},"category_info":"<a href=\"https:\/\/experienciadevida.com.ar\/portalurbano\/category\/ciudad\/cultura\/\" rel=\"category tag\">Cultura<\/a>","tag_info":"Cultura","comment_count":"0","amp_enabled":true,"_links":{"self":[{"href":"https:\/\/experienciadevida.com.ar\/portalurbano\/wp-json\/wp\/v2\/posts\/84859"}],"collection":[{"href":"https:\/\/experienciadevida.com.ar\/portalurbano\/wp-json\/wp\/v2\/posts"}],"about":[{"href":"https:\/\/experienciadevida.com.ar\/portalurbano\/wp-json\/wp\/v2\/types\/post"}],"author":[{"embeddable":true,"href":"https:\/\/experienciadevida.com.ar\/portalurbano\/wp-json\/wp\/v2\/users\/1"}],"replies":[{"embeddable":true,"href":"https:\/\/experienciadevida.com.ar\/portalurbano\/wp-json\/wp\/v2\/comments?post=84859"}],"version-history":[{"count":1,"href":"https:\/\/experienciadevida.com.ar\/portalurbano\/wp-json\/wp\/v2\/posts\/84859\/revisions"}],"predecessor-version":[{"id":84862,"href":"https:\/\/experienciadevida.com.ar\/portalurbano\/wp-json\/wp\/v2\/posts\/84859\/revisions\/84862"}],"wp:featuredmedia":[{"embeddable":true,"href":"https:\/\/experienciadevida.com.ar\/portalurbano\/wp-json\/wp\/v2\/media\/84860"}],"wp:attachment":[{"href":"https:\/\/experienciadevida.com.ar\/portalurbano\/wp-json\/wp\/v2\/media?parent=84859"}],"wp:term":[{"taxonomy":"category","embeddable":true,"href":"https:\/\/experienciadevida.com.ar\/portalurbano\/wp-json\/wp\/v2\/categories?post=84859"},{"taxonomy":"post_tag","embeddable":true,"href":"https:\/\/experienciadevida.com.ar\/portalurbano\/wp-json\/wp\/v2\/tags?post=84859"}],"curies":[{"name":"wp","href":"https:\/\/api.w.org\/{rel}","templated":true}]}}