{"id":78014,"date":"2019-07-19T12:06:44","date_gmt":"2019-07-19T15:06:44","guid":{"rendered":"https:\/\/experienciadevida.com.ar\/portalurbano\/?p=78014"},"modified":"2019-07-19T12:06:44","modified_gmt":"2019-07-19T15:06:44","slug":"se-jugo-la-quinta-fecha-del-xx-gran-prix-de-ajedrez-del-centro-de-bs-as","status":"publish","type":"post","link":"https:\/\/experienciadevida.com.ar\/portalurbano\/se-jugo-la-quinta-fecha-del-xx-gran-prix-de-ajedrez-del-centro-de-bs-as\/","title":{"rendered":"Se jug\u00f3 la quinta fecha del XX Gran Prix de Ajedrez del Centro de Bs. As"},"content":{"rendered":"<p>El pasado domingo se disput\u00f3, en la sede del \u201cCentro de Jubilados Saavedra\u201d, la quinta fecha del XX Gran Prix de Ajedrez del Centro de la Provincia de Buenos Aires, en la que se reunieron 177 jugadores provenientes de varias ciudades de la regi\u00f3n.<\/p>\n<p>La organizaci\u00f3n estuvo a cargo de la Escuela de Ajedrez de Saladillo, en tanto que el director del torneo fue el profesor Jorge Novella. El arbitraje corri\u00f3 a cargo del \u00c1rbitro FIDE Ramiro Troilo y \u00e1rbitros adjuntos para cada una de las categor\u00edas: Sub8, Sub10, Sub12, Sub15 y Mayores-Sub18.En esta oportunidad, el torneo recibi\u00f3 el nombre de \u201cRoberto Spinelli\u201d, en honor al jugador y profesor saladillense pionero en la actividad local.<\/p>\n<p>Se disput\u00f3 por sistema suizo a 7 rondas, mientras que el tiempo de reflexi\u00f3n fue de 20 minutos a finish por jugador para todas las categor\u00edas a excepci\u00f3n de Mayores-Sub18, quienes contaron con 15 minutos iniciales m\u00e1s 5 segundos de incremento por movimiento realizado.<\/p>\n<p>En lo que respecta a las actuaciones olavarrienses, se destaca el campeonato obtenido por la sierrabayense Mateo Dietrich en Sub12, el cual acompa\u00f1ado de buenas actuaciones de los jugadores menores de 18 a\u00f1os contribuyeron a que la Escuela lograra el segundo puesto de la etapa.<\/p>\n<p><strong>Posiciones finales:<\/strong><\/p>\n<p>Sub8 (21 jugadores): 1\u00b0 Sof\u00eda Molina Hidalgo de la Escuela Mercantil de Jun\u00edn, y 2\u00b0 Juan Rojas de General La Madrid, ambos con 6, 3\u00b0 Lautaro Damiano de 25 de Mayo, con 5.<\/p>\n<p>Sub10 (27 jugadores): 1\u00b0 Rom\u00e1n Roche de General La Madrid con 6 puntos, 2\u00b0Caetano Serantes de General La Madrid y 3\u00b0 Marcos Mancieri de Bol\u00edvar, ambos con 5 \u00bd.<\/p>\n<p>Sub12 (36 jugadores): 1\u00b0 Mateo Dietrich de la Escuela Municipal de Olavarr\u00eda, con 7 puntos, 2\u00b0 Guillermo Rodr\u00edguez de 25 de Mayo, con 6 y 3\u00b0 Lautaro Mart\u00ednez de 9 de Julio, con 5 \u00bd. Por Olavarr\u00eda finalizaron: 5\u00b0 Morena Gisler con 5, 16\u00b0 Florencia Lamique con 4 y 23\u00b0 Ignacio Sarachu con 3.<\/p>\n<p>Sub15 (23 jugadores): 1\u00b0 Bruno Molfino Ferro de Saladillo, con 6 puntos, 2\u00b0 El\u00edas Bonani de la Escuela Municipal de Jun\u00edn y 3\u00b0 Iv\u00e1n Isla de Laprida, ambos con 5. Por Olavarr\u00eda finalizaron: 4\u00b0 Augusto Ara\u00f1a con 5, 6\u00b0 Agust\u00edn Lamique y 7\u00b0 Tom\u00e1s Carmona, ambos con 4 \u00bd, 14\u00b0 Lionel Manuel con 3\u00bd (en su debut en este tipo de competencias).<\/p>\n<p>Sub18 (18 jugadores) (Compiten con Mayores, clasifican por separado): 1\u00b0 Felipe Flores Freije de Laprida y 2\u00b0 Juan Ignacio Barraza de General La Madrid, ambos con 4 \u00bd, 3\u00b0 Agust\u00edn Galante de Necochea, con 4. Por Olavarr\u00eda<br \/>\nfinalizaron: 11\u00b0 Guadalupe Casasola (Mejor Dama) con 3 puntos y 13\u00b0 Samuel Bajam\u00f3n con 2 \u00bd.<\/p>\n<p>Mayores (52 jugadores): 1\u00b0 Marcos Surgen de General La Madrid y 2\u00b0 Jano Pacho de Bol\u00edvar, ambos con 6 puntos, 3\u00b0 Diego Iborra de Bol\u00edvar, con 5 \u00bd. Por Olavarr\u00eda finalizaron: 6\u00b0 MF Sergio Arambel, con 5 \u00bd, 18\u00b0 Bernardo Costanzo con 4 \u00bd, 21\u00b0 Hugo Fischer y 23\u00b0 Alan Pedreira, ambos con 4, 36\u00b0 Gabriel Iglesias con 3 \u00bd y Araceli Masson con 1 punto.<\/p>\n<p>En la clasificaci\u00f3n por escuelas, la Escuela Municipal de General La Madrid se adjudic\u00f3 la etapa con 142 puntos, escoltada por la Escuela Municipal de Olavarr\u00eda y la Escuela Municipal de Jun\u00edn, ambas con 84 puntos.<\/p>\n<div class=\"mimePartBase\">\n<div class=\"mimePartData\">\n<div class=\"fixed leftAlign\">La pr\u00f3xima fecha, la sexta, se disputar\u00e1 en Azul el domingo 18 de agosto.<\/div>\n<\/div>\n<\/div>\n<div><\/div>\n<div class=\"mimePartBase\"><\/div>\n","protected":false},"excerpt":{"rendered":"<p>El pasado domingo se disput\u00f3, en la sede del \u201cCentro de Jubilados Saavedra\u201d, la quinta&#8230;<\/p>\n","protected":false},"author":1,"featured_media":78015,"comment_status":"open","ping_status":"open","sticky":false,"template":"","format":"standard","meta":{"content-type":""},"categories":[28],"tags":[],"nelio_content":{"isAutoShareEnabled":false,"autoShareEndMode":"default","automationSources":{"useContentSentences":true,"useSocialTemplates":true,"useCustomSentences":false,"customSentences":[]},"followers":[1],"suggestedReferences":[],"includedReferences":[],"efiUrl":"","efiAlt":"","highlights":[]},"yoast_head":"<!-- This site is optimized with the Yoast SEO plugin v20.7 - https:\/\/yoast.com\/wordpress\/plugins\/seo\/ -->\n<title>Se jug\u00f3 la quinta fecha del XX Gran Prix de Ajedrez del Centro de Bs. As -<\/title>\n<meta name=\"robots\" content=\"index, follow, max-snippet:-1, max-image-preview:large, max-video-preview:-1\" \/>\n<link rel=\"canonical\" href=\"https:\/\/experienciadevida.com.ar\/portalurbano\/se-jugo-la-quinta-fecha-del-xx-gran-prix-de-ajedrez-del-centro-de-bs-as\/\" \/>\n<meta property=\"og:locale\" content=\"es_ES\" \/>\n<meta property=\"og:type\" content=\"article\" \/>\n<meta property=\"og:title\" content=\"Se jug\u00f3 la quinta fecha del XX Gran Prix de Ajedrez del Centro de Bs. As -\" \/>\n<meta property=\"og:description\" content=\"El pasado domingo se disput\u00f3, en la sede del \u201cCentro de Jubilados Saavedra\u201d, la quinta...\" \/>\n<meta property=\"og:url\" content=\"https:\/\/experienciadevida.com.ar\/portalurbano\/se-jugo-la-quinta-fecha-del-xx-gran-prix-de-ajedrez-del-centro-de-bs-as\/\" \/>\n<meta property=\"article:publisher\" content=\"https:\/\/www.facebook.com\/Portal-Urbano-171542830093757\/\" \/>\n<meta property=\"article:published_time\" content=\"2019-07-19T15:06:44+00:00\" \/>\n<meta property=\"og:image\" content=\"https:\/\/experienciadevida.com.ar\/portalurbano\/wp-content\/uploads\/2019\/07\/AJEDREZ-2-e1563548780802.jpg\" \/>\n\t<meta property=\"og:image:width\" content=\"765\" \/>\n\t<meta property=\"og:image:height\" content=\"505\" \/>\n\t<meta property=\"og:image:type\" content=\"image\/jpeg\" \/>\n<meta name=\"author\" content=\"admpu17wp\" \/>\n<meta name=\"twitter:card\" content=\"summary_large_image\" \/>\n<meta name=\"twitter:creator\" content=\"@portalurbanook\" \/>\n<meta name=\"twitter:site\" content=\"@portalurbanook\" \/>\n<meta name=\"twitter:label1\" content=\"Escrito por\" \/>\n\t<meta name=\"twitter:data1\" content=\"admpu17wp\" \/>\n\t<meta name=\"twitter:label2\" content=\"Tiempo de lectura\" \/>\n\t<meta name=\"twitter:data2\" content=\"3 minutos\" \/>\n<script type=\"application\/ld+json\" class=\"yoast-schema-graph\">{\"@context\":\"https:\/\/schema.org\",\"@graph\":[{\"@type\":\"Article\",\"@id\":\"https:\/\/experienciadevida.com.ar\/portalurbano\/se-jugo-la-quinta-fecha-del-xx-gran-prix-de-ajedrez-del-centro-de-bs-as\/#article\",\"isPartOf\":{\"@id\":\"https:\/\/experienciadevida.com.ar\/portalurbano\/se-jugo-la-quinta-fecha-del-xx-gran-prix-de-ajedrez-del-centro-de-bs-as\/\"},\"author\":{\"name\":\"admpu17wp\",\"@id\":\"https:\/\/experienciadevida.com.ar\/portalurbano\/#\/schema\/person\/02dd326b1c4b056e9cc972486934a3a7\"},\"headline\":\"Se jug\u00f3 la quinta fecha del XX Gran Prix de Ajedrez del Centro de Bs. As\",\"datePublished\":\"2019-07-19T15:06:44+00:00\",\"dateModified\":\"2019-07-19T15:06:44+00:00\",\"mainEntityOfPage\":{\"@id\":\"https:\/\/experienciadevida.com.ar\/portalurbano\/se-jugo-la-quinta-fecha-del-xx-gran-prix-de-ajedrez-del-centro-de-bs-as\/\"},\"wordCount\":520,\"commentCount\":0,\"publisher\":{\"@id\":\"https:\/\/experienciadevida.com.ar\/portalurbano\/#organization\"},\"articleSection\":[\"Cultura\"],\"inLanguage\":\"es\",\"potentialAction\":[{\"@type\":\"CommentAction\",\"name\":\"Comment\",\"target\":[\"https:\/\/experienciadevida.com.ar\/portalurbano\/se-jugo-la-quinta-fecha-del-xx-gran-prix-de-ajedrez-del-centro-de-bs-as\/#respond\"]}]},{\"@type\":\"WebPage\",\"@id\":\"https:\/\/experienciadevida.com.ar\/portalurbano\/se-jugo-la-quinta-fecha-del-xx-gran-prix-de-ajedrez-del-centro-de-bs-as\/\",\"url\":\"https:\/\/experienciadevida.com.ar\/portalurbano\/se-jugo-la-quinta-fecha-del-xx-gran-prix-de-ajedrez-del-centro-de-bs-as\/\",\"name\":\"Se jug\u00f3 la quinta fecha del XX Gran Prix de Ajedrez del Centro de Bs. As -\",\"isPartOf\":{\"@id\":\"https:\/\/experienciadevida.com.ar\/portalurbano\/#website\"},\"datePublished\":\"2019-07-19T15:06:44+00:00\",\"dateModified\":\"2019-07-19T15:06:44+00:00\",\"breadcrumb\":{\"@id\":\"https:\/\/experienciadevida.com.ar\/portalurbano\/se-jugo-la-quinta-fecha-del-xx-gran-prix-de-ajedrez-del-centro-de-bs-as\/#breadcrumb\"},\"inLanguage\":\"es\",\"potentialAction\":[{\"@type\":\"ReadAction\",\"target\":[\"https:\/\/experienciadevida.com.ar\/portalurbano\/se-jugo-la-quinta-fecha-del-xx-gran-prix-de-ajedrez-del-centro-de-bs-as\/\"]}]},{\"@type\":\"BreadcrumbList\",\"@id\":\"https:\/\/experienciadevida.com.ar\/portalurbano\/se-jugo-la-quinta-fecha-del-xx-gran-prix-de-ajedrez-del-centro-de-bs-as\/#breadcrumb\",\"itemListElement\":[{\"@type\":\"ListItem\",\"position\":1,\"name\":\"Portada\",\"item\":\"https:\/\/experienciadevida.com.ar\/portalurbano\/\"},{\"@type\":\"ListItem\",\"position\":2,\"name\":\"Se jug\u00f3 la quinta fecha del XX Gran Prix de Ajedrez del Centro de Bs. As\"}]},{\"@type\":\"WebSite\",\"@id\":\"https:\/\/experienciadevida.com.ar\/portalurbano\/#website\",\"url\":\"https:\/\/experienciadevida.com.ar\/portalurbano\/\",\"name\":\"\",\"description\":\"\",\"publisher\":{\"@id\":\"https:\/\/experienciadevida.com.ar\/portalurbano\/#organization\"},\"potentialAction\":[{\"@type\":\"SearchAction\",\"target\":{\"@type\":\"EntryPoint\",\"urlTemplate\":\"https:\/\/experienciadevida.com.ar\/portalurbano\/?s={search_term_string}\"},\"query-input\":\"required name=search_term_string\"}],\"inLanguage\":\"es\"},{\"@type\":\"Organization\",\"@id\":\"https:\/\/experienciadevida.com.ar\/portalurbano\/#organization\",\"name\":\"Portal Urbano\",\"url\":\"https:\/\/experienciadevida.com.ar\/portalurbano\/\",\"logo\":{\"@type\":\"ImageObject\",\"inLanguage\":\"es\",\"@id\":\"https:\/\/experienciadevida.com.ar\/portalurbano\/#\/schema\/logo\/image\/\",\"url\":\"https:\/\/experienciadevida.com.ar\/portalurbano\/wp-content\/uploads\/2019\/09\/Logo-Original.png\",\"contentUrl\":\"https:\/\/experienciadevida.com.ar\/portalurbano\/wp-content\/uploads\/2019\/09\/Logo-Original.png\",\"width\":2236,\"height\":1216,\"caption\":\"Portal Urbano\"},\"image\":{\"@id\":\"https:\/\/experienciadevida.com.ar\/portalurbano\/#\/schema\/logo\/image\/\"},\"sameAs\":[\"https:\/\/www.facebook.com\/Portal-Urbano-171542830093757\/\",\"https:\/\/twitter.com\/portalurbanook\",\"https:\/\/www.instagram.com\/_portalurbano\/\",\"https:\/\/www.youtube.com\/channel\/UCXhagIfszH8KxFiOok79zbA?view_as=subscriber\"]},{\"@type\":\"Person\",\"@id\":\"https:\/\/experienciadevida.com.ar\/portalurbano\/#\/schema\/person\/02dd326b1c4b056e9cc972486934a3a7\",\"name\":\"admpu17wp\",\"image\":{\"@type\":\"ImageObject\",\"inLanguage\":\"es\",\"@id\":\"https:\/\/experienciadevida.com.ar\/portalurbano\/#\/schema\/person\/image\/\",\"url\":\"https:\/\/secure.gravatar.com\/avatar\/830d4c57adaae6630765e449a6908047?s=96&d=mm&r=g\",\"contentUrl\":\"https:\/\/secure.gravatar.com\/avatar\/830d4c57adaae6630765e449a6908047?s=96&d=mm&r=g\",\"caption\":\"admpu17wp\"}}]}<\/script>\n<!-- \/ Yoast SEO plugin. -->","yoast_head_json":{"title":"Se jug\u00f3 la quinta fecha del XX Gran Prix de Ajedrez del Centro de Bs. As -","robots":{"index":"index","follow":"follow","max-snippet":"max-snippet:-1","max-image-preview":"max-image-preview:large","max-video-preview":"max-video-preview:-1"},"canonical":"https:\/\/experienciadevida.com.ar\/portalurbano\/se-jugo-la-quinta-fecha-del-xx-gran-prix-de-ajedrez-del-centro-de-bs-as\/","og_locale":"es_ES","og_type":"article","og_title":"Se jug\u00f3 la quinta fecha del XX Gran Prix de Ajedrez del Centro de Bs. As -","og_description":"El pasado domingo se disput\u00f3, en la sede del \u201cCentro de Jubilados Saavedra\u201d, la quinta...","og_url":"https:\/\/experienciadevida.com.ar\/portalurbano\/se-jugo-la-quinta-fecha-del-xx-gran-prix-de-ajedrez-del-centro-de-bs-as\/","article_publisher":"https:\/\/www.facebook.com\/Portal-Urbano-171542830093757\/","article_published_time":"2019-07-19T15:06:44+00:00","og_image":[{"width":765,"height":505,"url":"https:\/\/experienciadevida.com.ar\/portalurbano\/wp-content\/uploads\/2019\/07\/AJEDREZ-2-e1563548780802.jpg","type":"image\/jpeg"}],"author":"admpu17wp","twitter_card":"summary_large_image","twitter_creator":"@portalurbanook","twitter_site":"@portalurbanook","twitter_misc":{"Escrito por":"admpu17wp","Tiempo de lectura":"3 minutos"},"schema":{"@context":"https:\/\/schema.org","@graph":[{"@type":"Article","@id":"https:\/\/experienciadevida.com.ar\/portalurbano\/se-jugo-la-quinta-fecha-del-xx-gran-prix-de-ajedrez-del-centro-de-bs-as\/#article","isPartOf":{"@id":"https:\/\/experienciadevida.com.ar\/portalurbano\/se-jugo-la-quinta-fecha-del-xx-gran-prix-de-ajedrez-del-centro-de-bs-as\/"},"author":{"name":"admpu17wp","@id":"https:\/\/experienciadevida.com.ar\/portalurbano\/#\/schema\/person\/02dd326b1c4b056e9cc972486934a3a7"},"headline":"Se jug\u00f3 la quinta fecha del XX Gran Prix de Ajedrez del Centro de Bs. As","datePublished":"2019-07-19T15:06:44+00:00","dateModified":"2019-07-19T15:06:44+00:00","mainEntityOfPage":{"@id":"https:\/\/experienciadevida.com.ar\/portalurbano\/se-jugo-la-quinta-fecha-del-xx-gran-prix-de-ajedrez-del-centro-de-bs-as\/"},"wordCount":520,"commentCount":0,"publisher":{"@id":"https:\/\/experienciadevida.com.ar\/portalurbano\/#organization"},"articleSection":["Cultura"],"inLanguage":"es","potentialAction":[{"@type":"CommentAction","name":"Comment","target":["https:\/\/experienciadevida.com.ar\/portalurbano\/se-jugo-la-quinta-fecha-del-xx-gran-prix-de-ajedrez-del-centro-de-bs-as\/#respond"]}]},{"@type":"WebPage","@id":"https:\/\/experienciadevida.com.ar\/portalurbano\/se-jugo-la-quinta-fecha-del-xx-gran-prix-de-ajedrez-del-centro-de-bs-as\/","url":"https:\/\/experienciadevida.com.ar\/portalurbano\/se-jugo-la-quinta-fecha-del-xx-gran-prix-de-ajedrez-del-centro-de-bs-as\/","name":"Se jug\u00f3 la quinta fecha del XX Gran Prix de Ajedrez del Centro de Bs. As -","isPartOf":{"@id":"https:\/\/experienciadevida.com.ar\/portalurbano\/#website"},"datePublished":"2019-07-19T15:06:44+00:00","dateModified":"2019-07-19T15:06:44+00:00","breadcrumb":{"@id":"https:\/\/experienciadevida.com.ar\/portalurbano\/se-jugo-la-quinta-fecha-del-xx-gran-prix-de-ajedrez-del-centro-de-bs-as\/#breadcrumb"},"inLanguage":"es","potentialAction":[{"@type":"ReadAction","target":["https:\/\/experienciadevida.com.ar\/portalurbano\/se-jugo-la-quinta-fecha-del-xx-gran-prix-de-ajedrez-del-centro-de-bs-as\/"]}]},{"@type":"BreadcrumbList","@id":"https:\/\/experienciadevida.com.ar\/portalurbano\/se-jugo-la-quinta-fecha-del-xx-gran-prix-de-ajedrez-del-centro-de-bs-as\/#breadcrumb","itemListElement":[{"@type":"ListItem","position":1,"name":"Portada","item":"https:\/\/experienciadevida.com.ar\/portalurbano\/"},{"@type":"ListItem","position":2,"name":"Se jug\u00f3 la quinta fecha del XX Gran Prix de Ajedrez del Centro de Bs. As"}]},{"@type":"WebSite","@id":"https:\/\/experienciadevida.com.ar\/portalurbano\/#website","url":"https:\/\/experienciadevida.com.ar\/portalurbano\/","name":"","description":"","publisher":{"@id":"https:\/\/experienciadevida.com.ar\/portalurbano\/#organization"},"potentialAction":[{"@type":"SearchAction","target":{"@type":"EntryPoint","urlTemplate":"https:\/\/experienciadevida.com.ar\/portalurbano\/?s={search_term_string}"},"query-input":"required name=search_term_string"}],"inLanguage":"es"},{"@type":"Organization","@id":"https:\/\/experienciadevida.com.ar\/portalurbano\/#organization","name":"Portal Urbano","url":"https:\/\/experienciadevida.com.ar\/portalurbano\/","logo":{"@type":"ImageObject","inLanguage":"es","@id":"https:\/\/experienciadevida.com.ar\/portalurbano\/#\/schema\/logo\/image\/","url":"https:\/\/experienciadevida.com.ar\/portalurbano\/wp-content\/uploads\/2019\/09\/Logo-Original.png","contentUrl":"https:\/\/experienciadevida.com.ar\/portalurbano\/wp-content\/uploads\/2019\/09\/Logo-Original.png","width":2236,"height":1216,"caption":"Portal Urbano"},"image":{"@id":"https:\/\/experienciadevida.com.ar\/portalurbano\/#\/schema\/logo\/image\/"},"sameAs":["https:\/\/www.facebook.com\/Portal-Urbano-171542830093757\/","https:\/\/twitter.com\/portalurbanook","https:\/\/www.instagram.com\/_portalurbano\/","https:\/\/www.youtube.com\/channel\/UCXhagIfszH8KxFiOok79zbA?view_as=subscriber"]},{"@type":"Person","@id":"https:\/\/experienciadevida.com.ar\/portalurbano\/#\/schema\/person\/02dd326b1c4b056e9cc972486934a3a7","name":"admpu17wp","image":{"@type":"ImageObject","inLanguage":"es","@id":"https:\/\/experienciadevida.com.ar\/portalurbano\/#\/schema\/person\/image\/","url":"https:\/\/secure.gravatar.com\/avatar\/830d4c57adaae6630765e449a6908047?s=96&d=mm&r=g","contentUrl":"https:\/\/secure.gravatar.com\/avatar\/830d4c57adaae6630765e449a6908047?s=96&d=mm&r=g","caption":"admpu17wp"}}]}},"featured_image_urls":{"full":["https:\/\/experienciadevida.com.ar\/portalurbano\/wp-content\/uploads\/2019\/07\/AJEDREZ-2-e1563548780802.jpg",765,505,false],"thumbnail":["https:\/\/experienciadevida.com.ar\/portalurbano\/wp-content\/uploads\/2019\/07\/AJEDREZ-2-150x150.jpg",150,150,true],"medium":["https:\/\/experienciadevida.com.ar\/portalurbano\/wp-content\/uploads\/2019\/07\/AJEDREZ-2-300x198.jpg",300,198,true],"medium_large":["https:\/\/experienciadevida.com.ar\/portalurbano\/wp-content\/uploads\/2019\/07\/AJEDREZ-2-768x507.jpg",640,423,true],"large":["https:\/\/experienciadevida.com.ar\/portalurbano\/wp-content\/uploads\/2019\/07\/AJEDREZ-2-e1563548780802.jpg",640,422,false],"ug_big":["https:\/\/experienciadevida.com.ar\/portalurbano\/wp-content\/uploads\/2019\/07\/AJEDREZ-2-768x507.jpg",768,507,true],"1536x1536":["https:\/\/experienciadevida.com.ar\/portalurbano\/wp-content\/uploads\/2019\/07\/AJEDREZ-2-e1563548780802.jpg",765,505,false],"2048x2048":["https:\/\/experienciadevida.com.ar\/portalurbano\/wp-content\/uploads\/2019\/07\/AJEDREZ-2-e1563548780802.jpg",765,505,false],"newsever-slider-full":["https:\/\/experienciadevida.com.ar\/portalurbano\/wp-content\/uploads\/2019\/07\/AJEDREZ-2-e1563548780802.jpg",765,505,false],"newsever-featured":["https:\/\/experienciadevida.com.ar\/portalurbano\/wp-content\/uploads\/2019\/07\/AJEDREZ-2-e1563548780802.jpg",765,505,false],"newsever-medium":["https:\/\/experienciadevida.com.ar\/portalurbano\/wp-content\/uploads\/2019\/07\/AJEDREZ-2-e1563548780802.jpg",720,475,false],"web-stories-poster-portrait":["https:\/\/experienciadevida.com.ar\/portalurbano\/wp-content\/uploads\/2019\/07\/AJEDREZ-2-e1563548780802.jpg",640,422,false],"web-stories-publisher-logo":["https:\/\/experienciadevida.com.ar\/portalurbano\/wp-content\/uploads\/2019\/07\/AJEDREZ-2-e1563548780802.jpg",96,63,false],"web-stories-thumbnail":["https:\/\/experienciadevida.com.ar\/portalurbano\/wp-content\/uploads\/2019\/07\/AJEDREZ-2-e1563548780802.jpg",150,99,false]},"author_info":{"display_name":"admpu17wp","author_link":"https:\/\/experienciadevida.com.ar\/portalurbano\/author\/admpu17wp\/"},"category_info":"<a href=\"https:\/\/experienciadevida.com.ar\/portalurbano\/category\/ciudad\/cultura\/\" rel=\"category tag\">Cultura<\/a>","tag_info":"Cultura","comment_count":"0","amp_enabled":true,"_links":{"self":[{"href":"https:\/\/experienciadevida.com.ar\/portalurbano\/wp-json\/wp\/v2\/posts\/78014"}],"collection":[{"href":"https:\/\/experienciadevida.com.ar\/portalurbano\/wp-json\/wp\/v2\/posts"}],"about":[{"href":"https:\/\/experienciadevida.com.ar\/portalurbano\/wp-json\/wp\/v2\/types\/post"}],"author":[{"embeddable":true,"href":"https:\/\/experienciadevida.com.ar\/portalurbano\/wp-json\/wp\/v2\/users\/1"}],"replies":[{"embeddable":true,"href":"https:\/\/experienciadevida.com.ar\/portalurbano\/wp-json\/wp\/v2\/comments?post=78014"}],"version-history":[{"count":1,"href":"https:\/\/experienciadevida.com.ar\/portalurbano\/wp-json\/wp\/v2\/posts\/78014\/revisions"}],"predecessor-version":[{"id":78016,"href":"https:\/\/experienciadevida.com.ar\/portalurbano\/wp-json\/wp\/v2\/posts\/78014\/revisions\/78016"}],"wp:featuredmedia":[{"embeddable":true,"href":"https:\/\/experienciadevida.com.ar\/portalurbano\/wp-json\/wp\/v2\/media\/78015"}],"wp:attachment":[{"href":"https:\/\/experienciadevida.com.ar\/portalurbano\/wp-json\/wp\/v2\/media?parent=78014"}],"wp:term":[{"taxonomy":"category","embeddable":true,"href":"https:\/\/experienciadevida.com.ar\/portalurbano\/wp-json\/wp\/v2\/categories?post=78014"},{"taxonomy":"post_tag","embeddable":true,"href":"https:\/\/experienciadevida.com.ar\/portalurbano\/wp-json\/wp\/v2\/tags?post=78014"}],"curies":[{"name":"wp","href":"https:\/\/api.w.org\/{rel}","templated":true}]}}