{"id":77960,"date":"2019-07-18T22:33:47","date_gmt":"2019-07-19T01:33:47","guid":{"rendered":"https:\/\/experienciadevida.com.ar\/portalurbano\/?p=77960"},"modified":"2019-07-18T22:33:47","modified_gmt":"2019-07-19T01:33:47","slug":"suben-los-medicamentos-y-cierran-las-farmacias","status":"publish","type":"post","link":"https:\/\/experienciadevida.com.ar\/portalurbano\/suben-los-medicamentos-y-cierran-las-farmacias\/","title":{"rendered":"Suben los medicamentos y cierran las farmacias"},"content":{"rendered":"<article id=\"article-post\" class=\"first\">\n<p class=\"interiorCopete\">La ca\u00edda en la venta, durante el pasado mes de junio, fue estimada en un 13,8 por ciento, mientras que en igual per\u00edodo unos 70 locales debieron bajar sus persianas en el pa\u00eds<\/p>\n<div class=\"separator-line\">La <strong>venta de medicamentos cay\u00f3 un 13,8 %<\/strong>\u00a0durante el mes de junio y en el mismo per\u00edodo\u00a0<strong>cerraron m\u00e1s de 70 farmacias<\/strong>, informaron fuentes del sector farmac\u00e9utico, que aseguraron que se trat\u00f3 de la peor ca\u00edda en lo que va del corriente a\u00f1o. En este contexto, el gobierno busca evitar por estos d\u00edas maniobras de lobby que posibiliten nuevas subas de precios.<\/div>\n<div class=\"cuerpo\" data-twitter-link=\"https:\/\/twitter.com\/intent\/tweet?url=https:\/\/www.diariopopular.com.ar\/\/c409813&amp;via=poopulardiario&amp;related=Diario Popular&amp;text=\">\n<div id=\"div-gpt-ad-nota-957288\" class=\"banner-90\" data-mapping=\"mapping9\" data-google-query-id=\"CLvfwM_pv-MCFQNrwQoduRwP_g\">\n<div id=\"google_ads_iframe_\/7581181\/dp_universal_0__container__\"><\/div>\n<\/div>\n<\/div>\n<\/article>\n<article id=\"article-post\">\n<div class=\"cuerpo\" data-twitter-link=\"https:\/\/twitter.com\/intent\/tweet?url=https:\/\/www.diariopopular.com.ar\/\/c409813&amp;via=poopulardiario&amp;related=Diario Popular&amp;text=\">\n<p><span id=\"saysCMSEmphasise16f39vgvpv\" class=\"saysCMSEmphasis\"><mark>Como principal explicaci\u00f3n de la ca\u00edda las fuentes se\u00f1alan la suba del precio de los remedios, que ya acumula un 38 por ciento en el primer semestre del a\u00f1o, bastante por encima del salario m\u00ednimo, vital y m\u00f3vil.<\/mark><\/span><\/p>\n<p>En efecto, el Salario M\u00ednimo Vital y M\u00f3vil (SMV) aument\u00f3 un 6 por ciento durante el mes de junio para ubicarse en los 12.500 pesos, tuvo una suba anterior por el mismo porcentaje en marzo, es decir, s\u00f3lo un 12 por ciento en lo que va del a\u00f1o.<\/p>\n<p>Mientras tanto, los medicamentos\u00a0<strong>sufrieron un aumento del 38%<\/strong>\u00a0en seis meses lo que gener\u00f3 la peor ca\u00edda de las ventas del corriente. &#8220;La ca\u00edda de ventas es preocupante por tres razones. Una primera que tiene que ver con el cierre de farmacias y la precarizaci\u00f3n del trabajo de los farmac\u00e9uticos&#8221;, dijo Marcelo Peretta, titular de SAFyB en di\u00e1logo con este diario.<\/p>\n<p><span id=\"saysCMSEmphasisb5w2tcbhvab\" class=\"saysCMSEmphasis\"><mark>El representante de los farmac\u00e9uticos y bioqu\u00edmicos precis\u00f3 que &#8220;estamos en un total de 380 farmacias cerradas desde 2015, lo que es preocupante porque se sabe que por la demanda inel\u00e1stica de los medicamentos las farmacias no deber\u00edan cerrar&#8221;.<\/mark><\/span><\/p>\n<p>&#8220;En segundo lugar, por un decreto del gobierno bonaerense y de la patronal Colegio de Farmac\u00e9uticos, muchos profesionales de provincia que estaban en relaci\u00f3n de dependencia pasaron a revistar como monotributistas, lo que favorece la precarizaci\u00f3n laboral&#8221;, explic\u00f3 Peretta.<\/p>\n<p>Por otro lado, el dirigente gremial destac\u00f3 que &#8220;hay 15 laboratorios de los m\u00e1s importantes que tienen procedimiento preventivo de crisis, lo que supone un achicamiento del 10 por ciento&#8221;.<\/p>\n<p><span id=\"saysCMSEmphasismdyolwbwwbj\" class=\"saysCMSEmphasis\"><mark>En este contexto de baja en las ventas, Peretta advirti\u00f3 que &#8220;la gente deja de tomar medicamentos recetados, anticonceptivos, antigripales, es decir esto va a terminar afectando la salud de la poblaci\u00f3n&#8221;.<\/mark><\/span><\/p>\n<div id=\"div-gpt-ad-nota-182837\" class=\"banner-90\" data-mapping=\"mapping9\" data-google-query-id=\"CIfhwM_pv-MCFQNrwQoduRwP_g\">\n<div id=\"google_ads_iframe_\/7581181\/dp_universal_1__container__\">Por otra parte, el plan oficial dise\u00f1ado para que el Estado compre medicamentos a los laboratorios con licitaciones unificadas y reduciendo precios en la actualidad se encuentra en riesgo debido a las internas que surgen en la ANMAT\u00a0y el INAME.<\/div>\n<\/div>\n<p>Fuentes de la industria farmac\u00e9utica adelantaron que en las pr\u00f3ximas licitaciones los valores de los medicamentos para jubilados podr\u00edan subir si no prospera la competencia entre los laboratorios.<\/p>\n<p>El Gobierno decidi\u00f3 unificar las compras a trav\u00e9s de una licitaci\u00f3n \u00fanica del PAMI, el Ministerio de Salud y Desarrollo Social de la Naci\u00f3n y la cartera sanitaria bonaerense. El resultado del plan oficial posibilit\u00f3 bajar entre 40% y 70% los valores de los productos oncol\u00f3gicos.<\/p>\n<p>Un ex funcionario kirchnerista que est\u00e1 al frente del Instituto Nacional del Medicamento (INAME), oficina clave en la Administraci\u00f3n Nacional de Medicamentos, Alimentos y Tecnolog\u00eda M\u00e9dica (ANMAT), Jaime Lazovski, es la persona que puede influir en los precios finales.<\/p>\n<p>Laboratoristas y sindicatos enviaron informes al Gobierno nacional para alertar sobre futuras compras de medicamentos y seg\u00fan trascendi\u00f3, el titular del PAMI, Sergio Cassinotti, ya est\u00e1 trabajando para evitar las maniobras del &#8220;lobby&#8221; de un sector de los laboratorios.<\/p>\n<\/div>\n<\/article>\n","protected":false},"excerpt":{"rendered":"<p>La ca\u00edda en la venta, durante el pasado mes de junio, fue estimada en un&#8230;<\/p>\n","protected":false},"author":1,"featured_media":77964,"comment_status":"open","ping_status":"open","sticky":false,"template":"","format":"standard","meta":{"content-type":""},"categories":[39],"tags":[],"nelio_content":{"isAutoShareEnabled":false,"autoShareEndMode":"default","automationSources":{"useContentSentences":true,"useSocialTemplates":true,"useCustomSentences":false,"customSentences":[]},"followers":[1],"suggestedReferences":[],"includedReferences":[],"efiUrl":"","efiAlt":"","highlights":[]},"yoast_head":"<!-- This site is optimized with the Yoast SEO plugin v20.7 - https:\/\/yoast.com\/wordpress\/plugins\/seo\/ -->\n<title>Suben los medicamentos y cierran las farmacias -<\/title>\n<meta name=\"robots\" content=\"index, follow, max-snippet:-1, max-image-preview:large, max-video-preview:-1\" \/>\n<link rel=\"canonical\" href=\"https:\/\/experienciadevida.com.ar\/portalurbano\/suben-los-medicamentos-y-cierran-las-farmacias\/\" \/>\n<meta property=\"og:locale\" content=\"es_ES\" \/>\n<meta property=\"og:type\" content=\"article\" \/>\n<meta property=\"og:title\" content=\"Suben los medicamentos y cierran las farmacias -\" \/>\n<meta property=\"og:description\" content=\"La ca\u00edda en la venta, durante el pasado mes de junio, fue estimada en un...\" \/>\n<meta property=\"og:url\" content=\"https:\/\/experienciadevida.com.ar\/portalurbano\/suben-los-medicamentos-y-cierran-las-farmacias\/\" \/>\n<meta property=\"article:publisher\" content=\"https:\/\/www.facebook.com\/Portal-Urbano-171542830093757\/\" \/>\n<meta property=\"article:published_time\" content=\"2019-07-19T01:33:47+00:00\" \/>\n<meta property=\"og:image\" content=\"https:\/\/experienciadevida.com.ar\/portalurbano\/wp-content\/uploads\/2019\/07\/Medicamentos-e1563499929253.jpg\" \/>\n\t<meta property=\"og:image:width\" content=\"750\" \/>\n\t<meta property=\"og:image:height\" content=\"469\" \/>\n\t<meta property=\"og:image:type\" content=\"image\/jpeg\" \/>\n<meta name=\"author\" content=\"admpu17wp\" \/>\n<meta name=\"twitter:card\" content=\"summary_large_image\" \/>\n<meta name=\"twitter:creator\" content=\"@portalurbanook\" \/>\n<meta name=\"twitter:site\" content=\"@portalurbanook\" \/>\n<meta name=\"twitter:label1\" content=\"Escrito por\" \/>\n\t<meta name=\"twitter:data1\" content=\"admpu17wp\" \/>\n\t<meta name=\"twitter:label2\" content=\"Tiempo de lectura\" \/>\n\t<meta name=\"twitter:data2\" content=\"3 minutos\" \/>\n<script type=\"application\/ld+json\" class=\"yoast-schema-graph\">{\"@context\":\"https:\/\/schema.org\",\"@graph\":[{\"@type\":\"Article\",\"@id\":\"https:\/\/experienciadevida.com.ar\/portalurbano\/suben-los-medicamentos-y-cierran-las-farmacias\/#article\",\"isPartOf\":{\"@id\":\"https:\/\/experienciadevida.com.ar\/portalurbano\/suben-los-medicamentos-y-cierran-las-farmacias\/\"},\"author\":{\"name\":\"admpu17wp\",\"@id\":\"https:\/\/experienciadevida.com.ar\/portalurbano\/#\/schema\/person\/02dd326b1c4b056e9cc972486934a3a7\"},\"headline\":\"Suben los medicamentos y cierran las farmacias\",\"datePublished\":\"2019-07-19T01:33:47+00:00\",\"dateModified\":\"2019-07-19T01:33:47+00:00\",\"mainEntityOfPage\":{\"@id\":\"https:\/\/experienciadevida.com.ar\/portalurbano\/suben-los-medicamentos-y-cierran-las-farmacias\/\"},\"wordCount\":613,\"commentCount\":0,\"publisher\":{\"@id\":\"https:\/\/experienciadevida.com.ar\/portalurbano\/#organization\"},\"articleSection\":[\"Naci\u00f3n\"],\"inLanguage\":\"es\",\"potentialAction\":[{\"@type\":\"CommentAction\",\"name\":\"Comment\",\"target\":[\"https:\/\/experienciadevida.com.ar\/portalurbano\/suben-los-medicamentos-y-cierran-las-farmacias\/#respond\"]}]},{\"@type\":\"WebPage\",\"@id\":\"https:\/\/experienciadevida.com.ar\/portalurbano\/suben-los-medicamentos-y-cierran-las-farmacias\/\",\"url\":\"https:\/\/experienciadevida.com.ar\/portalurbano\/suben-los-medicamentos-y-cierran-las-farmacias\/\",\"name\":\"Suben los medicamentos y cierran las farmacias -\",\"isPartOf\":{\"@id\":\"https:\/\/experienciadevida.com.ar\/portalurbano\/#website\"},\"datePublished\":\"2019-07-19T01:33:47+00:00\",\"dateModified\":\"2019-07-19T01:33:47+00:00\",\"breadcrumb\":{\"@id\":\"https:\/\/experienciadevida.com.ar\/portalurbano\/suben-los-medicamentos-y-cierran-las-farmacias\/#breadcrumb\"},\"inLanguage\":\"es\",\"potentialAction\":[{\"@type\":\"ReadAction\",\"target\":[\"https:\/\/experienciadevida.com.ar\/portalurbano\/suben-los-medicamentos-y-cierran-las-farmacias\/\"]}]},{\"@type\":\"BreadcrumbList\",\"@id\":\"https:\/\/experienciadevida.com.ar\/portalurbano\/suben-los-medicamentos-y-cierran-las-farmacias\/#breadcrumb\",\"itemListElement\":[{\"@type\":\"ListItem\",\"position\":1,\"name\":\"Portada\",\"item\":\"https:\/\/experienciadevida.com.ar\/portalurbano\/\"},{\"@type\":\"ListItem\",\"position\":2,\"name\":\"Suben los medicamentos y cierran las farmacias\"}]},{\"@type\":\"WebSite\",\"@id\":\"https:\/\/experienciadevida.com.ar\/portalurbano\/#website\",\"url\":\"https:\/\/experienciadevida.com.ar\/portalurbano\/\",\"name\":\"\",\"description\":\"\",\"publisher\":{\"@id\":\"https:\/\/experienciadevida.com.ar\/portalurbano\/#organization\"},\"potentialAction\":[{\"@type\":\"SearchAction\",\"target\":{\"@type\":\"EntryPoint\",\"urlTemplate\":\"https:\/\/experienciadevida.com.ar\/portalurbano\/?s={search_term_string}\"},\"query-input\":\"required name=search_term_string\"}],\"inLanguage\":\"es\"},{\"@type\":\"Organization\",\"@id\":\"https:\/\/experienciadevida.com.ar\/portalurbano\/#organization\",\"name\":\"Portal Urbano\",\"url\":\"https:\/\/experienciadevida.com.ar\/portalurbano\/\",\"logo\":{\"@type\":\"ImageObject\",\"inLanguage\":\"es\",\"@id\":\"https:\/\/experienciadevida.com.ar\/portalurbano\/#\/schema\/logo\/image\/\",\"url\":\"https:\/\/experienciadevida.com.ar\/portalurbano\/wp-content\/uploads\/2019\/09\/Logo-Original.png\",\"contentUrl\":\"https:\/\/experienciadevida.com.ar\/portalurbano\/wp-content\/uploads\/2019\/09\/Logo-Original.png\",\"width\":2236,\"height\":1216,\"caption\":\"Portal Urbano\"},\"image\":{\"@id\":\"https:\/\/experienciadevida.com.ar\/portalurbano\/#\/schema\/logo\/image\/\"},\"sameAs\":[\"https:\/\/www.facebook.com\/Portal-Urbano-171542830093757\/\",\"https:\/\/twitter.com\/portalurbanook\",\"https:\/\/www.instagram.com\/_portalurbano\/\",\"https:\/\/www.youtube.com\/channel\/UCXhagIfszH8KxFiOok79zbA?view_as=subscriber\"]},{\"@type\":\"Person\",\"@id\":\"https:\/\/experienciadevida.com.ar\/portalurbano\/#\/schema\/person\/02dd326b1c4b056e9cc972486934a3a7\",\"name\":\"admpu17wp\",\"image\":{\"@type\":\"ImageObject\",\"inLanguage\":\"es\",\"@id\":\"https:\/\/experienciadevida.com.ar\/portalurbano\/#\/schema\/person\/image\/\",\"url\":\"https:\/\/secure.gravatar.com\/avatar\/830d4c57adaae6630765e449a6908047?s=96&d=mm&r=g\",\"contentUrl\":\"https:\/\/secure.gravatar.com\/avatar\/830d4c57adaae6630765e449a6908047?s=96&d=mm&r=g\",\"caption\":\"admpu17wp\"}}]}<\/script>\n<!-- \/ Yoast SEO plugin. -->","yoast_head_json":{"title":"Suben los medicamentos y cierran las farmacias -","robots":{"index":"index","follow":"follow","max-snippet":"max-snippet:-1","max-image-preview":"max-image-preview:large","max-video-preview":"max-video-preview:-1"},"canonical":"https:\/\/experienciadevida.com.ar\/portalurbano\/suben-los-medicamentos-y-cierran-las-farmacias\/","og_locale":"es_ES","og_type":"article","og_title":"Suben los medicamentos y cierran las farmacias -","og_description":"La ca\u00edda en la venta, durante el pasado mes de junio, fue estimada en un...","og_url":"https:\/\/experienciadevida.com.ar\/portalurbano\/suben-los-medicamentos-y-cierran-las-farmacias\/","article_publisher":"https:\/\/www.facebook.com\/Portal-Urbano-171542830093757\/","article_published_time":"2019-07-19T01:33:47+00:00","og_image":[{"width":750,"height":469,"url":"https:\/\/experienciadevida.com.ar\/portalurbano\/wp-content\/uploads\/2019\/07\/Medicamentos-e1563499929253.jpg","type":"image\/jpeg"}],"author":"admpu17wp","twitter_card":"summary_large_image","twitter_creator":"@portalurbanook","twitter_site":"@portalurbanook","twitter_misc":{"Escrito por":"admpu17wp","Tiempo de lectura":"3 minutos"},"schema":{"@context":"https:\/\/schema.org","@graph":[{"@type":"Article","@id":"https:\/\/experienciadevida.com.ar\/portalurbano\/suben-los-medicamentos-y-cierran-las-farmacias\/#article","isPartOf":{"@id":"https:\/\/experienciadevida.com.ar\/portalurbano\/suben-los-medicamentos-y-cierran-las-farmacias\/"},"author":{"name":"admpu17wp","@id":"https:\/\/experienciadevida.com.ar\/portalurbano\/#\/schema\/person\/02dd326b1c4b056e9cc972486934a3a7"},"headline":"Suben los medicamentos y cierran las farmacias","datePublished":"2019-07-19T01:33:47+00:00","dateModified":"2019-07-19T01:33:47+00:00","mainEntityOfPage":{"@id":"https:\/\/experienciadevida.com.ar\/portalurbano\/suben-los-medicamentos-y-cierran-las-farmacias\/"},"wordCount":613,"commentCount":0,"publisher":{"@id":"https:\/\/experienciadevida.com.ar\/portalurbano\/#organization"},"articleSection":["Naci\u00f3n"],"inLanguage":"es","potentialAction":[{"@type":"CommentAction","name":"Comment","target":["https:\/\/experienciadevida.com.ar\/portalurbano\/suben-los-medicamentos-y-cierran-las-farmacias\/#respond"]}]},{"@type":"WebPage","@id":"https:\/\/experienciadevida.com.ar\/portalurbano\/suben-los-medicamentos-y-cierran-las-farmacias\/","url":"https:\/\/experienciadevida.com.ar\/portalurbano\/suben-los-medicamentos-y-cierran-las-farmacias\/","name":"Suben los medicamentos y cierran las farmacias -","isPartOf":{"@id":"https:\/\/experienciadevida.com.ar\/portalurbano\/#website"},"datePublished":"2019-07-19T01:33:47+00:00","dateModified":"2019-07-19T01:33:47+00:00","breadcrumb":{"@id":"https:\/\/experienciadevida.com.ar\/portalurbano\/suben-los-medicamentos-y-cierran-las-farmacias\/#breadcrumb"},"inLanguage":"es","potentialAction":[{"@type":"ReadAction","target":["https:\/\/experienciadevida.com.ar\/portalurbano\/suben-los-medicamentos-y-cierran-las-farmacias\/"]}]},{"@type":"BreadcrumbList","@id":"https:\/\/experienciadevida.com.ar\/portalurbano\/suben-los-medicamentos-y-cierran-las-farmacias\/#breadcrumb","itemListElement":[{"@type":"ListItem","position":1,"name":"Portada","item":"https:\/\/experienciadevida.com.ar\/portalurbano\/"},{"@type":"ListItem","position":2,"name":"Suben los medicamentos y cierran las farmacias"}]},{"@type":"WebSite","@id":"https:\/\/experienciadevida.com.ar\/portalurbano\/#website","url":"https:\/\/experienciadevida.com.ar\/portalurbano\/","name":"","description":"","publisher":{"@id":"https:\/\/experienciadevida.com.ar\/portalurbano\/#organization"},"potentialAction":[{"@type":"SearchAction","target":{"@type":"EntryPoint","urlTemplate":"https:\/\/experienciadevida.com.ar\/portalurbano\/?s={search_term_string}"},"query-input":"required name=search_term_string"}],"inLanguage":"es"},{"@type":"Organization","@id":"https:\/\/experienciadevida.com.ar\/portalurbano\/#organization","name":"Portal Urbano","url":"https:\/\/experienciadevida.com.ar\/portalurbano\/","logo":{"@type":"ImageObject","inLanguage":"es","@id":"https:\/\/experienciadevida.com.ar\/portalurbano\/#\/schema\/logo\/image\/","url":"https:\/\/experienciadevida.com.ar\/portalurbano\/wp-content\/uploads\/2019\/09\/Logo-Original.png","contentUrl":"https:\/\/experienciadevida.com.ar\/portalurbano\/wp-content\/uploads\/2019\/09\/Logo-Original.png","width":2236,"height":1216,"caption":"Portal Urbano"},"image":{"@id":"https:\/\/experienciadevida.com.ar\/portalurbano\/#\/schema\/logo\/image\/"},"sameAs":["https:\/\/www.facebook.com\/Portal-Urbano-171542830093757\/","https:\/\/twitter.com\/portalurbanook","https:\/\/www.instagram.com\/_portalurbano\/","https:\/\/www.youtube.com\/channel\/UCXhagIfszH8KxFiOok79zbA?view_as=subscriber"]},{"@type":"Person","@id":"https:\/\/experienciadevida.com.ar\/portalurbano\/#\/schema\/person\/02dd326b1c4b056e9cc972486934a3a7","name":"admpu17wp","image":{"@type":"ImageObject","inLanguage":"es","@id":"https:\/\/experienciadevida.com.ar\/portalurbano\/#\/schema\/person\/image\/","url":"https:\/\/secure.gravatar.com\/avatar\/830d4c57adaae6630765e449a6908047?s=96&d=mm&r=g","contentUrl":"https:\/\/secure.gravatar.com\/avatar\/830d4c57adaae6630765e449a6908047?s=96&d=mm&r=g","caption":"admpu17wp"}}]}},"featured_image_urls":{"full":["https:\/\/experienciadevida.com.ar\/portalurbano\/wp-content\/uploads\/2019\/07\/Medicamentos-e1563499929253.jpg",750,469,false],"thumbnail":["https:\/\/experienciadevida.com.ar\/portalurbano\/wp-content\/uploads\/2019\/07\/Medicamentos-150x150.jpg",150,150,true],"medium":["https:\/\/experienciadevida.com.ar\/portalurbano\/wp-content\/uploads\/2019\/07\/Medicamentos-300x188.jpg",300,188,true],"medium_large":["https:\/\/experienciadevida.com.ar\/portalurbano\/wp-content\/uploads\/2019\/07\/Medicamentos-768x480.jpg",640,400,true],"large":["https:\/\/experienciadevida.com.ar\/portalurbano\/wp-content\/uploads\/2019\/07\/Medicamentos-1024x640.jpg",640,400,true],"ug_big":["https:\/\/experienciadevida.com.ar\/portalurbano\/wp-content\/uploads\/2019\/07\/Medicamentos-768x480.jpg",768,480,true],"1536x1536":["https:\/\/experienciadevida.com.ar\/portalurbano\/wp-content\/uploads\/2019\/07\/Medicamentos-e1563499929253.jpg",750,469,false],"2048x2048":["https:\/\/experienciadevida.com.ar\/portalurbano\/wp-content\/uploads\/2019\/07\/Medicamentos-e1563499929253.jpg",750,469,false],"newsever-slider-full":["https:\/\/experienciadevida.com.ar\/portalurbano\/wp-content\/uploads\/2019\/07\/Medicamentos-e1563499929253.jpg",750,469,false],"newsever-featured":["https:\/\/experienciadevida.com.ar\/portalurbano\/wp-content\/uploads\/2019\/07\/Medicamentos-e1563499929253.jpg",750,469,false],"newsever-medium":["https:\/\/experienciadevida.com.ar\/portalurbano\/wp-content\/uploads\/2019\/07\/Medicamentos-e1563499929253.jpg",720,450,false],"web-stories-poster-portrait":["https:\/\/experienciadevida.com.ar\/portalurbano\/wp-content\/uploads\/2019\/07\/Medicamentos-e1563499929253.jpg",640,400,false],"web-stories-publisher-logo":["https:\/\/experienciadevida.com.ar\/portalurbano\/wp-content\/uploads\/2019\/07\/Medicamentos-e1563499929253.jpg",96,60,false],"web-stories-thumbnail":["https:\/\/experienciadevida.com.ar\/portalurbano\/wp-content\/uploads\/2019\/07\/Medicamentos-e1563499929253.jpg",150,94,false]},"author_info":{"display_name":"admpu17wp","author_link":"https:\/\/experienciadevida.com.ar\/portalurbano\/author\/admpu17wp\/"},"category_info":"<a href=\"https:\/\/experienciadevida.com.ar\/portalurbano\/category\/nacion\/\" rel=\"category tag\">Naci\u00f3n<\/a>","tag_info":"Naci\u00f3n","comment_count":"0","amp_enabled":true,"_links":{"self":[{"href":"https:\/\/experienciadevida.com.ar\/portalurbano\/wp-json\/wp\/v2\/posts\/77960"}],"collection":[{"href":"https:\/\/experienciadevida.com.ar\/portalurbano\/wp-json\/wp\/v2\/posts"}],"about":[{"href":"https:\/\/experienciadevida.com.ar\/portalurbano\/wp-json\/wp\/v2\/types\/post"}],"author":[{"embeddable":true,"href":"https:\/\/experienciadevida.com.ar\/portalurbano\/wp-json\/wp\/v2\/users\/1"}],"replies":[{"embeddable":true,"href":"https:\/\/experienciadevida.com.ar\/portalurbano\/wp-json\/wp\/v2\/comments?post=77960"}],"version-history":[{"count":1,"href":"https:\/\/experienciadevida.com.ar\/portalurbano\/wp-json\/wp\/v2\/posts\/77960\/revisions"}],"predecessor-version":[{"id":77965,"href":"https:\/\/experienciadevida.com.ar\/portalurbano\/wp-json\/wp\/v2\/posts\/77960\/revisions\/77965"}],"wp:featuredmedia":[{"embeddable":true,"href":"https:\/\/experienciadevida.com.ar\/portalurbano\/wp-json\/wp\/v2\/media\/77964"}],"wp:attachment":[{"href":"https:\/\/experienciadevida.com.ar\/portalurbano\/wp-json\/wp\/v2\/media?parent=77960"}],"wp:term":[{"taxonomy":"category","embeddable":true,"href":"https:\/\/experienciadevida.com.ar\/portalurbano\/wp-json\/wp\/v2\/categories?post=77960"},{"taxonomy":"post_tag","embeddable":true,"href":"https:\/\/experienciadevida.com.ar\/portalurbano\/wp-json\/wp\/v2\/tags?post=77960"}],"curies":[{"name":"wp","href":"https:\/\/api.w.org\/{rel}","templated":true}]}}