{"id":77840,"date":"2019-07-18T07:16:09","date_gmt":"2019-07-18T10:16:09","guid":{"rendered":"https:\/\/experienciadevida.com.ar\/portalurbano\/?p=77840"},"modified":"2019-07-18T07:16:09","modified_gmt":"2019-07-18T10:16:09","slug":"25-anos-del-atentado-a-la-amia-el-gobierno-decreto-duelo-nacional-para-hoy-18-de-julio","status":"publish","type":"post","link":"https:\/\/experienciadevida.com.ar\/portalurbano\/25-anos-del-atentado-a-la-amia-el-gobierno-decreto-duelo-nacional-para-hoy-18-de-julio\/","title":{"rendered":"25 a\u00f1os del atentado a la AMIA: el Gobierno decret\u00f3 &#8220;duelo nacional&#8221; para hoy 18 de julio"},"content":{"rendered":"<article id=\"article-post\" class=\"first\">\n<p class=\"interiorCopete\"><strong>El decreto, publicado hoy en el Bolet\u00edn Oficial, consider\u00f3 &#8220;la profunda afecci\u00f3n generada al pueblo argentino&#8221;<\/strong><\/p>\n<\/article>\n<hr \/>\n<article id=\"article-post\" class=\"first\">\n<div class=\"separator-line\">El Gobierno decret\u00f3 ayer &#8220;<strong>duelo nacional<\/strong>&#8221; para hoy por el aniversario n\u00famero 25 del atentado a la AMIA\u00a0y reclam\u00f3 a Ir\u00e1n que &#8220;coopere en la investigaci\u00f3n de los hechos y el juzgamiento de sus responsables&#8221;.<\/div>\n<\/article>\n<article id=\"article-post\">\n<div class=\"cuerpo\" data-twitter-link=\"https:\/\/twitter.com\/intent\/tweet?url=https:\/\/www.diariopopular.com.ar\/\/c409338&amp;via=poopulardiario&amp;related=Diario Popular&amp;text=\">\n<p>A trav\u00e9s del Decreto 487\/2019, publicado ayer mi\u00e9rcoles en el Bolet\u00edn Oficial, el Poder Ejecutivo record\u00f3 que el ataque terrorista contra la mutual jud\u00eda &#8220;<strong>ocasion\u00f3 dolorosas e irreversibles consecuencias a los argentinos<\/strong>&#8220;.<\/p>\n<p>&#8220;La magnitud de tan criminal suceso, que costara la irreparable p\u00e9rdida de valiosas e irremplazables personas, ha dejado en la sociedad argentina\u00a0<strong>marcados sentimientos de repudio y dolor<\/strong>&#8220;, advirti\u00f3 la Casa Rosada.<\/p>\n<p>Ante &#8220;la profunda afecci\u00f3n generada al pueblo argentino&#8221;, el Gobierno declar\u00f3 &#8220;D\u00eda de Duelo Nacional el 18 de julio de 2019, como homenaje a todas las v\u00edctimas de tal repudiable hecho&#8221;.<\/p>\n<p>Asimismo, el texto, que lleva la firma del presidente Mauricio Macri, anticip\u00f3 que el mandatario &#8220;<strong>har\u00e1 menci\u00f3n destacada de la conmemoraci\u00f3n<\/strong>\u00a0del referido atentado terrorista en oportunidad de pronunciarse el discurso ante la Asamblea General de las Naciones Unidas&#8221; en septiembre pr\u00f3ximo.<\/p>\n<p>&#8220;Se reiterar\u00e1 el pedido dirigido a la Rep\u00fablica Isl\u00e1mica de Ir\u00e1n para que coopere en la investigaci\u00f3n de los hechos y el juzgamiento de sus responsables con las autoridades judiciales argentinas&#8221;, a\u00f1adi\u00f3 el decreto.<\/p>\n<\/div>\n<\/article>\n","protected":false},"excerpt":{"rendered":"<p>El decreto, publicado hoy en el Bolet\u00edn Oficial, consider\u00f3 &#8220;la profunda afecci\u00f3n generada al pueblo&#8230;<\/p>\n","protected":false},"author":1,"featured_media":77841,"comment_status":"open","ping_status":"open","sticky":false,"template":"","format":"standard","meta":{"content-type":""},"categories":[39],"tags":[],"nelio_content":{"isAutoShareEnabled":false,"autoShareEndMode":"default","automationSources":{"useContentSentences":true,"useSocialTemplates":true,"useCustomSentences":false,"customSentences":[]},"followers":[1],"suggestedReferences":[],"includedReferences":[],"efiUrl":"","efiAlt":"","highlights":[]},"yoast_head":"<!-- This site is optimized with the Yoast SEO plugin v20.7 - https:\/\/yoast.com\/wordpress\/plugins\/seo\/ -->\n<title>25 a\u00f1os del atentado a la AMIA: el Gobierno decret\u00f3 &quot;duelo nacional&quot; para hoy 18 de julio -<\/title>\n<meta name=\"robots\" content=\"index, follow, max-snippet:-1, max-image-preview:large, max-video-preview:-1\" \/>\n<link rel=\"canonical\" href=\"https:\/\/experienciadevida.com.ar\/portalurbano\/25-anos-del-atentado-a-la-amia-el-gobierno-decreto-duelo-nacional-para-hoy-18-de-julio\/\" \/>\n<meta property=\"og:locale\" content=\"es_ES\" \/>\n<meta property=\"og:type\" content=\"article\" \/>\n<meta property=\"og:title\" content=\"25 a\u00f1os del atentado a la AMIA: el Gobierno decret\u00f3 &quot;duelo nacional&quot; para hoy 18 de julio -\" \/>\n<meta property=\"og:description\" content=\"El decreto, publicado hoy en el Bolet\u00edn Oficial, consider\u00f3 &#8220;la profunda afecci\u00f3n generada al pueblo...\" \/>\n<meta property=\"og:url\" content=\"https:\/\/experienciadevida.com.ar\/portalurbano\/25-anos-del-atentado-a-la-amia-el-gobierno-decreto-duelo-nacional-para-hoy-18-de-julio\/\" \/>\n<meta property=\"article:publisher\" content=\"https:\/\/www.facebook.com\/Portal-Urbano-171542830093757\/\" \/>\n<meta property=\"article:published_time\" content=\"2019-07-18T10:16:09+00:00\" \/>\n<meta property=\"og:image\" content=\"https:\/\/experienciadevida.com.ar\/portalurbano\/wp-content\/uploads\/2019\/07\/AMIA-e1563444869906.jpg\" \/>\n\t<meta property=\"og:image:width\" content=\"750\" \/>\n\t<meta property=\"og:image:height\" content=\"476\" \/>\n\t<meta property=\"og:image:type\" content=\"image\/jpeg\" \/>\n<meta name=\"author\" content=\"admpu17wp\" \/>\n<meta name=\"twitter:card\" content=\"summary_large_image\" \/>\n<meta name=\"twitter:creator\" content=\"@portalurbanook\" \/>\n<meta name=\"twitter:site\" content=\"@portalurbanook\" \/>\n<meta name=\"twitter:label1\" content=\"Escrito por\" \/>\n\t<meta name=\"twitter:data1\" content=\"admpu17wp\" \/>\n\t<meta name=\"twitter:label2\" content=\"Tiempo de lectura\" \/>\n\t<meta name=\"twitter:data2\" content=\"1 minuto\" \/>\n<script type=\"application\/ld+json\" class=\"yoast-schema-graph\">{\"@context\":\"https:\/\/schema.org\",\"@graph\":[{\"@type\":\"Article\",\"@id\":\"https:\/\/experienciadevida.com.ar\/portalurbano\/25-anos-del-atentado-a-la-amia-el-gobierno-decreto-duelo-nacional-para-hoy-18-de-julio\/#article\",\"isPartOf\":{\"@id\":\"https:\/\/experienciadevida.com.ar\/portalurbano\/25-anos-del-atentado-a-la-amia-el-gobierno-decreto-duelo-nacional-para-hoy-18-de-julio\/\"},\"author\":{\"name\":\"admpu17wp\",\"@id\":\"https:\/\/experienciadevida.com.ar\/portalurbano\/#\/schema\/person\/02dd326b1c4b056e9cc972486934a3a7\"},\"headline\":\"25 a\u00f1os del atentado a la AMIA: el Gobierno decret\u00f3 &#8220;duelo nacional&#8221; para hoy 18 de julio\",\"datePublished\":\"2019-07-18T10:16:09+00:00\",\"dateModified\":\"2019-07-18T10:16:09+00:00\",\"mainEntityOfPage\":{\"@id\":\"https:\/\/experienciadevida.com.ar\/portalurbano\/25-anos-del-atentado-a-la-amia-el-gobierno-decreto-duelo-nacional-para-hoy-18-de-julio\/\"},\"wordCount\":256,\"commentCount\":0,\"publisher\":{\"@id\":\"https:\/\/experienciadevida.com.ar\/portalurbano\/#organization\"},\"articleSection\":[\"Naci\u00f3n\"],\"inLanguage\":\"es\",\"potentialAction\":[{\"@type\":\"CommentAction\",\"name\":\"Comment\",\"target\":[\"https:\/\/experienciadevida.com.ar\/portalurbano\/25-anos-del-atentado-a-la-amia-el-gobierno-decreto-duelo-nacional-para-hoy-18-de-julio\/#respond\"]}]},{\"@type\":\"WebPage\",\"@id\":\"https:\/\/experienciadevida.com.ar\/portalurbano\/25-anos-del-atentado-a-la-amia-el-gobierno-decreto-duelo-nacional-para-hoy-18-de-julio\/\",\"url\":\"https:\/\/experienciadevida.com.ar\/portalurbano\/25-anos-del-atentado-a-la-amia-el-gobierno-decreto-duelo-nacional-para-hoy-18-de-julio\/\",\"name\":\"25 a\u00f1os del atentado a la AMIA: el Gobierno decret\u00f3 \\\"duelo nacional\\\" para hoy 18 de julio -\",\"isPartOf\":{\"@id\":\"https:\/\/experienciadevida.com.ar\/portalurbano\/#website\"},\"datePublished\":\"2019-07-18T10:16:09+00:00\",\"dateModified\":\"2019-07-18T10:16:09+00:00\",\"breadcrumb\":{\"@id\":\"https:\/\/experienciadevida.com.ar\/portalurbano\/25-anos-del-atentado-a-la-amia-el-gobierno-decreto-duelo-nacional-para-hoy-18-de-julio\/#breadcrumb\"},\"inLanguage\":\"es\",\"potentialAction\":[{\"@type\":\"ReadAction\",\"target\":[\"https:\/\/experienciadevida.com.ar\/portalurbano\/25-anos-del-atentado-a-la-amia-el-gobierno-decreto-duelo-nacional-para-hoy-18-de-julio\/\"]}]},{\"@type\":\"BreadcrumbList\",\"@id\":\"https:\/\/experienciadevida.com.ar\/portalurbano\/25-anos-del-atentado-a-la-amia-el-gobierno-decreto-duelo-nacional-para-hoy-18-de-julio\/#breadcrumb\",\"itemListElement\":[{\"@type\":\"ListItem\",\"position\":1,\"name\":\"Portada\",\"item\":\"https:\/\/experienciadevida.com.ar\/portalurbano\/\"},{\"@type\":\"ListItem\",\"position\":2,\"name\":\"25 a\u00f1os del atentado a la AMIA: el Gobierno decret\u00f3 \u00abduelo nacional\u00bb para hoy 18 de julio\"}]},{\"@type\":\"WebSite\",\"@id\":\"https:\/\/experienciadevida.com.ar\/portalurbano\/#website\",\"url\":\"https:\/\/experienciadevida.com.ar\/portalurbano\/\",\"name\":\"\",\"description\":\"\",\"publisher\":{\"@id\":\"https:\/\/experienciadevida.com.ar\/portalurbano\/#organization\"},\"potentialAction\":[{\"@type\":\"SearchAction\",\"target\":{\"@type\":\"EntryPoint\",\"urlTemplate\":\"https:\/\/experienciadevida.com.ar\/portalurbano\/?s={search_term_string}\"},\"query-input\":\"required name=search_term_string\"}],\"inLanguage\":\"es\"},{\"@type\":\"Organization\",\"@id\":\"https:\/\/experienciadevida.com.ar\/portalurbano\/#organization\",\"name\":\"Portal Urbano\",\"url\":\"https:\/\/experienciadevida.com.ar\/portalurbano\/\",\"logo\":{\"@type\":\"ImageObject\",\"inLanguage\":\"es\",\"@id\":\"https:\/\/experienciadevida.com.ar\/portalurbano\/#\/schema\/logo\/image\/\",\"url\":\"https:\/\/experienciadevida.com.ar\/portalurbano\/wp-content\/uploads\/2019\/09\/Logo-Original.png\",\"contentUrl\":\"https:\/\/experienciadevida.com.ar\/portalurbano\/wp-content\/uploads\/2019\/09\/Logo-Original.png\",\"width\":2236,\"height\":1216,\"caption\":\"Portal Urbano\"},\"image\":{\"@id\":\"https:\/\/experienciadevida.com.ar\/portalurbano\/#\/schema\/logo\/image\/\"},\"sameAs\":[\"https:\/\/www.facebook.com\/Portal-Urbano-171542830093757\/\",\"https:\/\/twitter.com\/portalurbanook\",\"https:\/\/www.instagram.com\/_portalurbano\/\",\"https:\/\/www.youtube.com\/channel\/UCXhagIfszH8KxFiOok79zbA?view_as=subscriber\"]},{\"@type\":\"Person\",\"@id\":\"https:\/\/experienciadevida.com.ar\/portalurbano\/#\/schema\/person\/02dd326b1c4b056e9cc972486934a3a7\",\"name\":\"admpu17wp\",\"image\":{\"@type\":\"ImageObject\",\"inLanguage\":\"es\",\"@id\":\"https:\/\/experienciadevida.com.ar\/portalurbano\/#\/schema\/person\/image\/\",\"url\":\"https:\/\/secure.gravatar.com\/avatar\/830d4c57adaae6630765e449a6908047?s=96&d=mm&r=g\",\"contentUrl\":\"https:\/\/secure.gravatar.com\/avatar\/830d4c57adaae6630765e449a6908047?s=96&d=mm&r=g\",\"caption\":\"admpu17wp\"}}]}<\/script>\n<!-- \/ Yoast SEO plugin. -->","yoast_head_json":{"title":"25 a\u00f1os del atentado a la AMIA: el Gobierno decret\u00f3 \"duelo nacional\" para hoy 18 de julio -","robots":{"index":"index","follow":"follow","max-snippet":"max-snippet:-1","max-image-preview":"max-image-preview:large","max-video-preview":"max-video-preview:-1"},"canonical":"https:\/\/experienciadevida.com.ar\/portalurbano\/25-anos-del-atentado-a-la-amia-el-gobierno-decreto-duelo-nacional-para-hoy-18-de-julio\/","og_locale":"es_ES","og_type":"article","og_title":"25 a\u00f1os del atentado a la AMIA: el Gobierno decret\u00f3 \"duelo nacional\" para hoy 18 de julio -","og_description":"El decreto, publicado hoy en el Bolet\u00edn Oficial, consider\u00f3 &#8220;la profunda afecci\u00f3n generada al pueblo...","og_url":"https:\/\/experienciadevida.com.ar\/portalurbano\/25-anos-del-atentado-a-la-amia-el-gobierno-decreto-duelo-nacional-para-hoy-18-de-julio\/","article_publisher":"https:\/\/www.facebook.com\/Portal-Urbano-171542830093757\/","article_published_time":"2019-07-18T10:16:09+00:00","og_image":[{"width":750,"height":476,"url":"https:\/\/experienciadevida.com.ar\/portalurbano\/wp-content\/uploads\/2019\/07\/AMIA-e1563444869906.jpg","type":"image\/jpeg"}],"author":"admpu17wp","twitter_card":"summary_large_image","twitter_creator":"@portalurbanook","twitter_site":"@portalurbanook","twitter_misc":{"Escrito por":"admpu17wp","Tiempo de lectura":"1 minuto"},"schema":{"@context":"https:\/\/schema.org","@graph":[{"@type":"Article","@id":"https:\/\/experienciadevida.com.ar\/portalurbano\/25-anos-del-atentado-a-la-amia-el-gobierno-decreto-duelo-nacional-para-hoy-18-de-julio\/#article","isPartOf":{"@id":"https:\/\/experienciadevida.com.ar\/portalurbano\/25-anos-del-atentado-a-la-amia-el-gobierno-decreto-duelo-nacional-para-hoy-18-de-julio\/"},"author":{"name":"admpu17wp","@id":"https:\/\/experienciadevida.com.ar\/portalurbano\/#\/schema\/person\/02dd326b1c4b056e9cc972486934a3a7"},"headline":"25 a\u00f1os del atentado a la AMIA: el Gobierno decret\u00f3 &#8220;duelo nacional&#8221; para hoy 18 de julio","datePublished":"2019-07-18T10:16:09+00:00","dateModified":"2019-07-18T10:16:09+00:00","mainEntityOfPage":{"@id":"https:\/\/experienciadevida.com.ar\/portalurbano\/25-anos-del-atentado-a-la-amia-el-gobierno-decreto-duelo-nacional-para-hoy-18-de-julio\/"},"wordCount":256,"commentCount":0,"publisher":{"@id":"https:\/\/experienciadevida.com.ar\/portalurbano\/#organization"},"articleSection":["Naci\u00f3n"],"inLanguage":"es","potentialAction":[{"@type":"CommentAction","name":"Comment","target":["https:\/\/experienciadevida.com.ar\/portalurbano\/25-anos-del-atentado-a-la-amia-el-gobierno-decreto-duelo-nacional-para-hoy-18-de-julio\/#respond"]}]},{"@type":"WebPage","@id":"https:\/\/experienciadevida.com.ar\/portalurbano\/25-anos-del-atentado-a-la-amia-el-gobierno-decreto-duelo-nacional-para-hoy-18-de-julio\/","url":"https:\/\/experienciadevida.com.ar\/portalurbano\/25-anos-del-atentado-a-la-amia-el-gobierno-decreto-duelo-nacional-para-hoy-18-de-julio\/","name":"25 a\u00f1os del atentado a la AMIA: el Gobierno decret\u00f3 \"duelo nacional\" para hoy 18 de julio -","isPartOf":{"@id":"https:\/\/experienciadevida.com.ar\/portalurbano\/#website"},"datePublished":"2019-07-18T10:16:09+00:00","dateModified":"2019-07-18T10:16:09+00:00","breadcrumb":{"@id":"https:\/\/experienciadevida.com.ar\/portalurbano\/25-anos-del-atentado-a-la-amia-el-gobierno-decreto-duelo-nacional-para-hoy-18-de-julio\/#breadcrumb"},"inLanguage":"es","potentialAction":[{"@type":"ReadAction","target":["https:\/\/experienciadevida.com.ar\/portalurbano\/25-anos-del-atentado-a-la-amia-el-gobierno-decreto-duelo-nacional-para-hoy-18-de-julio\/"]}]},{"@type":"BreadcrumbList","@id":"https:\/\/experienciadevida.com.ar\/portalurbano\/25-anos-del-atentado-a-la-amia-el-gobierno-decreto-duelo-nacional-para-hoy-18-de-julio\/#breadcrumb","itemListElement":[{"@type":"ListItem","position":1,"name":"Portada","item":"https:\/\/experienciadevida.com.ar\/portalurbano\/"},{"@type":"ListItem","position":2,"name":"25 a\u00f1os del atentado a la AMIA: el Gobierno decret\u00f3 \u00abduelo nacional\u00bb para hoy 18 de julio"}]},{"@type":"WebSite","@id":"https:\/\/experienciadevida.com.ar\/portalurbano\/#website","url":"https:\/\/experienciadevida.com.ar\/portalurbano\/","name":"","description":"","publisher":{"@id":"https:\/\/experienciadevida.com.ar\/portalurbano\/#organization"},"potentialAction":[{"@type":"SearchAction","target":{"@type":"EntryPoint","urlTemplate":"https:\/\/experienciadevida.com.ar\/portalurbano\/?s={search_term_string}"},"query-input":"required name=search_term_string"}],"inLanguage":"es"},{"@type":"Organization","@id":"https:\/\/experienciadevida.com.ar\/portalurbano\/#organization","name":"Portal Urbano","url":"https:\/\/experienciadevida.com.ar\/portalurbano\/","logo":{"@type":"ImageObject","inLanguage":"es","@id":"https:\/\/experienciadevida.com.ar\/portalurbano\/#\/schema\/logo\/image\/","url":"https:\/\/experienciadevida.com.ar\/portalurbano\/wp-content\/uploads\/2019\/09\/Logo-Original.png","contentUrl":"https:\/\/experienciadevida.com.ar\/portalurbano\/wp-content\/uploads\/2019\/09\/Logo-Original.png","width":2236,"height":1216,"caption":"Portal Urbano"},"image":{"@id":"https:\/\/experienciadevida.com.ar\/portalurbano\/#\/schema\/logo\/image\/"},"sameAs":["https:\/\/www.facebook.com\/Portal-Urbano-171542830093757\/","https:\/\/twitter.com\/portalurbanook","https:\/\/www.instagram.com\/_portalurbano\/","https:\/\/www.youtube.com\/channel\/UCXhagIfszH8KxFiOok79zbA?view_as=subscriber"]},{"@type":"Person","@id":"https:\/\/experienciadevida.com.ar\/portalurbano\/#\/schema\/person\/02dd326b1c4b056e9cc972486934a3a7","name":"admpu17wp","image":{"@type":"ImageObject","inLanguage":"es","@id":"https:\/\/experienciadevida.com.ar\/portalurbano\/#\/schema\/person\/image\/","url":"https:\/\/secure.gravatar.com\/avatar\/830d4c57adaae6630765e449a6908047?s=96&d=mm&r=g","contentUrl":"https:\/\/secure.gravatar.com\/avatar\/830d4c57adaae6630765e449a6908047?s=96&d=mm&r=g","caption":"admpu17wp"}}]}},"featured_image_urls":{"full":["https:\/\/experienciadevida.com.ar\/portalurbano\/wp-content\/uploads\/2019\/07\/AMIA-e1563444869906.jpg",750,476,false],"thumbnail":["https:\/\/experienciadevida.com.ar\/portalurbano\/wp-content\/uploads\/2019\/07\/AMIA-150x150.jpg",150,150,true],"medium":["https:\/\/experienciadevida.com.ar\/portalurbano\/wp-content\/uploads\/2019\/07\/AMIA-300x190.jpg",300,190,true],"medium_large":["https:\/\/experienciadevida.com.ar\/portalurbano\/wp-content\/uploads\/2019\/07\/AMIA-768x487.jpg",640,406,true],"large":["https:\/\/experienciadevida.com.ar\/portalurbano\/wp-content\/uploads\/2019\/07\/AMIA-e1563444869906.jpg",640,406,false],"ug_big":["https:\/\/experienciadevida.com.ar\/portalurbano\/wp-content\/uploads\/2019\/07\/AMIA-768x487.jpg",768,487,true],"1536x1536":["https:\/\/experienciadevida.com.ar\/portalurbano\/wp-content\/uploads\/2019\/07\/AMIA-e1563444869906.jpg",750,476,false],"2048x2048":["https:\/\/experienciadevida.com.ar\/portalurbano\/wp-content\/uploads\/2019\/07\/AMIA-e1563444869906.jpg",750,476,false],"newsever-slider-full":["https:\/\/experienciadevida.com.ar\/portalurbano\/wp-content\/uploads\/2019\/07\/AMIA-e1563444869906.jpg",750,476,false],"newsever-featured":["https:\/\/experienciadevida.com.ar\/portalurbano\/wp-content\/uploads\/2019\/07\/AMIA-e1563444869906.jpg",750,476,false],"newsever-medium":["https:\/\/experienciadevida.com.ar\/portalurbano\/wp-content\/uploads\/2019\/07\/AMIA-e1563444869906.jpg",720,457,false],"web-stories-poster-portrait":["https:\/\/experienciadevida.com.ar\/portalurbano\/wp-content\/uploads\/2019\/07\/AMIA-e1563444869906.jpg",640,406,false],"web-stories-publisher-logo":["https:\/\/experienciadevida.com.ar\/portalurbano\/wp-content\/uploads\/2019\/07\/AMIA-e1563444869906.jpg",96,61,false],"web-stories-thumbnail":["https:\/\/experienciadevida.com.ar\/portalurbano\/wp-content\/uploads\/2019\/07\/AMIA-e1563444869906.jpg",150,95,false]},"author_info":{"display_name":"admpu17wp","author_link":"https:\/\/experienciadevida.com.ar\/portalurbano\/author\/admpu17wp\/"},"category_info":"<a href=\"https:\/\/experienciadevida.com.ar\/portalurbano\/category\/nacion\/\" rel=\"category tag\">Naci\u00f3n<\/a>","tag_info":"Naci\u00f3n","comment_count":"0","amp_enabled":true,"_links":{"self":[{"href":"https:\/\/experienciadevida.com.ar\/portalurbano\/wp-json\/wp\/v2\/posts\/77840"}],"collection":[{"href":"https:\/\/experienciadevida.com.ar\/portalurbano\/wp-json\/wp\/v2\/posts"}],"about":[{"href":"https:\/\/experienciadevida.com.ar\/portalurbano\/wp-json\/wp\/v2\/types\/post"}],"author":[{"embeddable":true,"href":"https:\/\/experienciadevida.com.ar\/portalurbano\/wp-json\/wp\/v2\/users\/1"}],"replies":[{"embeddable":true,"href":"https:\/\/experienciadevida.com.ar\/portalurbano\/wp-json\/wp\/v2\/comments?post=77840"}],"version-history":[{"count":2,"href":"https:\/\/experienciadevida.com.ar\/portalurbano\/wp-json\/wp\/v2\/posts\/77840\/revisions"}],"predecessor-version":[{"id":77844,"href":"https:\/\/experienciadevida.com.ar\/portalurbano\/wp-json\/wp\/v2\/posts\/77840\/revisions\/77844"}],"wp:featuredmedia":[{"embeddable":true,"href":"https:\/\/experienciadevida.com.ar\/portalurbano\/wp-json\/wp\/v2\/media\/77841"}],"wp:attachment":[{"href":"https:\/\/experienciadevida.com.ar\/portalurbano\/wp-json\/wp\/v2\/media?parent=77840"}],"wp:term":[{"taxonomy":"category","embeddable":true,"href":"https:\/\/experienciadevida.com.ar\/portalurbano\/wp-json\/wp\/v2\/categories?post=77840"},{"taxonomy":"post_tag","embeddable":true,"href":"https:\/\/experienciadevida.com.ar\/portalurbano\/wp-json\/wp\/v2\/tags?post=77840"}],"curies":[{"name":"wp","href":"https:\/\/api.w.org\/{rel}","templated":true}]}}