{"id":76878,"date":"2019-07-11T12:25:07","date_gmt":"2019-07-11T15:25:07","guid":{"rendered":"https:\/\/experienciadevida.com.ar\/portalurbano\/?p=76878"},"modified":"2019-07-11T12:26:30","modified_gmt":"2019-07-11T15:26:30","slug":"la-charo-homenajeo-a-mercedes-sosa-en-el-teatro-municipal","status":"publish","type":"post","link":"https:\/\/experienciadevida.com.ar\/portalurbano\/la-charo-homenajeo-a-mercedes-sosa-en-el-teatro-municipal\/","title":{"rendered":"La Charo homenaje\u00f3 a Mercedes Sosa en el Teatro Municipal"},"content":{"rendered":"<div class=\"vc_row wpb_row vc_row-fluid\">\n<div class=\"wpb_column vc_column_container vc_col-sm-12\">\n<div class=\"vc_column-inner \">\n<div class=\"wpb_wrapper\">\n<div class=\"wpb_text_column wpb_content_element \">\n<div class=\"wpb_wrapper\">\n<p>La legendaria Mercedes Sosa se hizo sentir en el Teatro Municipal, en la noche de este mi\u00e9rcoles, a trav\u00e9s de La Charo y su espect\u00e1culo, basado en su segundo \u00e1lbum solista, llamado \u201cLegado\u201d, donde la artista le rinde homenaje a La Negra a diez a\u00f1os de su partida.<\/p>\n<p>Un importante marco de p\u00fablico encuadr\u00f3 la presentaci\u00f3n de esta impecable obra musical, iniciativa de Vibra el Aire que cont\u00f3 con el respaldo del Municipio, a trav\u00e9s de la Subsecretar\u00eda de Cultura.<\/p>\n<p>El Hall del Teatro fue especialmente preparado para dar la bienvenida al p\u00fablico, mediante una c\u00e1lida recepci\u00f3n, m\u00fasica y una decoraci\u00f3n que invitaba a palpitar la velada que los presentes vivir\u00edan momentos despu\u00e9s.<\/p>\n<p>De esta manera se invit\u00f3 a ingresar a la sala, donde los espectadores aplaudieron la imponente apertura del espect\u00e1culo encabezado por la artista formose\u00f1a Charo Bogar\u00edn.<\/p>\n<p>Acompa\u00f1ada por Juan Sardi en ronroco, coros y percusi\u00f3n, junto a Juan Blas Caballero \u2013 productor del disco \u2013 en secuencias, prolongaciones y bases electr\u00f3nicas, Charo\u00a0tuvo a su cargo la voz, cuatro venezolano y bombo leg\u00fcero.<\/p>\n<p><em>\u201c<\/em><em>Este 9 de julio fue el cumplea\u00f1os de la Negra. Vamos a celebrarla con estas canciones que, consideramos, son algunas de las m\u00e1s emblem\u00e1ticas que ella ha interpretado aqu\u00ed y en el mundo\u201d,<\/em>\u00a0destac\u00f3 Charo en los inicios del espect\u00e1culo. As\u00ed se sucedi\u00f3 el homenaje a Mercedes, conmovedor, dado que justamente fue su voz la que encuadr\u00f3 la velada.\u00a0<em>\u201cQuisimos presentar el legado de Mercedes de esta manera, solemne, donde ella aparece con esa presencia tot\u00e9mica y esa voz omnipresente. Entregaremos una canci\u00f3n tras otra, unidas, hiladas, por esa voz hermosa y esas narraciones \u00fanicas de la Negra\u201d.<\/em><\/p>\n<p>Efectivamente, los relatos en la voz de la propia artista tucumana enmarcaron cada segmento de la obra: \u201cExilio\u201d, \u201cOrigen\u201d y \u201cRegreso\u201d, cada uno de ellos con canciones que fundamentan su denominaci\u00f3n.<\/p>\n<p>Para ello, se incluyeron versiones de canciones que la Negra hiciera conocidas aqu\u00ed y en el mundo como \u201cGracias a la vida\u201d de Violeta Parra, \u201cLa Maza\u201d de Silvio Rodr\u00edguez, \u201cLa colina de la vida\u201d de Le\u00f3n Gieco, \u201cCelador de Sue\u00f1os\u201d del D\u00fao Orozco \u2013 Barrientos y un in\u00e9dito que V\u00edctor Heredia escribiera para que La\u00a0Charo\u00a0le cante a Mercedes, titulado \u201cCantora\u201d.<\/p>\n<p>Un momento especial de la velada lo constituy\u00f3 la exquisita interpretaci\u00f3n de \u201cAraruna\u201d, un canto originario, escrito en tup\u00ed \u2013 guaran\u00ed.<em>\u00a0\u201cEl arar\u00e1 es un ave de plumaje maravilloso, y esta canci\u00f3n narra un di\u00e1logo imaginario entre\u00a0 un ni\u00f1o y el arar\u00e1, que se da en medio de la selva amaz\u00f3nica con ese ave\u201d.<\/em><\/p>\n<p>Durante la velada, La Charo tambi\u00e9n homenaje\u00f3 a Jaime Torres,\u00a0<em>\u201cotro de los grandes de nuestra cultura que, con un instrumento tan peque\u00f1o, ha recorrido el mundo y ha hecho conocida nuestra cultura andina.\u00a0<\/em>He tenido la suerte de compartir escenarios y festivales con \u00e9l y sobre todo su familia, su casa, con mucho vino y empanadas\u201d.<\/p>\n<p><em>\u201c\u00c9l tambi\u00e9n nos dej\u00f3 este a\u00f1o, al igual que Fabi\u00e1n Matus, \u00fanico hijo de Mercedes. Estoy segura que andan de gira all\u00e1 por las nubes\u201d,<\/em>\u00a0expres\u00f3 la artista.<\/p>\n<p>La canci\u00f3n elegida para homenajearlo fue \u201cSabana esperanzada\u201d, \u201cde tinte bien llanero\u201d, con letra de Tute y m\u00fasica de Jaime Torres.<\/p>\n<p>En algunos momentos de la velada tuvo lugar la danza, mediante la presentaci\u00f3n de bailarines de nuestra ciudad. Incluso hacia el final del espect\u00e1culo, previo al bis, los m\u00fasicos invitaron a los espectadores a subir al escenario para compartir una chacarera.<\/p>\n<p>Para concluir la velada, afirm\u00f3 Charo:<em>\u00a0\u201cEste Teatro Municipal hizo posible que hoy podamos brindar este espect\u00e1culo en un lugar de primera l\u00ednea, de primera calidad\u201d.\u00a0<\/em>La artista agradeci\u00f3 luego al Municipio y al \u00e1rea de Cultura en particular, as\u00ed como tambi\u00e9n a las integrantes de \u201cVibra el aire\u201d: Florencia y Josefina Magnaterra, Paula Ferrari, Tamy Santucci y Malala Valentini.<\/p>\n<p>Charo\u00a0Bogar\u00edn es hace rato una de las voces m\u00e1s interesantes del folclore argentino. Cofundadora de Tonolec, el d\u00fao que desde mediados de los 2000 integra con el m\u00fasico chaque\u00f1o Diego P\u00e9rez, esta formose\u00f1a de ra\u00edces guaran\u00edes se ha dedicado a investigar, a mirar tierra adentro de Argentina y a procesar toda esa informaci\u00f3n vinculada a los pueblos nativos e ind\u00edgenas, para transformarla en m\u00fasica de experimentaci\u00f3n electr\u00f3nica.<\/p>\n<p>En esta oportunidad, lleg\u00f3 a Olavarr\u00eda por iniciativa de \u201cVibra el aire\u201d, quienes desde el mes de marzo trabajaron para la concreci\u00f3n de este espect\u00e1culo en nuestro Teatro Municipal.<\/p>\n<p><em>\u201cEl p\u00fablico que tenemos es maravilloso, todos los artistas que han pasado por Olavarr\u00eda se bajan literalmente temblando de emoci\u00f3n del\u00a0 escenario, lo que sucede ac\u00e1 no sucede en todos lados. Agradecerles que nos acompa\u00f1en y apuestan, y le dejan a ellos ese recuerdo de querer volver\u201d<\/em>, expres\u00f3 una de las integrantes de la agrupaci\u00f3n.<\/p>\n<p>Vibra el aire, tal como ellas lo definen,\u00a0<em>\u201ces una idea-coraz\u00f3n que viene latiendo desde hace tiempo. Es una reuni\u00f3n de entusiasmos, de confianza, de amores. Es una semilla que ha ido tomando espesor y alegr\u00eda, como una bola. Y ha germinado. Vibra el aire se propone abrir territorios de sensibilidad art\u00edstica en Olavarr\u00eda con creaciones inspiradas en la m\u00fasica, el cine, la literatura, la pl\u00e1stica, la poes\u00eda, la fotograf\u00eda y el pensamiento\u201d.<\/em><\/p>\n<p><em>\u00a0<\/em><\/p>\n<div class=\"slider-gallery-wrapper \"><div class=\"slider-gallery\"><div id=\"sliderify-carousel-1\" class=\"owl-carousel\"><div class=\"sliderify-owl-item-inner\"><img src=\"https:\/\/experienciadevida.com.ar\/portalurbano\/wp-content\/uploads\/2019\/07\/CULTURA2.jpeg\"><\/div><div class=\"sliderify-owl-item-inner\"><img src=\"https:\/\/experienciadevida.com.ar\/portalurbano\/wp-content\/uploads\/2019\/07\/CULTURA3.jpeg\"><\/div><div class=\"sliderify-owl-item-inner\"><img src=\"https:\/\/experienciadevida.com.ar\/portalurbano\/wp-content\/uploads\/2019\/07\/CULTURA4.jpeg\"><\/div><div class=\"sliderify-owl-item-inner\"><img src=\"https:\/\/experienciadevida.com.ar\/portalurbano\/wp-content\/uploads\/2019\/07\/CULTURA5.jpeg\"><\/div><div class=\"sliderify-owl-item-inner\"><img src=\"https:\/\/experienciadevida.com.ar\/portalurbano\/wp-content\/uploads\/2019\/07\/CULTURA6.jpeg\"><\/div><div class=\"sliderify-owl-item-inner\"><img src=\"https:\/\/experienciadevida.com.ar\/portalurbano\/wp-content\/uploads\/2019\/07\/CULTURA8.jpeg\"><\/div><div class=\"sliderify-owl-item-inner\"><img src=\"https:\/\/experienciadevida.com.ar\/portalurbano\/wp-content\/uploads\/2019\/07\/CULUTRA.jpeg\"><\/div><\/div><!-- .owl-carousel --><\/div><!-- .slider-gallery --><\/div><!-- .slider-gallery-wrapper --><script>\n\t\t\tjQuery(document).ready(function($){\n\t\t\t\tcarousel1 = $('#sliderify-carousel-1');\ncarousel1.imagesLoaded(function(){carousel1.owlCarousel({items:1,\nstagePadding:0,\nnav:1,\nnavText:['<span><\/span><span><\/span>','<span><\/span><span><\/span>'],\ncenter:1,\nloop:1,\nmargin:0,\nautoWidth:false,\nautoHeight:true,\nstageOuterClass:'sliderify-stage-outer',\nstageClass:'sliderify-stage',\nnavContainerClass:'sliderify-nav',\ncontrolsClass:'sliderify-controls',\ndotsClass:'sliderify-dots',\ndotClass:'sliderify-dot',\nonInitialized:function(event){\n\t\t\t\tconsole.log('init');\n\t\t\t},\n});});\n});\n\t\t\t<\/script>\n<\/div>\n<\/div>\n<\/div>\n<\/div>\n<\/div>\n<\/div>\n","protected":false},"excerpt":{"rendered":"<p>La legendaria Mercedes Sosa se hizo sentir en el Teatro Municipal, en la noche de&#8230;<\/p>\n","protected":false},"author":1,"featured_media":76879,"comment_status":"open","ping_status":"open","sticky":false,"template":"","format":"standard","meta":{"content-type":""},"categories":[28],"tags":[],"nelio_content":{"isAutoShareEnabled":false,"autoShareEndMode":"default","automationSources":{"useContentSentences":true,"useSocialTemplates":true,"useCustomSentences":false,"customSentences":[]},"followers":[1],"suggestedReferences":[],"includedReferences":[],"efiUrl":"","efiAlt":"","highlights":[]},"yoast_head":"<!-- This site is optimized with the Yoast SEO plugin v20.7 - https:\/\/yoast.com\/wordpress\/plugins\/seo\/ -->\n<title>La Charo homenaje\u00f3 a Mercedes Sosa en el Teatro Municipal -<\/title>\n<meta name=\"robots\" content=\"index, follow, max-snippet:-1, max-image-preview:large, max-video-preview:-1\" \/>\n<link rel=\"canonical\" href=\"https:\/\/experienciadevida.com.ar\/portalurbano\/la-charo-homenajeo-a-mercedes-sosa-en-el-teatro-municipal\/\" \/>\n<meta property=\"og:locale\" content=\"es_ES\" \/>\n<meta property=\"og:type\" content=\"article\" \/>\n<meta property=\"og:title\" content=\"La Charo homenaje\u00f3 a Mercedes Sosa en el Teatro Municipal -\" \/>\n<meta property=\"og:description\" content=\"La legendaria Mercedes Sosa se hizo sentir en el Teatro Municipal, en la noche de...\" \/>\n<meta property=\"og:url\" content=\"https:\/\/experienciadevida.com.ar\/portalurbano\/la-charo-homenajeo-a-mercedes-sosa-en-el-teatro-municipal\/\" \/>\n<meta property=\"article:publisher\" content=\"https:\/\/www.facebook.com\/Portal-Urbano-171542830093757\/\" \/>\n<meta property=\"article:published_time\" content=\"2019-07-11T15:25:07+00:00\" \/>\n<meta property=\"article:modified_time\" content=\"2019-07-11T15:26:30+00:00\" \/>\n<meta property=\"og:image\" content=\"https:\/\/experienciadevida.com.ar\/portalurbano\/wp-content\/uploads\/2019\/07\/CULUTRA.jpeg\" \/>\n\t<meta property=\"og:image:width\" content=\"700\" \/>\n\t<meta property=\"og:image:height\" content=\"583\" \/>\n\t<meta property=\"og:image:type\" content=\"image\/jpeg\" \/>\n<meta name=\"author\" content=\"admpu17wp\" \/>\n<meta name=\"twitter:card\" content=\"summary_large_image\" \/>\n<meta name=\"twitter:creator\" content=\"@portalurbanook\" \/>\n<meta name=\"twitter:site\" content=\"@portalurbanook\" \/>\n<meta name=\"twitter:label1\" content=\"Escrito por\" \/>\n\t<meta name=\"twitter:data1\" content=\"admpu17wp\" \/>\n\t<meta name=\"twitter:label2\" content=\"Tiempo de lectura\" \/>\n\t<meta name=\"twitter:data2\" content=\"5 minutos\" \/>\n<script type=\"application\/ld+json\" class=\"yoast-schema-graph\">{\"@context\":\"https:\/\/schema.org\",\"@graph\":[{\"@type\":\"Article\",\"@id\":\"https:\/\/experienciadevida.com.ar\/portalurbano\/la-charo-homenajeo-a-mercedes-sosa-en-el-teatro-municipal\/#article\",\"isPartOf\":{\"@id\":\"https:\/\/experienciadevida.com.ar\/portalurbano\/la-charo-homenajeo-a-mercedes-sosa-en-el-teatro-municipal\/\"},\"author\":{\"name\":\"admpu17wp\",\"@id\":\"https:\/\/experienciadevida.com.ar\/portalurbano\/#\/schema\/person\/02dd326b1c4b056e9cc972486934a3a7\"},\"headline\":\"La Charo homenaje\u00f3 a Mercedes Sosa en el Teatro Municipal\",\"datePublished\":\"2019-07-11T15:25:07+00:00\",\"dateModified\":\"2019-07-11T15:26:30+00:00\",\"mainEntityOfPage\":{\"@id\":\"https:\/\/experienciadevida.com.ar\/portalurbano\/la-charo-homenajeo-a-mercedes-sosa-en-el-teatro-municipal\/\"},\"wordCount\":957,\"commentCount\":0,\"publisher\":{\"@id\":\"https:\/\/experienciadevida.com.ar\/portalurbano\/#organization\"},\"articleSection\":[\"Cultura\"],\"inLanguage\":\"es\",\"potentialAction\":[{\"@type\":\"CommentAction\",\"name\":\"Comment\",\"target\":[\"https:\/\/experienciadevida.com.ar\/portalurbano\/la-charo-homenajeo-a-mercedes-sosa-en-el-teatro-municipal\/#respond\"]}]},{\"@type\":\"WebPage\",\"@id\":\"https:\/\/experienciadevida.com.ar\/portalurbano\/la-charo-homenajeo-a-mercedes-sosa-en-el-teatro-municipal\/\",\"url\":\"https:\/\/experienciadevida.com.ar\/portalurbano\/la-charo-homenajeo-a-mercedes-sosa-en-el-teatro-municipal\/\",\"name\":\"La Charo homenaje\u00f3 a Mercedes Sosa en el Teatro Municipal -\",\"isPartOf\":{\"@id\":\"https:\/\/experienciadevida.com.ar\/portalurbano\/#website\"},\"datePublished\":\"2019-07-11T15:25:07+00:00\",\"dateModified\":\"2019-07-11T15:26:30+00:00\",\"breadcrumb\":{\"@id\":\"https:\/\/experienciadevida.com.ar\/portalurbano\/la-charo-homenajeo-a-mercedes-sosa-en-el-teatro-municipal\/#breadcrumb\"},\"inLanguage\":\"es\",\"potentialAction\":[{\"@type\":\"ReadAction\",\"target\":[\"https:\/\/experienciadevida.com.ar\/portalurbano\/la-charo-homenajeo-a-mercedes-sosa-en-el-teatro-municipal\/\"]}]},{\"@type\":\"BreadcrumbList\",\"@id\":\"https:\/\/experienciadevida.com.ar\/portalurbano\/la-charo-homenajeo-a-mercedes-sosa-en-el-teatro-municipal\/#breadcrumb\",\"itemListElement\":[{\"@type\":\"ListItem\",\"position\":1,\"name\":\"Portada\",\"item\":\"https:\/\/experienciadevida.com.ar\/portalurbano\/\"},{\"@type\":\"ListItem\",\"position\":2,\"name\":\"La Charo homenaje\u00f3 a Mercedes Sosa en el Teatro Municipal\"}]},{\"@type\":\"WebSite\",\"@id\":\"https:\/\/experienciadevida.com.ar\/portalurbano\/#website\",\"url\":\"https:\/\/experienciadevida.com.ar\/portalurbano\/\",\"name\":\"\",\"description\":\"\",\"publisher\":{\"@id\":\"https:\/\/experienciadevida.com.ar\/portalurbano\/#organization\"},\"potentialAction\":[{\"@type\":\"SearchAction\",\"target\":{\"@type\":\"EntryPoint\",\"urlTemplate\":\"https:\/\/experienciadevida.com.ar\/portalurbano\/?s={search_term_string}\"},\"query-input\":\"required name=search_term_string\"}],\"inLanguage\":\"es\"},{\"@type\":\"Organization\",\"@id\":\"https:\/\/experienciadevida.com.ar\/portalurbano\/#organization\",\"name\":\"Portal Urbano\",\"url\":\"https:\/\/experienciadevida.com.ar\/portalurbano\/\",\"logo\":{\"@type\":\"ImageObject\",\"inLanguage\":\"es\",\"@id\":\"https:\/\/experienciadevida.com.ar\/portalurbano\/#\/schema\/logo\/image\/\",\"url\":\"https:\/\/experienciadevida.com.ar\/portalurbano\/wp-content\/uploads\/2019\/09\/Logo-Original.png\",\"contentUrl\":\"https:\/\/experienciadevida.com.ar\/portalurbano\/wp-content\/uploads\/2019\/09\/Logo-Original.png\",\"width\":2236,\"height\":1216,\"caption\":\"Portal Urbano\"},\"image\":{\"@id\":\"https:\/\/experienciadevida.com.ar\/portalurbano\/#\/schema\/logo\/image\/\"},\"sameAs\":[\"https:\/\/www.facebook.com\/Portal-Urbano-171542830093757\/\",\"https:\/\/twitter.com\/portalurbanook\",\"https:\/\/www.instagram.com\/_portalurbano\/\",\"https:\/\/www.youtube.com\/channel\/UCXhagIfszH8KxFiOok79zbA?view_as=subscriber\"]},{\"@type\":\"Person\",\"@id\":\"https:\/\/experienciadevida.com.ar\/portalurbano\/#\/schema\/person\/02dd326b1c4b056e9cc972486934a3a7\",\"name\":\"admpu17wp\",\"image\":{\"@type\":\"ImageObject\",\"inLanguage\":\"es\",\"@id\":\"https:\/\/experienciadevida.com.ar\/portalurbano\/#\/schema\/person\/image\/\",\"url\":\"https:\/\/secure.gravatar.com\/avatar\/830d4c57adaae6630765e449a6908047?s=96&d=mm&r=g\",\"contentUrl\":\"https:\/\/secure.gravatar.com\/avatar\/830d4c57adaae6630765e449a6908047?s=96&d=mm&r=g\",\"caption\":\"admpu17wp\"}}]}<\/script>\n<!-- \/ Yoast SEO plugin. -->","yoast_head_json":{"title":"La Charo homenaje\u00f3 a Mercedes Sosa en el Teatro Municipal -","robots":{"index":"index","follow":"follow","max-snippet":"max-snippet:-1","max-image-preview":"max-image-preview:large","max-video-preview":"max-video-preview:-1"},"canonical":"https:\/\/experienciadevida.com.ar\/portalurbano\/la-charo-homenajeo-a-mercedes-sosa-en-el-teatro-municipal\/","og_locale":"es_ES","og_type":"article","og_title":"La Charo homenaje\u00f3 a Mercedes Sosa en el Teatro Municipal -","og_description":"La legendaria Mercedes Sosa se hizo sentir en el Teatro Municipal, en la noche de...","og_url":"https:\/\/experienciadevida.com.ar\/portalurbano\/la-charo-homenajeo-a-mercedes-sosa-en-el-teatro-municipal\/","article_publisher":"https:\/\/www.facebook.com\/Portal-Urbano-171542830093757\/","article_published_time":"2019-07-11T15:25:07+00:00","article_modified_time":"2019-07-11T15:26:30+00:00","og_image":[{"width":700,"height":583,"url":"https:\/\/experienciadevida.com.ar\/portalurbano\/wp-content\/uploads\/2019\/07\/CULUTRA.jpeg","type":"image\/jpeg"}],"author":"admpu17wp","twitter_card":"summary_large_image","twitter_creator":"@portalurbanook","twitter_site":"@portalurbanook","twitter_misc":{"Escrito por":"admpu17wp","Tiempo de lectura":"5 minutos"},"schema":{"@context":"https:\/\/schema.org","@graph":[{"@type":"Article","@id":"https:\/\/experienciadevida.com.ar\/portalurbano\/la-charo-homenajeo-a-mercedes-sosa-en-el-teatro-municipal\/#article","isPartOf":{"@id":"https:\/\/experienciadevida.com.ar\/portalurbano\/la-charo-homenajeo-a-mercedes-sosa-en-el-teatro-municipal\/"},"author":{"name":"admpu17wp","@id":"https:\/\/experienciadevida.com.ar\/portalurbano\/#\/schema\/person\/02dd326b1c4b056e9cc972486934a3a7"},"headline":"La Charo homenaje\u00f3 a Mercedes Sosa en el Teatro Municipal","datePublished":"2019-07-11T15:25:07+00:00","dateModified":"2019-07-11T15:26:30+00:00","mainEntityOfPage":{"@id":"https:\/\/experienciadevida.com.ar\/portalurbano\/la-charo-homenajeo-a-mercedes-sosa-en-el-teatro-municipal\/"},"wordCount":957,"commentCount":0,"publisher":{"@id":"https:\/\/experienciadevida.com.ar\/portalurbano\/#organization"},"articleSection":["Cultura"],"inLanguage":"es","potentialAction":[{"@type":"CommentAction","name":"Comment","target":["https:\/\/experienciadevida.com.ar\/portalurbano\/la-charo-homenajeo-a-mercedes-sosa-en-el-teatro-municipal\/#respond"]}]},{"@type":"WebPage","@id":"https:\/\/experienciadevida.com.ar\/portalurbano\/la-charo-homenajeo-a-mercedes-sosa-en-el-teatro-municipal\/","url":"https:\/\/experienciadevida.com.ar\/portalurbano\/la-charo-homenajeo-a-mercedes-sosa-en-el-teatro-municipal\/","name":"La Charo homenaje\u00f3 a Mercedes Sosa en el Teatro Municipal -","isPartOf":{"@id":"https:\/\/experienciadevida.com.ar\/portalurbano\/#website"},"datePublished":"2019-07-11T15:25:07+00:00","dateModified":"2019-07-11T15:26:30+00:00","breadcrumb":{"@id":"https:\/\/experienciadevida.com.ar\/portalurbano\/la-charo-homenajeo-a-mercedes-sosa-en-el-teatro-municipal\/#breadcrumb"},"inLanguage":"es","potentialAction":[{"@type":"ReadAction","target":["https:\/\/experienciadevida.com.ar\/portalurbano\/la-charo-homenajeo-a-mercedes-sosa-en-el-teatro-municipal\/"]}]},{"@type":"BreadcrumbList","@id":"https:\/\/experienciadevida.com.ar\/portalurbano\/la-charo-homenajeo-a-mercedes-sosa-en-el-teatro-municipal\/#breadcrumb","itemListElement":[{"@type":"ListItem","position":1,"name":"Portada","item":"https:\/\/experienciadevida.com.ar\/portalurbano\/"},{"@type":"ListItem","position":2,"name":"La Charo homenaje\u00f3 a Mercedes Sosa en el Teatro Municipal"}]},{"@type":"WebSite","@id":"https:\/\/experienciadevida.com.ar\/portalurbano\/#website","url":"https:\/\/experienciadevida.com.ar\/portalurbano\/","name":"","description":"","publisher":{"@id":"https:\/\/experienciadevida.com.ar\/portalurbano\/#organization"},"potentialAction":[{"@type":"SearchAction","target":{"@type":"EntryPoint","urlTemplate":"https:\/\/experienciadevida.com.ar\/portalurbano\/?s={search_term_string}"},"query-input":"required name=search_term_string"}],"inLanguage":"es"},{"@type":"Organization","@id":"https:\/\/experienciadevida.com.ar\/portalurbano\/#organization","name":"Portal Urbano","url":"https:\/\/experienciadevida.com.ar\/portalurbano\/","logo":{"@type":"ImageObject","inLanguage":"es","@id":"https:\/\/experienciadevida.com.ar\/portalurbano\/#\/schema\/logo\/image\/","url":"https:\/\/experienciadevida.com.ar\/portalurbano\/wp-content\/uploads\/2019\/09\/Logo-Original.png","contentUrl":"https:\/\/experienciadevida.com.ar\/portalurbano\/wp-content\/uploads\/2019\/09\/Logo-Original.png","width":2236,"height":1216,"caption":"Portal Urbano"},"image":{"@id":"https:\/\/experienciadevida.com.ar\/portalurbano\/#\/schema\/logo\/image\/"},"sameAs":["https:\/\/www.facebook.com\/Portal-Urbano-171542830093757\/","https:\/\/twitter.com\/portalurbanook","https:\/\/www.instagram.com\/_portalurbano\/","https:\/\/www.youtube.com\/channel\/UCXhagIfszH8KxFiOok79zbA?view_as=subscriber"]},{"@type":"Person","@id":"https:\/\/experienciadevida.com.ar\/portalurbano\/#\/schema\/person\/02dd326b1c4b056e9cc972486934a3a7","name":"admpu17wp","image":{"@type":"ImageObject","inLanguage":"es","@id":"https:\/\/experienciadevida.com.ar\/portalurbano\/#\/schema\/person\/image\/","url":"https:\/\/secure.gravatar.com\/avatar\/830d4c57adaae6630765e449a6908047?s=96&d=mm&r=g","contentUrl":"https:\/\/secure.gravatar.com\/avatar\/830d4c57adaae6630765e449a6908047?s=96&d=mm&r=g","caption":"admpu17wp"}}]}},"featured_image_urls":{"full":["https:\/\/experienciadevida.com.ar\/portalurbano\/wp-content\/uploads\/2019\/07\/CULUTRA.jpeg",700,583,false],"thumbnail":["https:\/\/experienciadevida.com.ar\/portalurbano\/wp-content\/uploads\/2019\/07\/CULUTRA-150x150.jpeg",150,150,true],"medium":["https:\/\/experienciadevida.com.ar\/portalurbano\/wp-content\/uploads\/2019\/07\/CULUTRA-300x250.jpeg",300,250,true],"medium_large":["https:\/\/experienciadevida.com.ar\/portalurbano\/wp-content\/uploads\/2019\/07\/CULUTRA.jpeg",640,533,false],"large":["https:\/\/experienciadevida.com.ar\/portalurbano\/wp-content\/uploads\/2019\/07\/CULUTRA.jpeg",640,533,false],"ug_big":["https:\/\/experienciadevida.com.ar\/portalurbano\/wp-content\/uploads\/2019\/07\/CULUTRA.jpeg",700,583,false],"1536x1536":["https:\/\/experienciadevida.com.ar\/portalurbano\/wp-content\/uploads\/2019\/07\/CULUTRA.jpeg",700,583,false],"2048x2048":["https:\/\/experienciadevida.com.ar\/portalurbano\/wp-content\/uploads\/2019\/07\/CULUTRA.jpeg",700,583,false],"newsever-slider-full":["https:\/\/experienciadevida.com.ar\/portalurbano\/wp-content\/uploads\/2019\/07\/CULUTRA.jpeg",700,583,false],"newsever-featured":["https:\/\/experienciadevida.com.ar\/portalurbano\/wp-content\/uploads\/2019\/07\/CULUTRA.jpeg",700,583,false],"newsever-medium":["https:\/\/experienciadevida.com.ar\/portalurbano\/wp-content\/uploads\/2019\/07\/CULUTRA.jpeg",570,475,false],"web-stories-poster-portrait":["https:\/\/experienciadevida.com.ar\/portalurbano\/wp-content\/uploads\/2019\/07\/CULUTRA.jpeg",640,533,false],"web-stories-publisher-logo":["https:\/\/experienciadevida.com.ar\/portalurbano\/wp-content\/uploads\/2019\/07\/CULUTRA.jpeg",96,80,false],"web-stories-thumbnail":["https:\/\/experienciadevida.com.ar\/portalurbano\/wp-content\/uploads\/2019\/07\/CULUTRA.jpeg",150,125,false]},"author_info":{"display_name":"admpu17wp","author_link":"https:\/\/experienciadevida.com.ar\/portalurbano\/author\/admpu17wp\/"},"category_info":"<a href=\"https:\/\/experienciadevida.com.ar\/portalurbano\/category\/ciudad\/cultura\/\" rel=\"category tag\">Cultura<\/a>","tag_info":"Cultura","comment_count":"0","amp_enabled":true,"_links":{"self":[{"href":"https:\/\/experienciadevida.com.ar\/portalurbano\/wp-json\/wp\/v2\/posts\/76878"}],"collection":[{"href":"https:\/\/experienciadevida.com.ar\/portalurbano\/wp-json\/wp\/v2\/posts"}],"about":[{"href":"https:\/\/experienciadevida.com.ar\/portalurbano\/wp-json\/wp\/v2\/types\/post"}],"author":[{"embeddable":true,"href":"https:\/\/experienciadevida.com.ar\/portalurbano\/wp-json\/wp\/v2\/users\/1"}],"replies":[{"embeddable":true,"href":"https:\/\/experienciadevida.com.ar\/portalurbano\/wp-json\/wp\/v2\/comments?post=76878"}],"version-history":[{"count":1,"href":"https:\/\/experienciadevida.com.ar\/portalurbano\/wp-json\/wp\/v2\/posts\/76878\/revisions"}],"predecessor-version":[{"id":76886,"href":"https:\/\/experienciadevida.com.ar\/portalurbano\/wp-json\/wp\/v2\/posts\/76878\/revisions\/76886"}],"wp:featuredmedia":[{"embeddable":true,"href":"https:\/\/experienciadevida.com.ar\/portalurbano\/wp-json\/wp\/v2\/media\/76879"}],"wp:attachment":[{"href":"https:\/\/experienciadevida.com.ar\/portalurbano\/wp-json\/wp\/v2\/media?parent=76878"}],"wp:term":[{"taxonomy":"category","embeddable":true,"href":"https:\/\/experienciadevida.com.ar\/portalurbano\/wp-json\/wp\/v2\/categories?post=76878"},{"taxonomy":"post_tag","embeddable":true,"href":"https:\/\/experienciadevida.com.ar\/portalurbano\/wp-json\/wp\/v2\/tags?post=76878"}],"curies":[{"name":"wp","href":"https:\/\/api.w.org\/{rel}","templated":true}]}}