{"id":74366,"date":"2019-06-25T18:44:14","date_gmt":"2019-06-25T21:44:14","guid":{"rendered":"https:\/\/experienciadevida.com.ar\/portalurbano\/?p=74366"},"modified":"2019-06-25T18:44:14","modified_gmt":"2019-06-25T21:44:14","slug":"ahora-12-amplian-el-programa-de-lunes-a-domingo","status":"publish","type":"post","link":"https:\/\/experienciadevida.com.ar\/portalurbano\/ahora-12-amplian-el-programa-de-lunes-a-domingo\/","title":{"rendered":"Ahora 12: ampl\u00edan el programa de lunes a domingo"},"content":{"rendered":"<article id=\"article-post\" class=\"first\">\n<p class=\"interiorCopete\">La medida del Gobierno tiene la intenci\u00f3n de fomentar el consumo y la producci\u00f3n nacional de bienes y servicios<\/p>\n<div class=\"separator-line\">El Gobierno ampli\u00f3 a todos los d\u00edas de la semana la posibilidad de concretar compras en cuotas a trav\u00e9s de los programa <strong>Ahora 3, Ahora 6,\u00a0Ahora 12\u00a0y Ahora 18<\/strong>, con el objetivo de fomentar el\u00a0consumo\u00a0y la producci\u00f3n nacional de bienes y servicios.<\/div>\n<div class=\"cuerpo\" data-twitter-link=\"https:\/\/twitter.com\/intent\/tweet?url=https:\/\/www.diariopopular.com.ar\/\/c404008&amp;via=poopulardiario&amp;related=Diario Popular&amp;text=\">\n<div id=\"div-gpt-ad-nota-786357\" class=\"banner-90\" data-mapping=\"mapping9\" data-google-query-id=\"CLDAztPMheMCFUjG4wcdv9YCCA\">\n<div id=\"google_ads_iframe_\/7581181\/dp_universal_0__container__\"><\/div>\n<\/div>\n<\/div>\n<\/article>\n<article id=\"article-post\">\n<div class=\"cuerpo\" data-twitter-link=\"https:\/\/twitter.com\/intent\/tweet?url=https:\/\/www.diariopopular.com.ar\/\/c404008&amp;via=poopulardiario&amp;related=Diario Popular&amp;text=\">\n<p>El anuncio fue realizado esta tarde por el secretario de Comercio Interior,\u00a0<strong>Ignacio Werner,<\/strong>durante un contacto que mantuvo con la prensa en la sede de la cartera de Producci\u00f3n.<\/p>\n<p>[textmarker color=&#8221;080563&#8243;]De esta forma, el programa <strong>Ahora 12<\/strong>\u00a0se podr\u00e1 utilizar de lunes a domingo en los rubros adheridos hasta el 31 de diciembre.[\/textmarker]<\/p>\n<p>[textmarker color=&#8221;080563&#8243;]Hasta el momento, el plan se encontraba vigente los d\u00edas jueves, viernes, s\u00e1bados y domingos.[\/textmarker]<\/p>\n<p>Werner se\u00f1al\u00f3 que la resoluci\u00f3n saldr\u00e1 publicada este mi\u00e9rcoles en el Bolet\u00edn Oficial.<\/p>\n<p>Entre otras novedades, el programa de ventas en cuotas sum\u00f3 el rubro &#8220;peque\u00f1os electrodom\u00e9sticos y perfumer\u00eda&#8221;, al tiempo que las tiendas de rubros generales -entre ellas, las grandes cadenas de supermercados- tambi\u00e9n podr\u00e1n ofrecer colchones y televisores a trav\u00e9s del Ahora 12.<\/p>\n<\/div>\n<\/article>\n","protected":false},"excerpt":{"rendered":"<p>La medida del Gobierno tiene la intenci\u00f3n de fomentar el consumo y la producci\u00f3n nacional&#8230;<\/p>\n","protected":false},"author":1,"featured_media":74370,"comment_status":"open","ping_status":"open","sticky":false,"template":"","format":"standard","meta":{"content-type":""},"categories":[39],"tags":[],"nelio_content":{"isAutoShareEnabled":false,"autoShareEndMode":"default","automationSources":{"useContentSentences":true,"useSocialTemplates":true,"useCustomSentences":false,"customSentences":[]},"followers":[1],"suggestedReferences":[],"includedReferences":[],"efiUrl":"","efiAlt":"","highlights":[]},"yoast_head":"<!-- This site is optimized with the Yoast SEO plugin v20.7 - https:\/\/yoast.com\/wordpress\/plugins\/seo\/ -->\n<title>Ahora 12: ampl\u00edan el programa de lunes a domingo -<\/title>\n<meta name=\"robots\" content=\"index, follow, max-snippet:-1, max-image-preview:large, max-video-preview:-1\" \/>\n<link rel=\"canonical\" href=\"https:\/\/experienciadevida.com.ar\/portalurbano\/ahora-12-amplian-el-programa-de-lunes-a-domingo\/\" \/>\n<meta property=\"og:locale\" content=\"es_ES\" \/>\n<meta property=\"og:type\" content=\"article\" \/>\n<meta property=\"og:title\" content=\"Ahora 12: ampl\u00edan el programa de lunes a domingo -\" \/>\n<meta property=\"og:description\" content=\"La medida del Gobierno tiene la intenci\u00f3n de fomentar el consumo y la producci\u00f3n nacional...\" \/>\n<meta property=\"og:url\" content=\"https:\/\/experienciadevida.com.ar\/portalurbano\/ahora-12-amplian-el-programa-de-lunes-a-domingo\/\" \/>\n<meta property=\"article:publisher\" content=\"https:\/\/www.facebook.com\/Portal-Urbano-171542830093757\/\" \/>\n<meta property=\"article:published_time\" content=\"2019-06-25T21:44:14+00:00\" \/>\n<meta property=\"og:image\" content=\"https:\/\/experienciadevida.com.ar\/portalurbano\/wp-content\/uploads\/2019\/06\/0005896097-e1561498945476.jpg\" \/>\n\t<meta property=\"og:image:width\" content=\"750\" \/>\n\t<meta property=\"og:image:height\" content=\"519\" \/>\n\t<meta property=\"og:image:type\" content=\"image\/jpeg\" \/>\n<meta name=\"author\" content=\"admpu17wp\" \/>\n<meta name=\"twitter:card\" content=\"summary_large_image\" \/>\n<meta name=\"twitter:creator\" content=\"@portalurbanook\" \/>\n<meta name=\"twitter:site\" content=\"@portalurbanook\" \/>\n<meta name=\"twitter:label1\" content=\"Escrito por\" \/>\n\t<meta name=\"twitter:data1\" content=\"admpu17wp\" \/>\n\t<meta name=\"twitter:label2\" content=\"Tiempo de lectura\" \/>\n\t<meta name=\"twitter:data2\" content=\"1 minuto\" \/>\n<script type=\"application\/ld+json\" class=\"yoast-schema-graph\">{\"@context\":\"https:\/\/schema.org\",\"@graph\":[{\"@type\":\"Article\",\"@id\":\"https:\/\/experienciadevida.com.ar\/portalurbano\/ahora-12-amplian-el-programa-de-lunes-a-domingo\/#article\",\"isPartOf\":{\"@id\":\"https:\/\/experienciadevida.com.ar\/portalurbano\/ahora-12-amplian-el-programa-de-lunes-a-domingo\/\"},\"author\":{\"name\":\"admpu17wp\",\"@id\":\"https:\/\/experienciadevida.com.ar\/portalurbano\/#\/schema\/person\/02dd326b1c4b056e9cc972486934a3a7\"},\"headline\":\"Ahora 12: ampl\u00edan el programa de lunes a domingo\",\"datePublished\":\"2019-06-25T21:44:14+00:00\",\"dateModified\":\"2019-06-25T21:44:14+00:00\",\"mainEntityOfPage\":{\"@id\":\"https:\/\/experienciadevida.com.ar\/portalurbano\/ahora-12-amplian-el-programa-de-lunes-a-domingo\/\"},\"wordCount\":214,\"commentCount\":0,\"publisher\":{\"@id\":\"https:\/\/experienciadevida.com.ar\/portalurbano\/#organization\"},\"articleSection\":[\"Naci\u00f3n\"],\"inLanguage\":\"es\",\"potentialAction\":[{\"@type\":\"CommentAction\",\"name\":\"Comment\",\"target\":[\"https:\/\/experienciadevida.com.ar\/portalurbano\/ahora-12-amplian-el-programa-de-lunes-a-domingo\/#respond\"]}]},{\"@type\":\"WebPage\",\"@id\":\"https:\/\/experienciadevida.com.ar\/portalurbano\/ahora-12-amplian-el-programa-de-lunes-a-domingo\/\",\"url\":\"https:\/\/experienciadevida.com.ar\/portalurbano\/ahora-12-amplian-el-programa-de-lunes-a-domingo\/\",\"name\":\"Ahora 12: ampl\u00edan el programa de lunes a domingo -\",\"isPartOf\":{\"@id\":\"https:\/\/experienciadevida.com.ar\/portalurbano\/#website\"},\"datePublished\":\"2019-06-25T21:44:14+00:00\",\"dateModified\":\"2019-06-25T21:44:14+00:00\",\"breadcrumb\":{\"@id\":\"https:\/\/experienciadevida.com.ar\/portalurbano\/ahora-12-amplian-el-programa-de-lunes-a-domingo\/#breadcrumb\"},\"inLanguage\":\"es\",\"potentialAction\":[{\"@type\":\"ReadAction\",\"target\":[\"https:\/\/experienciadevida.com.ar\/portalurbano\/ahora-12-amplian-el-programa-de-lunes-a-domingo\/\"]}]},{\"@type\":\"BreadcrumbList\",\"@id\":\"https:\/\/experienciadevida.com.ar\/portalurbano\/ahora-12-amplian-el-programa-de-lunes-a-domingo\/#breadcrumb\",\"itemListElement\":[{\"@type\":\"ListItem\",\"position\":1,\"name\":\"Portada\",\"item\":\"https:\/\/experienciadevida.com.ar\/portalurbano\/\"},{\"@type\":\"ListItem\",\"position\":2,\"name\":\"Ahora 12: ampl\u00edan el programa de lunes a domingo\"}]},{\"@type\":\"WebSite\",\"@id\":\"https:\/\/experienciadevida.com.ar\/portalurbano\/#website\",\"url\":\"https:\/\/experienciadevida.com.ar\/portalurbano\/\",\"name\":\"\",\"description\":\"\",\"publisher\":{\"@id\":\"https:\/\/experienciadevida.com.ar\/portalurbano\/#organization\"},\"potentialAction\":[{\"@type\":\"SearchAction\",\"target\":{\"@type\":\"EntryPoint\",\"urlTemplate\":\"https:\/\/experienciadevida.com.ar\/portalurbano\/?s={search_term_string}\"},\"query-input\":\"required name=search_term_string\"}],\"inLanguage\":\"es\"},{\"@type\":\"Organization\",\"@id\":\"https:\/\/experienciadevida.com.ar\/portalurbano\/#organization\",\"name\":\"Portal Urbano\",\"url\":\"https:\/\/experienciadevida.com.ar\/portalurbano\/\",\"logo\":{\"@type\":\"ImageObject\",\"inLanguage\":\"es\",\"@id\":\"https:\/\/experienciadevida.com.ar\/portalurbano\/#\/schema\/logo\/image\/\",\"url\":\"https:\/\/experienciadevida.com.ar\/portalurbano\/wp-content\/uploads\/2019\/09\/Logo-Original.png\",\"contentUrl\":\"https:\/\/experienciadevida.com.ar\/portalurbano\/wp-content\/uploads\/2019\/09\/Logo-Original.png\",\"width\":2236,\"height\":1216,\"caption\":\"Portal Urbano\"},\"image\":{\"@id\":\"https:\/\/experienciadevida.com.ar\/portalurbano\/#\/schema\/logo\/image\/\"},\"sameAs\":[\"https:\/\/www.facebook.com\/Portal-Urbano-171542830093757\/\",\"https:\/\/twitter.com\/portalurbanook\",\"https:\/\/www.instagram.com\/_portalurbano\/\",\"https:\/\/www.youtube.com\/channel\/UCXhagIfszH8KxFiOok79zbA?view_as=subscriber\"]},{\"@type\":\"Person\",\"@id\":\"https:\/\/experienciadevida.com.ar\/portalurbano\/#\/schema\/person\/02dd326b1c4b056e9cc972486934a3a7\",\"name\":\"admpu17wp\",\"image\":{\"@type\":\"ImageObject\",\"inLanguage\":\"es\",\"@id\":\"https:\/\/experienciadevida.com.ar\/portalurbano\/#\/schema\/person\/image\/\",\"url\":\"https:\/\/secure.gravatar.com\/avatar\/830d4c57adaae6630765e449a6908047?s=96&d=mm&r=g\",\"contentUrl\":\"https:\/\/secure.gravatar.com\/avatar\/830d4c57adaae6630765e449a6908047?s=96&d=mm&r=g\",\"caption\":\"admpu17wp\"}}]}<\/script>\n<!-- \/ Yoast SEO plugin. -->","yoast_head_json":{"title":"Ahora 12: ampl\u00edan el programa de lunes a domingo -","robots":{"index":"index","follow":"follow","max-snippet":"max-snippet:-1","max-image-preview":"max-image-preview:large","max-video-preview":"max-video-preview:-1"},"canonical":"https:\/\/experienciadevida.com.ar\/portalurbano\/ahora-12-amplian-el-programa-de-lunes-a-domingo\/","og_locale":"es_ES","og_type":"article","og_title":"Ahora 12: ampl\u00edan el programa de lunes a domingo -","og_description":"La medida del Gobierno tiene la intenci\u00f3n de fomentar el consumo y la producci\u00f3n nacional...","og_url":"https:\/\/experienciadevida.com.ar\/portalurbano\/ahora-12-amplian-el-programa-de-lunes-a-domingo\/","article_publisher":"https:\/\/www.facebook.com\/Portal-Urbano-171542830093757\/","article_published_time":"2019-06-25T21:44:14+00:00","og_image":[{"width":750,"height":519,"url":"https:\/\/experienciadevida.com.ar\/portalurbano\/wp-content\/uploads\/2019\/06\/0005896097-e1561498945476.jpg","type":"image\/jpeg"}],"author":"admpu17wp","twitter_card":"summary_large_image","twitter_creator":"@portalurbanook","twitter_site":"@portalurbanook","twitter_misc":{"Escrito por":"admpu17wp","Tiempo de lectura":"1 minuto"},"schema":{"@context":"https:\/\/schema.org","@graph":[{"@type":"Article","@id":"https:\/\/experienciadevida.com.ar\/portalurbano\/ahora-12-amplian-el-programa-de-lunes-a-domingo\/#article","isPartOf":{"@id":"https:\/\/experienciadevida.com.ar\/portalurbano\/ahora-12-amplian-el-programa-de-lunes-a-domingo\/"},"author":{"name":"admpu17wp","@id":"https:\/\/experienciadevida.com.ar\/portalurbano\/#\/schema\/person\/02dd326b1c4b056e9cc972486934a3a7"},"headline":"Ahora 12: ampl\u00edan el programa de lunes a domingo","datePublished":"2019-06-25T21:44:14+00:00","dateModified":"2019-06-25T21:44:14+00:00","mainEntityOfPage":{"@id":"https:\/\/experienciadevida.com.ar\/portalurbano\/ahora-12-amplian-el-programa-de-lunes-a-domingo\/"},"wordCount":214,"commentCount":0,"publisher":{"@id":"https:\/\/experienciadevida.com.ar\/portalurbano\/#organization"},"articleSection":["Naci\u00f3n"],"inLanguage":"es","potentialAction":[{"@type":"CommentAction","name":"Comment","target":["https:\/\/experienciadevida.com.ar\/portalurbano\/ahora-12-amplian-el-programa-de-lunes-a-domingo\/#respond"]}]},{"@type":"WebPage","@id":"https:\/\/experienciadevida.com.ar\/portalurbano\/ahora-12-amplian-el-programa-de-lunes-a-domingo\/","url":"https:\/\/experienciadevida.com.ar\/portalurbano\/ahora-12-amplian-el-programa-de-lunes-a-domingo\/","name":"Ahora 12: ampl\u00edan el programa de lunes a domingo -","isPartOf":{"@id":"https:\/\/experienciadevida.com.ar\/portalurbano\/#website"},"datePublished":"2019-06-25T21:44:14+00:00","dateModified":"2019-06-25T21:44:14+00:00","breadcrumb":{"@id":"https:\/\/experienciadevida.com.ar\/portalurbano\/ahora-12-amplian-el-programa-de-lunes-a-domingo\/#breadcrumb"},"inLanguage":"es","potentialAction":[{"@type":"ReadAction","target":["https:\/\/experienciadevida.com.ar\/portalurbano\/ahora-12-amplian-el-programa-de-lunes-a-domingo\/"]}]},{"@type":"BreadcrumbList","@id":"https:\/\/experienciadevida.com.ar\/portalurbano\/ahora-12-amplian-el-programa-de-lunes-a-domingo\/#breadcrumb","itemListElement":[{"@type":"ListItem","position":1,"name":"Portada","item":"https:\/\/experienciadevida.com.ar\/portalurbano\/"},{"@type":"ListItem","position":2,"name":"Ahora 12: ampl\u00edan el programa de lunes a domingo"}]},{"@type":"WebSite","@id":"https:\/\/experienciadevida.com.ar\/portalurbano\/#website","url":"https:\/\/experienciadevida.com.ar\/portalurbano\/","name":"","description":"","publisher":{"@id":"https:\/\/experienciadevida.com.ar\/portalurbano\/#organization"},"potentialAction":[{"@type":"SearchAction","target":{"@type":"EntryPoint","urlTemplate":"https:\/\/experienciadevida.com.ar\/portalurbano\/?s={search_term_string}"},"query-input":"required name=search_term_string"}],"inLanguage":"es"},{"@type":"Organization","@id":"https:\/\/experienciadevida.com.ar\/portalurbano\/#organization","name":"Portal Urbano","url":"https:\/\/experienciadevida.com.ar\/portalurbano\/","logo":{"@type":"ImageObject","inLanguage":"es","@id":"https:\/\/experienciadevida.com.ar\/portalurbano\/#\/schema\/logo\/image\/","url":"https:\/\/experienciadevida.com.ar\/portalurbano\/wp-content\/uploads\/2019\/09\/Logo-Original.png","contentUrl":"https:\/\/experienciadevida.com.ar\/portalurbano\/wp-content\/uploads\/2019\/09\/Logo-Original.png","width":2236,"height":1216,"caption":"Portal Urbano"},"image":{"@id":"https:\/\/experienciadevida.com.ar\/portalurbano\/#\/schema\/logo\/image\/"},"sameAs":["https:\/\/www.facebook.com\/Portal-Urbano-171542830093757\/","https:\/\/twitter.com\/portalurbanook","https:\/\/www.instagram.com\/_portalurbano\/","https:\/\/www.youtube.com\/channel\/UCXhagIfszH8KxFiOok79zbA?view_as=subscriber"]},{"@type":"Person","@id":"https:\/\/experienciadevida.com.ar\/portalurbano\/#\/schema\/person\/02dd326b1c4b056e9cc972486934a3a7","name":"admpu17wp","image":{"@type":"ImageObject","inLanguage":"es","@id":"https:\/\/experienciadevida.com.ar\/portalurbano\/#\/schema\/person\/image\/","url":"https:\/\/secure.gravatar.com\/avatar\/830d4c57adaae6630765e449a6908047?s=96&d=mm&r=g","contentUrl":"https:\/\/secure.gravatar.com\/avatar\/830d4c57adaae6630765e449a6908047?s=96&d=mm&r=g","caption":"admpu17wp"}}]}},"featured_image_urls":{"full":["https:\/\/experienciadevida.com.ar\/portalurbano\/wp-content\/uploads\/2019\/06\/0005896097-e1561498945476.jpg",750,519,false],"thumbnail":["https:\/\/experienciadevida.com.ar\/portalurbano\/wp-content\/uploads\/2019\/06\/0005896097-150x150.jpg",150,150,true],"medium":["https:\/\/experienciadevida.com.ar\/portalurbano\/wp-content\/uploads\/2019\/06\/0005896097-300x208.jpg",300,208,true],"medium_large":["https:\/\/experienciadevida.com.ar\/portalurbano\/wp-content\/uploads\/2019\/06\/0005896097-768x532.jpg",640,443,true],"large":["https:\/\/experienciadevida.com.ar\/portalurbano\/wp-content\/uploads\/2019\/06\/0005896097-1024x709.jpg",640,443,true],"ug_big":["https:\/\/experienciadevida.com.ar\/portalurbano\/wp-content\/uploads\/2019\/06\/0005896097-768x532.jpg",768,532,true],"1536x1536":["https:\/\/experienciadevida.com.ar\/portalurbano\/wp-content\/uploads\/2019\/06\/0005896097-e1561498945476.jpg",750,519,false],"2048x2048":["https:\/\/experienciadevida.com.ar\/portalurbano\/wp-content\/uploads\/2019\/06\/0005896097-e1561498945476.jpg",750,519,false],"newsever-slider-full":["https:\/\/experienciadevida.com.ar\/portalurbano\/wp-content\/uploads\/2019\/06\/0005896097-e1561498945476.jpg",750,519,false],"newsever-featured":["https:\/\/experienciadevida.com.ar\/portalurbano\/wp-content\/uploads\/2019\/06\/0005896097-e1561498945476.jpg",750,519,false],"newsever-medium":["https:\/\/experienciadevida.com.ar\/portalurbano\/wp-content\/uploads\/2019\/06\/0005896097-e1561498945476.jpg",686,475,false],"web-stories-poster-portrait":["https:\/\/experienciadevida.com.ar\/portalurbano\/wp-content\/uploads\/2019\/06\/0005896097-e1561498945476.jpg",640,443,false],"web-stories-publisher-logo":["https:\/\/experienciadevida.com.ar\/portalurbano\/wp-content\/uploads\/2019\/06\/0005896097-e1561498945476.jpg",96,66,false],"web-stories-thumbnail":["https:\/\/experienciadevida.com.ar\/portalurbano\/wp-content\/uploads\/2019\/06\/0005896097-e1561498945476.jpg",150,104,false]},"author_info":{"display_name":"admpu17wp","author_link":"https:\/\/experienciadevida.com.ar\/portalurbano\/author\/admpu17wp\/"},"category_info":"<a href=\"https:\/\/experienciadevida.com.ar\/portalurbano\/category\/nacion\/\" rel=\"category tag\">Naci\u00f3n<\/a>","tag_info":"Naci\u00f3n","comment_count":"0","amp_enabled":true,"_links":{"self":[{"href":"https:\/\/experienciadevida.com.ar\/portalurbano\/wp-json\/wp\/v2\/posts\/74366"}],"collection":[{"href":"https:\/\/experienciadevida.com.ar\/portalurbano\/wp-json\/wp\/v2\/posts"}],"about":[{"href":"https:\/\/experienciadevida.com.ar\/portalurbano\/wp-json\/wp\/v2\/types\/post"}],"author":[{"embeddable":true,"href":"https:\/\/experienciadevida.com.ar\/portalurbano\/wp-json\/wp\/v2\/users\/1"}],"replies":[{"embeddable":true,"href":"https:\/\/experienciadevida.com.ar\/portalurbano\/wp-json\/wp\/v2\/comments?post=74366"}],"version-history":[{"count":2,"href":"https:\/\/experienciadevida.com.ar\/portalurbano\/wp-json\/wp\/v2\/posts\/74366\/revisions"}],"predecessor-version":[{"id":74372,"href":"https:\/\/experienciadevida.com.ar\/portalurbano\/wp-json\/wp\/v2\/posts\/74366\/revisions\/74372"}],"wp:featuredmedia":[{"embeddable":true,"href":"https:\/\/experienciadevida.com.ar\/portalurbano\/wp-json\/wp\/v2\/media\/74370"}],"wp:attachment":[{"href":"https:\/\/experienciadevida.com.ar\/portalurbano\/wp-json\/wp\/v2\/media?parent=74366"}],"wp:term":[{"taxonomy":"category","embeddable":true,"href":"https:\/\/experienciadevida.com.ar\/portalurbano\/wp-json\/wp\/v2\/categories?post=74366"},{"taxonomy":"post_tag","embeddable":true,"href":"https:\/\/experienciadevida.com.ar\/portalurbano\/wp-json\/wp\/v2\/tags?post=74366"}],"curies":[{"name":"wp","href":"https:\/\/api.w.org\/{rel}","templated":true}]}}