{"id":74246,"date":"2019-06-24T17:56:44","date_gmt":"2019-06-24T20:56:44","guid":{"rendered":"https:\/\/experienciadevida.com.ar\/portalurbano\/?p=74246"},"modified":"2019-06-24T17:56:44","modified_gmt":"2019-06-24T20:56:44","slug":"caso-ypf-la-corte-suprema-de-estados-unidos-fallo-en-contra-de-argentina","status":"publish","type":"post","link":"https:\/\/experienciadevida.com.ar\/portalurbano\/caso-ypf-la-corte-suprema-de-estados-unidos-fallo-en-contra-de-argentina\/","title":{"rendered":"Caso YPF: La Corte Suprema de Estados Unidos fall\u00f3 en contra de Argentina"},"content":{"rendered":"<p><strong>La Corte Suprema rechaz\u00f3 el pedido de Argentina de llevar adelante el juicio en el pa\u00eds y, finalmente, se realizar\u00e1 en tierras estadounidenses.<\/strong><\/p>\n<p>La\u00a0Corte Suprema\u00a0de Estados Unidos rechaz\u00f3 el pedido de\u00a0Argentina\u00a0de llevar la jurisdicci\u00f3n de la demanda que un fondo buitre le realiz\u00f3 al pa\u00eds. Es por la expropiaci\u00f3n de YPF. El pais puede ser condenado a pagar USD 3.000 millones.<\/p>\n<p>Argentina hab\u00eda presentadao un recurso de &#8220;certiorari&#8221; (presentaci\u00f3n directa) ante la Corte Suprema, en el que el pa\u00eds plante\u00f3 la falta de jurisdicci\u00f3n de los tribunales norteamericanos para analizar la demanda que inici\u00f3 el fondo de inversiones Burford por la nacionalizaci\u00f3n de 2012.<\/p>\n<p>Sin embargo, la Corte Suprema rechaz\u00f3 esa solicitud que, ahora, significa un duro golpe para las arcas del pa\u00eds. La definici\u00f3n de la Corte habilita de manera autom\u00e1tica a la jueza de primera instancia del Distrito Sur de Nueva York, Loretta Preska, a continuar el proceso.<\/p>\n<p>A comienzos de junio, Preska hab\u00eda fallado en favor del pedido de la Argentina de suspender el juicio de los denominados casos Petersen y Eaton Park Capital, por la nacionalizaci\u00f3n de YPF.<\/p>\n<p>La postura de la jueza fue esperar hasta tanto la Corte Suprema de Justicia de Estados Unidos se expida sobre la jurisdicci\u00f3n en que deber\u00e1 dirimirse el reclamo.<\/p>\n","protected":false},"excerpt":{"rendered":"<p>La Corte Suprema rechaz\u00f3 el pedido de Argentina de llevar adelante el juicio en el&#8230;<\/p>\n","protected":false},"author":1,"featured_media":74247,"comment_status":"open","ping_status":"open","sticky":false,"template":"","format":"standard","meta":{"content-type":""},"categories":[39],"tags":[],"nelio_content":{"isAutoShareEnabled":false,"autoShareEndMode":"default","automationSources":{"useContentSentences":true,"useSocialTemplates":true,"useCustomSentences":false,"customSentences":[]},"followers":[1],"suggestedReferences":[],"includedReferences":[],"efiUrl":"","efiAlt":"","highlights":[]},"yoast_head":"<!-- This site is optimized with the Yoast SEO plugin v20.7 - https:\/\/yoast.com\/wordpress\/plugins\/seo\/ -->\n<title>Caso YPF: La Corte Suprema de Estados Unidos fall\u00f3 en contra de Argentina -<\/title>\n<meta name=\"robots\" content=\"index, follow, max-snippet:-1, max-image-preview:large, max-video-preview:-1\" \/>\n<link rel=\"canonical\" href=\"https:\/\/experienciadevida.com.ar\/portalurbano\/caso-ypf-la-corte-suprema-de-estados-unidos-fallo-en-contra-de-argentina\/\" \/>\n<meta property=\"og:locale\" content=\"es_ES\" \/>\n<meta property=\"og:type\" content=\"article\" \/>\n<meta property=\"og:title\" content=\"Caso YPF: La Corte Suprema de Estados Unidos fall\u00f3 en contra de Argentina -\" \/>\n<meta property=\"og:description\" content=\"La Corte Suprema rechaz\u00f3 el pedido de Argentina de llevar adelante el juicio en el...\" \/>\n<meta property=\"og:url\" content=\"https:\/\/experienciadevida.com.ar\/portalurbano\/caso-ypf-la-corte-suprema-de-estados-unidos-fallo-en-contra-de-argentina\/\" \/>\n<meta property=\"article:publisher\" content=\"https:\/\/www.facebook.com\/Portal-Urbano-171542830093757\/\" \/>\n<meta property=\"article:published_time\" content=\"2019-06-24T20:56:44+00:00\" \/>\n<meta property=\"og:image\" content=\"https:\/\/experienciadevida.com.ar\/portalurbano\/wp-content\/uploads\/2019\/06\/0005684992-e1561409789386.jpg\" \/>\n\t<meta property=\"og:image:width\" content=\"750\" \/>\n\t<meta property=\"og:image:height\" content=\"447\" \/>\n\t<meta property=\"og:image:type\" content=\"image\/jpeg\" \/>\n<meta name=\"author\" content=\"admpu17wp\" \/>\n<meta name=\"twitter:card\" content=\"summary_large_image\" \/>\n<meta name=\"twitter:creator\" content=\"@portalurbanook\" \/>\n<meta name=\"twitter:site\" content=\"@portalurbanook\" \/>\n<meta name=\"twitter:label1\" content=\"Escrito por\" \/>\n\t<meta name=\"twitter:data1\" content=\"admpu17wp\" \/>\n\t<meta name=\"twitter:label2\" content=\"Tiempo de lectura\" \/>\n\t<meta name=\"twitter:data2\" content=\"1 minuto\" \/>\n<script type=\"application\/ld+json\" class=\"yoast-schema-graph\">{\"@context\":\"https:\/\/schema.org\",\"@graph\":[{\"@type\":\"Article\",\"@id\":\"https:\/\/experienciadevida.com.ar\/portalurbano\/caso-ypf-la-corte-suprema-de-estados-unidos-fallo-en-contra-de-argentina\/#article\",\"isPartOf\":{\"@id\":\"https:\/\/experienciadevida.com.ar\/portalurbano\/caso-ypf-la-corte-suprema-de-estados-unidos-fallo-en-contra-de-argentina\/\"},\"author\":{\"name\":\"admpu17wp\",\"@id\":\"https:\/\/experienciadevida.com.ar\/portalurbano\/#\/schema\/person\/02dd326b1c4b056e9cc972486934a3a7\"},\"headline\":\"Caso YPF: La Corte Suprema de Estados Unidos fall\u00f3 en contra de Argentina\",\"datePublished\":\"2019-06-24T20:56:44+00:00\",\"dateModified\":\"2019-06-24T20:56:44+00:00\",\"mainEntityOfPage\":{\"@id\":\"https:\/\/experienciadevida.com.ar\/portalurbano\/caso-ypf-la-corte-suprema-de-estados-unidos-fallo-en-contra-de-argentina\/\"},\"wordCount\":240,\"commentCount\":0,\"publisher\":{\"@id\":\"https:\/\/experienciadevida.com.ar\/portalurbano\/#organization\"},\"articleSection\":[\"Naci\u00f3n\"],\"inLanguage\":\"es\",\"potentialAction\":[{\"@type\":\"CommentAction\",\"name\":\"Comment\",\"target\":[\"https:\/\/experienciadevida.com.ar\/portalurbano\/caso-ypf-la-corte-suprema-de-estados-unidos-fallo-en-contra-de-argentina\/#respond\"]}]},{\"@type\":\"WebPage\",\"@id\":\"https:\/\/experienciadevida.com.ar\/portalurbano\/caso-ypf-la-corte-suprema-de-estados-unidos-fallo-en-contra-de-argentina\/\",\"url\":\"https:\/\/experienciadevida.com.ar\/portalurbano\/caso-ypf-la-corte-suprema-de-estados-unidos-fallo-en-contra-de-argentina\/\",\"name\":\"Caso YPF: La Corte Suprema de Estados Unidos fall\u00f3 en contra de Argentina -\",\"isPartOf\":{\"@id\":\"https:\/\/experienciadevida.com.ar\/portalurbano\/#website\"},\"datePublished\":\"2019-06-24T20:56:44+00:00\",\"dateModified\":\"2019-06-24T20:56:44+00:00\",\"breadcrumb\":{\"@id\":\"https:\/\/experienciadevida.com.ar\/portalurbano\/caso-ypf-la-corte-suprema-de-estados-unidos-fallo-en-contra-de-argentina\/#breadcrumb\"},\"inLanguage\":\"es\",\"potentialAction\":[{\"@type\":\"ReadAction\",\"target\":[\"https:\/\/experienciadevida.com.ar\/portalurbano\/caso-ypf-la-corte-suprema-de-estados-unidos-fallo-en-contra-de-argentina\/\"]}]},{\"@type\":\"BreadcrumbList\",\"@id\":\"https:\/\/experienciadevida.com.ar\/portalurbano\/caso-ypf-la-corte-suprema-de-estados-unidos-fallo-en-contra-de-argentina\/#breadcrumb\",\"itemListElement\":[{\"@type\":\"ListItem\",\"position\":1,\"name\":\"Portada\",\"item\":\"https:\/\/experienciadevida.com.ar\/portalurbano\/\"},{\"@type\":\"ListItem\",\"position\":2,\"name\":\"Caso YPF: La Corte Suprema de Estados Unidos fall\u00f3 en contra de Argentina\"}]},{\"@type\":\"WebSite\",\"@id\":\"https:\/\/experienciadevida.com.ar\/portalurbano\/#website\",\"url\":\"https:\/\/experienciadevida.com.ar\/portalurbano\/\",\"name\":\"\",\"description\":\"\",\"publisher\":{\"@id\":\"https:\/\/experienciadevida.com.ar\/portalurbano\/#organization\"},\"potentialAction\":[{\"@type\":\"SearchAction\",\"target\":{\"@type\":\"EntryPoint\",\"urlTemplate\":\"https:\/\/experienciadevida.com.ar\/portalurbano\/?s={search_term_string}\"},\"query-input\":\"required name=search_term_string\"}],\"inLanguage\":\"es\"},{\"@type\":\"Organization\",\"@id\":\"https:\/\/experienciadevida.com.ar\/portalurbano\/#organization\",\"name\":\"Portal Urbano\",\"url\":\"https:\/\/experienciadevida.com.ar\/portalurbano\/\",\"logo\":{\"@type\":\"ImageObject\",\"inLanguage\":\"es\",\"@id\":\"https:\/\/experienciadevida.com.ar\/portalurbano\/#\/schema\/logo\/image\/\",\"url\":\"https:\/\/experienciadevida.com.ar\/portalurbano\/wp-content\/uploads\/2019\/09\/Logo-Original.png\",\"contentUrl\":\"https:\/\/experienciadevida.com.ar\/portalurbano\/wp-content\/uploads\/2019\/09\/Logo-Original.png\",\"width\":2236,\"height\":1216,\"caption\":\"Portal Urbano\"},\"image\":{\"@id\":\"https:\/\/experienciadevida.com.ar\/portalurbano\/#\/schema\/logo\/image\/\"},\"sameAs\":[\"https:\/\/www.facebook.com\/Portal-Urbano-171542830093757\/\",\"https:\/\/twitter.com\/portalurbanook\",\"https:\/\/www.instagram.com\/_portalurbano\/\",\"https:\/\/www.youtube.com\/channel\/UCXhagIfszH8KxFiOok79zbA?view_as=subscriber\"]},{\"@type\":\"Person\",\"@id\":\"https:\/\/experienciadevida.com.ar\/portalurbano\/#\/schema\/person\/02dd326b1c4b056e9cc972486934a3a7\",\"name\":\"admpu17wp\",\"image\":{\"@type\":\"ImageObject\",\"inLanguage\":\"es\",\"@id\":\"https:\/\/experienciadevida.com.ar\/portalurbano\/#\/schema\/person\/image\/\",\"url\":\"https:\/\/secure.gravatar.com\/avatar\/830d4c57adaae6630765e449a6908047?s=96&d=mm&r=g\",\"contentUrl\":\"https:\/\/secure.gravatar.com\/avatar\/830d4c57adaae6630765e449a6908047?s=96&d=mm&r=g\",\"caption\":\"admpu17wp\"}}]}<\/script>\n<!-- \/ Yoast SEO plugin. -->","yoast_head_json":{"title":"Caso YPF: La Corte Suprema de Estados Unidos fall\u00f3 en contra de Argentina -","robots":{"index":"index","follow":"follow","max-snippet":"max-snippet:-1","max-image-preview":"max-image-preview:large","max-video-preview":"max-video-preview:-1"},"canonical":"https:\/\/experienciadevida.com.ar\/portalurbano\/caso-ypf-la-corte-suprema-de-estados-unidos-fallo-en-contra-de-argentina\/","og_locale":"es_ES","og_type":"article","og_title":"Caso YPF: La Corte Suprema de Estados Unidos fall\u00f3 en contra de Argentina -","og_description":"La Corte Suprema rechaz\u00f3 el pedido de Argentina de llevar adelante el juicio en el...","og_url":"https:\/\/experienciadevida.com.ar\/portalurbano\/caso-ypf-la-corte-suprema-de-estados-unidos-fallo-en-contra-de-argentina\/","article_publisher":"https:\/\/www.facebook.com\/Portal-Urbano-171542830093757\/","article_published_time":"2019-06-24T20:56:44+00:00","og_image":[{"width":750,"height":447,"url":"https:\/\/experienciadevida.com.ar\/portalurbano\/wp-content\/uploads\/2019\/06\/0005684992-e1561409789386.jpg","type":"image\/jpeg"}],"author":"admpu17wp","twitter_card":"summary_large_image","twitter_creator":"@portalurbanook","twitter_site":"@portalurbanook","twitter_misc":{"Escrito por":"admpu17wp","Tiempo de lectura":"1 minuto"},"schema":{"@context":"https:\/\/schema.org","@graph":[{"@type":"Article","@id":"https:\/\/experienciadevida.com.ar\/portalurbano\/caso-ypf-la-corte-suprema-de-estados-unidos-fallo-en-contra-de-argentina\/#article","isPartOf":{"@id":"https:\/\/experienciadevida.com.ar\/portalurbano\/caso-ypf-la-corte-suprema-de-estados-unidos-fallo-en-contra-de-argentina\/"},"author":{"name":"admpu17wp","@id":"https:\/\/experienciadevida.com.ar\/portalurbano\/#\/schema\/person\/02dd326b1c4b056e9cc972486934a3a7"},"headline":"Caso YPF: La Corte Suprema de Estados Unidos fall\u00f3 en contra de Argentina","datePublished":"2019-06-24T20:56:44+00:00","dateModified":"2019-06-24T20:56:44+00:00","mainEntityOfPage":{"@id":"https:\/\/experienciadevida.com.ar\/portalurbano\/caso-ypf-la-corte-suprema-de-estados-unidos-fallo-en-contra-de-argentina\/"},"wordCount":240,"commentCount":0,"publisher":{"@id":"https:\/\/experienciadevida.com.ar\/portalurbano\/#organization"},"articleSection":["Naci\u00f3n"],"inLanguage":"es","potentialAction":[{"@type":"CommentAction","name":"Comment","target":["https:\/\/experienciadevida.com.ar\/portalurbano\/caso-ypf-la-corte-suprema-de-estados-unidos-fallo-en-contra-de-argentina\/#respond"]}]},{"@type":"WebPage","@id":"https:\/\/experienciadevida.com.ar\/portalurbano\/caso-ypf-la-corte-suprema-de-estados-unidos-fallo-en-contra-de-argentina\/","url":"https:\/\/experienciadevida.com.ar\/portalurbano\/caso-ypf-la-corte-suprema-de-estados-unidos-fallo-en-contra-de-argentina\/","name":"Caso YPF: La Corte Suprema de Estados Unidos fall\u00f3 en contra de Argentina -","isPartOf":{"@id":"https:\/\/experienciadevida.com.ar\/portalurbano\/#website"},"datePublished":"2019-06-24T20:56:44+00:00","dateModified":"2019-06-24T20:56:44+00:00","breadcrumb":{"@id":"https:\/\/experienciadevida.com.ar\/portalurbano\/caso-ypf-la-corte-suprema-de-estados-unidos-fallo-en-contra-de-argentina\/#breadcrumb"},"inLanguage":"es","potentialAction":[{"@type":"ReadAction","target":["https:\/\/experienciadevida.com.ar\/portalurbano\/caso-ypf-la-corte-suprema-de-estados-unidos-fallo-en-contra-de-argentina\/"]}]},{"@type":"BreadcrumbList","@id":"https:\/\/experienciadevida.com.ar\/portalurbano\/caso-ypf-la-corte-suprema-de-estados-unidos-fallo-en-contra-de-argentina\/#breadcrumb","itemListElement":[{"@type":"ListItem","position":1,"name":"Portada","item":"https:\/\/experienciadevida.com.ar\/portalurbano\/"},{"@type":"ListItem","position":2,"name":"Caso YPF: La Corte Suprema de Estados Unidos fall\u00f3 en contra de Argentina"}]},{"@type":"WebSite","@id":"https:\/\/experienciadevida.com.ar\/portalurbano\/#website","url":"https:\/\/experienciadevida.com.ar\/portalurbano\/","name":"","description":"","publisher":{"@id":"https:\/\/experienciadevida.com.ar\/portalurbano\/#organization"},"potentialAction":[{"@type":"SearchAction","target":{"@type":"EntryPoint","urlTemplate":"https:\/\/experienciadevida.com.ar\/portalurbano\/?s={search_term_string}"},"query-input":"required name=search_term_string"}],"inLanguage":"es"},{"@type":"Organization","@id":"https:\/\/experienciadevida.com.ar\/portalurbano\/#organization","name":"Portal Urbano","url":"https:\/\/experienciadevida.com.ar\/portalurbano\/","logo":{"@type":"ImageObject","inLanguage":"es","@id":"https:\/\/experienciadevida.com.ar\/portalurbano\/#\/schema\/logo\/image\/","url":"https:\/\/experienciadevida.com.ar\/portalurbano\/wp-content\/uploads\/2019\/09\/Logo-Original.png","contentUrl":"https:\/\/experienciadevida.com.ar\/portalurbano\/wp-content\/uploads\/2019\/09\/Logo-Original.png","width":2236,"height":1216,"caption":"Portal Urbano"},"image":{"@id":"https:\/\/experienciadevida.com.ar\/portalurbano\/#\/schema\/logo\/image\/"},"sameAs":["https:\/\/www.facebook.com\/Portal-Urbano-171542830093757\/","https:\/\/twitter.com\/portalurbanook","https:\/\/www.instagram.com\/_portalurbano\/","https:\/\/www.youtube.com\/channel\/UCXhagIfszH8KxFiOok79zbA?view_as=subscriber"]},{"@type":"Person","@id":"https:\/\/experienciadevida.com.ar\/portalurbano\/#\/schema\/person\/02dd326b1c4b056e9cc972486934a3a7","name":"admpu17wp","image":{"@type":"ImageObject","inLanguage":"es","@id":"https:\/\/experienciadevida.com.ar\/portalurbano\/#\/schema\/person\/image\/","url":"https:\/\/secure.gravatar.com\/avatar\/830d4c57adaae6630765e449a6908047?s=96&d=mm&r=g","contentUrl":"https:\/\/secure.gravatar.com\/avatar\/830d4c57adaae6630765e449a6908047?s=96&d=mm&r=g","caption":"admpu17wp"}}]}},"featured_image_urls":{"full":["https:\/\/experienciadevida.com.ar\/portalurbano\/wp-content\/uploads\/2019\/06\/0005684992-e1561409789386.jpg",750,447,false],"thumbnail":["https:\/\/experienciadevida.com.ar\/portalurbano\/wp-content\/uploads\/2019\/06\/0005684992-150x150.jpg",150,150,true],"medium":["https:\/\/experienciadevida.com.ar\/portalurbano\/wp-content\/uploads\/2019\/06\/0005684992-300x179.jpg",300,179,true],"medium_large":["https:\/\/experienciadevida.com.ar\/portalurbano\/wp-content\/uploads\/2019\/06\/0005684992-768x458.jpg",640,382,true],"large":["https:\/\/experienciadevida.com.ar\/portalurbano\/wp-content\/uploads\/2019\/06\/0005684992-1024x611.jpg",640,382,true],"ug_big":["https:\/\/experienciadevida.com.ar\/portalurbano\/wp-content\/uploads\/2019\/06\/0005684992-768x458.jpg",768,458,true],"1536x1536":["https:\/\/experienciadevida.com.ar\/portalurbano\/wp-content\/uploads\/2019\/06\/0005684992-e1561409789386.jpg",750,447,false],"2048x2048":["https:\/\/experienciadevida.com.ar\/portalurbano\/wp-content\/uploads\/2019\/06\/0005684992-e1561409789386.jpg",750,447,false],"newsever-slider-full":["https:\/\/experienciadevida.com.ar\/portalurbano\/wp-content\/uploads\/2019\/06\/0005684992-e1561409789386.jpg",750,447,false],"newsever-featured":["https:\/\/experienciadevida.com.ar\/portalurbano\/wp-content\/uploads\/2019\/06\/0005684992-e1561409789386.jpg",750,447,false],"newsever-medium":["https:\/\/experienciadevida.com.ar\/portalurbano\/wp-content\/uploads\/2019\/06\/0005684992-e1561409789386.jpg",720,429,false],"web-stories-poster-portrait":["https:\/\/experienciadevida.com.ar\/portalurbano\/wp-content\/uploads\/2019\/06\/0005684992-e1561409789386.jpg",640,381,false],"web-stories-publisher-logo":["https:\/\/experienciadevida.com.ar\/portalurbano\/wp-content\/uploads\/2019\/06\/0005684992-e1561409789386.jpg",96,57,false],"web-stories-thumbnail":["https:\/\/experienciadevida.com.ar\/portalurbano\/wp-content\/uploads\/2019\/06\/0005684992-e1561409789386.jpg",150,89,false]},"author_info":{"display_name":"admpu17wp","author_link":"https:\/\/experienciadevida.com.ar\/portalurbano\/author\/admpu17wp\/"},"category_info":"<a href=\"https:\/\/experienciadevida.com.ar\/portalurbano\/category\/nacion\/\" rel=\"category tag\">Naci\u00f3n<\/a>","tag_info":"Naci\u00f3n","comment_count":"0","amp_enabled":true,"_links":{"self":[{"href":"https:\/\/experienciadevida.com.ar\/portalurbano\/wp-json\/wp\/v2\/posts\/74246"}],"collection":[{"href":"https:\/\/experienciadevida.com.ar\/portalurbano\/wp-json\/wp\/v2\/posts"}],"about":[{"href":"https:\/\/experienciadevida.com.ar\/portalurbano\/wp-json\/wp\/v2\/types\/post"}],"author":[{"embeddable":true,"href":"https:\/\/experienciadevida.com.ar\/portalurbano\/wp-json\/wp\/v2\/users\/1"}],"replies":[{"embeddable":true,"href":"https:\/\/experienciadevida.com.ar\/portalurbano\/wp-json\/wp\/v2\/comments?post=74246"}],"version-history":[{"count":1,"href":"https:\/\/experienciadevida.com.ar\/portalurbano\/wp-json\/wp\/v2\/posts\/74246\/revisions"}],"predecessor-version":[{"id":74248,"href":"https:\/\/experienciadevida.com.ar\/portalurbano\/wp-json\/wp\/v2\/posts\/74246\/revisions\/74248"}],"wp:featuredmedia":[{"embeddable":true,"href":"https:\/\/experienciadevida.com.ar\/portalurbano\/wp-json\/wp\/v2\/media\/74247"}],"wp:attachment":[{"href":"https:\/\/experienciadevida.com.ar\/portalurbano\/wp-json\/wp\/v2\/media?parent=74246"}],"wp:term":[{"taxonomy":"category","embeddable":true,"href":"https:\/\/experienciadevida.com.ar\/portalurbano\/wp-json\/wp\/v2\/categories?post=74246"},{"taxonomy":"post_tag","embeddable":true,"href":"https:\/\/experienciadevida.com.ar\/portalurbano\/wp-json\/wp\/v2\/tags?post=74246"}],"curies":[{"name":"wp","href":"https:\/\/api.w.org\/{rel}","templated":true}]}}