{"id":73668,"date":"2019-06-20T13:05:25","date_gmt":"2019-06-20T16:05:25","guid":{"rendered":"https:\/\/experienciadevida.com.ar\/portalurbano\/?p=73668"},"modified":"2019-06-20T13:05:25","modified_gmt":"2019-06-20T16:05:25","slug":"la-ciencia-confirma-que-la-bandera-de-manuel-belgrano-era-blanca-y-azul-indigo","status":"publish","type":"post","link":"https:\/\/experienciadevida.com.ar\/portalurbano\/la-ciencia-confirma-que-la-bandera-de-manuel-belgrano-era-blanca-y-azul-indigo\/","title":{"rendered":"La ciencia confirma que la bandera de Manuel Belgrano era blanca y azul \u00edndigo"},"content":{"rendered":"<p>Tres franjas horizontales: dos blancas en los extremos y una central de color azul \u00edndigo. As\u00ed fue la conocida como Bandera de Macha, una de las dos que enarbol\u00f3 el Ej\u00e9rcito Auxiliar del Alto Per\u00fa, al mando de Manuel Belgrano, que el general mantuvo ocultas a sus enemigos tras las derrotas en las batallas de Vilcapugio y Ayohuma, en 1813.<\/p>\n<p>No pocos historiadores aseguran que la Bandera de Macha -localidad de Bolivia donde se estableci\u00f3 el cuartel general de nuestro ej\u00e9rcito tras la batalla de Vilcapugio- es \u201cla original\u201d, aquella que Belgrano orden\u00f3 izar como primer pabell\u00f3n patrio el 27 de febrero de 1812 a orillas del R\u00edo Paran\u00e1.<\/p>\n<p>Hay un antecedente cercano que no debe provocar confusi\u00f3n. En 2017, el mismo equipo de expertos del Centro de Qu\u00edmica Inorg\u00e1nica (Cequinor) del Conicet La Plata-UNLP, estableci\u00f3 junto con colegas de Brasil que la bandera ordenada en 1814 por Bernab\u00e9 Ar\u00e1oz, primer gobernador intendente de Tucum\u00e1n, era \u201cblanca y azul de ultramar\u201d.<\/p>\n<p>Ahora, la doctora en Qu\u00edmica e investigadora adjunta del Conicet, Lorena Picone; la investigadora principal del Conicet y vicedirectora del Cequinor, Rosana Romano, y el investigador superior del Conicet, director del Cequinor y coordinador del trabajo, Carlos Della V\u00e9dova, analizaron la composici\u00f3n qu\u00edmica del pabell\u00f3n patrio que se conserva en Macha, Bolivia, y determinaron el origen del colorante usado.<\/p>\n<p>Los resultados de los estudios espectrosc\u00f3picos y qu\u00edmicos dicen que la bandera que se conserva hasta hoy en la Casa de la Libertad de la ciudad boliviana de Sucre, junto a los restos de Juana Azurduy, ten\u00eda dos franjas horizontales blancas y una central de color azul \u00edndigo.<\/p>\n<p>Explican los investigadores platenses -cuyo desarrollo fue publicado por la revista cient\u00edfica internacional ACS Omega- que el trabajo encuadra en la rama de estudio denominada \u201cespectrohistoria\u201d, que ayuda a desentra\u00f1ar, nada m\u00e1s y nada menos, controversias de car\u00e1cter hist\u00f3rico en base al rigor cient\u00edfico.<\/p>\n<p><strong>\u00d3rdenes<\/strong><\/p>\n<p>Despu\u00e9s de los triunfos del Ej\u00e9rcito del Norte en Tucum\u00e1n y Salta, el gobierno de Buenos Aires inst\u00f3 a Belgrano a continuar con la campa\u00f1a en el Alto Per\u00fa. Ya enfermo de paludismo, con dificultades para abastecer el ej\u00e9rcito a su mando -repleto de reclutas nuevos y con deficiente artiller\u00eda- acat\u00f3 no obstante la orden. Tras las derrotas en Vilcapugio y Ayohuma, Belgrano le pidi\u00f3 al coronel Cornelio Zelaya que oculte las dos banderas que portaban para evitar que caigan en manos enemigas.<\/p>\n<p>Una fue guardada en una capilla del paraje Titiri, a 4.350 metros sobre el nivel del mar, cerca de Macha. En 1883 fueron halladas las dos: la de Macha y la conocida como Bandera de Ayohuma, hoy en el Museo Nacional de Buenos Aires.<\/p>\n<p>Este trabajo enlaza con el estudio anterior sobre la bandera de Tucum\u00e1n -la que encarg\u00f3 en 1814 el entonces gobernador de esa provincia- que result\u00f3 ser blanca y azul ultramar. Con esos resultados y \u201csabiendo que la bandera preservada m\u00e1s antigua estaba en Sucre\u201d, los cient\u00edficos iniciaron la empresa.<\/p>\n<p>Para el an\u00e1lisis de las hebras obtenidas en la Bandera de Macha, los expertos recurrieron a distintas metodolog\u00edas que permitieron dar la pauta de color, composici\u00f3n y tipo de tela.<\/p>\n<p>\u201cUno de los problemas para determinar el colorante empleado es que la bandera no tiene su color original, como ocurre con cualquier tela antigua. Y en este caso m\u00e1s todav\u00eda, ya que hablamos de una que tiene m\u00e1s de 200 a\u00f1os\u201d, apunta Romano. \u201cEntonces tuvimos que combinar t\u00e9cnicas y equipamiento: desde lo m\u00e1s sencillo, como an\u00e1lisis qu\u00edmicos, hasta fluorescencia de rayos X y espectroscop\u00eda Raman\u201d, detalla.<\/p>\n<p>\u201cCon estos an\u00e1lisis pudimos establecer que, para te\u00f1irla, se utiliz\u00f3 el \u00edndigo, un colorante natural. Dentro de \u00e9l existe una relaci\u00f3n de indigotina -un pigmento azul natural que produce la savia de la planta Isatis tinctoria, de la cual se lo extrajo- e indirubina, un compuesto qu\u00edmico que surge como subproducto del metabolismo bacteriano de la planta. Se sabe que la proporci\u00f3n de indigotina es mayor en los textiles coloreados europeos, que extraen su colorante de la Isatis tinctoria. \u00bfQu\u00e9 significa esto? Que el \u00edndigo empleado proviene de la Isatis tinctoria originaria de Europa, y no de Sudam\u00e9rica o de India. Todo esto lleva a afirmar que el pa\u00f1o con el que se confeccion\u00f3 la bandera ingres\u00f3 por el puerto de Buenos Aires\u201d, resalta Della V\u00e9dova, y ampl\u00eda: \u201cAdem\u00e1s del color, validamos que es de seda. Estudiamos el di\u00e1metro de la hebra -12 micrometros, lo que se corresponde con el valor de la seda- y por el entramado observamos que se trata del tipo de tejido conocido por su confecci\u00f3n como tafet\u00e1n\u201d.<\/p>\n<p>Es de destacar que a diferencia de la bandera de Tucum\u00e1n, sobre la cual los cient\u00edficos del Cequinor hab\u00edan hallado elementos qu\u00edmicos que daban cuenta \u201cde un proceso artificial para hacer m\u00e1s pesada la seda, o bien de tratamientos posteriores a su confecci\u00f3n a efectos de conservarla\u201d, la seda del pabell\u00f3n de Macha \u201cno presenta signos de alteraci\u00f3n y s\u00f3lo tiene restos de polvo por encima de su composici\u00f3n original\u201d.<\/p>\n<p>\u201cLo que pudimos establecer es independiente de cualquier tipo de prejuicio. Fueron determinaciones cient\u00edficas que precisaron la clase de planta de la que se extrajo el colorante\u201d, rematan en el Conicet. (DIB)<\/p>\n","protected":false},"excerpt":{"rendered":"<p>Tres franjas horizontales: dos blancas en los extremos y una central de color azul \u00edndigo&#8230;.<\/p>\n","protected":false},"author":1,"featured_media":73669,"comment_status":"open","ping_status":"open","sticky":false,"template":"","format":"standard","meta":{"content-type":""},"categories":[39],"tags":[],"nelio_content":{"isAutoShareEnabled":false,"autoShareEndMode":"default","automationSources":{"useContentSentences":true,"useSocialTemplates":true,"useCustomSentences":false,"customSentences":[]},"followers":[1],"suggestedReferences":[],"includedReferences":[],"efiUrl":"","efiAlt":"","highlights":[]},"yoast_head":"<!-- This site is optimized with the Yoast SEO plugin v20.7 - https:\/\/yoast.com\/wordpress\/plugins\/seo\/ -->\n<title>La ciencia confirma que la bandera de Manuel Belgrano era blanca y azul \u00edndigo -<\/title>\n<meta name=\"robots\" content=\"index, follow, max-snippet:-1, max-image-preview:large, max-video-preview:-1\" \/>\n<link rel=\"canonical\" href=\"https:\/\/experienciadevida.com.ar\/portalurbano\/la-ciencia-confirma-que-la-bandera-de-manuel-belgrano-era-blanca-y-azul-indigo\/\" \/>\n<meta property=\"og:locale\" content=\"es_ES\" \/>\n<meta property=\"og:type\" content=\"article\" \/>\n<meta property=\"og:title\" content=\"La ciencia confirma que la bandera de Manuel Belgrano era blanca y azul \u00edndigo -\" \/>\n<meta property=\"og:description\" content=\"Tres franjas horizontales: dos blancas en los extremos y una central de color azul \u00edndigo....\" \/>\n<meta property=\"og:url\" content=\"https:\/\/experienciadevida.com.ar\/portalurbano\/la-ciencia-confirma-que-la-bandera-de-manuel-belgrano-era-blanca-y-azul-indigo\/\" \/>\n<meta property=\"article:publisher\" content=\"https:\/\/www.facebook.com\/Portal-Urbano-171542830093757\/\" \/>\n<meta property=\"article:published_time\" content=\"2019-06-20T16:05:25+00:00\" \/>\n<meta property=\"og:image\" content=\"https:\/\/experienciadevida.com.ar\/portalurbano\/wp-content\/uploads\/2019\/06\/banderaarg-640x360.png\" \/>\n\t<meta property=\"og:image:width\" content=\"640\" \/>\n\t<meta property=\"og:image:height\" content=\"360\" \/>\n\t<meta property=\"og:image:type\" content=\"image\/png\" \/>\n<meta name=\"author\" content=\"admpu17wp\" \/>\n<meta name=\"twitter:card\" content=\"summary_large_image\" \/>\n<meta name=\"twitter:creator\" content=\"@portalurbanook\" \/>\n<meta name=\"twitter:site\" content=\"@portalurbanook\" \/>\n<meta name=\"twitter:label1\" content=\"Escrito por\" \/>\n\t<meta name=\"twitter:data1\" content=\"admpu17wp\" \/>\n\t<meta name=\"twitter:label2\" content=\"Tiempo de lectura\" \/>\n\t<meta name=\"twitter:data2\" content=\"5 minutos\" \/>\n<script type=\"application\/ld+json\" class=\"yoast-schema-graph\">{\"@context\":\"https:\/\/schema.org\",\"@graph\":[{\"@type\":\"Article\",\"@id\":\"https:\/\/experienciadevida.com.ar\/portalurbano\/la-ciencia-confirma-que-la-bandera-de-manuel-belgrano-era-blanca-y-azul-indigo\/#article\",\"isPartOf\":{\"@id\":\"https:\/\/experienciadevida.com.ar\/portalurbano\/la-ciencia-confirma-que-la-bandera-de-manuel-belgrano-era-blanca-y-azul-indigo\/\"},\"author\":{\"name\":\"admpu17wp\",\"@id\":\"https:\/\/experienciadevida.com.ar\/portalurbano\/#\/schema\/person\/02dd326b1c4b056e9cc972486934a3a7\"},\"headline\":\"La ciencia confirma que la bandera de Manuel Belgrano era blanca y azul \u00edndigo\",\"datePublished\":\"2019-06-20T16:05:25+00:00\",\"dateModified\":\"2019-06-20T16:05:25+00:00\",\"mainEntityOfPage\":{\"@id\":\"https:\/\/experienciadevida.com.ar\/portalurbano\/la-ciencia-confirma-que-la-bandera-de-manuel-belgrano-era-blanca-y-azul-indigo\/\"},\"wordCount\":932,\"commentCount\":0,\"publisher\":{\"@id\":\"https:\/\/experienciadevida.com.ar\/portalurbano\/#organization\"},\"articleSection\":[\"Naci\u00f3n\"],\"inLanguage\":\"es\",\"potentialAction\":[{\"@type\":\"CommentAction\",\"name\":\"Comment\",\"target\":[\"https:\/\/experienciadevida.com.ar\/portalurbano\/la-ciencia-confirma-que-la-bandera-de-manuel-belgrano-era-blanca-y-azul-indigo\/#respond\"]}]},{\"@type\":\"WebPage\",\"@id\":\"https:\/\/experienciadevida.com.ar\/portalurbano\/la-ciencia-confirma-que-la-bandera-de-manuel-belgrano-era-blanca-y-azul-indigo\/\",\"url\":\"https:\/\/experienciadevida.com.ar\/portalurbano\/la-ciencia-confirma-que-la-bandera-de-manuel-belgrano-era-blanca-y-azul-indigo\/\",\"name\":\"La ciencia confirma que la bandera de Manuel Belgrano era blanca y azul \u00edndigo -\",\"isPartOf\":{\"@id\":\"https:\/\/experienciadevida.com.ar\/portalurbano\/#website\"},\"datePublished\":\"2019-06-20T16:05:25+00:00\",\"dateModified\":\"2019-06-20T16:05:25+00:00\",\"breadcrumb\":{\"@id\":\"https:\/\/experienciadevida.com.ar\/portalurbano\/la-ciencia-confirma-que-la-bandera-de-manuel-belgrano-era-blanca-y-azul-indigo\/#breadcrumb\"},\"inLanguage\":\"es\",\"potentialAction\":[{\"@type\":\"ReadAction\",\"target\":[\"https:\/\/experienciadevida.com.ar\/portalurbano\/la-ciencia-confirma-que-la-bandera-de-manuel-belgrano-era-blanca-y-azul-indigo\/\"]}]},{\"@type\":\"BreadcrumbList\",\"@id\":\"https:\/\/experienciadevida.com.ar\/portalurbano\/la-ciencia-confirma-que-la-bandera-de-manuel-belgrano-era-blanca-y-azul-indigo\/#breadcrumb\",\"itemListElement\":[{\"@type\":\"ListItem\",\"position\":1,\"name\":\"Portada\",\"item\":\"https:\/\/experienciadevida.com.ar\/portalurbano\/\"},{\"@type\":\"ListItem\",\"position\":2,\"name\":\"La ciencia confirma que la bandera de Manuel Belgrano era blanca y azul \u00edndigo\"}]},{\"@type\":\"WebSite\",\"@id\":\"https:\/\/experienciadevida.com.ar\/portalurbano\/#website\",\"url\":\"https:\/\/experienciadevida.com.ar\/portalurbano\/\",\"name\":\"\",\"description\":\"\",\"publisher\":{\"@id\":\"https:\/\/experienciadevida.com.ar\/portalurbano\/#organization\"},\"potentialAction\":[{\"@type\":\"SearchAction\",\"target\":{\"@type\":\"EntryPoint\",\"urlTemplate\":\"https:\/\/experienciadevida.com.ar\/portalurbano\/?s={search_term_string}\"},\"query-input\":\"required name=search_term_string\"}],\"inLanguage\":\"es\"},{\"@type\":\"Organization\",\"@id\":\"https:\/\/experienciadevida.com.ar\/portalurbano\/#organization\",\"name\":\"Portal Urbano\",\"url\":\"https:\/\/experienciadevida.com.ar\/portalurbano\/\",\"logo\":{\"@type\":\"ImageObject\",\"inLanguage\":\"es\",\"@id\":\"https:\/\/experienciadevida.com.ar\/portalurbano\/#\/schema\/logo\/image\/\",\"url\":\"https:\/\/experienciadevida.com.ar\/portalurbano\/wp-content\/uploads\/2019\/09\/Logo-Original.png\",\"contentUrl\":\"https:\/\/experienciadevida.com.ar\/portalurbano\/wp-content\/uploads\/2019\/09\/Logo-Original.png\",\"width\":2236,\"height\":1216,\"caption\":\"Portal Urbano\"},\"image\":{\"@id\":\"https:\/\/experienciadevida.com.ar\/portalurbano\/#\/schema\/logo\/image\/\"},\"sameAs\":[\"https:\/\/www.facebook.com\/Portal-Urbano-171542830093757\/\",\"https:\/\/twitter.com\/portalurbanook\",\"https:\/\/www.instagram.com\/_portalurbano\/\",\"https:\/\/www.youtube.com\/channel\/UCXhagIfszH8KxFiOok79zbA?view_as=subscriber\"]},{\"@type\":\"Person\",\"@id\":\"https:\/\/experienciadevida.com.ar\/portalurbano\/#\/schema\/person\/02dd326b1c4b056e9cc972486934a3a7\",\"name\":\"admpu17wp\",\"image\":{\"@type\":\"ImageObject\",\"inLanguage\":\"es\",\"@id\":\"https:\/\/experienciadevida.com.ar\/portalurbano\/#\/schema\/person\/image\/\",\"url\":\"https:\/\/secure.gravatar.com\/avatar\/830d4c57adaae6630765e449a6908047?s=96&d=mm&r=g\",\"contentUrl\":\"https:\/\/secure.gravatar.com\/avatar\/830d4c57adaae6630765e449a6908047?s=96&d=mm&r=g\",\"caption\":\"admpu17wp\"}}]}<\/script>\n<!-- \/ Yoast SEO plugin. -->","yoast_head_json":{"title":"La ciencia confirma que la bandera de Manuel Belgrano era blanca y azul \u00edndigo -","robots":{"index":"index","follow":"follow","max-snippet":"max-snippet:-1","max-image-preview":"max-image-preview:large","max-video-preview":"max-video-preview:-1"},"canonical":"https:\/\/experienciadevida.com.ar\/portalurbano\/la-ciencia-confirma-que-la-bandera-de-manuel-belgrano-era-blanca-y-azul-indigo\/","og_locale":"es_ES","og_type":"article","og_title":"La ciencia confirma que la bandera de Manuel Belgrano era blanca y azul \u00edndigo -","og_description":"Tres franjas horizontales: dos blancas en los extremos y una central de color azul \u00edndigo....","og_url":"https:\/\/experienciadevida.com.ar\/portalurbano\/la-ciencia-confirma-que-la-bandera-de-manuel-belgrano-era-blanca-y-azul-indigo\/","article_publisher":"https:\/\/www.facebook.com\/Portal-Urbano-171542830093757\/","article_published_time":"2019-06-20T16:05:25+00:00","og_image":[{"width":640,"height":360,"url":"https:\/\/experienciadevida.com.ar\/portalurbano\/wp-content\/uploads\/2019\/06\/banderaarg-640x360.png","type":"image\/png"}],"author":"admpu17wp","twitter_card":"summary_large_image","twitter_creator":"@portalurbanook","twitter_site":"@portalurbanook","twitter_misc":{"Escrito por":"admpu17wp","Tiempo de lectura":"5 minutos"},"schema":{"@context":"https:\/\/schema.org","@graph":[{"@type":"Article","@id":"https:\/\/experienciadevida.com.ar\/portalurbano\/la-ciencia-confirma-que-la-bandera-de-manuel-belgrano-era-blanca-y-azul-indigo\/#article","isPartOf":{"@id":"https:\/\/experienciadevida.com.ar\/portalurbano\/la-ciencia-confirma-que-la-bandera-de-manuel-belgrano-era-blanca-y-azul-indigo\/"},"author":{"name":"admpu17wp","@id":"https:\/\/experienciadevida.com.ar\/portalurbano\/#\/schema\/person\/02dd326b1c4b056e9cc972486934a3a7"},"headline":"La ciencia confirma que la bandera de Manuel Belgrano era blanca y azul \u00edndigo","datePublished":"2019-06-20T16:05:25+00:00","dateModified":"2019-06-20T16:05:25+00:00","mainEntityOfPage":{"@id":"https:\/\/experienciadevida.com.ar\/portalurbano\/la-ciencia-confirma-que-la-bandera-de-manuel-belgrano-era-blanca-y-azul-indigo\/"},"wordCount":932,"commentCount":0,"publisher":{"@id":"https:\/\/experienciadevida.com.ar\/portalurbano\/#organization"},"articleSection":["Naci\u00f3n"],"inLanguage":"es","potentialAction":[{"@type":"CommentAction","name":"Comment","target":["https:\/\/experienciadevida.com.ar\/portalurbano\/la-ciencia-confirma-que-la-bandera-de-manuel-belgrano-era-blanca-y-azul-indigo\/#respond"]}]},{"@type":"WebPage","@id":"https:\/\/experienciadevida.com.ar\/portalurbano\/la-ciencia-confirma-que-la-bandera-de-manuel-belgrano-era-blanca-y-azul-indigo\/","url":"https:\/\/experienciadevida.com.ar\/portalurbano\/la-ciencia-confirma-que-la-bandera-de-manuel-belgrano-era-blanca-y-azul-indigo\/","name":"La ciencia confirma que la bandera de Manuel Belgrano era blanca y azul \u00edndigo -","isPartOf":{"@id":"https:\/\/experienciadevida.com.ar\/portalurbano\/#website"},"datePublished":"2019-06-20T16:05:25+00:00","dateModified":"2019-06-20T16:05:25+00:00","breadcrumb":{"@id":"https:\/\/experienciadevida.com.ar\/portalurbano\/la-ciencia-confirma-que-la-bandera-de-manuel-belgrano-era-blanca-y-azul-indigo\/#breadcrumb"},"inLanguage":"es","potentialAction":[{"@type":"ReadAction","target":["https:\/\/experienciadevida.com.ar\/portalurbano\/la-ciencia-confirma-que-la-bandera-de-manuel-belgrano-era-blanca-y-azul-indigo\/"]}]},{"@type":"BreadcrumbList","@id":"https:\/\/experienciadevida.com.ar\/portalurbano\/la-ciencia-confirma-que-la-bandera-de-manuel-belgrano-era-blanca-y-azul-indigo\/#breadcrumb","itemListElement":[{"@type":"ListItem","position":1,"name":"Portada","item":"https:\/\/experienciadevida.com.ar\/portalurbano\/"},{"@type":"ListItem","position":2,"name":"La ciencia confirma que la bandera de Manuel Belgrano era blanca y azul \u00edndigo"}]},{"@type":"WebSite","@id":"https:\/\/experienciadevida.com.ar\/portalurbano\/#website","url":"https:\/\/experienciadevida.com.ar\/portalurbano\/","name":"","description":"","publisher":{"@id":"https:\/\/experienciadevida.com.ar\/portalurbano\/#organization"},"potentialAction":[{"@type":"SearchAction","target":{"@type":"EntryPoint","urlTemplate":"https:\/\/experienciadevida.com.ar\/portalurbano\/?s={search_term_string}"},"query-input":"required name=search_term_string"}],"inLanguage":"es"},{"@type":"Organization","@id":"https:\/\/experienciadevida.com.ar\/portalurbano\/#organization","name":"Portal Urbano","url":"https:\/\/experienciadevida.com.ar\/portalurbano\/","logo":{"@type":"ImageObject","inLanguage":"es","@id":"https:\/\/experienciadevida.com.ar\/portalurbano\/#\/schema\/logo\/image\/","url":"https:\/\/experienciadevida.com.ar\/portalurbano\/wp-content\/uploads\/2019\/09\/Logo-Original.png","contentUrl":"https:\/\/experienciadevida.com.ar\/portalurbano\/wp-content\/uploads\/2019\/09\/Logo-Original.png","width":2236,"height":1216,"caption":"Portal Urbano"},"image":{"@id":"https:\/\/experienciadevida.com.ar\/portalurbano\/#\/schema\/logo\/image\/"},"sameAs":["https:\/\/www.facebook.com\/Portal-Urbano-171542830093757\/","https:\/\/twitter.com\/portalurbanook","https:\/\/www.instagram.com\/_portalurbano\/","https:\/\/www.youtube.com\/channel\/UCXhagIfszH8KxFiOok79zbA?view_as=subscriber"]},{"@type":"Person","@id":"https:\/\/experienciadevida.com.ar\/portalurbano\/#\/schema\/person\/02dd326b1c4b056e9cc972486934a3a7","name":"admpu17wp","image":{"@type":"ImageObject","inLanguage":"es","@id":"https:\/\/experienciadevida.com.ar\/portalurbano\/#\/schema\/person\/image\/","url":"https:\/\/secure.gravatar.com\/avatar\/830d4c57adaae6630765e449a6908047?s=96&d=mm&r=g","contentUrl":"https:\/\/secure.gravatar.com\/avatar\/830d4c57adaae6630765e449a6908047?s=96&d=mm&r=g","caption":"admpu17wp"}}]}},"featured_image_urls":{"full":["https:\/\/experienciadevida.com.ar\/portalurbano\/wp-content\/uploads\/2019\/06\/banderaarg-640x360.png",640,360,false],"thumbnail":["https:\/\/experienciadevida.com.ar\/portalurbano\/wp-content\/uploads\/2019\/06\/banderaarg-640x360-150x150.png",150,150,true],"medium":["https:\/\/experienciadevida.com.ar\/portalurbano\/wp-content\/uploads\/2019\/06\/banderaarg-640x360-300x169.png",300,169,true],"medium_large":["https:\/\/experienciadevida.com.ar\/portalurbano\/wp-content\/uploads\/2019\/06\/banderaarg-640x360.png",640,360,false],"large":["https:\/\/experienciadevida.com.ar\/portalurbano\/wp-content\/uploads\/2019\/06\/banderaarg-640x360.png",640,360,false],"ug_big":["https:\/\/experienciadevida.com.ar\/portalurbano\/wp-content\/uploads\/2019\/06\/banderaarg-640x360.png",640,360,false],"1536x1536":["https:\/\/experienciadevida.com.ar\/portalurbano\/wp-content\/uploads\/2019\/06\/banderaarg-640x360.png",640,360,false],"2048x2048":["https:\/\/experienciadevida.com.ar\/portalurbano\/wp-content\/uploads\/2019\/06\/banderaarg-640x360.png",640,360,false],"newsever-slider-full":["https:\/\/experienciadevida.com.ar\/portalurbano\/wp-content\/uploads\/2019\/06\/banderaarg-640x360.png",640,360,false],"newsever-featured":["https:\/\/experienciadevida.com.ar\/portalurbano\/wp-content\/uploads\/2019\/06\/banderaarg-640x360.png",640,360,false],"newsever-medium":["https:\/\/experienciadevida.com.ar\/portalurbano\/wp-content\/uploads\/2019\/06\/banderaarg-640x360.png",640,360,false],"web-stories-poster-portrait":["https:\/\/experienciadevida.com.ar\/portalurbano\/wp-content\/uploads\/2019\/06\/banderaarg-640x360.png",640,360,false],"web-stories-publisher-logo":["https:\/\/experienciadevida.com.ar\/portalurbano\/wp-content\/uploads\/2019\/06\/banderaarg-640x360.png",96,54,false],"web-stories-thumbnail":["https:\/\/experienciadevida.com.ar\/portalurbano\/wp-content\/uploads\/2019\/06\/banderaarg-640x360.png",150,84,false]},"author_info":{"display_name":"admpu17wp","author_link":"https:\/\/experienciadevida.com.ar\/portalurbano\/author\/admpu17wp\/"},"category_info":"<a href=\"https:\/\/experienciadevida.com.ar\/portalurbano\/category\/nacion\/\" rel=\"category tag\">Naci\u00f3n<\/a>","tag_info":"Naci\u00f3n","comment_count":"0","amp_enabled":true,"_links":{"self":[{"href":"https:\/\/experienciadevida.com.ar\/portalurbano\/wp-json\/wp\/v2\/posts\/73668"}],"collection":[{"href":"https:\/\/experienciadevida.com.ar\/portalurbano\/wp-json\/wp\/v2\/posts"}],"about":[{"href":"https:\/\/experienciadevida.com.ar\/portalurbano\/wp-json\/wp\/v2\/types\/post"}],"author":[{"embeddable":true,"href":"https:\/\/experienciadevida.com.ar\/portalurbano\/wp-json\/wp\/v2\/users\/1"}],"replies":[{"embeddable":true,"href":"https:\/\/experienciadevida.com.ar\/portalurbano\/wp-json\/wp\/v2\/comments?post=73668"}],"version-history":[{"count":1,"href":"https:\/\/experienciadevida.com.ar\/portalurbano\/wp-json\/wp\/v2\/posts\/73668\/revisions"}],"predecessor-version":[{"id":73670,"href":"https:\/\/experienciadevida.com.ar\/portalurbano\/wp-json\/wp\/v2\/posts\/73668\/revisions\/73670"}],"wp:featuredmedia":[{"embeddable":true,"href":"https:\/\/experienciadevida.com.ar\/portalurbano\/wp-json\/wp\/v2\/media\/73669"}],"wp:attachment":[{"href":"https:\/\/experienciadevida.com.ar\/portalurbano\/wp-json\/wp\/v2\/media?parent=73668"}],"wp:term":[{"taxonomy":"category","embeddable":true,"href":"https:\/\/experienciadevida.com.ar\/portalurbano\/wp-json\/wp\/v2\/categories?post=73668"},{"taxonomy":"post_tag","embeddable":true,"href":"https:\/\/experienciadevida.com.ar\/portalurbano\/wp-json\/wp\/v2\/tags?post=73668"}],"curies":[{"name":"wp","href":"https:\/\/api.w.org\/{rel}","templated":true}]}}