{"id":73665,"date":"2019-06-20T13:02:51","date_gmt":"2019-06-20T16:02:51","guid":{"rendered":"https:\/\/experienciadevida.com.ar\/portalurbano\/?p=73665"},"modified":"2019-06-20T13:02:51","modified_gmt":"2019-06-20T16:02:51","slug":"macri-en-campana-hay-una-patota-del-transporte-y-hugo-moyano-es-mafioso","status":"publish","type":"post","link":"https:\/\/experienciadevida.com.ar\/portalurbano\/macri-en-campana-hay-una-patota-del-transporte-y-hugo-moyano-es-mafioso\/","title":{"rendered":"Macri, en campa\u00f1a: &#8220;hay una patota del transporte&#8221; y Hugo Moyano es &#8220;mafioso&#8221;"},"content":{"rendered":"<p><strong class=\"bajada\">El presidente denunci\u00f3 al gremio de Camioneros y afirm\u00f3 que la Argentina paga un alto costo del transporte producto de privilegios acumulados de forma ilegal por el sindicato de los Moyano,<\/strong><\/p>\n<hr \/>\n<p>El presidente Mauricio Macri asegur\u00f3 hoy que &#8220;hay una patota del transporte que lleva a tener el costo del cami\u00f3n m\u00e1s alto de la regi\u00f3n&#8221;, y adem\u00e1s apunt\u00f3 contra el secretario general del sindicato de Camioneros, Hugo Moyano, al acusarlo de &#8220;tener un comportamiento mafioso e ilegal&#8221;.<\/p>\n<p>En un acto por el D\u00eda de la Bandera, realizado en el club Cicl\u00f3n de la ciudad de Rosario, Macri salud\u00f3 a los ni\u00f1os presentes al desear un &#8220;feliz d\u00eda&#8221;, y luego se refiri\u00f3 a que la insignia patria que &#8220;nos recuerda la libertad y ratifica la identidad&#8221;, con un contundente mensaje contra Hugo Moyano y su hijo Pablo.<\/p>\n<p>&#8220;Hay una patota del transporte&#8221;, sentenci\u00f3 Macri en un tono efusivo, y continu\u00f3: &#8220;La Argentina paga un alto costo del transporte producto de privilegios acumulados de forma ilegal por el gremio de los Moyano, que lleva a tener el costo del cami\u00f3n m\u00e1s alto de la regi\u00f3n&#8221;.<\/p>\n<p>Sobre las medidas de fuerza gremial, los paros y los bloqueos a empresas en conflicto, el Presidente fustig\u00f3: &#8220;No queremos m\u00e1s un ejercicio patotero del poder. Se tiene que terminar en Argentina el comportamiento ilegal y patotero. Nosotros seguimos apostando al di\u00e1logo, donde nos sentamos con el tema de la log\u00edstica sobre la mesa&#8221;, remarc\u00f3.<\/p>\n<p>En ese sentido, Macri les envi\u00f3 un mensaje a los empresarios y a la Justicia al pedir a los due\u00f1os de las pymes que conf\u00eden y denuncien los casos de extorsi\u00f3n y presiones, y que &#8220;los jueces investiguen&#8221;, porque &#8220;ahora tienen un presidente que le va a dar batalla a las mafias&#8221;.<\/p>\n<p>Asegur\u00f3 que &#8220;no queremos m\u00e1s ocultamientos, mentiras o ejercicio patotero y prepotente del poder&#8221;, y afirm\u00f3 que &#8220;no queremos volver a situaciones donde aquellos que conducen abusan del poder en beneficio propio. No queremos convivir m\u00e1s ni con la mentira ni con el ocultamiento, ni con la corrupci\u00f3n ni con las mafias, que todo lo que toca lo destruye&#8221;.<\/p>\n<p>&#8220;Las mafias destruyen la capacidad de crecer, el desarrollo y la generaci\u00f3n de empleo&#8221;, concluy\u00f3 Macri. (DIB)<\/p>\n","protected":false},"excerpt":{"rendered":"<p>El presidente denunci\u00f3 al gremio de Camioneros y afirm\u00f3 que la Argentina paga un alto&#8230;<\/p>\n","protected":false},"author":1,"featured_media":73666,"comment_status":"open","ping_status":"open","sticky":false,"template":"","format":"standard","meta":{"content-type":""},"categories":[39],"tags":[],"nelio_content":{"isAutoShareEnabled":false,"autoShareEndMode":"default","automationSources":{"useContentSentences":true,"useSocialTemplates":true,"useCustomSentences":false,"customSentences":[]},"followers":[1],"suggestedReferences":[],"includedReferences":[],"efiUrl":"","efiAlt":"","highlights":[]},"yoast_head":"<!-- This site is optimized with the Yoast SEO plugin v20.7 - https:\/\/yoast.com\/wordpress\/plugins\/seo\/ -->\n<title>Macri, en campa\u00f1a: &quot;hay una patota del transporte&quot; y Hugo Moyano es &quot;mafioso&quot; -<\/title>\n<meta name=\"robots\" content=\"index, follow, max-snippet:-1, max-image-preview:large, max-video-preview:-1\" \/>\n<link rel=\"canonical\" href=\"https:\/\/experienciadevida.com.ar\/portalurbano\/macri-en-campana-hay-una-patota-del-transporte-y-hugo-moyano-es-mafioso\/\" \/>\n<meta property=\"og:locale\" content=\"es_ES\" \/>\n<meta property=\"og:type\" content=\"article\" \/>\n<meta property=\"og:title\" content=\"Macri, en campa\u00f1a: &quot;hay una patota del transporte&quot; y Hugo Moyano es &quot;mafioso&quot; -\" \/>\n<meta property=\"og:description\" content=\"El presidente denunci\u00f3 al gremio de Camioneros y afirm\u00f3 que la Argentina paga un alto...\" \/>\n<meta property=\"og:url\" content=\"https:\/\/experienciadevida.com.ar\/portalurbano\/macri-en-campana-hay-una-patota-del-transporte-y-hugo-moyano-es-mafioso\/\" \/>\n<meta property=\"article:publisher\" content=\"https:\/\/www.facebook.com\/Portal-Urbano-171542830093757\/\" \/>\n<meta property=\"article:published_time\" content=\"2019-06-20T16:02:51+00:00\" \/>\n<meta property=\"og:image\" content=\"https:\/\/experienciadevida.com.ar\/portalurbano\/wp-content\/uploads\/2019\/06\/f800x450-59565_111011_4-e1561046552176.jpg\" \/>\n\t<meta property=\"og:image:width\" content=\"750\" \/>\n\t<meta property=\"og:image:height\" content=\"422\" \/>\n\t<meta property=\"og:image:type\" content=\"image\/jpeg\" \/>\n<meta name=\"author\" content=\"admpu17wp\" \/>\n<meta name=\"twitter:card\" content=\"summary_large_image\" \/>\n<meta name=\"twitter:creator\" content=\"@portalurbanook\" \/>\n<meta name=\"twitter:site\" content=\"@portalurbanook\" \/>\n<meta name=\"twitter:label1\" content=\"Escrito por\" \/>\n\t<meta name=\"twitter:data1\" content=\"admpu17wp\" \/>\n\t<meta name=\"twitter:label2\" content=\"Tiempo de lectura\" \/>\n\t<meta name=\"twitter:data2\" content=\"2 minutos\" \/>\n<script type=\"application\/ld+json\" class=\"yoast-schema-graph\">{\"@context\":\"https:\/\/schema.org\",\"@graph\":[{\"@type\":\"Article\",\"@id\":\"https:\/\/experienciadevida.com.ar\/portalurbano\/macri-en-campana-hay-una-patota-del-transporte-y-hugo-moyano-es-mafioso\/#article\",\"isPartOf\":{\"@id\":\"https:\/\/experienciadevida.com.ar\/portalurbano\/macri-en-campana-hay-una-patota-del-transporte-y-hugo-moyano-es-mafioso\/\"},\"author\":{\"name\":\"admpu17wp\",\"@id\":\"https:\/\/experienciadevida.com.ar\/portalurbano\/#\/schema\/person\/02dd326b1c4b056e9cc972486934a3a7\"},\"headline\":\"Macri, en campa\u00f1a: &#8220;hay una patota del transporte&#8221; y Hugo Moyano es &#8220;mafioso&#8221;\",\"datePublished\":\"2019-06-20T16:02:51+00:00\",\"dateModified\":\"2019-06-20T16:02:51+00:00\",\"mainEntityOfPage\":{\"@id\":\"https:\/\/experienciadevida.com.ar\/portalurbano\/macri-en-campana-hay-una-patota-del-transporte-y-hugo-moyano-es-mafioso\/\"},\"wordCount\":402,\"commentCount\":0,\"publisher\":{\"@id\":\"https:\/\/experienciadevida.com.ar\/portalurbano\/#organization\"},\"articleSection\":[\"Naci\u00f3n\"],\"inLanguage\":\"es\",\"potentialAction\":[{\"@type\":\"CommentAction\",\"name\":\"Comment\",\"target\":[\"https:\/\/experienciadevida.com.ar\/portalurbano\/macri-en-campana-hay-una-patota-del-transporte-y-hugo-moyano-es-mafioso\/#respond\"]}]},{\"@type\":\"WebPage\",\"@id\":\"https:\/\/experienciadevida.com.ar\/portalurbano\/macri-en-campana-hay-una-patota-del-transporte-y-hugo-moyano-es-mafioso\/\",\"url\":\"https:\/\/experienciadevida.com.ar\/portalurbano\/macri-en-campana-hay-una-patota-del-transporte-y-hugo-moyano-es-mafioso\/\",\"name\":\"Macri, en campa\u00f1a: \\\"hay una patota del transporte\\\" y Hugo Moyano es \\\"mafioso\\\" -\",\"isPartOf\":{\"@id\":\"https:\/\/experienciadevida.com.ar\/portalurbano\/#website\"},\"datePublished\":\"2019-06-20T16:02:51+00:00\",\"dateModified\":\"2019-06-20T16:02:51+00:00\",\"breadcrumb\":{\"@id\":\"https:\/\/experienciadevida.com.ar\/portalurbano\/macri-en-campana-hay-una-patota-del-transporte-y-hugo-moyano-es-mafioso\/#breadcrumb\"},\"inLanguage\":\"es\",\"potentialAction\":[{\"@type\":\"ReadAction\",\"target\":[\"https:\/\/experienciadevida.com.ar\/portalurbano\/macri-en-campana-hay-una-patota-del-transporte-y-hugo-moyano-es-mafioso\/\"]}]},{\"@type\":\"BreadcrumbList\",\"@id\":\"https:\/\/experienciadevida.com.ar\/portalurbano\/macri-en-campana-hay-una-patota-del-transporte-y-hugo-moyano-es-mafioso\/#breadcrumb\",\"itemListElement\":[{\"@type\":\"ListItem\",\"position\":1,\"name\":\"Portada\",\"item\":\"https:\/\/experienciadevida.com.ar\/portalurbano\/\"},{\"@type\":\"ListItem\",\"position\":2,\"name\":\"Macri, en campa\u00f1a: \u00abhay una patota del transporte\u00bb y Hugo Moyano es \u00abmafioso\u00bb\"}]},{\"@type\":\"WebSite\",\"@id\":\"https:\/\/experienciadevida.com.ar\/portalurbano\/#website\",\"url\":\"https:\/\/experienciadevida.com.ar\/portalurbano\/\",\"name\":\"\",\"description\":\"\",\"publisher\":{\"@id\":\"https:\/\/experienciadevida.com.ar\/portalurbano\/#organization\"},\"potentialAction\":[{\"@type\":\"SearchAction\",\"target\":{\"@type\":\"EntryPoint\",\"urlTemplate\":\"https:\/\/experienciadevida.com.ar\/portalurbano\/?s={search_term_string}\"},\"query-input\":\"required name=search_term_string\"}],\"inLanguage\":\"es\"},{\"@type\":\"Organization\",\"@id\":\"https:\/\/experienciadevida.com.ar\/portalurbano\/#organization\",\"name\":\"Portal Urbano\",\"url\":\"https:\/\/experienciadevida.com.ar\/portalurbano\/\",\"logo\":{\"@type\":\"ImageObject\",\"inLanguage\":\"es\",\"@id\":\"https:\/\/experienciadevida.com.ar\/portalurbano\/#\/schema\/logo\/image\/\",\"url\":\"https:\/\/experienciadevida.com.ar\/portalurbano\/wp-content\/uploads\/2019\/09\/Logo-Original.png\",\"contentUrl\":\"https:\/\/experienciadevida.com.ar\/portalurbano\/wp-content\/uploads\/2019\/09\/Logo-Original.png\",\"width\":2236,\"height\":1216,\"caption\":\"Portal Urbano\"},\"image\":{\"@id\":\"https:\/\/experienciadevida.com.ar\/portalurbano\/#\/schema\/logo\/image\/\"},\"sameAs\":[\"https:\/\/www.facebook.com\/Portal-Urbano-171542830093757\/\",\"https:\/\/twitter.com\/portalurbanook\",\"https:\/\/www.instagram.com\/_portalurbano\/\",\"https:\/\/www.youtube.com\/channel\/UCXhagIfszH8KxFiOok79zbA?view_as=subscriber\"]},{\"@type\":\"Person\",\"@id\":\"https:\/\/experienciadevida.com.ar\/portalurbano\/#\/schema\/person\/02dd326b1c4b056e9cc972486934a3a7\",\"name\":\"admpu17wp\",\"image\":{\"@type\":\"ImageObject\",\"inLanguage\":\"es\",\"@id\":\"https:\/\/experienciadevida.com.ar\/portalurbano\/#\/schema\/person\/image\/\",\"url\":\"https:\/\/secure.gravatar.com\/avatar\/830d4c57adaae6630765e449a6908047?s=96&d=mm&r=g\",\"contentUrl\":\"https:\/\/secure.gravatar.com\/avatar\/830d4c57adaae6630765e449a6908047?s=96&d=mm&r=g\",\"caption\":\"admpu17wp\"}}]}<\/script>\n<!-- \/ Yoast SEO plugin. -->","yoast_head_json":{"title":"Macri, en campa\u00f1a: \"hay una patota del transporte\" y Hugo Moyano es \"mafioso\" -","robots":{"index":"index","follow":"follow","max-snippet":"max-snippet:-1","max-image-preview":"max-image-preview:large","max-video-preview":"max-video-preview:-1"},"canonical":"https:\/\/experienciadevida.com.ar\/portalurbano\/macri-en-campana-hay-una-patota-del-transporte-y-hugo-moyano-es-mafioso\/","og_locale":"es_ES","og_type":"article","og_title":"Macri, en campa\u00f1a: \"hay una patota del transporte\" y Hugo Moyano es \"mafioso\" -","og_description":"El presidente denunci\u00f3 al gremio de Camioneros y afirm\u00f3 que la Argentina paga un alto...","og_url":"https:\/\/experienciadevida.com.ar\/portalurbano\/macri-en-campana-hay-una-patota-del-transporte-y-hugo-moyano-es-mafioso\/","article_publisher":"https:\/\/www.facebook.com\/Portal-Urbano-171542830093757\/","article_published_time":"2019-06-20T16:02:51+00:00","og_image":[{"width":750,"height":422,"url":"https:\/\/experienciadevida.com.ar\/portalurbano\/wp-content\/uploads\/2019\/06\/f800x450-59565_111011_4-e1561046552176.jpg","type":"image\/jpeg"}],"author":"admpu17wp","twitter_card":"summary_large_image","twitter_creator":"@portalurbanook","twitter_site":"@portalurbanook","twitter_misc":{"Escrito por":"admpu17wp","Tiempo de lectura":"2 minutos"},"schema":{"@context":"https:\/\/schema.org","@graph":[{"@type":"Article","@id":"https:\/\/experienciadevida.com.ar\/portalurbano\/macri-en-campana-hay-una-patota-del-transporte-y-hugo-moyano-es-mafioso\/#article","isPartOf":{"@id":"https:\/\/experienciadevida.com.ar\/portalurbano\/macri-en-campana-hay-una-patota-del-transporte-y-hugo-moyano-es-mafioso\/"},"author":{"name":"admpu17wp","@id":"https:\/\/experienciadevida.com.ar\/portalurbano\/#\/schema\/person\/02dd326b1c4b056e9cc972486934a3a7"},"headline":"Macri, en campa\u00f1a: &#8220;hay una patota del transporte&#8221; y Hugo Moyano es &#8220;mafioso&#8221;","datePublished":"2019-06-20T16:02:51+00:00","dateModified":"2019-06-20T16:02:51+00:00","mainEntityOfPage":{"@id":"https:\/\/experienciadevida.com.ar\/portalurbano\/macri-en-campana-hay-una-patota-del-transporte-y-hugo-moyano-es-mafioso\/"},"wordCount":402,"commentCount":0,"publisher":{"@id":"https:\/\/experienciadevida.com.ar\/portalurbano\/#organization"},"articleSection":["Naci\u00f3n"],"inLanguage":"es","potentialAction":[{"@type":"CommentAction","name":"Comment","target":["https:\/\/experienciadevida.com.ar\/portalurbano\/macri-en-campana-hay-una-patota-del-transporte-y-hugo-moyano-es-mafioso\/#respond"]}]},{"@type":"WebPage","@id":"https:\/\/experienciadevida.com.ar\/portalurbano\/macri-en-campana-hay-una-patota-del-transporte-y-hugo-moyano-es-mafioso\/","url":"https:\/\/experienciadevida.com.ar\/portalurbano\/macri-en-campana-hay-una-patota-del-transporte-y-hugo-moyano-es-mafioso\/","name":"Macri, en campa\u00f1a: \"hay una patota del transporte\" y Hugo Moyano es \"mafioso\" -","isPartOf":{"@id":"https:\/\/experienciadevida.com.ar\/portalurbano\/#website"},"datePublished":"2019-06-20T16:02:51+00:00","dateModified":"2019-06-20T16:02:51+00:00","breadcrumb":{"@id":"https:\/\/experienciadevida.com.ar\/portalurbano\/macri-en-campana-hay-una-patota-del-transporte-y-hugo-moyano-es-mafioso\/#breadcrumb"},"inLanguage":"es","potentialAction":[{"@type":"ReadAction","target":["https:\/\/experienciadevida.com.ar\/portalurbano\/macri-en-campana-hay-una-patota-del-transporte-y-hugo-moyano-es-mafioso\/"]}]},{"@type":"BreadcrumbList","@id":"https:\/\/experienciadevida.com.ar\/portalurbano\/macri-en-campana-hay-una-patota-del-transporte-y-hugo-moyano-es-mafioso\/#breadcrumb","itemListElement":[{"@type":"ListItem","position":1,"name":"Portada","item":"https:\/\/experienciadevida.com.ar\/portalurbano\/"},{"@type":"ListItem","position":2,"name":"Macri, en campa\u00f1a: \u00abhay una patota del transporte\u00bb y Hugo Moyano es \u00abmafioso\u00bb"}]},{"@type":"WebSite","@id":"https:\/\/experienciadevida.com.ar\/portalurbano\/#website","url":"https:\/\/experienciadevida.com.ar\/portalurbano\/","name":"","description":"","publisher":{"@id":"https:\/\/experienciadevida.com.ar\/portalurbano\/#organization"},"potentialAction":[{"@type":"SearchAction","target":{"@type":"EntryPoint","urlTemplate":"https:\/\/experienciadevida.com.ar\/portalurbano\/?s={search_term_string}"},"query-input":"required name=search_term_string"}],"inLanguage":"es"},{"@type":"Organization","@id":"https:\/\/experienciadevida.com.ar\/portalurbano\/#organization","name":"Portal Urbano","url":"https:\/\/experienciadevida.com.ar\/portalurbano\/","logo":{"@type":"ImageObject","inLanguage":"es","@id":"https:\/\/experienciadevida.com.ar\/portalurbano\/#\/schema\/logo\/image\/","url":"https:\/\/experienciadevida.com.ar\/portalurbano\/wp-content\/uploads\/2019\/09\/Logo-Original.png","contentUrl":"https:\/\/experienciadevida.com.ar\/portalurbano\/wp-content\/uploads\/2019\/09\/Logo-Original.png","width":2236,"height":1216,"caption":"Portal Urbano"},"image":{"@id":"https:\/\/experienciadevida.com.ar\/portalurbano\/#\/schema\/logo\/image\/"},"sameAs":["https:\/\/www.facebook.com\/Portal-Urbano-171542830093757\/","https:\/\/twitter.com\/portalurbanook","https:\/\/www.instagram.com\/_portalurbano\/","https:\/\/www.youtube.com\/channel\/UCXhagIfszH8KxFiOok79zbA?view_as=subscriber"]},{"@type":"Person","@id":"https:\/\/experienciadevida.com.ar\/portalurbano\/#\/schema\/person\/02dd326b1c4b056e9cc972486934a3a7","name":"admpu17wp","image":{"@type":"ImageObject","inLanguage":"es","@id":"https:\/\/experienciadevida.com.ar\/portalurbano\/#\/schema\/person\/image\/","url":"https:\/\/secure.gravatar.com\/avatar\/830d4c57adaae6630765e449a6908047?s=96&d=mm&r=g","contentUrl":"https:\/\/secure.gravatar.com\/avatar\/830d4c57adaae6630765e449a6908047?s=96&d=mm&r=g","caption":"admpu17wp"}}]}},"featured_image_urls":{"full":["https:\/\/experienciadevida.com.ar\/portalurbano\/wp-content\/uploads\/2019\/06\/f800x450-59565_111011_4-e1561046552176.jpg",750,422,false],"thumbnail":["https:\/\/experienciadevida.com.ar\/portalurbano\/wp-content\/uploads\/2019\/06\/f800x450-59565_111011_4-150x150.jpg",150,150,true],"medium":["https:\/\/experienciadevida.com.ar\/portalurbano\/wp-content\/uploads\/2019\/06\/f800x450-59565_111011_4-300x169.jpg",300,169,true],"medium_large":["https:\/\/experienciadevida.com.ar\/portalurbano\/wp-content\/uploads\/2019\/06\/f800x450-59565_111011_4-768x432.jpg",640,360,true],"large":["https:\/\/experienciadevida.com.ar\/portalurbano\/wp-content\/uploads\/2019\/06\/f800x450-59565_111011_4-e1561046552176.jpg",640,360,false],"ug_big":["https:\/\/experienciadevida.com.ar\/portalurbano\/wp-content\/uploads\/2019\/06\/f800x450-59565_111011_4-768x432.jpg",768,432,true],"1536x1536":["https:\/\/experienciadevida.com.ar\/portalurbano\/wp-content\/uploads\/2019\/06\/f800x450-59565_111011_4-e1561046552176.jpg",750,422,false],"2048x2048":["https:\/\/experienciadevida.com.ar\/portalurbano\/wp-content\/uploads\/2019\/06\/f800x450-59565_111011_4-e1561046552176.jpg",750,422,false],"newsever-slider-full":["https:\/\/experienciadevida.com.ar\/portalurbano\/wp-content\/uploads\/2019\/06\/f800x450-59565_111011_4-e1561046552176.jpg",750,422,false],"newsever-featured":["https:\/\/experienciadevida.com.ar\/portalurbano\/wp-content\/uploads\/2019\/06\/f800x450-59565_111011_4-e1561046552176.jpg",750,422,false],"newsever-medium":["https:\/\/experienciadevida.com.ar\/portalurbano\/wp-content\/uploads\/2019\/06\/f800x450-59565_111011_4-e1561046552176.jpg",720,405,false],"web-stories-poster-portrait":["https:\/\/experienciadevida.com.ar\/portalurbano\/wp-content\/uploads\/2019\/06\/f800x450-59565_111011_4-e1561046552176.jpg",640,360,false],"web-stories-publisher-logo":["https:\/\/experienciadevida.com.ar\/portalurbano\/wp-content\/uploads\/2019\/06\/f800x450-59565_111011_4-e1561046552176.jpg",96,54,false],"web-stories-thumbnail":["https:\/\/experienciadevida.com.ar\/portalurbano\/wp-content\/uploads\/2019\/06\/f800x450-59565_111011_4-e1561046552176.jpg",150,84,false]},"author_info":{"display_name":"admpu17wp","author_link":"https:\/\/experienciadevida.com.ar\/portalurbano\/author\/admpu17wp\/"},"category_info":"<a href=\"https:\/\/experienciadevida.com.ar\/portalurbano\/category\/nacion\/\" rel=\"category tag\">Naci\u00f3n<\/a>","tag_info":"Naci\u00f3n","comment_count":"0","amp_enabled":true,"_links":{"self":[{"href":"https:\/\/experienciadevida.com.ar\/portalurbano\/wp-json\/wp\/v2\/posts\/73665"}],"collection":[{"href":"https:\/\/experienciadevida.com.ar\/portalurbano\/wp-json\/wp\/v2\/posts"}],"about":[{"href":"https:\/\/experienciadevida.com.ar\/portalurbano\/wp-json\/wp\/v2\/types\/post"}],"author":[{"embeddable":true,"href":"https:\/\/experienciadevida.com.ar\/portalurbano\/wp-json\/wp\/v2\/users\/1"}],"replies":[{"embeddable":true,"href":"https:\/\/experienciadevida.com.ar\/portalurbano\/wp-json\/wp\/v2\/comments?post=73665"}],"version-history":[{"count":1,"href":"https:\/\/experienciadevida.com.ar\/portalurbano\/wp-json\/wp\/v2\/posts\/73665\/revisions"}],"predecessor-version":[{"id":73667,"href":"https:\/\/experienciadevida.com.ar\/portalurbano\/wp-json\/wp\/v2\/posts\/73665\/revisions\/73667"}],"wp:featuredmedia":[{"embeddable":true,"href":"https:\/\/experienciadevida.com.ar\/portalurbano\/wp-json\/wp\/v2\/media\/73666"}],"wp:attachment":[{"href":"https:\/\/experienciadevida.com.ar\/portalurbano\/wp-json\/wp\/v2\/media?parent=73665"}],"wp:term":[{"taxonomy":"category","embeddable":true,"href":"https:\/\/experienciadevida.com.ar\/portalurbano\/wp-json\/wp\/v2\/categories?post=73665"},{"taxonomy":"post_tag","embeddable":true,"href":"https:\/\/experienciadevida.com.ar\/portalurbano\/wp-json\/wp\/v2\/tags?post=73665"}],"curies":[{"name":"wp","href":"https:\/\/api.w.org\/{rel}","templated":true}]}}