{"id":73245,"date":"2019-06-16T21:06:56","date_gmt":"2019-06-17T00:06:56","guid":{"rendered":"https:\/\/experienciadevida.com.ar\/portalurbano\/?p=73245"},"modified":"2019-06-16T21:06:56","modified_gmt":"2019-06-17T00:06:56","slug":"apagon-que-se-sabe-hasta-ahora-sobre-el-historico-corte-de-luz","status":"publish","type":"post","link":"https:\/\/experienciadevida.com.ar\/portalurbano\/apagon-que-se-sabe-hasta-ahora-sobre-el-historico-corte-de-luz\/","title":{"rendered":"Apag\u00f3n: qu\u00e9 se sabe hasta ahora sobre el hist\u00f3rico corte de luz"},"content":{"rendered":"<article id=\"article-post\" class=\"first\">\n<p class=\"interiorCopete\">La investigaci\u00f3n durar\u00e1 por lo menos 15 d\u00edas y el Gobierno analiza sanciones.<\/p>\n<h1 class=\"separator-line\">Qu\u00e9 pas\u00f3<\/h1>\n<div class=\"cuerpo\" data-twitter-link=\"https:\/\/twitter.com\/intent\/tweet?url=https:\/\/www.diariopopular.com.ar\/\/c402060&amp;via=poopulardiario&amp;related=Diario Popular&amp;text=\">\n<div id=\"div-gpt-ad-nota-971548\" class=\"banner-90\" data-mapping=\"mapping9\" data-google-query-id=\"COOI_bOb7-ICFQF6wQody3YKbw\">\n<div id=\"google_ads_iframe_\/7581181\/dp_universal_0__container__\">Un apag\u00f3n hist\u00f3rico dej\u00f3 el domingo a millones de personas sin electricidad en Argentina y Uruguay tras una falla en la red interconectada de ambos pa\u00edses, y podr\u00eda haber desatado un caos mayor de no haber sido en una jornada de descanso.<\/div>\n<\/div>\n<\/div>\n<\/article>\n<article id=\"article-post\">\n<div class=\"cuerpo\" data-twitter-link=\"https:\/\/twitter.com\/intent\/tweet?url=https:\/\/www.diariopopular.com.ar\/\/c402060&amp;via=poopulardiario&amp;related=Diario Popular&amp;text=\">\n<p>Por la tarde el servicio la luz hab\u00eda vuelto a funcionar en buena parte de Argentina y Uruguay. Y cerca de las 20 todav\u00eda quedaba un mill\u00f3n de usuarios sin luz.<\/p>\n<h2>Qu\u00e9 dijo el Gobierno<\/h2>\n<p>&#8220;Esa falla no es algo anormal, o extraordinario. Lo que s\u00ed es anormal, o extraordinario, y que no debe suceder, es la cadena de acontecimientos posteriores, que causaron la desconexi\u00f3n total&#8221;, se\u00f1al\u00f3\u00a0<strong>Gustavo Lopetegui,<\/strong>\u00a0secretario de Energ\u00eda de la Naci\u00f3n, al explicar que la desconexi\u00f3n total se produce de manera autom\u00e1tica a trav\u00e9s de computadores cuando detectan desequilibrios que podr\u00edan causar un da\u00f1o mayor.<\/p>\n<p>Un rato antes, el Presidente\u00a0Mauricio Macri, sin dar muchas precisiones, se\u00f1al\u00f3 en conferencia de prensa que el corte se debi\u00f3 &#8220;a una falla en el sistema de transporte del litoral, cuyas causas a\u00fan no podemos precisar. Estamos trabajando para que todos puedan tener energ\u00eda lo antes posible&#8221;.<\/p>\n<h2>Qu\u00e9 dijeron las compa\u00f1\u00edas el\u00e9ctricas<\/h2>\n<p>&#8220;La falla en la red que origin\u00f3 el apag\u00f3n a nivel nacional se origin\u00f3 en una conexi\u00f3n de transporte de electricidad entre las centrales de Yacyret\u00e1 y Salto Grande, en el litoral argentino&#8221;, inform\u00f3 la compa\u00f1\u00eda el\u00e9ctrica\u00a0Edesur. &#8220;Esto activ\u00f3 las protecciones de centrales generadoras, que salieron de funcionamiento y produjeron el apag\u00f3n&#8221;.<\/p>\n<p>Edenor, por su parte, apunt\u00f3 que &#8220;minutos despu\u00e9s de las 7.00 una falla general en el Sistema Argentino de Interconexi\u00f3n (SADI) afect\u00f3 a todo el pa\u00eds. Si bien por el momento se desconocen las causas, se estima que en tres horas el servicio el\u00e9ctrico podr\u00eda comenzar a reestablecerse paulatinamente. Pasadas las 14, se\u00f1alaron que el 90% de sus clientes ya hab\u00eda recuperado el servicio.<\/p>\n<div id=\"div-gpt-ad-nota-71197\" class=\"banner-90\" data-mapping=\"mapping9\" data-google-query-id=\"CPyK_bOb7-ICFQF6wQody3YKbw\">\n<h1 id=\"google_ads_iframe_\/7581181\/dp_universal_1__container__\">La investigaci\u00f3n<\/h1>\n<\/div>\n<p>Las autoridades siguen investigando la causa, que s\u00f3lo se conocer\u00e1 con exactitud tras una investigaci\u00f3n que durar\u00e1 al menos 15 d\u00edas y que podr\u00eda extenderse a 20. Aunque lo considera poco probable, el Gobierno no descarta un ciberataque.<\/p>\n<p>El problema fue atribuido a una falla de un tramo del sistema de transporte que trae electricidad desde Brasil a Argentina.<\/p>\n<p><strong><\/p>\n<div class=\"penci-pullqoute align-none\">\n<blockquote><p>Parad\u00f3jicamente la falla ocurri\u00f3 en un momento de baja demanda, que es cuando se produce una mayor fragilidad e inestabilidad del sistema.<\/p><\/blockquote>\n<\/div>\n<p><\/strong><\/p>\n<\/div>\n<\/article>\n","protected":false},"excerpt":{"rendered":"<p>La investigaci\u00f3n durar\u00e1 por lo menos 15 d\u00edas y el Gobierno analiza sanciones. Qu\u00e9 pas\u00f3&#8230;<\/p>\n","protected":false},"author":1,"featured_media":73249,"comment_status":"open","ping_status":"open","sticky":false,"template":"","format":"standard","meta":{"content-type":""},"categories":[39],"tags":[],"nelio_content":{"isAutoShareEnabled":false,"autoShareEndMode":"default","automationSources":{"useContentSentences":true,"useSocialTemplates":true,"useCustomSentences":false,"customSentences":[]},"followers":[1],"suggestedReferences":[],"includedReferences":[],"efiUrl":"","efiAlt":"","highlights":[]},"yoast_head":"<!-- This site is optimized with the Yoast SEO plugin v20.7 - https:\/\/yoast.com\/wordpress\/plugins\/seo\/ -->\n<title>Apag\u00f3n: qu\u00e9 se sabe hasta ahora sobre el hist\u00f3rico corte de luz -<\/title>\n<meta name=\"robots\" content=\"index, follow, max-snippet:-1, max-image-preview:large, max-video-preview:-1\" \/>\n<link rel=\"canonical\" href=\"https:\/\/experienciadevida.com.ar\/portalurbano\/apagon-que-se-sabe-hasta-ahora-sobre-el-historico-corte-de-luz\/\" \/>\n<meta property=\"og:locale\" content=\"es_ES\" \/>\n<meta property=\"og:type\" content=\"article\" \/>\n<meta property=\"og:title\" content=\"Apag\u00f3n: qu\u00e9 se sabe hasta ahora sobre el hist\u00f3rico corte de luz -\" \/>\n<meta property=\"og:description\" content=\"La investigaci\u00f3n durar\u00e1 por lo menos 15 d\u00edas y el Gobierno analiza sanciones. Qu\u00e9 pas\u00f3...\" \/>\n<meta property=\"og:url\" content=\"https:\/\/experienciadevida.com.ar\/portalurbano\/apagon-que-se-sabe-hasta-ahora-sobre-el-historico-corte-de-luz\/\" \/>\n<meta property=\"article:publisher\" content=\"https:\/\/www.facebook.com\/Portal-Urbano-171542830093757\/\" \/>\n<meta property=\"article:published_time\" content=\"2019-06-17T00:06:56+00:00\" \/>\n<meta property=\"og:image\" content=\"https:\/\/experienciadevida.com.ar\/portalurbano\/wp-content\/uploads\/2019\/06\/velas660x650-600x400.jpg\" \/>\n\t<meta property=\"og:image:width\" content=\"600\" \/>\n\t<meta property=\"og:image:height\" content=\"400\" \/>\n\t<meta property=\"og:image:type\" content=\"image\/jpeg\" \/>\n<meta name=\"author\" content=\"admpu17wp\" \/>\n<meta name=\"twitter:card\" content=\"summary_large_image\" \/>\n<meta name=\"twitter:creator\" content=\"@portalurbanook\" \/>\n<meta name=\"twitter:site\" content=\"@portalurbanook\" \/>\n<meta name=\"twitter:label1\" content=\"Escrito por\" \/>\n\t<meta name=\"twitter:data1\" content=\"admpu17wp\" \/>\n\t<meta name=\"twitter:label2\" content=\"Tiempo de lectura\" \/>\n\t<meta name=\"twitter:data2\" content=\"2 minutos\" \/>\n<script type=\"application\/ld+json\" class=\"yoast-schema-graph\">{\"@context\":\"https:\/\/schema.org\",\"@graph\":[{\"@type\":\"Article\",\"@id\":\"https:\/\/experienciadevida.com.ar\/portalurbano\/apagon-que-se-sabe-hasta-ahora-sobre-el-historico-corte-de-luz\/#article\",\"isPartOf\":{\"@id\":\"https:\/\/experienciadevida.com.ar\/portalurbano\/apagon-que-se-sabe-hasta-ahora-sobre-el-historico-corte-de-luz\/\"},\"author\":{\"name\":\"admpu17wp\",\"@id\":\"https:\/\/experienciadevida.com.ar\/portalurbano\/#\/schema\/person\/02dd326b1c4b056e9cc972486934a3a7\"},\"headline\":\"Apag\u00f3n: qu\u00e9 se sabe hasta ahora sobre el hist\u00f3rico corte de luz\",\"datePublished\":\"2019-06-17T00:06:56+00:00\",\"dateModified\":\"2019-06-17T00:06:56+00:00\",\"mainEntityOfPage\":{\"@id\":\"https:\/\/experienciadevida.com.ar\/portalurbano\/apagon-que-se-sabe-hasta-ahora-sobre-el-historico-corte-de-luz\/\"},\"wordCount\":460,\"commentCount\":0,\"publisher\":{\"@id\":\"https:\/\/experienciadevida.com.ar\/portalurbano\/#organization\"},\"articleSection\":[\"Naci\u00f3n\"],\"inLanguage\":\"es\",\"potentialAction\":[{\"@type\":\"CommentAction\",\"name\":\"Comment\",\"target\":[\"https:\/\/experienciadevida.com.ar\/portalurbano\/apagon-que-se-sabe-hasta-ahora-sobre-el-historico-corte-de-luz\/#respond\"]}]},{\"@type\":\"WebPage\",\"@id\":\"https:\/\/experienciadevida.com.ar\/portalurbano\/apagon-que-se-sabe-hasta-ahora-sobre-el-historico-corte-de-luz\/\",\"url\":\"https:\/\/experienciadevida.com.ar\/portalurbano\/apagon-que-se-sabe-hasta-ahora-sobre-el-historico-corte-de-luz\/\",\"name\":\"Apag\u00f3n: qu\u00e9 se sabe hasta ahora sobre el hist\u00f3rico corte de luz -\",\"isPartOf\":{\"@id\":\"https:\/\/experienciadevida.com.ar\/portalurbano\/#website\"},\"datePublished\":\"2019-06-17T00:06:56+00:00\",\"dateModified\":\"2019-06-17T00:06:56+00:00\",\"breadcrumb\":{\"@id\":\"https:\/\/experienciadevida.com.ar\/portalurbano\/apagon-que-se-sabe-hasta-ahora-sobre-el-historico-corte-de-luz\/#breadcrumb\"},\"inLanguage\":\"es\",\"potentialAction\":[{\"@type\":\"ReadAction\",\"target\":[\"https:\/\/experienciadevida.com.ar\/portalurbano\/apagon-que-se-sabe-hasta-ahora-sobre-el-historico-corte-de-luz\/\"]}]},{\"@type\":\"BreadcrumbList\",\"@id\":\"https:\/\/experienciadevida.com.ar\/portalurbano\/apagon-que-se-sabe-hasta-ahora-sobre-el-historico-corte-de-luz\/#breadcrumb\",\"itemListElement\":[{\"@type\":\"ListItem\",\"position\":1,\"name\":\"Portada\",\"item\":\"https:\/\/experienciadevida.com.ar\/portalurbano\/\"},{\"@type\":\"ListItem\",\"position\":2,\"name\":\"Apag\u00f3n: qu\u00e9 se sabe hasta ahora sobre el hist\u00f3rico corte de luz\"}]},{\"@type\":\"WebSite\",\"@id\":\"https:\/\/experienciadevida.com.ar\/portalurbano\/#website\",\"url\":\"https:\/\/experienciadevida.com.ar\/portalurbano\/\",\"name\":\"\",\"description\":\"\",\"publisher\":{\"@id\":\"https:\/\/experienciadevida.com.ar\/portalurbano\/#organization\"},\"potentialAction\":[{\"@type\":\"SearchAction\",\"target\":{\"@type\":\"EntryPoint\",\"urlTemplate\":\"https:\/\/experienciadevida.com.ar\/portalurbano\/?s={search_term_string}\"},\"query-input\":\"required name=search_term_string\"}],\"inLanguage\":\"es\"},{\"@type\":\"Organization\",\"@id\":\"https:\/\/experienciadevida.com.ar\/portalurbano\/#organization\",\"name\":\"Portal Urbano\",\"url\":\"https:\/\/experienciadevida.com.ar\/portalurbano\/\",\"logo\":{\"@type\":\"ImageObject\",\"inLanguage\":\"es\",\"@id\":\"https:\/\/experienciadevida.com.ar\/portalurbano\/#\/schema\/logo\/image\/\",\"url\":\"https:\/\/experienciadevida.com.ar\/portalurbano\/wp-content\/uploads\/2019\/09\/Logo-Original.png\",\"contentUrl\":\"https:\/\/experienciadevida.com.ar\/portalurbano\/wp-content\/uploads\/2019\/09\/Logo-Original.png\",\"width\":2236,\"height\":1216,\"caption\":\"Portal Urbano\"},\"image\":{\"@id\":\"https:\/\/experienciadevida.com.ar\/portalurbano\/#\/schema\/logo\/image\/\"},\"sameAs\":[\"https:\/\/www.facebook.com\/Portal-Urbano-171542830093757\/\",\"https:\/\/twitter.com\/portalurbanook\",\"https:\/\/www.instagram.com\/_portalurbano\/\",\"https:\/\/www.youtube.com\/channel\/UCXhagIfszH8KxFiOok79zbA?view_as=subscriber\"]},{\"@type\":\"Person\",\"@id\":\"https:\/\/experienciadevida.com.ar\/portalurbano\/#\/schema\/person\/02dd326b1c4b056e9cc972486934a3a7\",\"name\":\"admpu17wp\",\"image\":{\"@type\":\"ImageObject\",\"inLanguage\":\"es\",\"@id\":\"https:\/\/experienciadevida.com.ar\/portalurbano\/#\/schema\/person\/image\/\",\"url\":\"https:\/\/secure.gravatar.com\/avatar\/830d4c57adaae6630765e449a6908047?s=96&d=mm&r=g\",\"contentUrl\":\"https:\/\/secure.gravatar.com\/avatar\/830d4c57adaae6630765e449a6908047?s=96&d=mm&r=g\",\"caption\":\"admpu17wp\"}}]}<\/script>\n<!-- \/ Yoast SEO plugin. -->","yoast_head_json":{"title":"Apag\u00f3n: qu\u00e9 se sabe hasta ahora sobre el hist\u00f3rico corte de luz -","robots":{"index":"index","follow":"follow","max-snippet":"max-snippet:-1","max-image-preview":"max-image-preview:large","max-video-preview":"max-video-preview:-1"},"canonical":"https:\/\/experienciadevida.com.ar\/portalurbano\/apagon-que-se-sabe-hasta-ahora-sobre-el-historico-corte-de-luz\/","og_locale":"es_ES","og_type":"article","og_title":"Apag\u00f3n: qu\u00e9 se sabe hasta ahora sobre el hist\u00f3rico corte de luz -","og_description":"La investigaci\u00f3n durar\u00e1 por lo menos 15 d\u00edas y el Gobierno analiza sanciones. Qu\u00e9 pas\u00f3...","og_url":"https:\/\/experienciadevida.com.ar\/portalurbano\/apagon-que-se-sabe-hasta-ahora-sobre-el-historico-corte-de-luz\/","article_publisher":"https:\/\/www.facebook.com\/Portal-Urbano-171542830093757\/","article_published_time":"2019-06-17T00:06:56+00:00","og_image":[{"width":600,"height":400,"url":"https:\/\/experienciadevida.com.ar\/portalurbano\/wp-content\/uploads\/2019\/06\/velas660x650-600x400.jpg","type":"image\/jpeg"}],"author":"admpu17wp","twitter_card":"summary_large_image","twitter_creator":"@portalurbanook","twitter_site":"@portalurbanook","twitter_misc":{"Escrito por":"admpu17wp","Tiempo de lectura":"2 minutos"},"schema":{"@context":"https:\/\/schema.org","@graph":[{"@type":"Article","@id":"https:\/\/experienciadevida.com.ar\/portalurbano\/apagon-que-se-sabe-hasta-ahora-sobre-el-historico-corte-de-luz\/#article","isPartOf":{"@id":"https:\/\/experienciadevida.com.ar\/portalurbano\/apagon-que-se-sabe-hasta-ahora-sobre-el-historico-corte-de-luz\/"},"author":{"name":"admpu17wp","@id":"https:\/\/experienciadevida.com.ar\/portalurbano\/#\/schema\/person\/02dd326b1c4b056e9cc972486934a3a7"},"headline":"Apag\u00f3n: qu\u00e9 se sabe hasta ahora sobre el hist\u00f3rico corte de luz","datePublished":"2019-06-17T00:06:56+00:00","dateModified":"2019-06-17T00:06:56+00:00","mainEntityOfPage":{"@id":"https:\/\/experienciadevida.com.ar\/portalurbano\/apagon-que-se-sabe-hasta-ahora-sobre-el-historico-corte-de-luz\/"},"wordCount":460,"commentCount":0,"publisher":{"@id":"https:\/\/experienciadevida.com.ar\/portalurbano\/#organization"},"articleSection":["Naci\u00f3n"],"inLanguage":"es","potentialAction":[{"@type":"CommentAction","name":"Comment","target":["https:\/\/experienciadevida.com.ar\/portalurbano\/apagon-que-se-sabe-hasta-ahora-sobre-el-historico-corte-de-luz\/#respond"]}]},{"@type":"WebPage","@id":"https:\/\/experienciadevida.com.ar\/portalurbano\/apagon-que-se-sabe-hasta-ahora-sobre-el-historico-corte-de-luz\/","url":"https:\/\/experienciadevida.com.ar\/portalurbano\/apagon-que-se-sabe-hasta-ahora-sobre-el-historico-corte-de-luz\/","name":"Apag\u00f3n: qu\u00e9 se sabe hasta ahora sobre el hist\u00f3rico corte de luz -","isPartOf":{"@id":"https:\/\/experienciadevida.com.ar\/portalurbano\/#website"},"datePublished":"2019-06-17T00:06:56+00:00","dateModified":"2019-06-17T00:06:56+00:00","breadcrumb":{"@id":"https:\/\/experienciadevida.com.ar\/portalurbano\/apagon-que-se-sabe-hasta-ahora-sobre-el-historico-corte-de-luz\/#breadcrumb"},"inLanguage":"es","potentialAction":[{"@type":"ReadAction","target":["https:\/\/experienciadevida.com.ar\/portalurbano\/apagon-que-se-sabe-hasta-ahora-sobre-el-historico-corte-de-luz\/"]}]},{"@type":"BreadcrumbList","@id":"https:\/\/experienciadevida.com.ar\/portalurbano\/apagon-que-se-sabe-hasta-ahora-sobre-el-historico-corte-de-luz\/#breadcrumb","itemListElement":[{"@type":"ListItem","position":1,"name":"Portada","item":"https:\/\/experienciadevida.com.ar\/portalurbano\/"},{"@type":"ListItem","position":2,"name":"Apag\u00f3n: qu\u00e9 se sabe hasta ahora sobre el hist\u00f3rico corte de luz"}]},{"@type":"WebSite","@id":"https:\/\/experienciadevida.com.ar\/portalurbano\/#website","url":"https:\/\/experienciadevida.com.ar\/portalurbano\/","name":"","description":"","publisher":{"@id":"https:\/\/experienciadevida.com.ar\/portalurbano\/#organization"},"potentialAction":[{"@type":"SearchAction","target":{"@type":"EntryPoint","urlTemplate":"https:\/\/experienciadevida.com.ar\/portalurbano\/?s={search_term_string}"},"query-input":"required name=search_term_string"}],"inLanguage":"es"},{"@type":"Organization","@id":"https:\/\/experienciadevida.com.ar\/portalurbano\/#organization","name":"Portal Urbano","url":"https:\/\/experienciadevida.com.ar\/portalurbano\/","logo":{"@type":"ImageObject","inLanguage":"es","@id":"https:\/\/experienciadevida.com.ar\/portalurbano\/#\/schema\/logo\/image\/","url":"https:\/\/experienciadevida.com.ar\/portalurbano\/wp-content\/uploads\/2019\/09\/Logo-Original.png","contentUrl":"https:\/\/experienciadevida.com.ar\/portalurbano\/wp-content\/uploads\/2019\/09\/Logo-Original.png","width":2236,"height":1216,"caption":"Portal Urbano"},"image":{"@id":"https:\/\/experienciadevida.com.ar\/portalurbano\/#\/schema\/logo\/image\/"},"sameAs":["https:\/\/www.facebook.com\/Portal-Urbano-171542830093757\/","https:\/\/twitter.com\/portalurbanook","https:\/\/www.instagram.com\/_portalurbano\/","https:\/\/www.youtube.com\/channel\/UCXhagIfszH8KxFiOok79zbA?view_as=subscriber"]},{"@type":"Person","@id":"https:\/\/experienciadevida.com.ar\/portalurbano\/#\/schema\/person\/02dd326b1c4b056e9cc972486934a3a7","name":"admpu17wp","image":{"@type":"ImageObject","inLanguage":"es","@id":"https:\/\/experienciadevida.com.ar\/portalurbano\/#\/schema\/person\/image\/","url":"https:\/\/secure.gravatar.com\/avatar\/830d4c57adaae6630765e449a6908047?s=96&d=mm&r=g","contentUrl":"https:\/\/secure.gravatar.com\/avatar\/830d4c57adaae6630765e449a6908047?s=96&d=mm&r=g","caption":"admpu17wp"}}]}},"featured_image_urls":{"full":["https:\/\/experienciadevida.com.ar\/portalurbano\/wp-content\/uploads\/2019\/06\/velas660x650-600x400.jpg",600,400,false],"thumbnail":["https:\/\/experienciadevida.com.ar\/portalurbano\/wp-content\/uploads\/2019\/06\/velas660x650-600x400-150x150.jpg",150,150,true],"medium":["https:\/\/experienciadevida.com.ar\/portalurbano\/wp-content\/uploads\/2019\/06\/velas660x650-600x400-300x200.jpg",300,200,true],"medium_large":["https:\/\/experienciadevida.com.ar\/portalurbano\/wp-content\/uploads\/2019\/06\/velas660x650-600x400.jpg",600,400,false],"large":["https:\/\/experienciadevida.com.ar\/portalurbano\/wp-content\/uploads\/2019\/06\/velas660x650-600x400.jpg",600,400,false],"ug_big":["https:\/\/experienciadevida.com.ar\/portalurbano\/wp-content\/uploads\/2019\/06\/velas660x650-600x400.jpg",600,400,false],"1536x1536":["https:\/\/experienciadevida.com.ar\/portalurbano\/wp-content\/uploads\/2019\/06\/velas660x650-600x400.jpg",600,400,false],"2048x2048":["https:\/\/experienciadevida.com.ar\/portalurbano\/wp-content\/uploads\/2019\/06\/velas660x650-600x400.jpg",600,400,false],"newsever-slider-full":["https:\/\/experienciadevida.com.ar\/portalurbano\/wp-content\/uploads\/2019\/06\/velas660x650-600x400.jpg",600,400,false],"newsever-featured":["https:\/\/experienciadevida.com.ar\/portalurbano\/wp-content\/uploads\/2019\/06\/velas660x650-600x400.jpg",600,400,false],"newsever-medium":["https:\/\/experienciadevida.com.ar\/portalurbano\/wp-content\/uploads\/2019\/06\/velas660x650-600x400.jpg",600,400,false],"web-stories-poster-portrait":["https:\/\/experienciadevida.com.ar\/portalurbano\/wp-content\/uploads\/2019\/06\/velas660x650-600x400.jpg",600,400,false],"web-stories-publisher-logo":["https:\/\/experienciadevida.com.ar\/portalurbano\/wp-content\/uploads\/2019\/06\/velas660x650-600x400.jpg",96,64,false],"web-stories-thumbnail":["https:\/\/experienciadevida.com.ar\/portalurbano\/wp-content\/uploads\/2019\/06\/velas660x650-600x400.jpg",150,100,false]},"author_info":{"display_name":"admpu17wp","author_link":"https:\/\/experienciadevida.com.ar\/portalurbano\/author\/admpu17wp\/"},"category_info":"<a href=\"https:\/\/experienciadevida.com.ar\/portalurbano\/category\/nacion\/\" rel=\"category tag\">Naci\u00f3n<\/a>","tag_info":"Naci\u00f3n","comment_count":"0","amp_enabled":true,"_links":{"self":[{"href":"https:\/\/experienciadevida.com.ar\/portalurbano\/wp-json\/wp\/v2\/posts\/73245"}],"collection":[{"href":"https:\/\/experienciadevida.com.ar\/portalurbano\/wp-json\/wp\/v2\/posts"}],"about":[{"href":"https:\/\/experienciadevida.com.ar\/portalurbano\/wp-json\/wp\/v2\/types\/post"}],"author":[{"embeddable":true,"href":"https:\/\/experienciadevida.com.ar\/portalurbano\/wp-json\/wp\/v2\/users\/1"}],"replies":[{"embeddable":true,"href":"https:\/\/experienciadevida.com.ar\/portalurbano\/wp-json\/wp\/v2\/comments?post=73245"}],"version-history":[{"count":1,"href":"https:\/\/experienciadevida.com.ar\/portalurbano\/wp-json\/wp\/v2\/posts\/73245\/revisions"}],"predecessor-version":[{"id":73250,"href":"https:\/\/experienciadevida.com.ar\/portalurbano\/wp-json\/wp\/v2\/posts\/73245\/revisions\/73250"}],"wp:featuredmedia":[{"embeddable":true,"href":"https:\/\/experienciadevida.com.ar\/portalurbano\/wp-json\/wp\/v2\/media\/73249"}],"wp:attachment":[{"href":"https:\/\/experienciadevida.com.ar\/portalurbano\/wp-json\/wp\/v2\/media?parent=73245"}],"wp:term":[{"taxonomy":"category","embeddable":true,"href":"https:\/\/experienciadevida.com.ar\/portalurbano\/wp-json\/wp\/v2\/categories?post=73245"},{"taxonomy":"post_tag","embeddable":true,"href":"https:\/\/experienciadevida.com.ar\/portalurbano\/wp-json\/wp\/v2\/tags?post=73245"}],"curies":[{"name":"wp","href":"https:\/\/api.w.org\/{rel}","templated":true}]}}