{"id":72940,"date":"2019-06-13T14:15:56","date_gmt":"2019-06-13T17:15:56","guid":{"rendered":"https:\/\/experienciadevida.com.ar\/portalurbano\/?p=72940"},"modified":"2019-06-13T14:15:56","modified_gmt":"2019-06-13T17:15:56","slug":"la-historia-de-javier-matias-darroux-mijalchuk-el-nieto-recuperado-n-130","status":"publish","type":"post","link":"https:\/\/experienciadevida.com.ar\/portalurbano\/la-historia-de-javier-matias-darroux-mijalchuk-el-nieto-recuperado-n-130\/","title":{"rendered":"La historia de Javier Mat\u00edas Darroux Mijalchuk, el nieto recuperado N\u00b0 130"},"content":{"rendered":"<article id=\"article-post\" class=\"first\">\n<p class=\"interiorCopete\">Fue apropiado durante la \u00faltima dictadura militar. El anuncio del hallazgo fue el lunes pasado, pero ahora se conocieron detalles de su historia<\/p>\n<div class=\"separator-line\">En una conferencia de prensa en la sede de Abuelas de Plaza de Mayo, <strong>Estela de Carlotto <\/strong>present\u00f3 al nieto recuperado n\u00famero 130. Se trata de\u00a0<strong>Mat\u00edas<\/strong>, quien fue apropiado durante la \u00faltima\u00a0dictadura\u00a0militar.<\/div>\n<div class=\"cuerpo\" data-twitter-link=\"https:\/\/twitter.com\/intent\/tweet?url=https:\/\/www.diariopopular.com.ar\/\/c401381&amp;via=poopulardiario&amp;related=Diario Popular&amp;text=\">\n<div id=\"div-gpt-ad-nota-312160\" class=\"banner-90\" data-mapping=\"mapping9\" data-google-query-id=\"CJHY7uz55uICFQUVgQodCh0JRQ\">\n<div id=\"google_ads_iframe_\/7581181\/dp_universal_0__container__\">\nEl anuncio del hallazgo fue realizado el lunes pasado, pero finalmente se dieron detalles de c\u00f3mo fue la situaci\u00f3n.<\/div>\n<\/div>\n<\/div>\n<\/article>\n<article id=\"article-post\">\n<div class=\"cuerpo\" data-twitter-link=\"https:\/\/twitter.com\/intent\/tweet?url=https:\/\/www.diariopopular.com.ar\/\/c401381&amp;via=poopulardiario&amp;related=Diario Popular&amp;text=\">\n<p><span id=\"saysCMSEmphasisjv1l49kfov\" class=\"\">Estela de Carlotto cont\u00f3 que, al momento del secuestro, la familia viv\u00eda en Caseros. Sus padres,\u00a0<strong>Juan Manuel Darroux y Elena Mijalchuk<\/strong>\u00a0eran de la localidad ubicada en Tres de Febrero.<\/span><\/p>\n<p>Una noche, el primo vio c\u00f3mo un grupo de tareas sub\u00edan a Juan Manuel a un Chevrolet azul metalizado, un diciembre de 1977. Esa fue la \u00faltima vez que lo vieron. Un d\u00eda m\u00e1s tarde, Elena fue hasta la calle Pampa junto a su beb\u00e9 a preguntar por \u00e9l. Nunca m\u00e1s la vieron.<\/p>\n<div class=\"penci-pullqoute align-none\">\n<blockquote><p>El ni\u00f1o apareci\u00f3 tirado en la calle y una mujer lo adopt\u00f3. Sin saber nada por ser tan peque\u00f1o, se crio y vivi\u00f3 lejos de su lugar de nacimiento. Por su parte, la familia de Elena sigui\u00f3 busc\u00e1ndolo de manera incansable. El hermano se mantuvo firme con la b\u00fasqueda del beb\u00e9 que desapareci\u00f3 junto a ellos.<\/p><\/blockquote>\n<\/div>\n<p>Tambi\u00e9n, ahora, buscan a un posible hermano o hermana porque, al momento de la desaparici\u00f3n, Elena estaba embarazada.<\/p>\n<div class=\"penci-pullqoute align-none\">\n<blockquote><p>Por m\u00e1s de 40 a\u00f1os, Roberto Mijalchuk sigui\u00f3 con la b\u00fasqueda de Mat\u00edas Javier Darroux Mijalchuk, ese peque\u00f1o que hab\u00eda sido sustra\u00eddo de su familia. En conferencia de prensa, Carlotto agreg\u00f3: &#8220;El t\u00edo nunca dio de baja ese tel\u00e9fono fijo que alguna vez dio a la CONADI. Esta vez recibi\u00f3 un llamado y le comunicaron que efectivamente hab\u00edan encontrado a su sobrino&#8221;.<\/p><\/blockquote>\n<\/div>\n<p>Un instante despu\u00e9s, Mat\u00edas Javier Darroux Mijalchuk tom\u00f3 el micr\u00f3fono y sostuvo: &#8220;Mi compa\u00f1era de vida y mis amigos Juan Pablo y Horacio me insist\u00edan con que venga a Abuelas a dejar una muestra de ADN. Yo siempre tuve convencimiento que mis padres podr\u00edan haber sido\u00a0desaparecidos&#8221;.<\/p>\n<div id=\"div-gpt-ad-nota-985959\" class=\"banner-90\" data-mapping=\"mapping9\" data-google-query-id=\"CO3Z7uz55uICFQUVgQodCh0JRQ\">\n<div id=\"google_ads_iframe_\/7581181\/dp_universal_1__container__\">Luego, finaliz\u00f3: &#8220;Yo estaba bien con qui\u00e9n era, pero entend\u00ed el ego\u00edsmo de mi postura. Si no era importante para m\u00ed, seguro era importante para alguien que del otro lado podr\u00eda estar busc\u00e1ndome. Y result\u00f3 que ah\u00ed estaba mi t\u00edo que me buscaba desde hace 40 a\u00f1os&#8221;.<\/div>\n<\/div>\n<\/div>\n<\/article>\n","protected":false},"excerpt":{"rendered":"<p>Fue apropiado durante la \u00faltima dictadura militar. El anuncio del hallazgo fue el lunes pasado,&#8230;<\/p>\n","protected":false},"author":1,"featured_media":72946,"comment_status":"open","ping_status":"open","sticky":false,"template":"","format":"standard","meta":{"content-type":""},"categories":[39],"tags":[],"nelio_content":{"isAutoShareEnabled":false,"autoShareEndMode":"default","automationSources":{"useContentSentences":true,"useSocialTemplates":true,"useCustomSentences":false,"customSentences":[]},"followers":[1],"suggestedReferences":[],"includedReferences":[],"efiUrl":"","efiAlt":"","highlights":[]},"yoast_head":"<!-- This site is optimized with the Yoast SEO plugin v20.7 - https:\/\/yoast.com\/wordpress\/plugins\/seo\/ -->\n<title>La historia de Javier Mat\u00edas Darroux Mijalchuk, el nieto recuperado N\u00b0 130 -<\/title>\n<meta name=\"robots\" content=\"index, follow, max-snippet:-1, max-image-preview:large, max-video-preview:-1\" \/>\n<link rel=\"canonical\" href=\"https:\/\/experienciadevida.com.ar\/portalurbano\/la-historia-de-javier-matias-darroux-mijalchuk-el-nieto-recuperado-n-130\/\" \/>\n<meta property=\"og:locale\" content=\"es_ES\" \/>\n<meta property=\"og:type\" content=\"article\" \/>\n<meta property=\"og:title\" content=\"La historia de Javier Mat\u00edas Darroux Mijalchuk, el nieto recuperado N\u00b0 130 -\" \/>\n<meta property=\"og:description\" content=\"Fue apropiado durante la \u00faltima dictadura militar. El anuncio del hallazgo fue el lunes pasado,...\" \/>\n<meta property=\"og:url\" content=\"https:\/\/experienciadevida.com.ar\/portalurbano\/la-historia-de-javier-matias-darroux-mijalchuk-el-nieto-recuperado-n-130\/\" \/>\n<meta property=\"article:publisher\" content=\"https:\/\/www.facebook.com\/Portal-Urbano-171542830093757\/\" \/>\n<meta property=\"article:published_time\" content=\"2019-06-13T17:15:56+00:00\" \/>\n<meta property=\"og:image\" content=\"https:\/\/experienciadevida.com.ar\/portalurbano\/wp-content\/uploads\/2019\/06\/nieto130-e1560446129836.jpg\" \/>\n\t<meta property=\"og:image:width\" content=\"750\" \/>\n\t<meta property=\"og:image:height\" content=\"422\" \/>\n\t<meta property=\"og:image:type\" content=\"image\/jpeg\" \/>\n<meta name=\"author\" content=\"admpu17wp\" \/>\n<meta name=\"twitter:card\" content=\"summary_large_image\" \/>\n<meta name=\"twitter:creator\" content=\"@portalurbanook\" \/>\n<meta name=\"twitter:site\" content=\"@portalurbanook\" \/>\n<meta name=\"twitter:label1\" content=\"Escrito por\" \/>\n\t<meta name=\"twitter:data1\" content=\"admpu17wp\" \/>\n\t<meta name=\"twitter:label2\" content=\"Tiempo de lectura\" \/>\n\t<meta name=\"twitter:data2\" content=\"2 minutos\" \/>\n<script type=\"application\/ld+json\" class=\"yoast-schema-graph\">{\"@context\":\"https:\/\/schema.org\",\"@graph\":[{\"@type\":\"Article\",\"@id\":\"https:\/\/experienciadevida.com.ar\/portalurbano\/la-historia-de-javier-matias-darroux-mijalchuk-el-nieto-recuperado-n-130\/#article\",\"isPartOf\":{\"@id\":\"https:\/\/experienciadevida.com.ar\/portalurbano\/la-historia-de-javier-matias-darroux-mijalchuk-el-nieto-recuperado-n-130\/\"},\"author\":{\"name\":\"admpu17wp\",\"@id\":\"https:\/\/experienciadevida.com.ar\/portalurbano\/#\/schema\/person\/02dd326b1c4b056e9cc972486934a3a7\"},\"headline\":\"La historia de Javier Mat\u00edas Darroux Mijalchuk, el nieto recuperado N\u00b0 130\",\"datePublished\":\"2019-06-13T17:15:56+00:00\",\"dateModified\":\"2019-06-13T17:15:56+00:00\",\"mainEntityOfPage\":{\"@id\":\"https:\/\/experienciadevida.com.ar\/portalurbano\/la-historia-de-javier-matias-darroux-mijalchuk-el-nieto-recuperado-n-130\/\"},\"wordCount\":443,\"commentCount\":0,\"publisher\":{\"@id\":\"https:\/\/experienciadevida.com.ar\/portalurbano\/#organization\"},\"articleSection\":[\"Naci\u00f3n\"],\"inLanguage\":\"es\",\"potentialAction\":[{\"@type\":\"CommentAction\",\"name\":\"Comment\",\"target\":[\"https:\/\/experienciadevida.com.ar\/portalurbano\/la-historia-de-javier-matias-darroux-mijalchuk-el-nieto-recuperado-n-130\/#respond\"]}]},{\"@type\":\"WebPage\",\"@id\":\"https:\/\/experienciadevida.com.ar\/portalurbano\/la-historia-de-javier-matias-darroux-mijalchuk-el-nieto-recuperado-n-130\/\",\"url\":\"https:\/\/experienciadevida.com.ar\/portalurbano\/la-historia-de-javier-matias-darroux-mijalchuk-el-nieto-recuperado-n-130\/\",\"name\":\"La historia de Javier Mat\u00edas Darroux Mijalchuk, el nieto recuperado N\u00b0 130 -\",\"isPartOf\":{\"@id\":\"https:\/\/experienciadevida.com.ar\/portalurbano\/#website\"},\"datePublished\":\"2019-06-13T17:15:56+00:00\",\"dateModified\":\"2019-06-13T17:15:56+00:00\",\"breadcrumb\":{\"@id\":\"https:\/\/experienciadevida.com.ar\/portalurbano\/la-historia-de-javier-matias-darroux-mijalchuk-el-nieto-recuperado-n-130\/#breadcrumb\"},\"inLanguage\":\"es\",\"potentialAction\":[{\"@type\":\"ReadAction\",\"target\":[\"https:\/\/experienciadevida.com.ar\/portalurbano\/la-historia-de-javier-matias-darroux-mijalchuk-el-nieto-recuperado-n-130\/\"]}]},{\"@type\":\"BreadcrumbList\",\"@id\":\"https:\/\/experienciadevida.com.ar\/portalurbano\/la-historia-de-javier-matias-darroux-mijalchuk-el-nieto-recuperado-n-130\/#breadcrumb\",\"itemListElement\":[{\"@type\":\"ListItem\",\"position\":1,\"name\":\"Portada\",\"item\":\"https:\/\/experienciadevida.com.ar\/portalurbano\/\"},{\"@type\":\"ListItem\",\"position\":2,\"name\":\"La historia de Javier Mat\u00edas Darroux Mijalchuk, el nieto recuperado N\u00b0 130\"}]},{\"@type\":\"WebSite\",\"@id\":\"https:\/\/experienciadevida.com.ar\/portalurbano\/#website\",\"url\":\"https:\/\/experienciadevida.com.ar\/portalurbano\/\",\"name\":\"\",\"description\":\"\",\"publisher\":{\"@id\":\"https:\/\/experienciadevida.com.ar\/portalurbano\/#organization\"},\"potentialAction\":[{\"@type\":\"SearchAction\",\"target\":{\"@type\":\"EntryPoint\",\"urlTemplate\":\"https:\/\/experienciadevida.com.ar\/portalurbano\/?s={search_term_string}\"},\"query-input\":\"required name=search_term_string\"}],\"inLanguage\":\"es\"},{\"@type\":\"Organization\",\"@id\":\"https:\/\/experienciadevida.com.ar\/portalurbano\/#organization\",\"name\":\"Portal Urbano\",\"url\":\"https:\/\/experienciadevida.com.ar\/portalurbano\/\",\"logo\":{\"@type\":\"ImageObject\",\"inLanguage\":\"es\",\"@id\":\"https:\/\/experienciadevida.com.ar\/portalurbano\/#\/schema\/logo\/image\/\",\"url\":\"https:\/\/experienciadevida.com.ar\/portalurbano\/wp-content\/uploads\/2019\/09\/Logo-Original.png\",\"contentUrl\":\"https:\/\/experienciadevida.com.ar\/portalurbano\/wp-content\/uploads\/2019\/09\/Logo-Original.png\",\"width\":2236,\"height\":1216,\"caption\":\"Portal Urbano\"},\"image\":{\"@id\":\"https:\/\/experienciadevida.com.ar\/portalurbano\/#\/schema\/logo\/image\/\"},\"sameAs\":[\"https:\/\/www.facebook.com\/Portal-Urbano-171542830093757\/\",\"https:\/\/twitter.com\/portalurbanook\",\"https:\/\/www.instagram.com\/_portalurbano\/\",\"https:\/\/www.youtube.com\/channel\/UCXhagIfszH8KxFiOok79zbA?view_as=subscriber\"]},{\"@type\":\"Person\",\"@id\":\"https:\/\/experienciadevida.com.ar\/portalurbano\/#\/schema\/person\/02dd326b1c4b056e9cc972486934a3a7\",\"name\":\"admpu17wp\",\"image\":{\"@type\":\"ImageObject\",\"inLanguage\":\"es\",\"@id\":\"https:\/\/experienciadevida.com.ar\/portalurbano\/#\/schema\/person\/image\/\",\"url\":\"https:\/\/secure.gravatar.com\/avatar\/830d4c57adaae6630765e449a6908047?s=96&d=mm&r=g\",\"contentUrl\":\"https:\/\/secure.gravatar.com\/avatar\/830d4c57adaae6630765e449a6908047?s=96&d=mm&r=g\",\"caption\":\"admpu17wp\"}}]}<\/script>\n<!-- \/ Yoast SEO plugin. -->","yoast_head_json":{"title":"La historia de Javier Mat\u00edas Darroux Mijalchuk, el nieto recuperado N\u00b0 130 -","robots":{"index":"index","follow":"follow","max-snippet":"max-snippet:-1","max-image-preview":"max-image-preview:large","max-video-preview":"max-video-preview:-1"},"canonical":"https:\/\/experienciadevida.com.ar\/portalurbano\/la-historia-de-javier-matias-darroux-mijalchuk-el-nieto-recuperado-n-130\/","og_locale":"es_ES","og_type":"article","og_title":"La historia de Javier Mat\u00edas Darroux Mijalchuk, el nieto recuperado N\u00b0 130 -","og_description":"Fue apropiado durante la \u00faltima dictadura militar. El anuncio del hallazgo fue el lunes pasado,...","og_url":"https:\/\/experienciadevida.com.ar\/portalurbano\/la-historia-de-javier-matias-darroux-mijalchuk-el-nieto-recuperado-n-130\/","article_publisher":"https:\/\/www.facebook.com\/Portal-Urbano-171542830093757\/","article_published_time":"2019-06-13T17:15:56+00:00","og_image":[{"width":750,"height":422,"url":"https:\/\/experienciadevida.com.ar\/portalurbano\/wp-content\/uploads\/2019\/06\/nieto130-e1560446129836.jpg","type":"image\/jpeg"}],"author":"admpu17wp","twitter_card":"summary_large_image","twitter_creator":"@portalurbanook","twitter_site":"@portalurbanook","twitter_misc":{"Escrito por":"admpu17wp","Tiempo de lectura":"2 minutos"},"schema":{"@context":"https:\/\/schema.org","@graph":[{"@type":"Article","@id":"https:\/\/experienciadevida.com.ar\/portalurbano\/la-historia-de-javier-matias-darroux-mijalchuk-el-nieto-recuperado-n-130\/#article","isPartOf":{"@id":"https:\/\/experienciadevida.com.ar\/portalurbano\/la-historia-de-javier-matias-darroux-mijalchuk-el-nieto-recuperado-n-130\/"},"author":{"name":"admpu17wp","@id":"https:\/\/experienciadevida.com.ar\/portalurbano\/#\/schema\/person\/02dd326b1c4b056e9cc972486934a3a7"},"headline":"La historia de Javier Mat\u00edas Darroux Mijalchuk, el nieto recuperado N\u00b0 130","datePublished":"2019-06-13T17:15:56+00:00","dateModified":"2019-06-13T17:15:56+00:00","mainEntityOfPage":{"@id":"https:\/\/experienciadevida.com.ar\/portalurbano\/la-historia-de-javier-matias-darroux-mijalchuk-el-nieto-recuperado-n-130\/"},"wordCount":443,"commentCount":0,"publisher":{"@id":"https:\/\/experienciadevida.com.ar\/portalurbano\/#organization"},"articleSection":["Naci\u00f3n"],"inLanguage":"es","potentialAction":[{"@type":"CommentAction","name":"Comment","target":["https:\/\/experienciadevida.com.ar\/portalurbano\/la-historia-de-javier-matias-darroux-mijalchuk-el-nieto-recuperado-n-130\/#respond"]}]},{"@type":"WebPage","@id":"https:\/\/experienciadevida.com.ar\/portalurbano\/la-historia-de-javier-matias-darroux-mijalchuk-el-nieto-recuperado-n-130\/","url":"https:\/\/experienciadevida.com.ar\/portalurbano\/la-historia-de-javier-matias-darroux-mijalchuk-el-nieto-recuperado-n-130\/","name":"La historia de Javier Mat\u00edas Darroux Mijalchuk, el nieto recuperado N\u00b0 130 -","isPartOf":{"@id":"https:\/\/experienciadevida.com.ar\/portalurbano\/#website"},"datePublished":"2019-06-13T17:15:56+00:00","dateModified":"2019-06-13T17:15:56+00:00","breadcrumb":{"@id":"https:\/\/experienciadevida.com.ar\/portalurbano\/la-historia-de-javier-matias-darroux-mijalchuk-el-nieto-recuperado-n-130\/#breadcrumb"},"inLanguage":"es","potentialAction":[{"@type":"ReadAction","target":["https:\/\/experienciadevida.com.ar\/portalurbano\/la-historia-de-javier-matias-darroux-mijalchuk-el-nieto-recuperado-n-130\/"]}]},{"@type":"BreadcrumbList","@id":"https:\/\/experienciadevida.com.ar\/portalurbano\/la-historia-de-javier-matias-darroux-mijalchuk-el-nieto-recuperado-n-130\/#breadcrumb","itemListElement":[{"@type":"ListItem","position":1,"name":"Portada","item":"https:\/\/experienciadevida.com.ar\/portalurbano\/"},{"@type":"ListItem","position":2,"name":"La historia de Javier Mat\u00edas Darroux Mijalchuk, el nieto recuperado N\u00b0 130"}]},{"@type":"WebSite","@id":"https:\/\/experienciadevida.com.ar\/portalurbano\/#website","url":"https:\/\/experienciadevida.com.ar\/portalurbano\/","name":"","description":"","publisher":{"@id":"https:\/\/experienciadevida.com.ar\/portalurbano\/#organization"},"potentialAction":[{"@type":"SearchAction","target":{"@type":"EntryPoint","urlTemplate":"https:\/\/experienciadevida.com.ar\/portalurbano\/?s={search_term_string}"},"query-input":"required name=search_term_string"}],"inLanguage":"es"},{"@type":"Organization","@id":"https:\/\/experienciadevida.com.ar\/portalurbano\/#organization","name":"Portal Urbano","url":"https:\/\/experienciadevida.com.ar\/portalurbano\/","logo":{"@type":"ImageObject","inLanguage":"es","@id":"https:\/\/experienciadevida.com.ar\/portalurbano\/#\/schema\/logo\/image\/","url":"https:\/\/experienciadevida.com.ar\/portalurbano\/wp-content\/uploads\/2019\/09\/Logo-Original.png","contentUrl":"https:\/\/experienciadevida.com.ar\/portalurbano\/wp-content\/uploads\/2019\/09\/Logo-Original.png","width":2236,"height":1216,"caption":"Portal Urbano"},"image":{"@id":"https:\/\/experienciadevida.com.ar\/portalurbano\/#\/schema\/logo\/image\/"},"sameAs":["https:\/\/www.facebook.com\/Portal-Urbano-171542830093757\/","https:\/\/twitter.com\/portalurbanook","https:\/\/www.instagram.com\/_portalurbano\/","https:\/\/www.youtube.com\/channel\/UCXhagIfszH8KxFiOok79zbA?view_as=subscriber"]},{"@type":"Person","@id":"https:\/\/experienciadevida.com.ar\/portalurbano\/#\/schema\/person\/02dd326b1c4b056e9cc972486934a3a7","name":"admpu17wp","image":{"@type":"ImageObject","inLanguage":"es","@id":"https:\/\/experienciadevida.com.ar\/portalurbano\/#\/schema\/person\/image\/","url":"https:\/\/secure.gravatar.com\/avatar\/830d4c57adaae6630765e449a6908047?s=96&d=mm&r=g","contentUrl":"https:\/\/secure.gravatar.com\/avatar\/830d4c57adaae6630765e449a6908047?s=96&d=mm&r=g","caption":"admpu17wp"}}]}},"featured_image_urls":{"full":["https:\/\/experienciadevida.com.ar\/portalurbano\/wp-content\/uploads\/2019\/06\/nieto130-e1560446129836.jpg",750,422,false],"thumbnail":["https:\/\/experienciadevida.com.ar\/portalurbano\/wp-content\/uploads\/2019\/06\/nieto130-150x150.jpg",150,150,true],"medium":["https:\/\/experienciadevida.com.ar\/portalurbano\/wp-content\/uploads\/2019\/06\/nieto130-300x169.jpg",300,169,true],"medium_large":["https:\/\/experienciadevida.com.ar\/portalurbano\/wp-content\/uploads\/2019\/06\/nieto130-768x432.jpg",640,360,true],"large":["https:\/\/experienciadevida.com.ar\/portalurbano\/wp-content\/uploads\/2019\/06\/nieto130-1024x576.jpg",640,360,true],"ug_big":["https:\/\/experienciadevida.com.ar\/portalurbano\/wp-content\/uploads\/2019\/06\/nieto130-768x432.jpg",768,432,true],"1536x1536":["https:\/\/experienciadevida.com.ar\/portalurbano\/wp-content\/uploads\/2019\/06\/nieto130-e1560446129836.jpg",750,422,false],"2048x2048":["https:\/\/experienciadevida.com.ar\/portalurbano\/wp-content\/uploads\/2019\/06\/nieto130-e1560446129836.jpg",750,422,false],"newsever-slider-full":["https:\/\/experienciadevida.com.ar\/portalurbano\/wp-content\/uploads\/2019\/06\/nieto130-e1560446129836.jpg",750,422,false],"newsever-featured":["https:\/\/experienciadevida.com.ar\/portalurbano\/wp-content\/uploads\/2019\/06\/nieto130-e1560446129836.jpg",750,422,false],"newsever-medium":["https:\/\/experienciadevida.com.ar\/portalurbano\/wp-content\/uploads\/2019\/06\/nieto130-e1560446129836.jpg",720,405,false],"web-stories-poster-portrait":["https:\/\/experienciadevida.com.ar\/portalurbano\/wp-content\/uploads\/2019\/06\/nieto130-e1560446129836.jpg",640,360,false],"web-stories-publisher-logo":["https:\/\/experienciadevida.com.ar\/portalurbano\/wp-content\/uploads\/2019\/06\/nieto130-e1560446129836.jpg",96,54,false],"web-stories-thumbnail":["https:\/\/experienciadevida.com.ar\/portalurbano\/wp-content\/uploads\/2019\/06\/nieto130-e1560446129836.jpg",150,84,false]},"author_info":{"display_name":"admpu17wp","author_link":"https:\/\/experienciadevida.com.ar\/portalurbano\/author\/admpu17wp\/"},"category_info":"<a href=\"https:\/\/experienciadevida.com.ar\/portalurbano\/category\/nacion\/\" rel=\"category tag\">Naci\u00f3n<\/a>","tag_info":"Naci\u00f3n","comment_count":"0","amp_enabled":true,"_links":{"self":[{"href":"https:\/\/experienciadevida.com.ar\/portalurbano\/wp-json\/wp\/v2\/posts\/72940"}],"collection":[{"href":"https:\/\/experienciadevida.com.ar\/portalurbano\/wp-json\/wp\/v2\/posts"}],"about":[{"href":"https:\/\/experienciadevida.com.ar\/portalurbano\/wp-json\/wp\/v2\/types\/post"}],"author":[{"embeddable":true,"href":"https:\/\/experienciadevida.com.ar\/portalurbano\/wp-json\/wp\/v2\/users\/1"}],"replies":[{"embeddable":true,"href":"https:\/\/experienciadevida.com.ar\/portalurbano\/wp-json\/wp\/v2\/comments?post=72940"}],"version-history":[{"count":1,"href":"https:\/\/experienciadevida.com.ar\/portalurbano\/wp-json\/wp\/v2\/posts\/72940\/revisions"}],"predecessor-version":[{"id":72947,"href":"https:\/\/experienciadevida.com.ar\/portalurbano\/wp-json\/wp\/v2\/posts\/72940\/revisions\/72947"}],"wp:featuredmedia":[{"embeddable":true,"href":"https:\/\/experienciadevida.com.ar\/portalurbano\/wp-json\/wp\/v2\/media\/72946"}],"wp:attachment":[{"href":"https:\/\/experienciadevida.com.ar\/portalurbano\/wp-json\/wp\/v2\/media?parent=72940"}],"wp:term":[{"taxonomy":"category","embeddable":true,"href":"https:\/\/experienciadevida.com.ar\/portalurbano\/wp-json\/wp\/v2\/categories?post=72940"},{"taxonomy":"post_tag","embeddable":true,"href":"https:\/\/experienciadevida.com.ar\/portalurbano\/wp-json\/wp\/v2\/tags?post=72940"}],"curies":[{"name":"wp","href":"https:\/\/api.w.org\/{rel}","templated":true}]}}