{"id":72841,"date":"2019-06-13T08:39:58","date_gmt":"2019-06-13T11:39:58","guid":{"rendered":"https:\/\/experienciadevida.com.ar\/portalurbano\/?p=72841"},"modified":"2019-06-13T08:39:58","modified_gmt":"2019-06-13T11:39:58","slug":"murio-el-periodista-deportivo-sergio-gendler","status":"publish","type":"post","link":"https:\/\/experienciadevida.com.ar\/portalurbano\/murio-el-periodista-deportivo-sergio-gendler\/","title":{"rendered":"Muri\u00f3 el periodista deportivo Sergio Gendler"},"content":{"rendered":"<p>Estaba internado en grave estado en la Cl\u00ednica Fleming por\u00a0un c\u00e1ncer de intestino.\u00a0Ten\u00eda\u00a052 a\u00f1os.<\/p>\n<p>El periodista deportivo\u00a0<strong>Sergio Gendler (53)<\/strong>\u00a0muri\u00f3 en la madrugada este jueves, a los 52\u00a0a\u00f1os. Desde hace 19 padec\u00eda una\u00a0<strong>compleja afecci\u00f3n intestinal<\/strong>.<\/p>\n<p>La noticia fue confirmada por\u00a0<strong>Alfredo Leuco<\/strong>, conductor del programa &#8220;Le doy mi palabra&#8221;\u00a0en radio\u00a0<em>Mitre<\/em>, donde\u00a0Gendler trabajaba.\u00a0&#8220;Tenemos un desgarro profundo en el alma, era un atorrante divertido que nos llen\u00f3 de alegr\u00eda los estudios de radio\u00a0<em>Mitre<\/em>&#8220;, dijo.<\/p>\n<p>Gendler trabajaba en<em>\u00a0Fox Sports<\/em>\u00a0y en\u00a0<em>Mitre<\/em>,\u00a0pero la mayor parte de su carrera se centr\u00f3 en\u00a0<em>Telenoche<\/em>\u00a0y\u00a0<em>TN<\/em>, donde fue\u00a0columnista y form\u00f3\u00a0parte del cl\u00e1sico\u00a0<em>TN Deportivo<\/em>.<\/p>\n<p>En\u00a02000, a ra\u00edz de los s\u00edntomas digestivos que lo estaban aquejando, fue diagnosticado con la\u00a0<strong>enfermedad de Crohn,\u00a0<\/strong>un proceso inflamatorio cr\u00f3nico del tracto intestinal que puede afectar cualquier parte del sistema digestivo, aunque se da com\u00fanmente en la parte m\u00e1s baja del intestino delgado y el intestino grueso (colon y recto).<\/p>\n<div class=\"sp__Normal\">\n<div class=\"image-embeb image-trigger pointer\" data-index=\"1\">\n<figure><img decoding=\"async\" src=\"https:\/\/images.clarin.com\/2017\/01\/20\/sergio-gendler-en-el-verano___BkjxSeePx_720x0.jpg\" alt=\"Sergio Gendler, en el verano 2017.\" data-big=\"https:\/\/images.clarin.com\/2017\/01\/20\/sergio-gendler-en-el-verano___BkjxSeePx_720x0.jpg\" data-small=\"https:\/\/images.clarin.com\/2017\/01\/20\/sergio-gendler-en-el-verano___BkjxSeePx_720x0.jpg\" data-observer-function=\"loadLazyImg\" \/><i class=\"fa fa-circle fa-stack-2x icon-background1\"><\/i><i class=\"fa fa-circle-o fa-stack-2x icon-background2\"><\/i><i class=\"fa fa-arrows-alt fa-stack-1x\"><\/i><\/figure>\n<p>Sergio Gendler, en el verano 2017.<\/p>\n<\/div>\n<\/div>\n<p>&#8220;Me llev\u00f3 como cuatro a\u00f1os el diagn\u00f3stico. Cuando me hicieron la primera colonoscopia y vi la cara de los m\u00e9dicos dije &#8216;qu\u00e9 pas\u00f3. Muero ma\u00f1ana&#8217;. Tuve que ir a Internet a ver de qu\u00e9 se trataba. Una vez que encontr\u00e9 el tratamiento fue otra vida&#8221;, contaba a\u00f1os atr\u00e1s en un video para la Fundaci\u00f3n Mas Vida de Crohn &amp; Colitis Ulcerosa.<\/p>\n<p>&#8220;S\u00e9 que si tengo que irme de viaje, tengo que preparar mi equipaje y mi medicaci\u00f3n, es parte de mi vida&#8221;, explic\u00f3 en ese momento, naturalizando la situaci\u00f3n.<\/p>\n<div class=\"sp__SM\">\n<div class=\"content-new  no-img\">\n<div class=\"mt\">El periodista era padre de cuatro hijas: B\u00e1rbara (18) e Ivana (16), de su primer matrimonio, y Malena (7) y Agustina (5), fruto de su amor con Nancy Lezcano, su ultima mujer.<\/div>\n<\/div>\n<\/div>\n<p>En estos \u00faltimos a\u00f1os adem\u00e1s de trabajar en\u00a0<em>Fox Sports<\/em>\u00a0estaba como columnista deportivo\u00a0en los programas radiales de &#8220;Le doy mi palabra&#8221; (con la conducci\u00f3n de Alfredo Leuco)\u00a0por\u00a0<em>Mitre<\/em>\u00a0y tambi\u00e9n en la FM\u00a0<em>La\u00a0100<\/em>\u00a0en &#8220;Sarasa&#8221; (Con Ronnie Arias y Alejandra Salas) y &#8220;Atardecer de un d\u00eda agitado&#8221; (Sergio Lapeg\u00fce).<\/p>\n<p>Muchas veces pol\u00e9mico, el periodista lleg\u00f3 a decir -luego de sufrir un intento de robo en el que le gatillaron en la puerta de su casa- que comprar\u00eda un arma y le disparar\u00eda al ladr\u00f3n: &#8220;Voy a ir al Renar, voy a sacar un arma y no me pasa m\u00e1s. Viene un chab\u00f3n con un arma y tiro. Es una decisi\u00f3n de vida, jodida. De ahora en m\u00e1s tengo un arma en mi casa. Si ten\u00e9s un arma en la casa es para usarla. Ten\u00e9s que tener los huevos para que el d\u00eda que te entran \u00a1pum!&#8221;, dijo en mayo del 2017.<\/p>\n","protected":false},"excerpt":{"rendered":"<p>Estaba internado en grave estado en la Cl\u00ednica Fleming por\u00a0un c\u00e1ncer de intestino.\u00a0Ten\u00eda\u00a052 a\u00f1os. El&#8230;<\/p>\n","protected":false},"author":1,"featured_media":72844,"comment_status":"open","ping_status":"open","sticky":false,"template":"","format":"standard","meta":{"content-type":""},"categories":[39],"tags":[],"nelio_content":{"isAutoShareEnabled":false,"autoShareEndMode":"default","automationSources":{"useContentSentences":true,"useSocialTemplates":true,"useCustomSentences":false,"customSentences":[]},"followers":[1],"suggestedReferences":[],"includedReferences":[],"efiUrl":"","efiAlt":"","highlights":[]},"yoast_head":"<!-- This site is optimized with the Yoast SEO plugin v20.7 - https:\/\/yoast.com\/wordpress\/plugins\/seo\/ -->\n<title>Muri\u00f3 el periodista deportivo Sergio Gendler -<\/title>\n<meta name=\"robots\" content=\"index, follow, max-snippet:-1, max-image-preview:large, max-video-preview:-1\" \/>\n<link rel=\"canonical\" href=\"https:\/\/experienciadevida.com.ar\/portalurbano\/murio-el-periodista-deportivo-sergio-gendler\/\" \/>\n<meta property=\"og:locale\" content=\"es_ES\" \/>\n<meta property=\"og:type\" content=\"article\" \/>\n<meta property=\"og:title\" content=\"Muri\u00f3 el periodista deportivo Sergio Gendler -\" \/>\n<meta property=\"og:description\" content=\"Estaba internado en grave estado en la Cl\u00ednica Fleming por\u00a0un c\u00e1ncer de intestino.\u00a0Ten\u00eda\u00a052 a\u00f1os. El...\" \/>\n<meta property=\"og:url\" content=\"https:\/\/experienciadevida.com.ar\/portalurbano\/murio-el-periodista-deportivo-sergio-gendler\/\" \/>\n<meta property=\"article:publisher\" content=\"https:\/\/www.facebook.com\/Portal-Urbano-171542830093757\/\" \/>\n<meta property=\"article:published_time\" content=\"2019-06-13T11:39:58+00:00\" \/>\n<meta property=\"og:image\" content=\"https:\/\/experienciadevida.com.ar\/portalurbano\/wp-content\/uploads\/2019\/06\/20190606154742_37946561_0_body-e1560425947541.jpg\" \/>\n\t<meta property=\"og:image:width\" content=\"750\" \/>\n\t<meta property=\"og:image:height\" content=\"422\" \/>\n\t<meta property=\"og:image:type\" content=\"image\/jpeg\" \/>\n<meta name=\"author\" content=\"admpu17wp\" \/>\n<meta name=\"twitter:card\" content=\"summary_large_image\" \/>\n<meta name=\"twitter:creator\" content=\"@portalurbanook\" \/>\n<meta name=\"twitter:site\" content=\"@portalurbanook\" \/>\n<meta name=\"twitter:label1\" content=\"Escrito por\" \/>\n\t<meta name=\"twitter:data1\" content=\"admpu17wp\" \/>\n\t<meta name=\"twitter:label2\" content=\"Tiempo de lectura\" \/>\n\t<meta name=\"twitter:data2\" content=\"2 minutos\" \/>\n<script type=\"application\/ld+json\" class=\"yoast-schema-graph\">{\"@context\":\"https:\/\/schema.org\",\"@graph\":[{\"@type\":\"Article\",\"@id\":\"https:\/\/experienciadevida.com.ar\/portalurbano\/murio-el-periodista-deportivo-sergio-gendler\/#article\",\"isPartOf\":{\"@id\":\"https:\/\/experienciadevida.com.ar\/portalurbano\/murio-el-periodista-deportivo-sergio-gendler\/\"},\"author\":{\"name\":\"admpu17wp\",\"@id\":\"https:\/\/experienciadevida.com.ar\/portalurbano\/#\/schema\/person\/02dd326b1c4b056e9cc972486934a3a7\"},\"headline\":\"Muri\u00f3 el periodista deportivo Sergio Gendler\",\"datePublished\":\"2019-06-13T11:39:58+00:00\",\"dateModified\":\"2019-06-13T11:39:58+00:00\",\"mainEntityOfPage\":{\"@id\":\"https:\/\/experienciadevida.com.ar\/portalurbano\/murio-el-periodista-deportivo-sergio-gendler\/\"},\"wordCount\":485,\"commentCount\":0,\"publisher\":{\"@id\":\"https:\/\/experienciadevida.com.ar\/portalurbano\/#organization\"},\"articleSection\":[\"Naci\u00f3n\"],\"inLanguage\":\"es\",\"potentialAction\":[{\"@type\":\"CommentAction\",\"name\":\"Comment\",\"target\":[\"https:\/\/experienciadevida.com.ar\/portalurbano\/murio-el-periodista-deportivo-sergio-gendler\/#respond\"]}]},{\"@type\":\"WebPage\",\"@id\":\"https:\/\/experienciadevida.com.ar\/portalurbano\/murio-el-periodista-deportivo-sergio-gendler\/\",\"url\":\"https:\/\/experienciadevida.com.ar\/portalurbano\/murio-el-periodista-deportivo-sergio-gendler\/\",\"name\":\"Muri\u00f3 el periodista deportivo Sergio Gendler -\",\"isPartOf\":{\"@id\":\"https:\/\/experienciadevida.com.ar\/portalurbano\/#website\"},\"datePublished\":\"2019-06-13T11:39:58+00:00\",\"dateModified\":\"2019-06-13T11:39:58+00:00\",\"breadcrumb\":{\"@id\":\"https:\/\/experienciadevida.com.ar\/portalurbano\/murio-el-periodista-deportivo-sergio-gendler\/#breadcrumb\"},\"inLanguage\":\"es\",\"potentialAction\":[{\"@type\":\"ReadAction\",\"target\":[\"https:\/\/experienciadevida.com.ar\/portalurbano\/murio-el-periodista-deportivo-sergio-gendler\/\"]}]},{\"@type\":\"BreadcrumbList\",\"@id\":\"https:\/\/experienciadevida.com.ar\/portalurbano\/murio-el-periodista-deportivo-sergio-gendler\/#breadcrumb\",\"itemListElement\":[{\"@type\":\"ListItem\",\"position\":1,\"name\":\"Portada\",\"item\":\"https:\/\/experienciadevida.com.ar\/portalurbano\/\"},{\"@type\":\"ListItem\",\"position\":2,\"name\":\"Muri\u00f3 el periodista deportivo Sergio Gendler\"}]},{\"@type\":\"WebSite\",\"@id\":\"https:\/\/experienciadevida.com.ar\/portalurbano\/#website\",\"url\":\"https:\/\/experienciadevida.com.ar\/portalurbano\/\",\"name\":\"\",\"description\":\"\",\"publisher\":{\"@id\":\"https:\/\/experienciadevida.com.ar\/portalurbano\/#organization\"},\"potentialAction\":[{\"@type\":\"SearchAction\",\"target\":{\"@type\":\"EntryPoint\",\"urlTemplate\":\"https:\/\/experienciadevida.com.ar\/portalurbano\/?s={search_term_string}\"},\"query-input\":\"required name=search_term_string\"}],\"inLanguage\":\"es\"},{\"@type\":\"Organization\",\"@id\":\"https:\/\/experienciadevida.com.ar\/portalurbano\/#organization\",\"name\":\"Portal Urbano\",\"url\":\"https:\/\/experienciadevida.com.ar\/portalurbano\/\",\"logo\":{\"@type\":\"ImageObject\",\"inLanguage\":\"es\",\"@id\":\"https:\/\/experienciadevida.com.ar\/portalurbano\/#\/schema\/logo\/image\/\",\"url\":\"https:\/\/experienciadevida.com.ar\/portalurbano\/wp-content\/uploads\/2019\/09\/Logo-Original.png\",\"contentUrl\":\"https:\/\/experienciadevida.com.ar\/portalurbano\/wp-content\/uploads\/2019\/09\/Logo-Original.png\",\"width\":2236,\"height\":1216,\"caption\":\"Portal Urbano\"},\"image\":{\"@id\":\"https:\/\/experienciadevida.com.ar\/portalurbano\/#\/schema\/logo\/image\/\"},\"sameAs\":[\"https:\/\/www.facebook.com\/Portal-Urbano-171542830093757\/\",\"https:\/\/twitter.com\/portalurbanook\",\"https:\/\/www.instagram.com\/_portalurbano\/\",\"https:\/\/www.youtube.com\/channel\/UCXhagIfszH8KxFiOok79zbA?view_as=subscriber\"]},{\"@type\":\"Person\",\"@id\":\"https:\/\/experienciadevida.com.ar\/portalurbano\/#\/schema\/person\/02dd326b1c4b056e9cc972486934a3a7\",\"name\":\"admpu17wp\",\"image\":{\"@type\":\"ImageObject\",\"inLanguage\":\"es\",\"@id\":\"https:\/\/experienciadevida.com.ar\/portalurbano\/#\/schema\/person\/image\/\",\"url\":\"https:\/\/secure.gravatar.com\/avatar\/830d4c57adaae6630765e449a6908047?s=96&d=mm&r=g\",\"contentUrl\":\"https:\/\/secure.gravatar.com\/avatar\/830d4c57adaae6630765e449a6908047?s=96&d=mm&r=g\",\"caption\":\"admpu17wp\"}}]}<\/script>\n<!-- \/ Yoast SEO plugin. -->","yoast_head_json":{"title":"Muri\u00f3 el periodista deportivo Sergio Gendler -","robots":{"index":"index","follow":"follow","max-snippet":"max-snippet:-1","max-image-preview":"max-image-preview:large","max-video-preview":"max-video-preview:-1"},"canonical":"https:\/\/experienciadevida.com.ar\/portalurbano\/murio-el-periodista-deportivo-sergio-gendler\/","og_locale":"es_ES","og_type":"article","og_title":"Muri\u00f3 el periodista deportivo Sergio Gendler -","og_description":"Estaba internado en grave estado en la Cl\u00ednica Fleming por\u00a0un c\u00e1ncer de intestino.\u00a0Ten\u00eda\u00a052 a\u00f1os. El...","og_url":"https:\/\/experienciadevida.com.ar\/portalurbano\/murio-el-periodista-deportivo-sergio-gendler\/","article_publisher":"https:\/\/www.facebook.com\/Portal-Urbano-171542830093757\/","article_published_time":"2019-06-13T11:39:58+00:00","og_image":[{"width":750,"height":422,"url":"https:\/\/experienciadevida.com.ar\/portalurbano\/wp-content\/uploads\/2019\/06\/20190606154742_37946561_0_body-e1560425947541.jpg","type":"image\/jpeg"}],"author":"admpu17wp","twitter_card":"summary_large_image","twitter_creator":"@portalurbanook","twitter_site":"@portalurbanook","twitter_misc":{"Escrito por":"admpu17wp","Tiempo de lectura":"2 minutos"},"schema":{"@context":"https:\/\/schema.org","@graph":[{"@type":"Article","@id":"https:\/\/experienciadevida.com.ar\/portalurbano\/murio-el-periodista-deportivo-sergio-gendler\/#article","isPartOf":{"@id":"https:\/\/experienciadevida.com.ar\/portalurbano\/murio-el-periodista-deportivo-sergio-gendler\/"},"author":{"name":"admpu17wp","@id":"https:\/\/experienciadevida.com.ar\/portalurbano\/#\/schema\/person\/02dd326b1c4b056e9cc972486934a3a7"},"headline":"Muri\u00f3 el periodista deportivo Sergio Gendler","datePublished":"2019-06-13T11:39:58+00:00","dateModified":"2019-06-13T11:39:58+00:00","mainEntityOfPage":{"@id":"https:\/\/experienciadevida.com.ar\/portalurbano\/murio-el-periodista-deportivo-sergio-gendler\/"},"wordCount":485,"commentCount":0,"publisher":{"@id":"https:\/\/experienciadevida.com.ar\/portalurbano\/#organization"},"articleSection":["Naci\u00f3n"],"inLanguage":"es","potentialAction":[{"@type":"CommentAction","name":"Comment","target":["https:\/\/experienciadevida.com.ar\/portalurbano\/murio-el-periodista-deportivo-sergio-gendler\/#respond"]}]},{"@type":"WebPage","@id":"https:\/\/experienciadevida.com.ar\/portalurbano\/murio-el-periodista-deportivo-sergio-gendler\/","url":"https:\/\/experienciadevida.com.ar\/portalurbano\/murio-el-periodista-deportivo-sergio-gendler\/","name":"Muri\u00f3 el periodista deportivo Sergio Gendler -","isPartOf":{"@id":"https:\/\/experienciadevida.com.ar\/portalurbano\/#website"},"datePublished":"2019-06-13T11:39:58+00:00","dateModified":"2019-06-13T11:39:58+00:00","breadcrumb":{"@id":"https:\/\/experienciadevida.com.ar\/portalurbano\/murio-el-periodista-deportivo-sergio-gendler\/#breadcrumb"},"inLanguage":"es","potentialAction":[{"@type":"ReadAction","target":["https:\/\/experienciadevida.com.ar\/portalurbano\/murio-el-periodista-deportivo-sergio-gendler\/"]}]},{"@type":"BreadcrumbList","@id":"https:\/\/experienciadevida.com.ar\/portalurbano\/murio-el-periodista-deportivo-sergio-gendler\/#breadcrumb","itemListElement":[{"@type":"ListItem","position":1,"name":"Portada","item":"https:\/\/experienciadevida.com.ar\/portalurbano\/"},{"@type":"ListItem","position":2,"name":"Muri\u00f3 el periodista deportivo Sergio Gendler"}]},{"@type":"WebSite","@id":"https:\/\/experienciadevida.com.ar\/portalurbano\/#website","url":"https:\/\/experienciadevida.com.ar\/portalurbano\/","name":"","description":"","publisher":{"@id":"https:\/\/experienciadevida.com.ar\/portalurbano\/#organization"},"potentialAction":[{"@type":"SearchAction","target":{"@type":"EntryPoint","urlTemplate":"https:\/\/experienciadevida.com.ar\/portalurbano\/?s={search_term_string}"},"query-input":"required name=search_term_string"}],"inLanguage":"es"},{"@type":"Organization","@id":"https:\/\/experienciadevida.com.ar\/portalurbano\/#organization","name":"Portal Urbano","url":"https:\/\/experienciadevida.com.ar\/portalurbano\/","logo":{"@type":"ImageObject","inLanguage":"es","@id":"https:\/\/experienciadevida.com.ar\/portalurbano\/#\/schema\/logo\/image\/","url":"https:\/\/experienciadevida.com.ar\/portalurbano\/wp-content\/uploads\/2019\/09\/Logo-Original.png","contentUrl":"https:\/\/experienciadevida.com.ar\/portalurbano\/wp-content\/uploads\/2019\/09\/Logo-Original.png","width":2236,"height":1216,"caption":"Portal Urbano"},"image":{"@id":"https:\/\/experienciadevida.com.ar\/portalurbano\/#\/schema\/logo\/image\/"},"sameAs":["https:\/\/www.facebook.com\/Portal-Urbano-171542830093757\/","https:\/\/twitter.com\/portalurbanook","https:\/\/www.instagram.com\/_portalurbano\/","https:\/\/www.youtube.com\/channel\/UCXhagIfszH8KxFiOok79zbA?view_as=subscriber"]},{"@type":"Person","@id":"https:\/\/experienciadevida.com.ar\/portalurbano\/#\/schema\/person\/02dd326b1c4b056e9cc972486934a3a7","name":"admpu17wp","image":{"@type":"ImageObject","inLanguage":"es","@id":"https:\/\/experienciadevida.com.ar\/portalurbano\/#\/schema\/person\/image\/","url":"https:\/\/secure.gravatar.com\/avatar\/830d4c57adaae6630765e449a6908047?s=96&d=mm&r=g","contentUrl":"https:\/\/secure.gravatar.com\/avatar\/830d4c57adaae6630765e449a6908047?s=96&d=mm&r=g","caption":"admpu17wp"}}]}},"featured_image_urls":{"full":["https:\/\/experienciadevida.com.ar\/portalurbano\/wp-content\/uploads\/2019\/06\/20190606154742_37946561_0_body-e1560425947541.jpg",750,422,false],"thumbnail":["https:\/\/experienciadevida.com.ar\/portalurbano\/wp-content\/uploads\/2019\/06\/20190606154742_37946561_0_body-150x150.jpg",150,150,true],"medium":["https:\/\/experienciadevida.com.ar\/portalurbano\/wp-content\/uploads\/2019\/06\/20190606154742_37946561_0_body-300x169.jpg",300,169,true],"medium_large":["https:\/\/experienciadevida.com.ar\/portalurbano\/wp-content\/uploads\/2019\/06\/20190606154742_37946561_0_body-768x432.jpg",640,360,true],"large":["https:\/\/experienciadevida.com.ar\/portalurbano\/wp-content\/uploads\/2019\/06\/20190606154742_37946561_0_body-e1560425947541.jpg",640,360,false],"ug_big":["https:\/\/experienciadevida.com.ar\/portalurbano\/wp-content\/uploads\/2019\/06\/20190606154742_37946561_0_body-768x432.jpg",768,432,true],"1536x1536":["https:\/\/experienciadevida.com.ar\/portalurbano\/wp-content\/uploads\/2019\/06\/20190606154742_37946561_0_body-e1560425947541.jpg",750,422,false],"2048x2048":["https:\/\/experienciadevida.com.ar\/portalurbano\/wp-content\/uploads\/2019\/06\/20190606154742_37946561_0_body-e1560425947541.jpg",750,422,false],"newsever-slider-full":["https:\/\/experienciadevida.com.ar\/portalurbano\/wp-content\/uploads\/2019\/06\/20190606154742_37946561_0_body-e1560425947541.jpg",750,422,false],"newsever-featured":["https:\/\/experienciadevida.com.ar\/portalurbano\/wp-content\/uploads\/2019\/06\/20190606154742_37946561_0_body-e1560425947541.jpg",750,422,false],"newsever-medium":["https:\/\/experienciadevida.com.ar\/portalurbano\/wp-content\/uploads\/2019\/06\/20190606154742_37946561_0_body-e1560425947541.jpg",720,405,false],"web-stories-poster-portrait":["https:\/\/experienciadevida.com.ar\/portalurbano\/wp-content\/uploads\/2019\/06\/20190606154742_37946561_0_body-e1560425947541.jpg",640,360,false],"web-stories-publisher-logo":["https:\/\/experienciadevida.com.ar\/portalurbano\/wp-content\/uploads\/2019\/06\/20190606154742_37946561_0_body-e1560425947541.jpg",96,54,false],"web-stories-thumbnail":["https:\/\/experienciadevida.com.ar\/portalurbano\/wp-content\/uploads\/2019\/06\/20190606154742_37946561_0_body-e1560425947541.jpg",150,84,false]},"author_info":{"display_name":"admpu17wp","author_link":"https:\/\/experienciadevida.com.ar\/portalurbano\/author\/admpu17wp\/"},"category_info":"<a href=\"https:\/\/experienciadevida.com.ar\/portalurbano\/category\/nacion\/\" rel=\"category tag\">Naci\u00f3n<\/a>","tag_info":"Naci\u00f3n","comment_count":"0","amp_enabled":true,"_links":{"self":[{"href":"https:\/\/experienciadevida.com.ar\/portalurbano\/wp-json\/wp\/v2\/posts\/72841"}],"collection":[{"href":"https:\/\/experienciadevida.com.ar\/portalurbano\/wp-json\/wp\/v2\/posts"}],"about":[{"href":"https:\/\/experienciadevida.com.ar\/portalurbano\/wp-json\/wp\/v2\/types\/post"}],"author":[{"embeddable":true,"href":"https:\/\/experienciadevida.com.ar\/portalurbano\/wp-json\/wp\/v2\/users\/1"}],"replies":[{"embeddable":true,"href":"https:\/\/experienciadevida.com.ar\/portalurbano\/wp-json\/wp\/v2\/comments?post=72841"}],"version-history":[{"count":1,"href":"https:\/\/experienciadevida.com.ar\/portalurbano\/wp-json\/wp\/v2\/posts\/72841\/revisions"}],"predecessor-version":[{"id":72845,"href":"https:\/\/experienciadevida.com.ar\/portalurbano\/wp-json\/wp\/v2\/posts\/72841\/revisions\/72845"}],"wp:featuredmedia":[{"embeddable":true,"href":"https:\/\/experienciadevida.com.ar\/portalurbano\/wp-json\/wp\/v2\/media\/72844"}],"wp:attachment":[{"href":"https:\/\/experienciadevida.com.ar\/portalurbano\/wp-json\/wp\/v2\/media?parent=72841"}],"wp:term":[{"taxonomy":"category","embeddable":true,"href":"https:\/\/experienciadevida.com.ar\/portalurbano\/wp-json\/wp\/v2\/categories?post=72841"},{"taxonomy":"post_tag","embeddable":true,"href":"https:\/\/experienciadevida.com.ar\/portalurbano\/wp-json\/wp\/v2\/tags?post=72841"}],"curies":[{"name":"wp","href":"https:\/\/api.w.org\/{rel}","templated":true}]}}