{"id":72496,"date":"2019-06-10T20:45:34","date_gmt":"2019-06-10T23:45:34","guid":{"rendered":"https:\/\/experienciadevida.com.ar\/portalurbano\/?p=72496"},"modified":"2019-06-10T20:46:14","modified_gmt":"2019-06-10T23:46:14","slug":"identificaron-a-otro-soldado-caido-en-la-guerra-de-malvinas","status":"publish","type":"post","link":"https:\/\/experienciadevida.com.ar\/portalurbano\/identificaron-a-otro-soldado-caido-en-la-guerra-de-malvinas\/","title":{"rendered":"Identificaron a otro soldado ca\u00eddo en la Guerra de Malvinas"},"content":{"rendered":"<p><strong>Se trata de N\u00e9stor Osvaldo Pizarro, quien se hab\u00eda anotado como voluntario para sumarse a las filas que combatir\u00edan en las Islas<\/strong><\/p>\n<p>Una nueva identificaci\u00f3n de un soldado argentino muerto en la guerra de Malvinas que\u00a0<strong>permanec\u00eda enterrado como NN en el Cementerio de Darwin<\/strong>\u00a0fue anunciada este lunes, en ocasi\u00f3n del D\u00eda de la Afirmaci\u00f3n de los Derechos Argentinos sobre las Islas, con lo cual suman ya 113 los soldados individualizados, y restan nueve a\u00fan sin identificar.<\/p>\n<p>En este caso, se trata de los restos de un soldado oriundo de la localidad cordobesa de Oliva, identificado como\u00a0<strong>N\u00e9stor Osvaldo Pizarro<\/strong>, quien hab\u00eda sido homenajeado en distintas oportunidades, tanto en su provincia natal como en la localidad bonaerense de Lan\u00fas, donde viv\u00eda cuando se anot\u00f3 como voluntario para sumarse a las filas que combatir\u00edan en la Guerra de Malvinas.<\/p>\n<p>El anuncio de esta nueva identificaci\u00f3n fue realizado este mediod\u00eda por la secretar\u00eda de Derechos Humanos de la Naci\u00f3n, encabezada por Claudio Avruj, en ocasi\u00f3n del\u00a0<strong>D\u00eda de la Afirmaci\u00f3n de los Derechos Argentinos sobre las\u00a0Islas Malvinas<\/strong>, que se conmemora hoy.<\/p>\n<p>\u201cN\u00e9stor, un joven de 20 a\u00f1os que viv\u00eda con sus principios claros;\u00a0<strong>era m\u00fasico, poeta y trabajador, el soldado lleg\u00f3 despu\u00e9s<\/strong>\u201d, hab\u00eda dicho su pap\u00e1, Ram\u00f3n Pizarro, cuando, hace ocho a\u00f1os, en junio de 2011, fue inaugurado en Lan\u00fas un monolito en homenaje a su hijo; muerto en la Guerra de Malvinas el 14 de junio de 1982, cuando participaba en el Grupo de Artiller\u00eda 4 aerotransportado.<\/p>\n<p>A trav\u00e9s de un comunicado de prensa difundido hoy, la Secretar\u00eda de Derechos Humanos y Pluralismo Cultural de la Naci\u00f3n dio cuenta de una nueva \u201cidentificaci\u00f3n positiva\u201d del Plan Humanitario Malvinas, lo que eleva la cifra total de soldados identificados en el Cementerio de Darwin a 113 y\u00a0<strong>reduce a nueve el total de soldados cuyos restos fueron sepultados como NN <\/strong>a\u00fan sin identificar.<\/p>\n<p>\u201cSiempre es muy emotivo comunicar una nueva identificaci\u00f3n.\u00a0<strong>Estamos cada vez m\u00e1s cerca de concluir este exitoso plan<\/strong>\u201d, asever\u00f3 Claudio Avruj, secretario de Derechos Humanos al realizar el anuncio.<\/p>\n<p>Seg\u00fan se inform\u00f3,\u00a0<strong>la noticia de la identificaci\u00f3n fue recibida por la hermana del h\u00e9roe<\/strong>\u00a0de Malvinas, Elda Pizarro, en las instalaciones del Archivo Nacional de la Memoria, en el predio de la ex ESMA. Ella misma fue quien aport\u00f3 la muestra de ADN que finalmente permiti\u00f3 identificar los restos de su hermano en una de las tumbas que se encontraba en el Cementerio de Darwin con la leyenda \u201csoldado s\u00f3lo conocido por Dios\u201d.<\/p>\n<p>\u201c<strong>Todos tenemos derecho a saber d\u00f3nde est\u00e1n enterrados nuestros familiares<\/strong>\u201d, sostuvo Elda Pizarro al recibir la noticia, seg\u00fan se se\u00f1al\u00f3 en el comunicado.<\/p>\n","protected":false},"excerpt":{"rendered":"<p>Se trata de N\u00e9stor Osvaldo Pizarro, quien se hab\u00eda anotado como voluntario para sumarse a&#8230;<\/p>\n","protected":false},"author":1,"featured_media":72498,"comment_status":"open","ping_status":"open","sticky":false,"template":"","format":"standard","meta":{"content-type":""},"categories":[39],"tags":[],"nelio_content":{"isAutoShareEnabled":false,"autoShareEndMode":"default","automationSources":{"useContentSentences":true,"useSocialTemplates":true,"useCustomSentences":false,"customSentences":[]},"followers":[1],"suggestedReferences":[],"includedReferences":[],"efiUrl":"","efiAlt":"","highlights":[]},"yoast_head":"<!-- This site is optimized with the Yoast SEO plugin v20.7 - https:\/\/yoast.com\/wordpress\/plugins\/seo\/ -->\n<title>Identificaron a otro soldado ca\u00eddo en la Guerra de Malvinas -<\/title>\n<meta name=\"robots\" content=\"index, follow, max-snippet:-1, max-image-preview:large, max-video-preview:-1\" \/>\n<link rel=\"canonical\" href=\"https:\/\/experienciadevida.com.ar\/portalurbano\/identificaron-a-otro-soldado-caido-en-la-guerra-de-malvinas\/\" \/>\n<meta property=\"og:locale\" content=\"es_ES\" \/>\n<meta property=\"og:type\" content=\"article\" \/>\n<meta property=\"og:title\" content=\"Identificaron a otro soldado ca\u00eddo en la Guerra de Malvinas -\" \/>\n<meta property=\"og:description\" content=\"Se trata de N\u00e9stor Osvaldo Pizarro, quien se hab\u00eda anotado como voluntario para sumarse a...\" \/>\n<meta property=\"og:url\" content=\"https:\/\/experienciadevida.com.ar\/portalurbano\/identificaron-a-otro-soldado-caido-en-la-guerra-de-malvinas\/\" \/>\n<meta property=\"article:publisher\" content=\"https:\/\/www.facebook.com\/Portal-Urbano-171542830093757\/\" \/>\n<meta property=\"article:published_time\" content=\"2019-06-10T23:45:34+00:00\" \/>\n<meta property=\"article:modified_time\" content=\"2019-06-10T23:46:14+00:00\" \/>\n<meta property=\"og:image\" content=\"https:\/\/experienciadevida.com.ar\/portalurbano\/wp-content\/uploads\/2019\/06\/0005109330-e1560210300486.jpg\" \/>\n\t<meta property=\"og:image:width\" content=\"750\" \/>\n\t<meta property=\"og:image:height\" content=\"434\" \/>\n\t<meta property=\"og:image:type\" content=\"image\/jpeg\" \/>\n<meta name=\"author\" content=\"admpu17wp\" \/>\n<meta name=\"twitter:card\" content=\"summary_large_image\" \/>\n<meta name=\"twitter:creator\" content=\"@portalurbanook\" \/>\n<meta name=\"twitter:site\" content=\"@portalurbanook\" \/>\n<meta name=\"twitter:label1\" content=\"Escrito por\" \/>\n\t<meta name=\"twitter:data1\" content=\"admpu17wp\" \/>\n\t<meta name=\"twitter:label2\" content=\"Tiempo de lectura\" \/>\n\t<meta name=\"twitter:data2\" content=\"2 minutos\" \/>\n<script type=\"application\/ld+json\" class=\"yoast-schema-graph\">{\"@context\":\"https:\/\/schema.org\",\"@graph\":[{\"@type\":\"Article\",\"@id\":\"https:\/\/experienciadevida.com.ar\/portalurbano\/identificaron-a-otro-soldado-caido-en-la-guerra-de-malvinas\/#article\",\"isPartOf\":{\"@id\":\"https:\/\/experienciadevida.com.ar\/portalurbano\/identificaron-a-otro-soldado-caido-en-la-guerra-de-malvinas\/\"},\"author\":{\"name\":\"admpu17wp\",\"@id\":\"https:\/\/experienciadevida.com.ar\/portalurbano\/#\/schema\/person\/02dd326b1c4b056e9cc972486934a3a7\"},\"headline\":\"Identificaron a otro soldado ca\u00eddo en la Guerra de Malvinas\",\"datePublished\":\"2019-06-10T23:45:34+00:00\",\"dateModified\":\"2019-06-10T23:46:14+00:00\",\"mainEntityOfPage\":{\"@id\":\"https:\/\/experienciadevida.com.ar\/portalurbano\/identificaron-a-otro-soldado-caido-en-la-guerra-de-malvinas\/\"},\"wordCount\":488,\"commentCount\":0,\"publisher\":{\"@id\":\"https:\/\/experienciadevida.com.ar\/portalurbano\/#organization\"},\"articleSection\":[\"Naci\u00f3n\"],\"inLanguage\":\"es\",\"potentialAction\":[{\"@type\":\"CommentAction\",\"name\":\"Comment\",\"target\":[\"https:\/\/experienciadevida.com.ar\/portalurbano\/identificaron-a-otro-soldado-caido-en-la-guerra-de-malvinas\/#respond\"]}]},{\"@type\":\"WebPage\",\"@id\":\"https:\/\/experienciadevida.com.ar\/portalurbano\/identificaron-a-otro-soldado-caido-en-la-guerra-de-malvinas\/\",\"url\":\"https:\/\/experienciadevida.com.ar\/portalurbano\/identificaron-a-otro-soldado-caido-en-la-guerra-de-malvinas\/\",\"name\":\"Identificaron a otro soldado ca\u00eddo en la Guerra de Malvinas -\",\"isPartOf\":{\"@id\":\"https:\/\/experienciadevida.com.ar\/portalurbano\/#website\"},\"datePublished\":\"2019-06-10T23:45:34+00:00\",\"dateModified\":\"2019-06-10T23:46:14+00:00\",\"breadcrumb\":{\"@id\":\"https:\/\/experienciadevida.com.ar\/portalurbano\/identificaron-a-otro-soldado-caido-en-la-guerra-de-malvinas\/#breadcrumb\"},\"inLanguage\":\"es\",\"potentialAction\":[{\"@type\":\"ReadAction\",\"target\":[\"https:\/\/experienciadevida.com.ar\/portalurbano\/identificaron-a-otro-soldado-caido-en-la-guerra-de-malvinas\/\"]}]},{\"@type\":\"BreadcrumbList\",\"@id\":\"https:\/\/experienciadevida.com.ar\/portalurbano\/identificaron-a-otro-soldado-caido-en-la-guerra-de-malvinas\/#breadcrumb\",\"itemListElement\":[{\"@type\":\"ListItem\",\"position\":1,\"name\":\"Portada\",\"item\":\"https:\/\/experienciadevida.com.ar\/portalurbano\/\"},{\"@type\":\"ListItem\",\"position\":2,\"name\":\"Identificaron a otro soldado ca\u00eddo en la Guerra de Malvinas\"}]},{\"@type\":\"WebSite\",\"@id\":\"https:\/\/experienciadevida.com.ar\/portalurbano\/#website\",\"url\":\"https:\/\/experienciadevida.com.ar\/portalurbano\/\",\"name\":\"\",\"description\":\"\",\"publisher\":{\"@id\":\"https:\/\/experienciadevida.com.ar\/portalurbano\/#organization\"},\"potentialAction\":[{\"@type\":\"SearchAction\",\"target\":{\"@type\":\"EntryPoint\",\"urlTemplate\":\"https:\/\/experienciadevida.com.ar\/portalurbano\/?s={search_term_string}\"},\"query-input\":\"required name=search_term_string\"}],\"inLanguage\":\"es\"},{\"@type\":\"Organization\",\"@id\":\"https:\/\/experienciadevida.com.ar\/portalurbano\/#organization\",\"name\":\"Portal Urbano\",\"url\":\"https:\/\/experienciadevida.com.ar\/portalurbano\/\",\"logo\":{\"@type\":\"ImageObject\",\"inLanguage\":\"es\",\"@id\":\"https:\/\/experienciadevida.com.ar\/portalurbano\/#\/schema\/logo\/image\/\",\"url\":\"https:\/\/experienciadevida.com.ar\/portalurbano\/wp-content\/uploads\/2019\/09\/Logo-Original.png\",\"contentUrl\":\"https:\/\/experienciadevida.com.ar\/portalurbano\/wp-content\/uploads\/2019\/09\/Logo-Original.png\",\"width\":2236,\"height\":1216,\"caption\":\"Portal Urbano\"},\"image\":{\"@id\":\"https:\/\/experienciadevida.com.ar\/portalurbano\/#\/schema\/logo\/image\/\"},\"sameAs\":[\"https:\/\/www.facebook.com\/Portal-Urbano-171542830093757\/\",\"https:\/\/twitter.com\/portalurbanook\",\"https:\/\/www.instagram.com\/_portalurbano\/\",\"https:\/\/www.youtube.com\/channel\/UCXhagIfszH8KxFiOok79zbA?view_as=subscriber\"]},{\"@type\":\"Person\",\"@id\":\"https:\/\/experienciadevida.com.ar\/portalurbano\/#\/schema\/person\/02dd326b1c4b056e9cc972486934a3a7\",\"name\":\"admpu17wp\",\"image\":{\"@type\":\"ImageObject\",\"inLanguage\":\"es\",\"@id\":\"https:\/\/experienciadevida.com.ar\/portalurbano\/#\/schema\/person\/image\/\",\"url\":\"https:\/\/secure.gravatar.com\/avatar\/830d4c57adaae6630765e449a6908047?s=96&d=mm&r=g\",\"contentUrl\":\"https:\/\/secure.gravatar.com\/avatar\/830d4c57adaae6630765e449a6908047?s=96&d=mm&r=g\",\"caption\":\"admpu17wp\"}}]}<\/script>\n<!-- \/ Yoast SEO plugin. -->","yoast_head_json":{"title":"Identificaron a otro soldado ca\u00eddo en la Guerra de Malvinas -","robots":{"index":"index","follow":"follow","max-snippet":"max-snippet:-1","max-image-preview":"max-image-preview:large","max-video-preview":"max-video-preview:-1"},"canonical":"https:\/\/experienciadevida.com.ar\/portalurbano\/identificaron-a-otro-soldado-caido-en-la-guerra-de-malvinas\/","og_locale":"es_ES","og_type":"article","og_title":"Identificaron a otro soldado ca\u00eddo en la Guerra de Malvinas -","og_description":"Se trata de N\u00e9stor Osvaldo Pizarro, quien se hab\u00eda anotado como voluntario para sumarse a...","og_url":"https:\/\/experienciadevida.com.ar\/portalurbano\/identificaron-a-otro-soldado-caido-en-la-guerra-de-malvinas\/","article_publisher":"https:\/\/www.facebook.com\/Portal-Urbano-171542830093757\/","article_published_time":"2019-06-10T23:45:34+00:00","article_modified_time":"2019-06-10T23:46:14+00:00","og_image":[{"width":750,"height":434,"url":"https:\/\/experienciadevida.com.ar\/portalurbano\/wp-content\/uploads\/2019\/06\/0005109330-e1560210300486.jpg","type":"image\/jpeg"}],"author":"admpu17wp","twitter_card":"summary_large_image","twitter_creator":"@portalurbanook","twitter_site":"@portalurbanook","twitter_misc":{"Escrito por":"admpu17wp","Tiempo de lectura":"2 minutos"},"schema":{"@context":"https:\/\/schema.org","@graph":[{"@type":"Article","@id":"https:\/\/experienciadevida.com.ar\/portalurbano\/identificaron-a-otro-soldado-caido-en-la-guerra-de-malvinas\/#article","isPartOf":{"@id":"https:\/\/experienciadevida.com.ar\/portalurbano\/identificaron-a-otro-soldado-caido-en-la-guerra-de-malvinas\/"},"author":{"name":"admpu17wp","@id":"https:\/\/experienciadevida.com.ar\/portalurbano\/#\/schema\/person\/02dd326b1c4b056e9cc972486934a3a7"},"headline":"Identificaron a otro soldado ca\u00eddo en la Guerra de Malvinas","datePublished":"2019-06-10T23:45:34+00:00","dateModified":"2019-06-10T23:46:14+00:00","mainEntityOfPage":{"@id":"https:\/\/experienciadevida.com.ar\/portalurbano\/identificaron-a-otro-soldado-caido-en-la-guerra-de-malvinas\/"},"wordCount":488,"commentCount":0,"publisher":{"@id":"https:\/\/experienciadevida.com.ar\/portalurbano\/#organization"},"articleSection":["Naci\u00f3n"],"inLanguage":"es","potentialAction":[{"@type":"CommentAction","name":"Comment","target":["https:\/\/experienciadevida.com.ar\/portalurbano\/identificaron-a-otro-soldado-caido-en-la-guerra-de-malvinas\/#respond"]}]},{"@type":"WebPage","@id":"https:\/\/experienciadevida.com.ar\/portalurbano\/identificaron-a-otro-soldado-caido-en-la-guerra-de-malvinas\/","url":"https:\/\/experienciadevida.com.ar\/portalurbano\/identificaron-a-otro-soldado-caido-en-la-guerra-de-malvinas\/","name":"Identificaron a otro soldado ca\u00eddo en la Guerra de Malvinas -","isPartOf":{"@id":"https:\/\/experienciadevida.com.ar\/portalurbano\/#website"},"datePublished":"2019-06-10T23:45:34+00:00","dateModified":"2019-06-10T23:46:14+00:00","breadcrumb":{"@id":"https:\/\/experienciadevida.com.ar\/portalurbano\/identificaron-a-otro-soldado-caido-en-la-guerra-de-malvinas\/#breadcrumb"},"inLanguage":"es","potentialAction":[{"@type":"ReadAction","target":["https:\/\/experienciadevida.com.ar\/portalurbano\/identificaron-a-otro-soldado-caido-en-la-guerra-de-malvinas\/"]}]},{"@type":"BreadcrumbList","@id":"https:\/\/experienciadevida.com.ar\/portalurbano\/identificaron-a-otro-soldado-caido-en-la-guerra-de-malvinas\/#breadcrumb","itemListElement":[{"@type":"ListItem","position":1,"name":"Portada","item":"https:\/\/experienciadevida.com.ar\/portalurbano\/"},{"@type":"ListItem","position":2,"name":"Identificaron a otro soldado ca\u00eddo en la Guerra de Malvinas"}]},{"@type":"WebSite","@id":"https:\/\/experienciadevida.com.ar\/portalurbano\/#website","url":"https:\/\/experienciadevida.com.ar\/portalurbano\/","name":"","description":"","publisher":{"@id":"https:\/\/experienciadevida.com.ar\/portalurbano\/#organization"},"potentialAction":[{"@type":"SearchAction","target":{"@type":"EntryPoint","urlTemplate":"https:\/\/experienciadevida.com.ar\/portalurbano\/?s={search_term_string}"},"query-input":"required name=search_term_string"}],"inLanguage":"es"},{"@type":"Organization","@id":"https:\/\/experienciadevida.com.ar\/portalurbano\/#organization","name":"Portal Urbano","url":"https:\/\/experienciadevida.com.ar\/portalurbano\/","logo":{"@type":"ImageObject","inLanguage":"es","@id":"https:\/\/experienciadevida.com.ar\/portalurbano\/#\/schema\/logo\/image\/","url":"https:\/\/experienciadevida.com.ar\/portalurbano\/wp-content\/uploads\/2019\/09\/Logo-Original.png","contentUrl":"https:\/\/experienciadevida.com.ar\/portalurbano\/wp-content\/uploads\/2019\/09\/Logo-Original.png","width":2236,"height":1216,"caption":"Portal Urbano"},"image":{"@id":"https:\/\/experienciadevida.com.ar\/portalurbano\/#\/schema\/logo\/image\/"},"sameAs":["https:\/\/www.facebook.com\/Portal-Urbano-171542830093757\/","https:\/\/twitter.com\/portalurbanook","https:\/\/www.instagram.com\/_portalurbano\/","https:\/\/www.youtube.com\/channel\/UCXhagIfszH8KxFiOok79zbA?view_as=subscriber"]},{"@type":"Person","@id":"https:\/\/experienciadevida.com.ar\/portalurbano\/#\/schema\/person\/02dd326b1c4b056e9cc972486934a3a7","name":"admpu17wp","image":{"@type":"ImageObject","inLanguage":"es","@id":"https:\/\/experienciadevida.com.ar\/portalurbano\/#\/schema\/person\/image\/","url":"https:\/\/secure.gravatar.com\/avatar\/830d4c57adaae6630765e449a6908047?s=96&d=mm&r=g","contentUrl":"https:\/\/secure.gravatar.com\/avatar\/830d4c57adaae6630765e449a6908047?s=96&d=mm&r=g","caption":"admpu17wp"}}]}},"featured_image_urls":{"full":["https:\/\/experienciadevida.com.ar\/portalurbano\/wp-content\/uploads\/2019\/06\/0005109330-e1560210300486.jpg",750,434,false],"thumbnail":["https:\/\/experienciadevida.com.ar\/portalurbano\/wp-content\/uploads\/2019\/06\/0005109330-150x150.jpg",150,150,true],"medium":["https:\/\/experienciadevida.com.ar\/portalurbano\/wp-content\/uploads\/2019\/06\/0005109330-300x174.jpg",300,174,true],"medium_large":["https:\/\/experienciadevida.com.ar\/portalurbano\/wp-content\/uploads\/2019\/06\/0005109330-768x445.jpg",640,371,true],"large":["https:\/\/experienciadevida.com.ar\/portalurbano\/wp-content\/uploads\/2019\/06\/0005109330-1024x593.jpg",640,371,true],"ug_big":["https:\/\/experienciadevida.com.ar\/portalurbano\/wp-content\/uploads\/2019\/06\/0005109330-768x445.jpg",768,445,true],"1536x1536":["https:\/\/experienciadevida.com.ar\/portalurbano\/wp-content\/uploads\/2019\/06\/0005109330-e1560210300486.jpg",750,434,false],"2048x2048":["https:\/\/experienciadevida.com.ar\/portalurbano\/wp-content\/uploads\/2019\/06\/0005109330-e1560210300486.jpg",750,434,false],"newsever-slider-full":["https:\/\/experienciadevida.com.ar\/portalurbano\/wp-content\/uploads\/2019\/06\/0005109330-e1560210300486.jpg",750,434,false],"newsever-featured":["https:\/\/experienciadevida.com.ar\/portalurbano\/wp-content\/uploads\/2019\/06\/0005109330-e1560210300486.jpg",750,434,false],"newsever-medium":["https:\/\/experienciadevida.com.ar\/portalurbano\/wp-content\/uploads\/2019\/06\/0005109330-e1560210300486.jpg",720,417,false],"web-stories-poster-portrait":["https:\/\/experienciadevida.com.ar\/portalurbano\/wp-content\/uploads\/2019\/06\/0005109330-e1560210300486.jpg",640,370,false],"web-stories-publisher-logo":["https:\/\/experienciadevida.com.ar\/portalurbano\/wp-content\/uploads\/2019\/06\/0005109330-e1560210300486.jpg",96,56,false],"web-stories-thumbnail":["https:\/\/experienciadevida.com.ar\/portalurbano\/wp-content\/uploads\/2019\/06\/0005109330-e1560210300486.jpg",150,87,false]},"author_info":{"display_name":"admpu17wp","author_link":"https:\/\/experienciadevida.com.ar\/portalurbano\/author\/admpu17wp\/"},"category_info":"<a href=\"https:\/\/experienciadevida.com.ar\/portalurbano\/category\/nacion\/\" rel=\"category tag\">Naci\u00f3n<\/a>","tag_info":"Naci\u00f3n","comment_count":"0","amp_enabled":true,"_links":{"self":[{"href":"https:\/\/experienciadevida.com.ar\/portalurbano\/wp-json\/wp\/v2\/posts\/72496"}],"collection":[{"href":"https:\/\/experienciadevida.com.ar\/portalurbano\/wp-json\/wp\/v2\/posts"}],"about":[{"href":"https:\/\/experienciadevida.com.ar\/portalurbano\/wp-json\/wp\/v2\/types\/post"}],"author":[{"embeddable":true,"href":"https:\/\/experienciadevida.com.ar\/portalurbano\/wp-json\/wp\/v2\/users\/1"}],"replies":[{"embeddable":true,"href":"https:\/\/experienciadevida.com.ar\/portalurbano\/wp-json\/wp\/v2\/comments?post=72496"}],"version-history":[{"count":1,"href":"https:\/\/experienciadevida.com.ar\/portalurbano\/wp-json\/wp\/v2\/posts\/72496\/revisions"}],"predecessor-version":[{"id":72499,"href":"https:\/\/experienciadevida.com.ar\/portalurbano\/wp-json\/wp\/v2\/posts\/72496\/revisions\/72499"}],"wp:featuredmedia":[{"embeddable":true,"href":"https:\/\/experienciadevida.com.ar\/portalurbano\/wp-json\/wp\/v2\/media\/72498"}],"wp:attachment":[{"href":"https:\/\/experienciadevida.com.ar\/portalurbano\/wp-json\/wp\/v2\/media?parent=72496"}],"wp:term":[{"taxonomy":"category","embeddable":true,"href":"https:\/\/experienciadevida.com.ar\/portalurbano\/wp-json\/wp\/v2\/categories?post=72496"},{"taxonomy":"post_tag","embeddable":true,"href":"https:\/\/experienciadevida.com.ar\/portalurbano\/wp-json\/wp\/v2\/tags?post=72496"}],"curies":[{"name":"wp","href":"https:\/\/api.w.org\/{rel}","templated":true}]}}