{"id":71143,"date":"2019-05-31T17:00:33","date_gmt":"2019-05-31T20:00:33","guid":{"rendered":"https:\/\/experienciadevida.com.ar\/portalurbano\/?p=71143"},"modified":"2019-05-31T17:00:33","modified_gmt":"2019-05-31T20:00:33","slug":"anses-aumento-las-asignaciones-familiares-un-1074","status":"publish","type":"post","link":"https:\/\/experienciadevida.com.ar\/portalurbano\/anses-aumento-las-asignaciones-familiares-un-1074\/","title":{"rendered":"Anses aument\u00f3 las asignaciones familiares un 10,74%"},"content":{"rendered":"<article id=\"article-post\" class=\"first\">\n<p class=\"interiorCopete\">El incremento rige a partir de este s\u00e1bado 1 de junio. La resoluci\u00f3n fue publicada en el Bolet\u00edn Oficial<\/p>\n<div class=\"separator-line\">La <strong>Administraci\u00f3n Nacional de Seguridad Social (Anses)<\/strong>\u00a0dispuso este viernes aumentar un 10,74%, el valor de la movilidad de las\u00a0<strong>Asignaciones Familiares<\/strong>\u00a0a partir de este s\u00e1bado 1 de junio, seg\u00fan consta en el\u00a0<strong>Bolet\u00edn Oficial.<\/strong><\/div>\n<div class=\"cuerpo\" data-twitter-link=\"https:\/\/twitter.com\/intent\/tweet?url=https:\/\/www.diariopopular.com.ar\/\/c398379&amp;via=poopulardiario&amp;related=Diario Popular&amp;text=\">\n<div id=\"div-gpt-ad-nota-607937\" class=\"banner-90\" data-mapping=\"mapping9\" data-google-query-id=\"CIKwhojHxuICFYh_wQodE6ILyA\">\n<div id=\"google_ads_iframe_\/7581181\/dp_universal_0__container__\"><\/div>\n<\/div>\n<\/div>\n<\/article>\n<article id=\"article-post\">\n<div class=\"cuerpo\" data-twitter-link=\"https:\/\/twitter.com\/intent\/tweet?url=https:\/\/www.diariopopular.com.ar\/\/c398379&amp;via=poopulardiario&amp;related=Diario Popular&amp;text=\">\n<p>Mediante la resoluci\u00f3n 140\/19, la\u00a0<strong>Anses<\/strong>\u00a0actualiz\u00f3 el m\u00f3dulo que se percibe a partir de marzo, junio, septiembre y diciembre de cada a\u00f1o, seg\u00fan el tipo de beneficio correspondiente: a) asignaciones familiares de pago mensual; b) asignaciones de pago extraordinario; y c) asignaciones universales.<\/p>\n<p>La medida tambi\u00e9n alcanza a los titulares de la\u00a0<strong>Asignaci\u00f3n Universal por Hijo<\/strong>\u00a0para\u00a0<strong>Protecci\u00f3n Social<\/strong>\u00a0y de la\u00a0<strong>Asignaci\u00f3n por Embarazo para Protecci\u00f3n Social<\/strong>. En los considerandos de la resoluci\u00f3n se advierte que &#8220;la actualizaci\u00f3n se basar\u00e1 en un setenta por ciento (70%) en las variaciones del Nivel General del \u00cdndice de Precios al Consumidor Nacional elaborado por el Instituto Nacional de Estad\u00edstica y Censos (INDEC) y en un treinta por ciento (30%) por el coeficiente que surja de la variaci\u00f3n de la Remuneraci\u00f3n Imponible Promedio de los Trabajadores Estables (RIPTE), conforme la f\u00f3rmula que se aprueba en el Anexo de la presente ley, y se aplicar\u00e1 trimestralmente en los meses de marzo, junio, septiembre y diciembre de cada a\u00f1o calendario&#8221;.<\/p>\n<p>Con el aumento que rige desde ma\u00f1ana, la\u00a0<strong>asignaci\u00f3n por nacimiento<\/strong>\u00a0se eleva a $ 2.620; por adopci\u00f3n aumenta a $ 15.689; y por matrimonio, a $ 3.925.<\/p>\n<p>La\u00a0<strong>asignaci\u00f3n durante el per\u00edodo prenatal y por hijo<\/strong>\u00a0pasa a ser de entre $ 468 y $ 2.248 como valor general, de acuerdo con el ingreso del grupo familiar (IGF), y hasta $ 4.850 zonas 2 y 4 (Chubut, Santa Cruz y Tierra del Fuego).<\/p>\n<div id=\"div-gpt-ad-nota-890003\" class=\"banner-90\" data-mapping=\"mapping9\" data-google-query-id=\"CIOwhojHxuICFYh_wQodE6ILyA\">\n<div id=\"google_ads_iframe_\/7581181\/dp_universal_1__container__\">En cuanto a la <strong>asignaci\u00f3n por hijo con discapacidad<\/strong>, ser\u00e1 desde ma\u00f1ana de $ 3.269 a $ 7.328, seg\u00fan el IGF, y de $ 14.642 en Santa Cruz, Tierra del Fuego y determinados departamentos de Catamarca, Salta y Jujuy. En estas cinco provincias la ayuda escolar anual (inclusive para hijos con discapacidad) asciende a $ 3.759, mientras en el resto del lpa\u00eds sube a $ 1.883.<\/div>\n<\/div>\n<p><strong>Por c\u00f3nyuge de jubilados y titulares de pensiones honor\u00edficas de veteranos de la guerra del Atl\u00e1ntico Sur,<\/strong>\u00a0la asignaci\u00f3n va de $ 542 a $ 1.079 (este \u00faltimo valor en zona 1, es decir, La Pampa, R\u00edo Negro y Neuqu\u00e9n, y en algunos departamentos de Formosa, Mendoza y Salta).<\/p>\n<p>Para\u00a0<strong>monotributistas<\/strong>, la asignaci\u00f3n prenatal y por hijo va desde $ 468 a $ 2.248 (por hijo con discapacidad de $ 3.269 a $ 7.328), seg\u00fan la categor\u00eda de inscripci\u00f3n, mientras la ayuda escolar anual ser\u00e1 de $ 1.883 en todos los casos.<\/p>\n<p>En cuanto a las<strong>\u00a0asignaciones Universal por Hijo y por Embarazo para Protecci\u00f3n Social<\/strong>, se elevan a $ 2.935 como valor general ($ 3.053 en zona 1), de los cuales el 20% se percibe contra la presentaci\u00f3n de la Libreta Nacional de Seguridad Social, Salud y Educaci\u00f3n y declaraci\u00f3n jurada del Adulto Responsable.<\/p>\n<\/div>\n<\/article>\n","protected":false},"excerpt":{"rendered":"<p>El incremento rige a partir de este s\u00e1bado 1 de junio. La resoluci\u00f3n fue publicada&#8230;<\/p>\n","protected":false},"author":1,"featured_media":0,"comment_status":"open","ping_status":"open","sticky":false,"template":"","format":"standard","meta":{"content-type":""},"categories":[39],"tags":[],"nelio_content":{"isAutoShareEnabled":false,"autoShareEndMode":"default","automationSources":{"useContentSentences":true,"useSocialTemplates":true,"useCustomSentences":false,"customSentences":[]},"followers":[1],"suggestedReferences":[],"includedReferences":[],"efiUrl":"","efiAlt":"","highlights":[]},"yoast_head":"<!-- This site is optimized with the Yoast SEO plugin v20.7 - https:\/\/yoast.com\/wordpress\/plugins\/seo\/ -->\n<title>Anses aument\u00f3 las asignaciones familiares un 10,74% -<\/title>\n<meta name=\"robots\" content=\"index, follow, max-snippet:-1, max-image-preview:large, max-video-preview:-1\" \/>\n<link rel=\"canonical\" href=\"https:\/\/experienciadevida.com.ar\/portalurbano\/anses-aumento-las-asignaciones-familiares-un-1074\/\" \/>\n<meta property=\"og:locale\" content=\"es_ES\" \/>\n<meta property=\"og:type\" content=\"article\" \/>\n<meta property=\"og:title\" content=\"Anses aument\u00f3 las asignaciones familiares un 10,74% -\" \/>\n<meta property=\"og:description\" content=\"El incremento rige a partir de este s\u00e1bado 1 de junio. La resoluci\u00f3n fue publicada...\" \/>\n<meta property=\"og:url\" content=\"https:\/\/experienciadevida.com.ar\/portalurbano\/anses-aumento-las-asignaciones-familiares-un-1074\/\" \/>\n<meta property=\"article:publisher\" content=\"https:\/\/www.facebook.com\/Portal-Urbano-171542830093757\/\" \/>\n<meta property=\"article:published_time\" content=\"2019-05-31T20:00:33+00:00\" \/>\n<meta property=\"og:image\" content=\"https:\/\/experienciadevida.com.ar\/portalurbano\/wp-content\/uploads\/2018\/06\/20180604075831_.anses1_.jpg\" \/>\n\t<meta property=\"og:image:width\" content=\"680\" \/>\n\t<meta property=\"og:image:height\" content=\"453\" \/>\n\t<meta property=\"og:image:type\" content=\"image\/jpeg\" \/>\n<meta name=\"author\" content=\"admpu17wp\" \/>\n<meta name=\"twitter:card\" content=\"summary_large_image\" \/>\n<meta name=\"twitter:creator\" content=\"@portalurbanook\" \/>\n<meta name=\"twitter:site\" content=\"@portalurbanook\" \/>\n<meta name=\"twitter:label1\" content=\"Escrito por\" \/>\n\t<meta name=\"twitter:data1\" content=\"admpu17wp\" \/>\n\t<meta name=\"twitter:label2\" content=\"Tiempo de lectura\" \/>\n\t<meta name=\"twitter:data2\" content=\"3 minutos\" \/>\n<script type=\"application\/ld+json\" class=\"yoast-schema-graph\">{\"@context\":\"https:\/\/schema.org\",\"@graph\":[{\"@type\":\"Article\",\"@id\":\"https:\/\/experienciadevida.com.ar\/portalurbano\/anses-aumento-las-asignaciones-familiares-un-1074\/#article\",\"isPartOf\":{\"@id\":\"https:\/\/experienciadevida.com.ar\/portalurbano\/anses-aumento-las-asignaciones-familiares-un-1074\/\"},\"author\":{\"name\":\"admpu17wp\",\"@id\":\"https:\/\/experienciadevida.com.ar\/portalurbano\/#\/schema\/person\/02dd326b1c4b056e9cc972486934a3a7\"},\"headline\":\"Anses aument\u00f3 las asignaciones familiares un 10,74%\",\"datePublished\":\"2019-05-31T20:00:33+00:00\",\"dateModified\":\"2019-05-31T20:00:33+00:00\",\"mainEntityOfPage\":{\"@id\":\"https:\/\/experienciadevida.com.ar\/portalurbano\/anses-aumento-las-asignaciones-familiares-un-1074\/\"},\"wordCount\":507,\"commentCount\":0,\"publisher\":{\"@id\":\"https:\/\/experienciadevida.com.ar\/portalurbano\/#organization\"},\"articleSection\":[\"Naci\u00f3n\"],\"inLanguage\":\"es\",\"potentialAction\":[{\"@type\":\"CommentAction\",\"name\":\"Comment\",\"target\":[\"https:\/\/experienciadevida.com.ar\/portalurbano\/anses-aumento-las-asignaciones-familiares-un-1074\/#respond\"]}]},{\"@type\":\"WebPage\",\"@id\":\"https:\/\/experienciadevida.com.ar\/portalurbano\/anses-aumento-las-asignaciones-familiares-un-1074\/\",\"url\":\"https:\/\/experienciadevida.com.ar\/portalurbano\/anses-aumento-las-asignaciones-familiares-un-1074\/\",\"name\":\"Anses aument\u00f3 las asignaciones familiares un 10,74% -\",\"isPartOf\":{\"@id\":\"https:\/\/experienciadevida.com.ar\/portalurbano\/#website\"},\"datePublished\":\"2019-05-31T20:00:33+00:00\",\"dateModified\":\"2019-05-31T20:00:33+00:00\",\"breadcrumb\":{\"@id\":\"https:\/\/experienciadevida.com.ar\/portalurbano\/anses-aumento-las-asignaciones-familiares-un-1074\/#breadcrumb\"},\"inLanguage\":\"es\",\"potentialAction\":[{\"@type\":\"ReadAction\",\"target\":[\"https:\/\/experienciadevida.com.ar\/portalurbano\/anses-aumento-las-asignaciones-familiares-un-1074\/\"]}]},{\"@type\":\"BreadcrumbList\",\"@id\":\"https:\/\/experienciadevida.com.ar\/portalurbano\/anses-aumento-las-asignaciones-familiares-un-1074\/#breadcrumb\",\"itemListElement\":[{\"@type\":\"ListItem\",\"position\":1,\"name\":\"Portada\",\"item\":\"https:\/\/experienciadevida.com.ar\/portalurbano\/\"},{\"@type\":\"ListItem\",\"position\":2,\"name\":\"Anses aument\u00f3 las asignaciones familiares un 10,74%\"}]},{\"@type\":\"WebSite\",\"@id\":\"https:\/\/experienciadevida.com.ar\/portalurbano\/#website\",\"url\":\"https:\/\/experienciadevida.com.ar\/portalurbano\/\",\"name\":\"\",\"description\":\"\",\"publisher\":{\"@id\":\"https:\/\/experienciadevida.com.ar\/portalurbano\/#organization\"},\"potentialAction\":[{\"@type\":\"SearchAction\",\"target\":{\"@type\":\"EntryPoint\",\"urlTemplate\":\"https:\/\/experienciadevida.com.ar\/portalurbano\/?s={search_term_string}\"},\"query-input\":\"required name=search_term_string\"}],\"inLanguage\":\"es\"},{\"@type\":\"Organization\",\"@id\":\"https:\/\/experienciadevida.com.ar\/portalurbano\/#organization\",\"name\":\"Portal Urbano\",\"url\":\"https:\/\/experienciadevida.com.ar\/portalurbano\/\",\"logo\":{\"@type\":\"ImageObject\",\"inLanguage\":\"es\",\"@id\":\"https:\/\/experienciadevida.com.ar\/portalurbano\/#\/schema\/logo\/image\/\",\"url\":\"https:\/\/experienciadevida.com.ar\/portalurbano\/wp-content\/uploads\/2019\/09\/Logo-Original.png\",\"contentUrl\":\"https:\/\/experienciadevida.com.ar\/portalurbano\/wp-content\/uploads\/2019\/09\/Logo-Original.png\",\"width\":2236,\"height\":1216,\"caption\":\"Portal Urbano\"},\"image\":{\"@id\":\"https:\/\/experienciadevida.com.ar\/portalurbano\/#\/schema\/logo\/image\/\"},\"sameAs\":[\"https:\/\/www.facebook.com\/Portal-Urbano-171542830093757\/\",\"https:\/\/twitter.com\/portalurbanook\",\"https:\/\/www.instagram.com\/_portalurbano\/\",\"https:\/\/www.youtube.com\/channel\/UCXhagIfszH8KxFiOok79zbA?view_as=subscriber\"]},{\"@type\":\"Person\",\"@id\":\"https:\/\/experienciadevida.com.ar\/portalurbano\/#\/schema\/person\/02dd326b1c4b056e9cc972486934a3a7\",\"name\":\"admpu17wp\",\"image\":{\"@type\":\"ImageObject\",\"inLanguage\":\"es\",\"@id\":\"https:\/\/experienciadevida.com.ar\/portalurbano\/#\/schema\/person\/image\/\",\"url\":\"https:\/\/secure.gravatar.com\/avatar\/830d4c57adaae6630765e449a6908047?s=96&d=mm&r=g\",\"contentUrl\":\"https:\/\/secure.gravatar.com\/avatar\/830d4c57adaae6630765e449a6908047?s=96&d=mm&r=g\",\"caption\":\"admpu17wp\"}}]}<\/script>\n<!-- \/ Yoast SEO plugin. -->","yoast_head_json":{"title":"Anses aument\u00f3 las asignaciones familiares un 10,74% -","robots":{"index":"index","follow":"follow","max-snippet":"max-snippet:-1","max-image-preview":"max-image-preview:large","max-video-preview":"max-video-preview:-1"},"canonical":"https:\/\/experienciadevida.com.ar\/portalurbano\/anses-aumento-las-asignaciones-familiares-un-1074\/","og_locale":"es_ES","og_type":"article","og_title":"Anses aument\u00f3 las asignaciones familiares un 10,74% -","og_description":"El incremento rige a partir de este s\u00e1bado 1 de junio. La resoluci\u00f3n fue publicada...","og_url":"https:\/\/experienciadevida.com.ar\/portalurbano\/anses-aumento-las-asignaciones-familiares-un-1074\/","article_publisher":"https:\/\/www.facebook.com\/Portal-Urbano-171542830093757\/","article_published_time":"2019-05-31T20:00:33+00:00","og_image":[{"width":680,"height":453,"url":"https:\/\/experienciadevida.com.ar\/portalurbano\/wp-content\/uploads\/2018\/06\/20180604075831_.anses1_.jpg","type":"image\/jpeg"}],"author":"admpu17wp","twitter_card":"summary_large_image","twitter_creator":"@portalurbanook","twitter_site":"@portalurbanook","twitter_misc":{"Escrito por":"admpu17wp","Tiempo de lectura":"3 minutos"},"schema":{"@context":"https:\/\/schema.org","@graph":[{"@type":"Article","@id":"https:\/\/experienciadevida.com.ar\/portalurbano\/anses-aumento-las-asignaciones-familiares-un-1074\/#article","isPartOf":{"@id":"https:\/\/experienciadevida.com.ar\/portalurbano\/anses-aumento-las-asignaciones-familiares-un-1074\/"},"author":{"name":"admpu17wp","@id":"https:\/\/experienciadevida.com.ar\/portalurbano\/#\/schema\/person\/02dd326b1c4b056e9cc972486934a3a7"},"headline":"Anses aument\u00f3 las asignaciones familiares un 10,74%","datePublished":"2019-05-31T20:00:33+00:00","dateModified":"2019-05-31T20:00:33+00:00","mainEntityOfPage":{"@id":"https:\/\/experienciadevida.com.ar\/portalurbano\/anses-aumento-las-asignaciones-familiares-un-1074\/"},"wordCount":507,"commentCount":0,"publisher":{"@id":"https:\/\/experienciadevida.com.ar\/portalurbano\/#organization"},"articleSection":["Naci\u00f3n"],"inLanguage":"es","potentialAction":[{"@type":"CommentAction","name":"Comment","target":["https:\/\/experienciadevida.com.ar\/portalurbano\/anses-aumento-las-asignaciones-familiares-un-1074\/#respond"]}]},{"@type":"WebPage","@id":"https:\/\/experienciadevida.com.ar\/portalurbano\/anses-aumento-las-asignaciones-familiares-un-1074\/","url":"https:\/\/experienciadevida.com.ar\/portalurbano\/anses-aumento-las-asignaciones-familiares-un-1074\/","name":"Anses aument\u00f3 las asignaciones familiares un 10,74% -","isPartOf":{"@id":"https:\/\/experienciadevida.com.ar\/portalurbano\/#website"},"datePublished":"2019-05-31T20:00:33+00:00","dateModified":"2019-05-31T20:00:33+00:00","breadcrumb":{"@id":"https:\/\/experienciadevida.com.ar\/portalurbano\/anses-aumento-las-asignaciones-familiares-un-1074\/#breadcrumb"},"inLanguage":"es","potentialAction":[{"@type":"ReadAction","target":["https:\/\/experienciadevida.com.ar\/portalurbano\/anses-aumento-las-asignaciones-familiares-un-1074\/"]}]},{"@type":"BreadcrumbList","@id":"https:\/\/experienciadevida.com.ar\/portalurbano\/anses-aumento-las-asignaciones-familiares-un-1074\/#breadcrumb","itemListElement":[{"@type":"ListItem","position":1,"name":"Portada","item":"https:\/\/experienciadevida.com.ar\/portalurbano\/"},{"@type":"ListItem","position":2,"name":"Anses aument\u00f3 las asignaciones familiares un 10,74%"}]},{"@type":"WebSite","@id":"https:\/\/experienciadevida.com.ar\/portalurbano\/#website","url":"https:\/\/experienciadevida.com.ar\/portalurbano\/","name":"","description":"","publisher":{"@id":"https:\/\/experienciadevida.com.ar\/portalurbano\/#organization"},"potentialAction":[{"@type":"SearchAction","target":{"@type":"EntryPoint","urlTemplate":"https:\/\/experienciadevida.com.ar\/portalurbano\/?s={search_term_string}"},"query-input":"required name=search_term_string"}],"inLanguage":"es"},{"@type":"Organization","@id":"https:\/\/experienciadevida.com.ar\/portalurbano\/#organization","name":"Portal Urbano","url":"https:\/\/experienciadevida.com.ar\/portalurbano\/","logo":{"@type":"ImageObject","inLanguage":"es","@id":"https:\/\/experienciadevida.com.ar\/portalurbano\/#\/schema\/logo\/image\/","url":"https:\/\/experienciadevida.com.ar\/portalurbano\/wp-content\/uploads\/2019\/09\/Logo-Original.png","contentUrl":"https:\/\/experienciadevida.com.ar\/portalurbano\/wp-content\/uploads\/2019\/09\/Logo-Original.png","width":2236,"height":1216,"caption":"Portal Urbano"},"image":{"@id":"https:\/\/experienciadevida.com.ar\/portalurbano\/#\/schema\/logo\/image\/"},"sameAs":["https:\/\/www.facebook.com\/Portal-Urbano-171542830093757\/","https:\/\/twitter.com\/portalurbanook","https:\/\/www.instagram.com\/_portalurbano\/","https:\/\/www.youtube.com\/channel\/UCXhagIfszH8KxFiOok79zbA?view_as=subscriber"]},{"@type":"Person","@id":"https:\/\/experienciadevida.com.ar\/portalurbano\/#\/schema\/person\/02dd326b1c4b056e9cc972486934a3a7","name":"admpu17wp","image":{"@type":"ImageObject","inLanguage":"es","@id":"https:\/\/experienciadevida.com.ar\/portalurbano\/#\/schema\/person\/image\/","url":"https:\/\/secure.gravatar.com\/avatar\/830d4c57adaae6630765e449a6908047?s=96&d=mm&r=g","contentUrl":"https:\/\/secure.gravatar.com\/avatar\/830d4c57adaae6630765e449a6908047?s=96&d=mm&r=g","caption":"admpu17wp"}}]}},"featured_image_urls":{"full":"","thumbnail":"","medium":"","medium_large":"","large":"","ug_big":"","1536x1536":"","2048x2048":"","newsever-slider-full":"","newsever-featured":"","newsever-medium":"","web-stories-poster-portrait":"","web-stories-publisher-logo":"","web-stories-thumbnail":""},"author_info":{"display_name":"admpu17wp","author_link":"https:\/\/experienciadevida.com.ar\/portalurbano\/author\/admpu17wp\/"},"category_info":"<a href=\"https:\/\/experienciadevida.com.ar\/portalurbano\/category\/nacion\/\" rel=\"category tag\">Naci\u00f3n<\/a>","tag_info":"Naci\u00f3n","comment_count":"0","amp_enabled":true,"_links":{"self":[{"href":"https:\/\/experienciadevida.com.ar\/portalurbano\/wp-json\/wp\/v2\/posts\/71143"}],"collection":[{"href":"https:\/\/experienciadevida.com.ar\/portalurbano\/wp-json\/wp\/v2\/posts"}],"about":[{"href":"https:\/\/experienciadevida.com.ar\/portalurbano\/wp-json\/wp\/v2\/types\/post"}],"author":[{"embeddable":true,"href":"https:\/\/experienciadevida.com.ar\/portalurbano\/wp-json\/wp\/v2\/users\/1"}],"replies":[{"embeddable":true,"href":"https:\/\/experienciadevida.com.ar\/portalurbano\/wp-json\/wp\/v2\/comments?post=71143"}],"version-history":[{"count":1,"href":"https:\/\/experienciadevida.com.ar\/portalurbano\/wp-json\/wp\/v2\/posts\/71143\/revisions"}],"predecessor-version":[{"id":71145,"href":"https:\/\/experienciadevida.com.ar\/portalurbano\/wp-json\/wp\/v2\/posts\/71143\/revisions\/71145"}],"wp:attachment":[{"href":"https:\/\/experienciadevida.com.ar\/portalurbano\/wp-json\/wp\/v2\/media?parent=71143"}],"wp:term":[{"taxonomy":"category","embeddable":true,"href":"https:\/\/experienciadevida.com.ar\/portalurbano\/wp-json\/wp\/v2\/categories?post=71143"},{"taxonomy":"post_tag","embeddable":true,"href":"https:\/\/experienciadevida.com.ar\/portalurbano\/wp-json\/wp\/v2\/tags?post=71143"}],"curies":[{"name":"wp","href":"https:\/\/api.w.org\/{rel}","templated":true}]}}