{"id":71133,"date":"2019-05-31T16:53:19","date_gmt":"2019-05-31T19:53:19","guid":{"rendered":"https:\/\/experienciadevida.com.ar\/portalurbano\/?p=71133"},"modified":"2019-05-31T16:53:19","modified_gmt":"2019-05-31T19:53:19","slug":"el-gobierno-relanza-el-programa-ahora-12-para-incentivar-el-consumo","status":"publish","type":"post","link":"https:\/\/experienciadevida.com.ar\/portalurbano\/el-gobierno-relanza-el-programa-ahora-12-para-incentivar-el-consumo\/","title":{"rendered":"El Gobierno relanza el programa &#8220;Ahora 12&#8221; para incentivar el consumo"},"content":{"rendered":"<article id=\"article-post\" class=\"first\">\n<p class=\"interiorCopete\">Lo anunci\u00f3 este viernes Mauricio Macri. &#8220;Ofrece 3, 6, 12 y 18 cuotas con las tasas m\u00e1s bajas del mercado; va a ayudar a los comerciantes y permitir\u00e1 que muchas familias puedan comprar en cuotas las cosas importantes que les hagan falta&#8221;, dijo el Presidente al respecto<\/p>\n<div class=\"separator-line\"><strong>Mauricio Macri<\/strong>\u00a0anunci\u00f3 este viernes el relanzamiento del programa\u00a0<strong>\u201cAhora 12\u201d,<\/strong>\u00a0con el objetivo de facilitar e incentivar el\u00a0consumo\u00a0con tarjeta de cr\u00e9dito en rubros importantes para la econom\u00eda familiar.<\/div>\n<div class=\"cuerpo\" data-twitter-link=\"https:\/\/twitter.com\/intent\/tweet?url=https:\/\/www.diariopopular.com.ar\/\/c398378&amp;via=poopulardiario&amp;related=Diario Popular&amp;text=\">\n<div id=\"div-gpt-ad-nota-528348\" class=\"banner-90\" data-mapping=\"mapping9\" data-google-query-id=\"CIzyrujExuICFbPH4wcdovQG9Q\">\n<div id=\"google_ads_iframe_\/7581181\/dp_universal_0__container__\"><\/div>\n<\/div>\n<\/div>\n<\/article>\n<article id=\"article-post\">\n<div class=\"cuerpo\" data-twitter-link=\"https:\/\/twitter.com\/intent\/tweet?url=https:\/\/www.diariopopular.com.ar\/\/c398378&amp;via=poopulardiario&amp;related=Diario Popular&amp;text=\">\n<p>&#8220;Hay que seguir buscando mecanismos de alivio, como lo hicimos con los Precios Cuidados, la lista ampliada, este compromiso de varios productos, ahora lo que vamos a lanzar a partir de hoy con un programa que funcion\u00f3 siempre muy bien, es el &#8216;Ahora 12&#8217;. 3, 6 y 18 cuotas para que se pueda volver a consumir un poco en las cosas que necesitan\u201d, dijo el Presidente al anunciar el relanzamiento.<\/p>\n<p>La renovaci\u00f3n del programa fue anunciada por el presidente\u00a0<strong>Macri<\/strong>\u00a0al inaugurar las v\u00edas renovadas del Belgrano Cargas en la provincia de Salta y se difundi\u00f3 tambi\u00e9n a trav\u00e9s de un video oficial en las redes.<\/p>\n<p>&#8220;Esta ma\u00f1ana anunciamos cambios en las tasas para que sea m\u00e1s conveniente comprar en cuotas con tarjeta de cr\u00e9dito. Esto se va a aplicar a rubros importantes para la econom\u00eda familiar, como la ropa, los muebles, libros, juguetes, televisores, l\u00ednea blanca, bicis, motos, colchones, turismo y celulares, entre otros\u201d, indic\u00f3 la comunicaci\u00f3n oficial.<\/p>\n<\/div>\n<\/article>\n","protected":false},"excerpt":{"rendered":"<p>Lo anunci\u00f3 este viernes Mauricio Macri. &#8220;Ofrece 3, 6, 12 y 18 cuotas con las&#8230;<\/p>\n","protected":false},"author":1,"featured_media":0,"comment_status":"open","ping_status":"open","sticky":false,"template":"","format":"standard","meta":{"content-type":""},"categories":[39],"tags":[],"nelio_content":{"isAutoShareEnabled":false,"autoShareEndMode":"default","automationSources":{"useContentSentences":true,"useSocialTemplates":true,"useCustomSentences":false,"customSentences":[]},"followers":[1],"suggestedReferences":[],"includedReferences":[],"efiUrl":"","efiAlt":"","highlights":[]},"yoast_head":"<!-- This site is optimized with the Yoast SEO plugin v20.7 - https:\/\/yoast.com\/wordpress\/plugins\/seo\/ -->\n<title>El Gobierno relanza el programa &quot;Ahora 12&quot; para incentivar el consumo -<\/title>\n<meta name=\"robots\" content=\"index, follow, max-snippet:-1, max-image-preview:large, max-video-preview:-1\" \/>\n<link rel=\"canonical\" href=\"https:\/\/experienciadevida.com.ar\/portalurbano\/el-gobierno-relanza-el-programa-ahora-12-para-incentivar-el-consumo\/\" \/>\n<meta property=\"og:locale\" content=\"es_ES\" \/>\n<meta property=\"og:type\" content=\"article\" \/>\n<meta property=\"og:title\" content=\"El Gobierno relanza el programa &quot;Ahora 12&quot; para incentivar el consumo -\" \/>\n<meta property=\"og:description\" content=\"Lo anunci\u00f3 este viernes Mauricio Macri. &#8220;Ofrece 3, 6, 12 y 18 cuotas con las...\" \/>\n<meta property=\"og:url\" content=\"https:\/\/experienciadevida.com.ar\/portalurbano\/el-gobierno-relanza-el-programa-ahora-12-para-incentivar-el-consumo\/\" \/>\n<meta property=\"article:publisher\" content=\"https:\/\/www.facebook.com\/Portal-Urbano-171542830093757\/\" \/>\n<meta property=\"article:published_time\" content=\"2019-05-31T19:53:19+00:00\" \/>\n<meta property=\"og:image\" content=\"https:\/\/experienciadevida.com.ar\/portalurbano\/wp-content\/uploads\/2019\/05\/0005820794-1-e1559332357660.jpg\" \/>\n\t<meta property=\"og:image:width\" content=\"750\" \/>\n\t<meta property=\"og:image:height\" content=\"463\" \/>\n\t<meta property=\"og:image:type\" content=\"image\/jpeg\" \/>\n<meta name=\"author\" content=\"admpu17wp\" \/>\n<meta name=\"twitter:card\" content=\"summary_large_image\" \/>\n<meta name=\"twitter:creator\" content=\"@portalurbanook\" \/>\n<meta name=\"twitter:site\" content=\"@portalurbanook\" \/>\n<meta name=\"twitter:label1\" content=\"Escrito por\" \/>\n\t<meta name=\"twitter:data1\" content=\"admpu17wp\" \/>\n\t<meta name=\"twitter:label2\" content=\"Tiempo de lectura\" \/>\n\t<meta name=\"twitter:data2\" content=\"1 minuto\" \/>\n<script type=\"application\/ld+json\" class=\"yoast-schema-graph\">{\"@context\":\"https:\/\/schema.org\",\"@graph\":[{\"@type\":\"Article\",\"@id\":\"https:\/\/experienciadevida.com.ar\/portalurbano\/el-gobierno-relanza-el-programa-ahora-12-para-incentivar-el-consumo\/#article\",\"isPartOf\":{\"@id\":\"https:\/\/experienciadevida.com.ar\/portalurbano\/el-gobierno-relanza-el-programa-ahora-12-para-incentivar-el-consumo\/\"},\"author\":{\"name\":\"admpu17wp\",\"@id\":\"https:\/\/experienciadevida.com.ar\/portalurbano\/#\/schema\/person\/02dd326b1c4b056e9cc972486934a3a7\"},\"headline\":\"El Gobierno relanza el programa &#8220;Ahora 12&#8221; para incentivar el consumo\",\"datePublished\":\"2019-05-31T19:53:19+00:00\",\"dateModified\":\"2019-05-31T19:53:19+00:00\",\"mainEntityOfPage\":{\"@id\":\"https:\/\/experienciadevida.com.ar\/portalurbano\/el-gobierno-relanza-el-programa-ahora-12-para-incentivar-el-consumo\/\"},\"wordCount\":252,\"commentCount\":0,\"publisher\":{\"@id\":\"https:\/\/experienciadevida.com.ar\/portalurbano\/#organization\"},\"articleSection\":[\"Naci\u00f3n\"],\"inLanguage\":\"es\",\"potentialAction\":[{\"@type\":\"CommentAction\",\"name\":\"Comment\",\"target\":[\"https:\/\/experienciadevida.com.ar\/portalurbano\/el-gobierno-relanza-el-programa-ahora-12-para-incentivar-el-consumo\/#respond\"]}]},{\"@type\":\"WebPage\",\"@id\":\"https:\/\/experienciadevida.com.ar\/portalurbano\/el-gobierno-relanza-el-programa-ahora-12-para-incentivar-el-consumo\/\",\"url\":\"https:\/\/experienciadevida.com.ar\/portalurbano\/el-gobierno-relanza-el-programa-ahora-12-para-incentivar-el-consumo\/\",\"name\":\"El Gobierno relanza el programa \\\"Ahora 12\\\" para incentivar el consumo -\",\"isPartOf\":{\"@id\":\"https:\/\/experienciadevida.com.ar\/portalurbano\/#website\"},\"datePublished\":\"2019-05-31T19:53:19+00:00\",\"dateModified\":\"2019-05-31T19:53:19+00:00\",\"breadcrumb\":{\"@id\":\"https:\/\/experienciadevida.com.ar\/portalurbano\/el-gobierno-relanza-el-programa-ahora-12-para-incentivar-el-consumo\/#breadcrumb\"},\"inLanguage\":\"es\",\"potentialAction\":[{\"@type\":\"ReadAction\",\"target\":[\"https:\/\/experienciadevida.com.ar\/portalurbano\/el-gobierno-relanza-el-programa-ahora-12-para-incentivar-el-consumo\/\"]}]},{\"@type\":\"BreadcrumbList\",\"@id\":\"https:\/\/experienciadevida.com.ar\/portalurbano\/el-gobierno-relanza-el-programa-ahora-12-para-incentivar-el-consumo\/#breadcrumb\",\"itemListElement\":[{\"@type\":\"ListItem\",\"position\":1,\"name\":\"Portada\",\"item\":\"https:\/\/experienciadevida.com.ar\/portalurbano\/\"},{\"@type\":\"ListItem\",\"position\":2,\"name\":\"El Gobierno relanza el programa \u00abAhora 12\u00bb para incentivar el consumo\"}]},{\"@type\":\"WebSite\",\"@id\":\"https:\/\/experienciadevida.com.ar\/portalurbano\/#website\",\"url\":\"https:\/\/experienciadevida.com.ar\/portalurbano\/\",\"name\":\"\",\"description\":\"\",\"publisher\":{\"@id\":\"https:\/\/experienciadevida.com.ar\/portalurbano\/#organization\"},\"potentialAction\":[{\"@type\":\"SearchAction\",\"target\":{\"@type\":\"EntryPoint\",\"urlTemplate\":\"https:\/\/experienciadevida.com.ar\/portalurbano\/?s={search_term_string}\"},\"query-input\":\"required name=search_term_string\"}],\"inLanguage\":\"es\"},{\"@type\":\"Organization\",\"@id\":\"https:\/\/experienciadevida.com.ar\/portalurbano\/#organization\",\"name\":\"Portal Urbano\",\"url\":\"https:\/\/experienciadevida.com.ar\/portalurbano\/\",\"logo\":{\"@type\":\"ImageObject\",\"inLanguage\":\"es\",\"@id\":\"https:\/\/experienciadevida.com.ar\/portalurbano\/#\/schema\/logo\/image\/\",\"url\":\"https:\/\/experienciadevida.com.ar\/portalurbano\/wp-content\/uploads\/2019\/09\/Logo-Original.png\",\"contentUrl\":\"https:\/\/experienciadevida.com.ar\/portalurbano\/wp-content\/uploads\/2019\/09\/Logo-Original.png\",\"width\":2236,\"height\":1216,\"caption\":\"Portal Urbano\"},\"image\":{\"@id\":\"https:\/\/experienciadevida.com.ar\/portalurbano\/#\/schema\/logo\/image\/\"},\"sameAs\":[\"https:\/\/www.facebook.com\/Portal-Urbano-171542830093757\/\",\"https:\/\/twitter.com\/portalurbanook\",\"https:\/\/www.instagram.com\/_portalurbano\/\",\"https:\/\/www.youtube.com\/channel\/UCXhagIfszH8KxFiOok79zbA?view_as=subscriber\"]},{\"@type\":\"Person\",\"@id\":\"https:\/\/experienciadevida.com.ar\/portalurbano\/#\/schema\/person\/02dd326b1c4b056e9cc972486934a3a7\",\"name\":\"admpu17wp\",\"image\":{\"@type\":\"ImageObject\",\"inLanguage\":\"es\",\"@id\":\"https:\/\/experienciadevida.com.ar\/portalurbano\/#\/schema\/person\/image\/\",\"url\":\"https:\/\/secure.gravatar.com\/avatar\/830d4c57adaae6630765e449a6908047?s=96&d=mm&r=g\",\"contentUrl\":\"https:\/\/secure.gravatar.com\/avatar\/830d4c57adaae6630765e449a6908047?s=96&d=mm&r=g\",\"caption\":\"admpu17wp\"}}]}<\/script>\n<!-- \/ Yoast SEO plugin. -->","yoast_head_json":{"title":"El Gobierno relanza el programa \"Ahora 12\" para incentivar el consumo -","robots":{"index":"index","follow":"follow","max-snippet":"max-snippet:-1","max-image-preview":"max-image-preview:large","max-video-preview":"max-video-preview:-1"},"canonical":"https:\/\/experienciadevida.com.ar\/portalurbano\/el-gobierno-relanza-el-programa-ahora-12-para-incentivar-el-consumo\/","og_locale":"es_ES","og_type":"article","og_title":"El Gobierno relanza el programa \"Ahora 12\" para incentivar el consumo -","og_description":"Lo anunci\u00f3 este viernes Mauricio Macri. &#8220;Ofrece 3, 6, 12 y 18 cuotas con las...","og_url":"https:\/\/experienciadevida.com.ar\/portalurbano\/el-gobierno-relanza-el-programa-ahora-12-para-incentivar-el-consumo\/","article_publisher":"https:\/\/www.facebook.com\/Portal-Urbano-171542830093757\/","article_published_time":"2019-05-31T19:53:19+00:00","og_image":[{"width":750,"height":463,"url":"https:\/\/experienciadevida.com.ar\/portalurbano\/wp-content\/uploads\/2019\/05\/0005820794-1-e1559332357660.jpg","type":"image\/jpeg"}],"author":"admpu17wp","twitter_card":"summary_large_image","twitter_creator":"@portalurbanook","twitter_site":"@portalurbanook","twitter_misc":{"Escrito por":"admpu17wp","Tiempo de lectura":"1 minuto"},"schema":{"@context":"https:\/\/schema.org","@graph":[{"@type":"Article","@id":"https:\/\/experienciadevida.com.ar\/portalurbano\/el-gobierno-relanza-el-programa-ahora-12-para-incentivar-el-consumo\/#article","isPartOf":{"@id":"https:\/\/experienciadevida.com.ar\/portalurbano\/el-gobierno-relanza-el-programa-ahora-12-para-incentivar-el-consumo\/"},"author":{"name":"admpu17wp","@id":"https:\/\/experienciadevida.com.ar\/portalurbano\/#\/schema\/person\/02dd326b1c4b056e9cc972486934a3a7"},"headline":"El Gobierno relanza el programa &#8220;Ahora 12&#8221; para incentivar el consumo","datePublished":"2019-05-31T19:53:19+00:00","dateModified":"2019-05-31T19:53:19+00:00","mainEntityOfPage":{"@id":"https:\/\/experienciadevida.com.ar\/portalurbano\/el-gobierno-relanza-el-programa-ahora-12-para-incentivar-el-consumo\/"},"wordCount":252,"commentCount":0,"publisher":{"@id":"https:\/\/experienciadevida.com.ar\/portalurbano\/#organization"},"articleSection":["Naci\u00f3n"],"inLanguage":"es","potentialAction":[{"@type":"CommentAction","name":"Comment","target":["https:\/\/experienciadevida.com.ar\/portalurbano\/el-gobierno-relanza-el-programa-ahora-12-para-incentivar-el-consumo\/#respond"]}]},{"@type":"WebPage","@id":"https:\/\/experienciadevida.com.ar\/portalurbano\/el-gobierno-relanza-el-programa-ahora-12-para-incentivar-el-consumo\/","url":"https:\/\/experienciadevida.com.ar\/portalurbano\/el-gobierno-relanza-el-programa-ahora-12-para-incentivar-el-consumo\/","name":"El Gobierno relanza el programa \"Ahora 12\" para incentivar el consumo -","isPartOf":{"@id":"https:\/\/experienciadevida.com.ar\/portalurbano\/#website"},"datePublished":"2019-05-31T19:53:19+00:00","dateModified":"2019-05-31T19:53:19+00:00","breadcrumb":{"@id":"https:\/\/experienciadevida.com.ar\/portalurbano\/el-gobierno-relanza-el-programa-ahora-12-para-incentivar-el-consumo\/#breadcrumb"},"inLanguage":"es","potentialAction":[{"@type":"ReadAction","target":["https:\/\/experienciadevida.com.ar\/portalurbano\/el-gobierno-relanza-el-programa-ahora-12-para-incentivar-el-consumo\/"]}]},{"@type":"BreadcrumbList","@id":"https:\/\/experienciadevida.com.ar\/portalurbano\/el-gobierno-relanza-el-programa-ahora-12-para-incentivar-el-consumo\/#breadcrumb","itemListElement":[{"@type":"ListItem","position":1,"name":"Portada","item":"https:\/\/experienciadevida.com.ar\/portalurbano\/"},{"@type":"ListItem","position":2,"name":"El Gobierno relanza el programa \u00abAhora 12\u00bb para incentivar el consumo"}]},{"@type":"WebSite","@id":"https:\/\/experienciadevida.com.ar\/portalurbano\/#website","url":"https:\/\/experienciadevida.com.ar\/portalurbano\/","name":"","description":"","publisher":{"@id":"https:\/\/experienciadevida.com.ar\/portalurbano\/#organization"},"potentialAction":[{"@type":"SearchAction","target":{"@type":"EntryPoint","urlTemplate":"https:\/\/experienciadevida.com.ar\/portalurbano\/?s={search_term_string}"},"query-input":"required name=search_term_string"}],"inLanguage":"es"},{"@type":"Organization","@id":"https:\/\/experienciadevida.com.ar\/portalurbano\/#organization","name":"Portal Urbano","url":"https:\/\/experienciadevida.com.ar\/portalurbano\/","logo":{"@type":"ImageObject","inLanguage":"es","@id":"https:\/\/experienciadevida.com.ar\/portalurbano\/#\/schema\/logo\/image\/","url":"https:\/\/experienciadevida.com.ar\/portalurbano\/wp-content\/uploads\/2019\/09\/Logo-Original.png","contentUrl":"https:\/\/experienciadevida.com.ar\/portalurbano\/wp-content\/uploads\/2019\/09\/Logo-Original.png","width":2236,"height":1216,"caption":"Portal Urbano"},"image":{"@id":"https:\/\/experienciadevida.com.ar\/portalurbano\/#\/schema\/logo\/image\/"},"sameAs":["https:\/\/www.facebook.com\/Portal-Urbano-171542830093757\/","https:\/\/twitter.com\/portalurbanook","https:\/\/www.instagram.com\/_portalurbano\/","https:\/\/www.youtube.com\/channel\/UCXhagIfszH8KxFiOok79zbA?view_as=subscriber"]},{"@type":"Person","@id":"https:\/\/experienciadevida.com.ar\/portalurbano\/#\/schema\/person\/02dd326b1c4b056e9cc972486934a3a7","name":"admpu17wp","image":{"@type":"ImageObject","inLanguage":"es","@id":"https:\/\/experienciadevida.com.ar\/portalurbano\/#\/schema\/person\/image\/","url":"https:\/\/secure.gravatar.com\/avatar\/830d4c57adaae6630765e449a6908047?s=96&d=mm&r=g","contentUrl":"https:\/\/secure.gravatar.com\/avatar\/830d4c57adaae6630765e449a6908047?s=96&d=mm&r=g","caption":"admpu17wp"}}]}},"featured_image_urls":{"full":"","thumbnail":"","medium":"","medium_large":"","large":"","ug_big":"","1536x1536":"","2048x2048":"","newsever-slider-full":"","newsever-featured":"","newsever-medium":"","web-stories-poster-portrait":"","web-stories-publisher-logo":"","web-stories-thumbnail":""},"author_info":{"display_name":"admpu17wp","author_link":"https:\/\/experienciadevida.com.ar\/portalurbano\/author\/admpu17wp\/"},"category_info":"<a href=\"https:\/\/experienciadevida.com.ar\/portalurbano\/category\/nacion\/\" rel=\"category tag\">Naci\u00f3n<\/a>","tag_info":"Naci\u00f3n","comment_count":"0","amp_enabled":true,"_links":{"self":[{"href":"https:\/\/experienciadevida.com.ar\/portalurbano\/wp-json\/wp\/v2\/posts\/71133"}],"collection":[{"href":"https:\/\/experienciadevida.com.ar\/portalurbano\/wp-json\/wp\/v2\/posts"}],"about":[{"href":"https:\/\/experienciadevida.com.ar\/portalurbano\/wp-json\/wp\/v2\/types\/post"}],"author":[{"embeddable":true,"href":"https:\/\/experienciadevida.com.ar\/portalurbano\/wp-json\/wp\/v2\/users\/1"}],"replies":[{"embeddable":true,"href":"https:\/\/experienciadevida.com.ar\/portalurbano\/wp-json\/wp\/v2\/comments?post=71133"}],"version-history":[{"count":1,"href":"https:\/\/experienciadevida.com.ar\/portalurbano\/wp-json\/wp\/v2\/posts\/71133\/revisions"}],"predecessor-version":[{"id":71139,"href":"https:\/\/experienciadevida.com.ar\/portalurbano\/wp-json\/wp\/v2\/posts\/71133\/revisions\/71139"}],"wp:attachment":[{"href":"https:\/\/experienciadevida.com.ar\/portalurbano\/wp-json\/wp\/v2\/media?parent=71133"}],"wp:term":[{"taxonomy":"category","embeddable":true,"href":"https:\/\/experienciadevida.com.ar\/portalurbano\/wp-json\/wp\/v2\/categories?post=71133"},{"taxonomy":"post_tag","embeddable":true,"href":"https:\/\/experienciadevida.com.ar\/portalurbano\/wp-json\/wp\/v2\/tags?post=71133"}],"curies":[{"name":"wp","href":"https:\/\/api.w.org\/{rel}","templated":true}]}}