{"id":71032,"date":"2019-05-30T21:57:43","date_gmt":"2019-05-31T00:57:43","guid":{"rendered":"https:\/\/experienciadevida.com.ar\/portalurbano\/?p=71032"},"modified":"2019-05-30T21:57:43","modified_gmt":"2019-05-31T00:57:43","slug":"el-4-de-junio-no-habra-omnibus-en-todo-el-pais-por-un-paro-de-la-uta","status":"publish","type":"post","link":"https:\/\/experienciadevida.com.ar\/portalurbano\/el-4-de-junio-no-habra-omnibus-en-todo-el-pais-por-un-paro-de-la-uta\/","title":{"rendered":"El 4 de junio no habr\u00e1 \u00f3mnibus en todo el pa\u00eds por un paro de la UTA"},"content":{"rendered":"<p>La UTA anunci\u00f3 una nueva medida de fuerza, en todo el pa\u00eds. Afectar\u00e1 a los servicios urbanos, metropolitanos, de media y larga distancia.<\/p>\n<p>Un d\u00eda despu\u00e9s de la huelga general convocada por la CGT que afect\u00f3 los servicios de transporte en todo el pa\u00eds, la Uni\u00f3n Tranviarios Automotor (UTA) anunci\u00f3 que volver\u00e1 a parar por 24 horas.<\/p>\n<p>La medida de fuerza tendr\u00e1 lugar el 4 de junio y tendr\u00e1 alcance nacional, por lo que no habr\u00e1 servicio de transporte de pasajeros urbano, metropolitano, ni de media y larga distancia.<\/p>\n<p>El paro comenzar\u00e1 el martes a las 0 y durar\u00e1 24 horas. La medida se toma al no llegar a un acuerdo por las paritarias del a\u00f1o 2018.<\/p>\n<p><strong>Comunicado de la UTA<\/strong><\/p>\n<p><em>En un comunicado, el secretario del Interior de la Uni\u00f3n Tranviarios Automotor, Jorge Aldo Kiener\u00a0&#8220;informa a las autoridades de las distintas jurisdicciones provinciales y municipales del interior del pa\u00eds, a los trabajadores del transporte colectivo de pasajeros y a los usuarios de los servicios, que en el transcurso de toda esta discusi\u00f3n salarial que llevamos adelante en el Ministerio de Trabajo de la Naci\u00f3n, hemos intervenido con una constante voluntad de di\u00e1logo y racionalidad, sumado al compromiso con la actividad y el funcionamiento del servicio p\u00fablico que operamos, sin desatender la importancia de una necesaria y urgente recomposici\u00f3n salarial para todos los trabajadores del sector&#8221;.<\/em><\/p>\n<p><img decoding=\"async\" src=\"https:\/\/pbs.twimg.com\/media\/DCMvJTdXUAEoRnn.jpg\" alt=\"\" data-aria-label-part=\"\" \/><\/p>\n<p><em><strong>Jorge Aldo Kiener, secretario del Interior de la UTA<\/strong><\/em><\/p>\n<p><em>El sindicalista reitera &#8220;que resulta indispensable arribar a un acuerdo salarial definitivo, que permita recomponer el poder adquisitivo de los salarios, que ya se ha desvalorizado por el efecto de la inflaci\u00f3n, y asimismo acordar un aumento salarial que alcance a la proyecci\u00f3n\u00a0inflacionaria en el futuro, reiterando una vez m\u00e1s, que el acuerdo salarial 2018 se encuentra vencido desde el mes de marzo del presente a\u00f1o&#8221;.<\/em><\/p>\n<p><em>Por ello, se\u00f1ala que &#8220;ante la postura de la representaci\u00f3n empresaria, que desoye la leg\u00edtima pretensi\u00f3n sindical, de una urgente recomposici\u00f3n salarial para todos los trabajadores del Transporte Automotor de pasajeros del interior del pa\u00eds, ratificamos el plan de lucha, declarando el estado de alerta y\u00a0<a name=\"m_-3481847236703872984_m_-6970256777104191473_m_-6059095629731921028__GoBack\"><\/a>resolviendo la retenci\u00f3n de tareas a partir del martes 4 de junio desde las 0 horas&#8221;.<\/em><\/p>\n","protected":false},"excerpt":{"rendered":"<p>La UTA anunci\u00f3 una nueva medida de fuerza, en todo el pa\u00eds. Afectar\u00e1 a los&#8230;<\/p>\n","protected":false},"author":1,"featured_media":-71032,"comment_status":"open","ping_status":"open","sticky":false,"template":"","format":"standard","meta":{"content-type":""},"categories":[39],"tags":[],"nelio_content":{"isAutoShareEnabled":false,"autoShareEndMode":"default","automationSources":{"useContentSentences":true,"useSocialTemplates":true,"useCustomSentences":false,"customSentences":[]},"followers":[1],"suggestedReferences":[],"includedReferences":[],"efiUrl":"","efiAlt":"","highlights":[]},"yoast_head":"<!-- This site is optimized with the Yoast SEO plugin v20.7 - https:\/\/yoast.com\/wordpress\/plugins\/seo\/ -->\n<title>El 4 de junio no habr\u00e1 \u00f3mnibus en todo el pa\u00eds por un paro de la UTA -<\/title>\n<meta name=\"robots\" content=\"index, follow, max-snippet:-1, max-image-preview:large, max-video-preview:-1\" \/>\n<link rel=\"canonical\" href=\"https:\/\/experienciadevida.com.ar\/portalurbano\/el-4-de-junio-no-habra-omnibus-en-todo-el-pais-por-un-paro-de-la-uta\/\" \/>\n<meta property=\"og:locale\" content=\"es_ES\" \/>\n<meta property=\"og:type\" content=\"article\" \/>\n<meta property=\"og:title\" content=\"El 4 de junio no habr\u00e1 \u00f3mnibus en todo el pa\u00eds por un paro de la UTA -\" \/>\n<meta property=\"og:description\" content=\"La UTA anunci\u00f3 una nueva medida de fuerza, en todo el pa\u00eds. Afectar\u00e1 a los...\" \/>\n<meta property=\"og:url\" content=\"https:\/\/experienciadevida.com.ar\/portalurbano\/el-4-de-junio-no-habra-omnibus-en-todo-el-pais-por-un-paro-de-la-uta\/\" \/>\n<meta property=\"article:publisher\" content=\"https:\/\/www.facebook.com\/Portal-Urbano-171542830093757\/\" \/>\n<meta property=\"article:published_time\" content=\"2019-05-31T00:57:43+00:00\" \/>\n<meta property=\"og:image\" content=\"https:\/\/experienciadevida.com.ar\/portalurbano\/wp-content\/uploads\/2019\/05\/TUBUS-1-e1562238363982.jpg\" \/>\n\t<meta property=\"og:image:width\" content=\"750\" \/>\n\t<meta property=\"og:image:height\" content=\"563\" \/>\n\t<meta property=\"og:image:type\" content=\"image\/jpeg\" \/>\n<meta name=\"author\" content=\"admpu17wp\" \/>\n<meta name=\"twitter:card\" content=\"summary_large_image\" \/>\n<meta name=\"twitter:creator\" content=\"@portalurbanook\" \/>\n<meta name=\"twitter:site\" content=\"@portalurbanook\" \/>\n<meta name=\"twitter:label1\" content=\"Escrito por\" \/>\n\t<meta name=\"twitter:data1\" content=\"admpu17wp\" \/>\n\t<meta name=\"twitter:label2\" content=\"Tiempo de lectura\" \/>\n\t<meta name=\"twitter:data2\" content=\"2 minutos\" \/>\n<script type=\"application\/ld+json\" class=\"yoast-schema-graph\">{\"@context\":\"https:\/\/schema.org\",\"@graph\":[{\"@type\":\"Article\",\"@id\":\"https:\/\/experienciadevida.com.ar\/portalurbano\/el-4-de-junio-no-habra-omnibus-en-todo-el-pais-por-un-paro-de-la-uta\/#article\",\"isPartOf\":{\"@id\":\"https:\/\/experienciadevida.com.ar\/portalurbano\/el-4-de-junio-no-habra-omnibus-en-todo-el-pais-por-un-paro-de-la-uta\/\"},\"author\":{\"name\":\"admpu17wp\",\"@id\":\"https:\/\/experienciadevida.com.ar\/portalurbano\/#\/schema\/person\/02dd326b1c4b056e9cc972486934a3a7\"},\"headline\":\"El 4 de junio no habr\u00e1 \u00f3mnibus en todo el pa\u00eds por un paro de la UTA\",\"datePublished\":\"2019-05-31T00:57:43+00:00\",\"dateModified\":\"2019-05-31T00:57:43+00:00\",\"mainEntityOfPage\":{\"@id\":\"https:\/\/experienciadevida.com.ar\/portalurbano\/el-4-de-junio-no-habra-omnibus-en-todo-el-pais-por-un-paro-de-la-uta\/\"},\"wordCount\":398,\"commentCount\":0,\"publisher\":{\"@id\":\"https:\/\/experienciadevida.com.ar\/portalurbano\/#organization\"},\"articleSection\":[\"Naci\u00f3n\"],\"inLanguage\":\"es\",\"potentialAction\":[{\"@type\":\"CommentAction\",\"name\":\"Comment\",\"target\":[\"https:\/\/experienciadevida.com.ar\/portalurbano\/el-4-de-junio-no-habra-omnibus-en-todo-el-pais-por-un-paro-de-la-uta\/#respond\"]}]},{\"@type\":\"WebPage\",\"@id\":\"https:\/\/experienciadevida.com.ar\/portalurbano\/el-4-de-junio-no-habra-omnibus-en-todo-el-pais-por-un-paro-de-la-uta\/\",\"url\":\"https:\/\/experienciadevida.com.ar\/portalurbano\/el-4-de-junio-no-habra-omnibus-en-todo-el-pais-por-un-paro-de-la-uta\/\",\"name\":\"El 4 de junio no habr\u00e1 \u00f3mnibus en todo el pa\u00eds por un paro de la UTA -\",\"isPartOf\":{\"@id\":\"https:\/\/experienciadevida.com.ar\/portalurbano\/#website\"},\"datePublished\":\"2019-05-31T00:57:43+00:00\",\"dateModified\":\"2019-05-31T00:57:43+00:00\",\"breadcrumb\":{\"@id\":\"https:\/\/experienciadevida.com.ar\/portalurbano\/el-4-de-junio-no-habra-omnibus-en-todo-el-pais-por-un-paro-de-la-uta\/#breadcrumb\"},\"inLanguage\":\"es\",\"potentialAction\":[{\"@type\":\"ReadAction\",\"target\":[\"https:\/\/experienciadevida.com.ar\/portalurbano\/el-4-de-junio-no-habra-omnibus-en-todo-el-pais-por-un-paro-de-la-uta\/\"]}]},{\"@type\":\"BreadcrumbList\",\"@id\":\"https:\/\/experienciadevida.com.ar\/portalurbano\/el-4-de-junio-no-habra-omnibus-en-todo-el-pais-por-un-paro-de-la-uta\/#breadcrumb\",\"itemListElement\":[{\"@type\":\"ListItem\",\"position\":1,\"name\":\"Portada\",\"item\":\"https:\/\/experienciadevida.com.ar\/portalurbano\/\"},{\"@type\":\"ListItem\",\"position\":2,\"name\":\"El 4 de junio no habr\u00e1 \u00f3mnibus en todo el pa\u00eds por un paro de la UTA\"}]},{\"@type\":\"WebSite\",\"@id\":\"https:\/\/experienciadevida.com.ar\/portalurbano\/#website\",\"url\":\"https:\/\/experienciadevida.com.ar\/portalurbano\/\",\"name\":\"\",\"description\":\"\",\"publisher\":{\"@id\":\"https:\/\/experienciadevida.com.ar\/portalurbano\/#organization\"},\"potentialAction\":[{\"@type\":\"SearchAction\",\"target\":{\"@type\":\"EntryPoint\",\"urlTemplate\":\"https:\/\/experienciadevida.com.ar\/portalurbano\/?s={search_term_string}\"},\"query-input\":\"required name=search_term_string\"}],\"inLanguage\":\"es\"},{\"@type\":\"Organization\",\"@id\":\"https:\/\/experienciadevida.com.ar\/portalurbano\/#organization\",\"name\":\"Portal Urbano\",\"url\":\"https:\/\/experienciadevida.com.ar\/portalurbano\/\",\"logo\":{\"@type\":\"ImageObject\",\"inLanguage\":\"es\",\"@id\":\"https:\/\/experienciadevida.com.ar\/portalurbano\/#\/schema\/logo\/image\/\",\"url\":\"https:\/\/experienciadevida.com.ar\/portalurbano\/wp-content\/uploads\/2019\/09\/Logo-Original.png\",\"contentUrl\":\"https:\/\/experienciadevida.com.ar\/portalurbano\/wp-content\/uploads\/2019\/09\/Logo-Original.png\",\"width\":2236,\"height\":1216,\"caption\":\"Portal Urbano\"},\"image\":{\"@id\":\"https:\/\/experienciadevida.com.ar\/portalurbano\/#\/schema\/logo\/image\/\"},\"sameAs\":[\"https:\/\/www.facebook.com\/Portal-Urbano-171542830093757\/\",\"https:\/\/twitter.com\/portalurbanook\",\"https:\/\/www.instagram.com\/_portalurbano\/\",\"https:\/\/www.youtube.com\/channel\/UCXhagIfszH8KxFiOok79zbA?view_as=subscriber\"]},{\"@type\":\"Person\",\"@id\":\"https:\/\/experienciadevida.com.ar\/portalurbano\/#\/schema\/person\/02dd326b1c4b056e9cc972486934a3a7\",\"name\":\"admpu17wp\",\"image\":{\"@type\":\"ImageObject\",\"inLanguage\":\"es\",\"@id\":\"https:\/\/experienciadevida.com.ar\/portalurbano\/#\/schema\/person\/image\/\",\"url\":\"https:\/\/secure.gravatar.com\/avatar\/830d4c57adaae6630765e449a6908047?s=96&d=mm&r=g\",\"contentUrl\":\"https:\/\/secure.gravatar.com\/avatar\/830d4c57adaae6630765e449a6908047?s=96&d=mm&r=g\",\"caption\":\"admpu17wp\"}}]}<\/script>\n<!-- \/ Yoast SEO plugin. -->","yoast_head_json":{"title":"El 4 de junio no habr\u00e1 \u00f3mnibus en todo el pa\u00eds por un paro de la UTA -","robots":{"index":"index","follow":"follow","max-snippet":"max-snippet:-1","max-image-preview":"max-image-preview:large","max-video-preview":"max-video-preview:-1"},"canonical":"https:\/\/experienciadevida.com.ar\/portalurbano\/el-4-de-junio-no-habra-omnibus-en-todo-el-pais-por-un-paro-de-la-uta\/","og_locale":"es_ES","og_type":"article","og_title":"El 4 de junio no habr\u00e1 \u00f3mnibus en todo el pa\u00eds por un paro de la UTA -","og_description":"La UTA anunci\u00f3 una nueva medida de fuerza, en todo el pa\u00eds. Afectar\u00e1 a los...","og_url":"https:\/\/experienciadevida.com.ar\/portalurbano\/el-4-de-junio-no-habra-omnibus-en-todo-el-pais-por-un-paro-de-la-uta\/","article_publisher":"https:\/\/www.facebook.com\/Portal-Urbano-171542830093757\/","article_published_time":"2019-05-31T00:57:43+00:00","og_image":[{"width":750,"height":563,"url":"https:\/\/experienciadevida.com.ar\/portalurbano\/wp-content\/uploads\/2019\/05\/TUBUS-1-e1562238363982.jpg","type":"image\/jpeg"}],"author":"admpu17wp","twitter_card":"summary_large_image","twitter_creator":"@portalurbanook","twitter_site":"@portalurbanook","twitter_misc":{"Escrito por":"admpu17wp","Tiempo de lectura":"2 minutos"},"schema":{"@context":"https:\/\/schema.org","@graph":[{"@type":"Article","@id":"https:\/\/experienciadevida.com.ar\/portalurbano\/el-4-de-junio-no-habra-omnibus-en-todo-el-pais-por-un-paro-de-la-uta\/#article","isPartOf":{"@id":"https:\/\/experienciadevida.com.ar\/portalurbano\/el-4-de-junio-no-habra-omnibus-en-todo-el-pais-por-un-paro-de-la-uta\/"},"author":{"name":"admpu17wp","@id":"https:\/\/experienciadevida.com.ar\/portalurbano\/#\/schema\/person\/02dd326b1c4b056e9cc972486934a3a7"},"headline":"El 4 de junio no habr\u00e1 \u00f3mnibus en todo el pa\u00eds por un paro de la UTA","datePublished":"2019-05-31T00:57:43+00:00","dateModified":"2019-05-31T00:57:43+00:00","mainEntityOfPage":{"@id":"https:\/\/experienciadevida.com.ar\/portalurbano\/el-4-de-junio-no-habra-omnibus-en-todo-el-pais-por-un-paro-de-la-uta\/"},"wordCount":398,"commentCount":0,"publisher":{"@id":"https:\/\/experienciadevida.com.ar\/portalurbano\/#organization"},"articleSection":["Naci\u00f3n"],"inLanguage":"es","potentialAction":[{"@type":"CommentAction","name":"Comment","target":["https:\/\/experienciadevida.com.ar\/portalurbano\/el-4-de-junio-no-habra-omnibus-en-todo-el-pais-por-un-paro-de-la-uta\/#respond"]}]},{"@type":"WebPage","@id":"https:\/\/experienciadevida.com.ar\/portalurbano\/el-4-de-junio-no-habra-omnibus-en-todo-el-pais-por-un-paro-de-la-uta\/","url":"https:\/\/experienciadevida.com.ar\/portalurbano\/el-4-de-junio-no-habra-omnibus-en-todo-el-pais-por-un-paro-de-la-uta\/","name":"El 4 de junio no habr\u00e1 \u00f3mnibus en todo el pa\u00eds por un paro de la UTA -","isPartOf":{"@id":"https:\/\/experienciadevida.com.ar\/portalurbano\/#website"},"datePublished":"2019-05-31T00:57:43+00:00","dateModified":"2019-05-31T00:57:43+00:00","breadcrumb":{"@id":"https:\/\/experienciadevida.com.ar\/portalurbano\/el-4-de-junio-no-habra-omnibus-en-todo-el-pais-por-un-paro-de-la-uta\/#breadcrumb"},"inLanguage":"es","potentialAction":[{"@type":"ReadAction","target":["https:\/\/experienciadevida.com.ar\/portalurbano\/el-4-de-junio-no-habra-omnibus-en-todo-el-pais-por-un-paro-de-la-uta\/"]}]},{"@type":"BreadcrumbList","@id":"https:\/\/experienciadevida.com.ar\/portalurbano\/el-4-de-junio-no-habra-omnibus-en-todo-el-pais-por-un-paro-de-la-uta\/#breadcrumb","itemListElement":[{"@type":"ListItem","position":1,"name":"Portada","item":"https:\/\/experienciadevida.com.ar\/portalurbano\/"},{"@type":"ListItem","position":2,"name":"El 4 de junio no habr\u00e1 \u00f3mnibus en todo el pa\u00eds por un paro de la UTA"}]},{"@type":"WebSite","@id":"https:\/\/experienciadevida.com.ar\/portalurbano\/#website","url":"https:\/\/experienciadevida.com.ar\/portalurbano\/","name":"","description":"","publisher":{"@id":"https:\/\/experienciadevida.com.ar\/portalurbano\/#organization"},"potentialAction":[{"@type":"SearchAction","target":{"@type":"EntryPoint","urlTemplate":"https:\/\/experienciadevida.com.ar\/portalurbano\/?s={search_term_string}"},"query-input":"required name=search_term_string"}],"inLanguage":"es"},{"@type":"Organization","@id":"https:\/\/experienciadevida.com.ar\/portalurbano\/#organization","name":"Portal Urbano","url":"https:\/\/experienciadevida.com.ar\/portalurbano\/","logo":{"@type":"ImageObject","inLanguage":"es","@id":"https:\/\/experienciadevida.com.ar\/portalurbano\/#\/schema\/logo\/image\/","url":"https:\/\/experienciadevida.com.ar\/portalurbano\/wp-content\/uploads\/2019\/09\/Logo-Original.png","contentUrl":"https:\/\/experienciadevida.com.ar\/portalurbano\/wp-content\/uploads\/2019\/09\/Logo-Original.png","width":2236,"height":1216,"caption":"Portal Urbano"},"image":{"@id":"https:\/\/experienciadevida.com.ar\/portalurbano\/#\/schema\/logo\/image\/"},"sameAs":["https:\/\/www.facebook.com\/Portal-Urbano-171542830093757\/","https:\/\/twitter.com\/portalurbanook","https:\/\/www.instagram.com\/_portalurbano\/","https:\/\/www.youtube.com\/channel\/UCXhagIfszH8KxFiOok79zbA?view_as=subscriber"]},{"@type":"Person","@id":"https:\/\/experienciadevida.com.ar\/portalurbano\/#\/schema\/person\/02dd326b1c4b056e9cc972486934a3a7","name":"admpu17wp","image":{"@type":"ImageObject","inLanguage":"es","@id":"https:\/\/experienciadevida.com.ar\/portalurbano\/#\/schema\/person\/image\/","url":"https:\/\/secure.gravatar.com\/avatar\/830d4c57adaae6630765e449a6908047?s=96&d=mm&r=g","contentUrl":"https:\/\/secure.gravatar.com\/avatar\/830d4c57adaae6630765e449a6908047?s=96&d=mm&r=g","caption":"admpu17wp"}}]}},"featured_image_urls":{"full":["https:\/\/pbs.twimg.com\/media\/DCMvJTdXUAEoRnn.jpg",1920,1080,false],"thumbnail":["https:\/\/pbs.twimg.com\/media\/DCMvJTdXUAEoRnn.jpg",150,150,true],"medium":["https:\/\/pbs.twimg.com\/media\/DCMvJTdXUAEoRnn.jpg",300,169,true],"medium_large":["https:\/\/pbs.twimg.com\/media\/DCMvJTdXUAEoRnn.jpg",640,360,true],"large":["https:\/\/pbs.twimg.com\/media\/DCMvJTdXUAEoRnn.jpg",640,360,true],"ug_big":["https:\/\/pbs.twimg.com\/media\/DCMvJTdXUAEoRnn.jpg",768,432,true],"1536x1536":["https:\/\/pbs.twimg.com\/media\/DCMvJTdXUAEoRnn.jpg",1536,864,true],"2048x2048":["https:\/\/pbs.twimg.com\/media\/DCMvJTdXUAEoRnn.jpg",1920,1080,false],"newsever-slider-full":["https:\/\/pbs.twimg.com\/media\/DCMvJTdXUAEoRnn.jpg",1280,845,true],"newsever-featured":["https:\/\/pbs.twimg.com\/media\/DCMvJTdXUAEoRnn.jpg",1024,576,true],"newsever-medium":["https:\/\/pbs.twimg.com\/media\/DCMvJTdXUAEoRnn.jpg",720,475,true],"web-stories-poster-portrait":["https:\/\/pbs.twimg.com\/media\/DCMvJTdXUAEoRnn.jpg",640,853,true],"web-stories-publisher-logo":["https:\/\/pbs.twimg.com\/media\/DCMvJTdXUAEoRnn.jpg",96,96,true],"web-stories-thumbnail":["https:\/\/pbs.twimg.com\/media\/DCMvJTdXUAEoRnn.jpg",150,84,true]},"author_info":{"display_name":"admpu17wp","author_link":"https:\/\/experienciadevida.com.ar\/portalurbano\/author\/admpu17wp\/"},"category_info":"<a href=\"https:\/\/experienciadevida.com.ar\/portalurbano\/category\/nacion\/\" rel=\"category tag\">Naci\u00f3n<\/a>","tag_info":"Naci\u00f3n","comment_count":"0","amp_enabled":true,"_links":{"self":[{"href":"https:\/\/experienciadevida.com.ar\/portalurbano\/wp-json\/wp\/v2\/posts\/71032"}],"collection":[{"href":"https:\/\/experienciadevida.com.ar\/portalurbano\/wp-json\/wp\/v2\/posts"}],"about":[{"href":"https:\/\/experienciadevida.com.ar\/portalurbano\/wp-json\/wp\/v2\/types\/post"}],"author":[{"embeddable":true,"href":"https:\/\/experienciadevida.com.ar\/portalurbano\/wp-json\/wp\/v2\/users\/1"}],"replies":[{"embeddable":true,"href":"https:\/\/experienciadevida.com.ar\/portalurbano\/wp-json\/wp\/v2\/comments?post=71032"}],"version-history":[{"count":2,"href":"https:\/\/experienciadevida.com.ar\/portalurbano\/wp-json\/wp\/v2\/posts\/71032\/revisions"}],"predecessor-version":[{"id":71034,"href":"https:\/\/experienciadevida.com.ar\/portalurbano\/wp-json\/wp\/v2\/posts\/71032\/revisions\/71034"}],"wp:featuredmedia":[{"embeddable":true,"href":"https:\/\/experienciadevida.com.ar\/portalurbano\/wp-json\/"}],"wp:attachment":[{"href":"https:\/\/experienciadevida.com.ar\/portalurbano\/wp-json\/wp\/v2\/media?parent=71032"}],"wp:term":[{"taxonomy":"category","embeddable":true,"href":"https:\/\/experienciadevida.com.ar\/portalurbano\/wp-json\/wp\/v2\/categories?post=71032"},{"taxonomy":"post_tag","embeddable":true,"href":"https:\/\/experienciadevida.com.ar\/portalurbano\/wp-json\/wp\/v2\/tags?post=71032"}],"curies":[{"name":"wp","href":"https:\/\/api.w.org\/{rel}","templated":true}]}}