{"id":70508,"date":"2019-05-27T21:06:47","date_gmt":"2019-05-28T00:06:47","guid":{"rendered":"https:\/\/experienciadevida.com.ar\/portalurbano\/?p=70508"},"modified":"2019-05-27T21:06:47","modified_gmt":"2019-05-28T00:06:47","slug":"el-gobierno-llego-a-un-acuerdo-con-los-docentes-universitarios","status":"publish","type":"post","link":"https:\/\/experienciadevida.com.ar\/portalurbano\/el-gobierno-llego-a-un-acuerdo-con-los-docentes-universitarios\/","title":{"rendered":"El Gobierno lleg\u00f3 a un acuerdo con los docentes universitarios"},"content":{"rendered":"<p>Los seis sindicatos aceptaron la oferta, que contempla una recomposici\u00f3n por la p\u00e9rdida del a\u00f1o pasado y dos cl\u00e1usulas gatillo para 2019.<\/p>\n<p>Los gremios que representan a los docentes universitarios aceptaron la oferta del gobierno nacional y, de ese modo, el conflicto salarial\u00a0se resolvi\u00f3 sin tantas dificultades.\u00a0 La propuesta salarial contempla una recomposici\u00f3n por la p\u00e9rdida del a\u00f1o pasado y cl\u00e1usulas de ajuste autom\u00e1tico contra la inflaci\u00f3n de 2019.<\/p>\n<p>A diferencia de lo que suele suceder,\u00a0<strong>esta vez la paritaria la firmaron las seis entidades gremiales que participan de las negociaciones<\/strong>. Adem\u00e1s de Conadu, Ctera, Fedun, Uda y Fadgut, la Conadu Hist\u00f3rica que, en general se desentiende de la mayor\u00eda, acept\u00f3 el acuerdo.<\/p>\n<div class=\"row pb-content-type-text\">\n<div class=\"col-xs-12 col-print-12\">\n<p class=\"element element-paragraph\">La oferta se compone de distintos \u00edtems. En primer lugar, fija la base del a\u00f1o pasado sobre la que se dar\u00e1n los aumentos posteriores: es del 44% para abril. En mayo, se otorgar\u00e1 el primer incremento del 4%, luego seguir\u00e1 otro 4% en julio y un 8% en septiembre. A su vez,\u00a0<strong>la oferta dispone de dos cl\u00e1usulas gatillo: primero en septiembre y despu\u00e9s en febrero de 2020.<\/strong><\/p>\n<\/div>\n<\/div>\n<div class=\"row pb-content-type-text\">\n<div class=\"col-xs-12 col-print-12\">\n<p class=\"element element-paragraph\">Otro punto sensible en el reclamo gremial eran las cifras en negro, que hasta hoy\u00a0integran\u00a0parte del salario de los profesores universitarios. De ac\u00e1 hasta fin de a\u00f1o, se establecieron cuatro momentos de blanqueo (junio, agosto, noviembre y diciembre) que har\u00e1n que las sumas\u00a0en negro pasen a ser remunerativas. Es decir,\u00a0<strong>todo el salario pasar\u00e1 a estar en blanco.<\/strong><\/p>\n<div class=\"row pb-content-type-text\">\n<div class=\"col-xs-12 col-print-12\">\n<p class=\"element element-paragraph\">&#8220;Estamos muy felices de haber alcanzado un acuerdo con los docentes y no docentes universitarios. Nuestra propuesta permitir\u00e1 que todos los meses el salario muestre una mejora, en el monto o en la calidad de su composici\u00f3n. Y por eso\u00a0<strong>hemos logrado el acuerdo de todas las organizaciones sindicales universitarias, algo que no pasaba desde 2016, y solo sucedi\u00f3 en 3 oportunidades en los \u00faltimos 10 a\u00f1os&#8221;<\/strong>,\u00a0destac\u00f3\u00a0el ministro de Educaci\u00f3n Alejandro Finocchiaro, quien encabez\u00f3 la negociaci\u00f3n junto a Pablo Domenichini, secretario de pol\u00edticas universitarias.<\/p>\n<\/div>\n<\/div>\n<div class=\"row pb-content-type-text\">\n<div class=\"col-xs-12 col-print-12\">\n<p class=\"element element-paragraph\">De ese modo,\u00a0<strong>el Gobierno disipa la posibilidad de un largo conflicto universitario en medio del clima electoral<\/strong>. M\u00e1s all\u00e1 de que todav\u00eda hay reclamos por mayor presupuesto de parte de los rectores, el oficialismo pudo zanjar la pulseada salarial sin pasar por mayores sobresaltos. El a\u00f1o pasado, el acuerdo reci\u00e9n se hab\u00eda logrado en septiembre despu\u00e9s de un mes de paro ininterrumpido y una movilizaci\u00f3n masiva del sistema.<\/p>\n<\/div>\n<\/div>\n<div class=\"row pb-content-type-text\">\n<div class=\"col-xs-12 col-print-12\">\n<p class=\"element element-paragraph\">&#8220;Para la aprobaci\u00f3n se consider\u00f3 importante cerrar el proceso paritario y se valor\u00f3 la evoluci\u00f3n de la negociaci\u00f3n. Fundamentalmente se tuvo en cuenta la pelea que dieron las docentes para modificar sustancialmente las propuestas del gobierno,\u00a0<strong>pero esto no agota los problemas que tiene la universidad<\/strong>&#8220;, explic\u00f3 Ver\u00f3nica Bethencourt, secretaria gremial de Conadu, quien ratific\u00f3 que adherir\u00e1n al paro nacional del mi\u00e9rcoles.<\/p>\n<\/div>\n<\/div>\n<div class=\"row pb-content-type-text\">\n<div class=\"col-xs-12 col-print-12\">\n<p class=\"element element-paragraph\">Por su parte, la Conadu Hist\u00f3rica, con fuerte presencia en colegios preuniversitarios como el Nacional Buenos Aires o el Pellegrini, acept\u00f3 la propuesta con 70 votos a favor y 15 en contra en su plenario. De igual manera, el gremio &#8220;aprob\u00f3 la continuidad de la lucha por el aumento del presupuesto universitario&#8221; y tambi\u00e9n se sumar\u00e1 a la huelga nacional.<\/p>\n<p>Fuente: Perfil<\/p>\n<\/div>\n<\/div>\n<\/div>\n<\/div>\n","protected":false},"excerpt":{"rendered":"<p>Los seis sindicatos aceptaron la oferta, que contempla una recomposici\u00f3n por la p\u00e9rdida del a\u00f1o&#8230;<\/p>\n","protected":false},"author":1,"featured_media":0,"comment_status":"open","ping_status":"open","sticky":false,"template":"","format":"standard","meta":{"content-type":""},"categories":[39],"tags":[],"nelio_content":{"isAutoShareEnabled":false,"autoShareEndMode":"default","automationSources":{"useContentSentences":true,"useSocialTemplates":true,"useCustomSentences":false,"customSentences":[]},"followers":[1],"suggestedReferences":[],"includedReferences":[],"efiUrl":"","efiAlt":"","highlights":[]},"yoast_head":"<!-- This site is optimized with the Yoast SEO plugin v20.7 - https:\/\/yoast.com\/wordpress\/plugins\/seo\/ -->\n<title>El Gobierno lleg\u00f3 a un acuerdo con los docentes universitarios -<\/title>\n<meta name=\"robots\" content=\"index, follow, max-snippet:-1, max-image-preview:large, max-video-preview:-1\" \/>\n<link rel=\"canonical\" href=\"https:\/\/experienciadevida.com.ar\/portalurbano\/el-gobierno-llego-a-un-acuerdo-con-los-docentes-universitarios\/\" \/>\n<meta property=\"og:locale\" content=\"es_ES\" \/>\n<meta property=\"og:type\" content=\"article\" \/>\n<meta property=\"og:title\" content=\"El Gobierno lleg\u00f3 a un acuerdo con los docentes universitarios -\" \/>\n<meta property=\"og:description\" content=\"Los seis sindicatos aceptaron la oferta, que contempla una recomposici\u00f3n por la p\u00e9rdida del a\u00f1o...\" \/>\n<meta property=\"og:url\" content=\"https:\/\/experienciadevida.com.ar\/portalurbano\/el-gobierno-llego-a-un-acuerdo-con-los-docentes-universitarios\/\" \/>\n<meta property=\"article:publisher\" content=\"https:\/\/www.facebook.com\/Portal-Urbano-171542830093757\/\" \/>\n<meta property=\"article:published_time\" content=\"2019-05-28T00:06:47+00:00\" \/>\n<meta property=\"og:image\" content=\"https:\/\/experienciadevida.com.ar\/portalurbano\/wp-content\/uploads\/2019\/05\/conadu-marcha-620x300.jpg\" \/>\n\t<meta property=\"og:image:width\" content=\"620\" \/>\n\t<meta property=\"og:image:height\" content=\"300\" \/>\n\t<meta property=\"og:image:type\" content=\"image\/jpeg\" \/>\n<meta name=\"author\" content=\"admpu17wp\" \/>\n<meta name=\"twitter:card\" content=\"summary_large_image\" \/>\n<meta name=\"twitter:creator\" content=\"@portalurbanook\" \/>\n<meta name=\"twitter:site\" content=\"@portalurbanook\" \/>\n<meta name=\"twitter:label1\" content=\"Escrito por\" \/>\n\t<meta name=\"twitter:data1\" content=\"admpu17wp\" \/>\n\t<meta name=\"twitter:label2\" content=\"Tiempo de lectura\" \/>\n\t<meta name=\"twitter:data2\" content=\"3 minutos\" \/>\n<script type=\"application\/ld+json\" class=\"yoast-schema-graph\">{\"@context\":\"https:\/\/schema.org\",\"@graph\":[{\"@type\":\"Article\",\"@id\":\"https:\/\/experienciadevida.com.ar\/portalurbano\/el-gobierno-llego-a-un-acuerdo-con-los-docentes-universitarios\/#article\",\"isPartOf\":{\"@id\":\"https:\/\/experienciadevida.com.ar\/portalurbano\/el-gobierno-llego-a-un-acuerdo-con-los-docentes-universitarios\/\"},\"author\":{\"name\":\"admpu17wp\",\"@id\":\"https:\/\/experienciadevida.com.ar\/portalurbano\/#\/schema\/person\/02dd326b1c4b056e9cc972486934a3a7\"},\"headline\":\"El Gobierno lleg\u00f3 a un acuerdo con los docentes universitarios\",\"datePublished\":\"2019-05-28T00:06:47+00:00\",\"dateModified\":\"2019-05-28T00:06:47+00:00\",\"mainEntityOfPage\":{\"@id\":\"https:\/\/experienciadevida.com.ar\/portalurbano\/el-gobierno-llego-a-un-acuerdo-con-los-docentes-universitarios\/\"},\"wordCount\":559,\"commentCount\":0,\"publisher\":{\"@id\":\"https:\/\/experienciadevida.com.ar\/portalurbano\/#organization\"},\"articleSection\":[\"Naci\u00f3n\"],\"inLanguage\":\"es\",\"potentialAction\":[{\"@type\":\"CommentAction\",\"name\":\"Comment\",\"target\":[\"https:\/\/experienciadevida.com.ar\/portalurbano\/el-gobierno-llego-a-un-acuerdo-con-los-docentes-universitarios\/#respond\"]}]},{\"@type\":\"WebPage\",\"@id\":\"https:\/\/experienciadevida.com.ar\/portalurbano\/el-gobierno-llego-a-un-acuerdo-con-los-docentes-universitarios\/\",\"url\":\"https:\/\/experienciadevida.com.ar\/portalurbano\/el-gobierno-llego-a-un-acuerdo-con-los-docentes-universitarios\/\",\"name\":\"El Gobierno lleg\u00f3 a un acuerdo con los docentes universitarios -\",\"isPartOf\":{\"@id\":\"https:\/\/experienciadevida.com.ar\/portalurbano\/#website\"},\"datePublished\":\"2019-05-28T00:06:47+00:00\",\"dateModified\":\"2019-05-28T00:06:47+00:00\",\"breadcrumb\":{\"@id\":\"https:\/\/experienciadevida.com.ar\/portalurbano\/el-gobierno-llego-a-un-acuerdo-con-los-docentes-universitarios\/#breadcrumb\"},\"inLanguage\":\"es\",\"potentialAction\":[{\"@type\":\"ReadAction\",\"target\":[\"https:\/\/experienciadevida.com.ar\/portalurbano\/el-gobierno-llego-a-un-acuerdo-con-los-docentes-universitarios\/\"]}]},{\"@type\":\"BreadcrumbList\",\"@id\":\"https:\/\/experienciadevida.com.ar\/portalurbano\/el-gobierno-llego-a-un-acuerdo-con-los-docentes-universitarios\/#breadcrumb\",\"itemListElement\":[{\"@type\":\"ListItem\",\"position\":1,\"name\":\"Portada\",\"item\":\"https:\/\/experienciadevida.com.ar\/portalurbano\/\"},{\"@type\":\"ListItem\",\"position\":2,\"name\":\"El Gobierno lleg\u00f3 a un acuerdo con los docentes universitarios\"}]},{\"@type\":\"WebSite\",\"@id\":\"https:\/\/experienciadevida.com.ar\/portalurbano\/#website\",\"url\":\"https:\/\/experienciadevida.com.ar\/portalurbano\/\",\"name\":\"\",\"description\":\"\",\"publisher\":{\"@id\":\"https:\/\/experienciadevida.com.ar\/portalurbano\/#organization\"},\"potentialAction\":[{\"@type\":\"SearchAction\",\"target\":{\"@type\":\"EntryPoint\",\"urlTemplate\":\"https:\/\/experienciadevida.com.ar\/portalurbano\/?s={search_term_string}\"},\"query-input\":\"required name=search_term_string\"}],\"inLanguage\":\"es\"},{\"@type\":\"Organization\",\"@id\":\"https:\/\/experienciadevida.com.ar\/portalurbano\/#organization\",\"name\":\"Portal Urbano\",\"url\":\"https:\/\/experienciadevida.com.ar\/portalurbano\/\",\"logo\":{\"@type\":\"ImageObject\",\"inLanguage\":\"es\",\"@id\":\"https:\/\/experienciadevida.com.ar\/portalurbano\/#\/schema\/logo\/image\/\",\"url\":\"https:\/\/experienciadevida.com.ar\/portalurbano\/wp-content\/uploads\/2019\/09\/Logo-Original.png\",\"contentUrl\":\"https:\/\/experienciadevida.com.ar\/portalurbano\/wp-content\/uploads\/2019\/09\/Logo-Original.png\",\"width\":2236,\"height\":1216,\"caption\":\"Portal Urbano\"},\"image\":{\"@id\":\"https:\/\/experienciadevida.com.ar\/portalurbano\/#\/schema\/logo\/image\/\"},\"sameAs\":[\"https:\/\/www.facebook.com\/Portal-Urbano-171542830093757\/\",\"https:\/\/twitter.com\/portalurbanook\",\"https:\/\/www.instagram.com\/_portalurbano\/\",\"https:\/\/www.youtube.com\/channel\/UCXhagIfszH8KxFiOok79zbA?view_as=subscriber\"]},{\"@type\":\"Person\",\"@id\":\"https:\/\/experienciadevida.com.ar\/portalurbano\/#\/schema\/person\/02dd326b1c4b056e9cc972486934a3a7\",\"name\":\"admpu17wp\",\"image\":{\"@type\":\"ImageObject\",\"inLanguage\":\"es\",\"@id\":\"https:\/\/experienciadevida.com.ar\/portalurbano\/#\/schema\/person\/image\/\",\"url\":\"https:\/\/secure.gravatar.com\/avatar\/830d4c57adaae6630765e449a6908047?s=96&d=mm&r=g\",\"contentUrl\":\"https:\/\/secure.gravatar.com\/avatar\/830d4c57adaae6630765e449a6908047?s=96&d=mm&r=g\",\"caption\":\"admpu17wp\"}}]}<\/script>\n<!-- \/ Yoast SEO plugin. -->","yoast_head_json":{"title":"El Gobierno lleg\u00f3 a un acuerdo con los docentes universitarios -","robots":{"index":"index","follow":"follow","max-snippet":"max-snippet:-1","max-image-preview":"max-image-preview:large","max-video-preview":"max-video-preview:-1"},"canonical":"https:\/\/experienciadevida.com.ar\/portalurbano\/el-gobierno-llego-a-un-acuerdo-con-los-docentes-universitarios\/","og_locale":"es_ES","og_type":"article","og_title":"El Gobierno lleg\u00f3 a un acuerdo con los docentes universitarios -","og_description":"Los seis sindicatos aceptaron la oferta, que contempla una recomposici\u00f3n por la p\u00e9rdida del a\u00f1o...","og_url":"https:\/\/experienciadevida.com.ar\/portalurbano\/el-gobierno-llego-a-un-acuerdo-con-los-docentes-universitarios\/","article_publisher":"https:\/\/www.facebook.com\/Portal-Urbano-171542830093757\/","article_published_time":"2019-05-28T00:06:47+00:00","og_image":[{"width":620,"height":300,"url":"https:\/\/experienciadevida.com.ar\/portalurbano\/wp-content\/uploads\/2019\/05\/conadu-marcha-620x300.jpg","type":"image\/jpeg"}],"author":"admpu17wp","twitter_card":"summary_large_image","twitter_creator":"@portalurbanook","twitter_site":"@portalurbanook","twitter_misc":{"Escrito por":"admpu17wp","Tiempo de lectura":"3 minutos"},"schema":{"@context":"https:\/\/schema.org","@graph":[{"@type":"Article","@id":"https:\/\/experienciadevida.com.ar\/portalurbano\/el-gobierno-llego-a-un-acuerdo-con-los-docentes-universitarios\/#article","isPartOf":{"@id":"https:\/\/experienciadevida.com.ar\/portalurbano\/el-gobierno-llego-a-un-acuerdo-con-los-docentes-universitarios\/"},"author":{"name":"admpu17wp","@id":"https:\/\/experienciadevida.com.ar\/portalurbano\/#\/schema\/person\/02dd326b1c4b056e9cc972486934a3a7"},"headline":"El Gobierno lleg\u00f3 a un acuerdo con los docentes universitarios","datePublished":"2019-05-28T00:06:47+00:00","dateModified":"2019-05-28T00:06:47+00:00","mainEntityOfPage":{"@id":"https:\/\/experienciadevida.com.ar\/portalurbano\/el-gobierno-llego-a-un-acuerdo-con-los-docentes-universitarios\/"},"wordCount":559,"commentCount":0,"publisher":{"@id":"https:\/\/experienciadevida.com.ar\/portalurbano\/#organization"},"articleSection":["Naci\u00f3n"],"inLanguage":"es","potentialAction":[{"@type":"CommentAction","name":"Comment","target":["https:\/\/experienciadevida.com.ar\/portalurbano\/el-gobierno-llego-a-un-acuerdo-con-los-docentes-universitarios\/#respond"]}]},{"@type":"WebPage","@id":"https:\/\/experienciadevida.com.ar\/portalurbano\/el-gobierno-llego-a-un-acuerdo-con-los-docentes-universitarios\/","url":"https:\/\/experienciadevida.com.ar\/portalurbano\/el-gobierno-llego-a-un-acuerdo-con-los-docentes-universitarios\/","name":"El Gobierno lleg\u00f3 a un acuerdo con los docentes universitarios -","isPartOf":{"@id":"https:\/\/experienciadevida.com.ar\/portalurbano\/#website"},"datePublished":"2019-05-28T00:06:47+00:00","dateModified":"2019-05-28T00:06:47+00:00","breadcrumb":{"@id":"https:\/\/experienciadevida.com.ar\/portalurbano\/el-gobierno-llego-a-un-acuerdo-con-los-docentes-universitarios\/#breadcrumb"},"inLanguage":"es","potentialAction":[{"@type":"ReadAction","target":["https:\/\/experienciadevida.com.ar\/portalurbano\/el-gobierno-llego-a-un-acuerdo-con-los-docentes-universitarios\/"]}]},{"@type":"BreadcrumbList","@id":"https:\/\/experienciadevida.com.ar\/portalurbano\/el-gobierno-llego-a-un-acuerdo-con-los-docentes-universitarios\/#breadcrumb","itemListElement":[{"@type":"ListItem","position":1,"name":"Portada","item":"https:\/\/experienciadevida.com.ar\/portalurbano\/"},{"@type":"ListItem","position":2,"name":"El Gobierno lleg\u00f3 a un acuerdo con los docentes universitarios"}]},{"@type":"WebSite","@id":"https:\/\/experienciadevida.com.ar\/portalurbano\/#website","url":"https:\/\/experienciadevida.com.ar\/portalurbano\/","name":"","description":"","publisher":{"@id":"https:\/\/experienciadevida.com.ar\/portalurbano\/#organization"},"potentialAction":[{"@type":"SearchAction","target":{"@type":"EntryPoint","urlTemplate":"https:\/\/experienciadevida.com.ar\/portalurbano\/?s={search_term_string}"},"query-input":"required name=search_term_string"}],"inLanguage":"es"},{"@type":"Organization","@id":"https:\/\/experienciadevida.com.ar\/portalurbano\/#organization","name":"Portal Urbano","url":"https:\/\/experienciadevida.com.ar\/portalurbano\/","logo":{"@type":"ImageObject","inLanguage":"es","@id":"https:\/\/experienciadevida.com.ar\/portalurbano\/#\/schema\/logo\/image\/","url":"https:\/\/experienciadevida.com.ar\/portalurbano\/wp-content\/uploads\/2019\/09\/Logo-Original.png","contentUrl":"https:\/\/experienciadevida.com.ar\/portalurbano\/wp-content\/uploads\/2019\/09\/Logo-Original.png","width":2236,"height":1216,"caption":"Portal Urbano"},"image":{"@id":"https:\/\/experienciadevida.com.ar\/portalurbano\/#\/schema\/logo\/image\/"},"sameAs":["https:\/\/www.facebook.com\/Portal-Urbano-171542830093757\/","https:\/\/twitter.com\/portalurbanook","https:\/\/www.instagram.com\/_portalurbano\/","https:\/\/www.youtube.com\/channel\/UCXhagIfszH8KxFiOok79zbA?view_as=subscriber"]},{"@type":"Person","@id":"https:\/\/experienciadevida.com.ar\/portalurbano\/#\/schema\/person\/02dd326b1c4b056e9cc972486934a3a7","name":"admpu17wp","image":{"@type":"ImageObject","inLanguage":"es","@id":"https:\/\/experienciadevida.com.ar\/portalurbano\/#\/schema\/person\/image\/","url":"https:\/\/secure.gravatar.com\/avatar\/830d4c57adaae6630765e449a6908047?s=96&d=mm&r=g","contentUrl":"https:\/\/secure.gravatar.com\/avatar\/830d4c57adaae6630765e449a6908047?s=96&d=mm&r=g","caption":"admpu17wp"}}]}},"featured_image_urls":{"full":"","thumbnail":"","medium":"","medium_large":"","large":"","ug_big":"","1536x1536":"","2048x2048":"","newsever-slider-full":"","newsever-featured":"","newsever-medium":"","web-stories-poster-portrait":"","web-stories-publisher-logo":"","web-stories-thumbnail":""},"author_info":{"display_name":"admpu17wp","author_link":"https:\/\/experienciadevida.com.ar\/portalurbano\/author\/admpu17wp\/"},"category_info":"<a href=\"https:\/\/experienciadevida.com.ar\/portalurbano\/category\/nacion\/\" rel=\"category tag\">Naci\u00f3n<\/a>","tag_info":"Naci\u00f3n","comment_count":"0","amp_enabled":true,"_links":{"self":[{"href":"https:\/\/experienciadevida.com.ar\/portalurbano\/wp-json\/wp\/v2\/posts\/70508"}],"collection":[{"href":"https:\/\/experienciadevida.com.ar\/portalurbano\/wp-json\/wp\/v2\/posts"}],"about":[{"href":"https:\/\/experienciadevida.com.ar\/portalurbano\/wp-json\/wp\/v2\/types\/post"}],"author":[{"embeddable":true,"href":"https:\/\/experienciadevida.com.ar\/portalurbano\/wp-json\/wp\/v2\/users\/1"}],"replies":[{"embeddable":true,"href":"https:\/\/experienciadevida.com.ar\/portalurbano\/wp-json\/wp\/v2\/comments?post=70508"}],"version-history":[{"count":1,"href":"https:\/\/experienciadevida.com.ar\/portalurbano\/wp-json\/wp\/v2\/posts\/70508\/revisions"}],"predecessor-version":[{"id":70511,"href":"https:\/\/experienciadevida.com.ar\/portalurbano\/wp-json\/wp\/v2\/posts\/70508\/revisions\/70511"}],"wp:attachment":[{"href":"https:\/\/experienciadevida.com.ar\/portalurbano\/wp-json\/wp\/v2\/media?parent=70508"}],"wp:term":[{"taxonomy":"category","embeddable":true,"href":"https:\/\/experienciadevida.com.ar\/portalurbano\/wp-json\/wp\/v2\/categories?post=70508"},{"taxonomy":"post_tag","embeddable":true,"href":"https:\/\/experienciadevida.com.ar\/portalurbano\/wp-json\/wp\/v2\/tags?post=70508"}],"curies":[{"name":"wp","href":"https:\/\/api.w.org\/{rel}","templated":true}]}}