{"id":70276,"date":"2019-05-26T18:40:33","date_gmt":"2019-05-26T21:40:33","guid":{"rendered":"https:\/\/experienciadevida.com.ar\/portalurbano\/?p=70276"},"modified":"2019-05-26T18:40:33","modified_gmt":"2019-05-26T21:40:33","slug":"incorporan-a-400-mil-jovenes-que-por-error-no-estaban-en-el-padron","status":"publish","type":"post","link":"https:\/\/experienciadevida.com.ar\/portalurbano\/incorporan-a-400-mil-jovenes-que-por-error-no-estaban-en-el-padron\/","title":{"rendered":"Incorporan a 400 mil j\u00f3venes que por error no estaban en el padr\u00f3n"},"content":{"rendered":"<p><strong>Lo decidi\u00f3 la C\u00e1mara electoral luego de una reuni\u00f3n con el Registro de las Personas. En paralelo, Servini de Cubr\u00eda autoriz\u00f3 el reclamo online.<\/strong><\/p>\n<p>La C\u00e1mara electoral va a incorporar a unos 400 mil j\u00f3venes que no estaban en el padr\u00f3n por un error administrativo.<\/p>\n<p>La decisi\u00f3n lleg\u00f3 luego de una serie de denuncias en redes sociales sobre chicos que votan por primera vez que no figuran habilitados.<\/p>\n<p>En paralelo, a ra\u00edz de un recurso de amparo del Frente de Izquierda, la justicia federal electoral autoriz\u00f3 a todos los que no se encuentren en el padr\u00f3n provisorio a anotarse v\u00eda internet.<\/p>\n<p>La C\u00e1mara Electoral, tras mantener una reuni\u00f3n con el Registro Nacional de las Personas (Renaper) comunic\u00f3 que m\u00e1s all\u00e1 de los reclamos que se hagan, las personas que no estaban van a ser sumadas igual.<\/p>\n<p>Pod\u00e9s consultar si no est\u00e1s en el padr\u00f3n: www. padron.gob.ar y hacer el reclamo online El padr\u00f3n se confecciona con los datos que el Renaper le manda de manera autom\u00e1tica a la C\u00e1mara. Pero al parecer esa tanda de j\u00f3venes no fue incorporada por un error inform\u00e1tico.<\/p>\n<p>Como la franja etaria de los \u201colvidados\u201d era de entre 16 y 18 a\u00f1os, la Izquierda y el kirchnerismo sugirieron que se trat\u00f3 m\u00e1s que de un error, de una maniobra pol\u00edtica. Ligaron la ausencia a que los j\u00f3venes son los menos propensos a votar al macrismo por su supuesta lejan\u00eda ideol\u00f3gica con las pol\u00edticas de Mauricio Macri.<\/p>\n<p>Pero no acompa\u00f1aron ninguna prueba que permitiera deducir que hubo intencionalidad en ese olvido.<\/p>\n<p><span style=\"color: #ff6600;\"><a style=\"color: #ff6600;\" href=\"https:\/\/www.padron.gov.ar\/\"><strong><\/p>\n<div class=\"penci-pullqoute align-none\">\n<blockquote><p>Padr\u00f3n electoral: d\u00f3nde se puede averiguar el lugar de votaci\u00f3n para las elecciones 2019<\/p><\/blockquote>\n<\/div>\n<p><\/strong><\/a><\/span><\/p>\n<p><strong>La resoluci\u00f3n judicial<\/strong> fue de Mar\u00eda Servini de Cubr\u00eda y lo que hace es habilitar el sistema online que ya funciona en todas las provincias. Se podr\u00e1 hacer all\u00ed el reclamo si su DNI no aparece.<\/p>\n<p>Cuando el kirchnerismo impuls\u00f3 la ley en el Congreso, en 2012, la oposici\u00f3n (integrada, entre otros, por el macrismo) rechaz\u00f3 la iniciativa con el argumento, precisamente, que el Frente para la Victoria buscaba ampliar su base electoral dado que entre los militantes m\u00e1s j\u00f3venes la mayor\u00eda adher\u00eda a la entonces presidenta CFK<\/p>\n","protected":false},"excerpt":{"rendered":"<p>Lo decidi\u00f3 la C\u00e1mara electoral luego de una reuni\u00f3n con el Registro de las Personas&#8230;.<\/p>\n","protected":false},"author":1,"featured_media":0,"comment_status":"open","ping_status":"open","sticky":false,"template":"","format":"standard","meta":{"content-type":""},"categories":[39],"tags":[],"nelio_content":{"isAutoShareEnabled":false,"autoShareEndMode":"default","automationSources":{"useContentSentences":true,"useSocialTemplates":true,"useCustomSentences":false,"customSentences":[]},"followers":[1],"suggestedReferences":[],"includedReferences":["https:\/\/www.padron.gov.ar\/"],"efiUrl":"","efiAlt":"","highlights":[]},"yoast_head":"<!-- This site is optimized with the Yoast SEO plugin v20.7 - https:\/\/yoast.com\/wordpress\/plugins\/seo\/ -->\n<title>Incorporan a 400 mil j\u00f3venes que por error no estaban en el padr\u00f3n -<\/title>\n<meta name=\"robots\" content=\"index, follow, max-snippet:-1, max-image-preview:large, max-video-preview:-1\" \/>\n<link rel=\"canonical\" href=\"https:\/\/experienciadevida.com.ar\/portalurbano\/incorporan-a-400-mil-jovenes-que-por-error-no-estaban-en-el-padron\/\" \/>\n<meta property=\"og:locale\" content=\"es_ES\" \/>\n<meta property=\"og:type\" content=\"article\" \/>\n<meta property=\"og:title\" content=\"Incorporan a 400 mil j\u00f3venes que por error no estaban en el padr\u00f3n -\" \/>\n<meta property=\"og:description\" content=\"Lo decidi\u00f3 la C\u00e1mara electoral luego de una reuni\u00f3n con el Registro de las Personas....\" \/>\n<meta property=\"og:url\" content=\"https:\/\/experienciadevida.com.ar\/portalurbano\/incorporan-a-400-mil-jovenes-que-por-error-no-estaban-en-el-padron\/\" \/>\n<meta property=\"article:publisher\" content=\"https:\/\/www.facebook.com\/Portal-Urbano-171542830093757\/\" \/>\n<meta property=\"article:published_time\" content=\"2019-05-26T21:40:33+00:00\" \/>\n<meta property=\"og:image\" content=\"https:\/\/experienciadevida.com.ar\/portalurbano\/wp-content\/uploads\/2019\/05\/elecciones-653254.jpg\" \/>\n\t<meta property=\"og:image:width\" content=\"728\" \/>\n\t<meta property=\"og:image:height\" content=\"500\" \/>\n\t<meta property=\"og:image:type\" content=\"image\/jpeg\" \/>\n<meta name=\"author\" content=\"admpu17wp\" \/>\n<meta name=\"twitter:card\" content=\"summary_large_image\" \/>\n<meta name=\"twitter:creator\" content=\"@portalurbanook\" \/>\n<meta name=\"twitter:site\" content=\"@portalurbanook\" \/>\n<meta name=\"twitter:label1\" content=\"Escrito por\" \/>\n\t<meta name=\"twitter:data1\" content=\"admpu17wp\" \/>\n\t<meta name=\"twitter:label2\" content=\"Tiempo de lectura\" \/>\n\t<meta name=\"twitter:data2\" content=\"2 minutos\" \/>\n<script type=\"application\/ld+json\" class=\"yoast-schema-graph\">{\"@context\":\"https:\/\/schema.org\",\"@graph\":[{\"@type\":\"Article\",\"@id\":\"https:\/\/experienciadevida.com.ar\/portalurbano\/incorporan-a-400-mil-jovenes-que-por-error-no-estaban-en-el-padron\/#article\",\"isPartOf\":{\"@id\":\"https:\/\/experienciadevida.com.ar\/portalurbano\/incorporan-a-400-mil-jovenes-que-por-error-no-estaban-en-el-padron\/\"},\"author\":{\"name\":\"admpu17wp\",\"@id\":\"https:\/\/experienciadevida.com.ar\/portalurbano\/#\/schema\/person\/02dd326b1c4b056e9cc972486934a3a7\"},\"headline\":\"Incorporan a 400 mil j\u00f3venes que por error no estaban en el padr\u00f3n\",\"datePublished\":\"2019-05-26T21:40:33+00:00\",\"dateModified\":\"2019-05-26T21:40:33+00:00\",\"mainEntityOfPage\":{\"@id\":\"https:\/\/experienciadevida.com.ar\/portalurbano\/incorporan-a-400-mil-jovenes-que-por-error-no-estaban-en-el-padron\/\"},\"wordCount\":411,\"commentCount\":0,\"publisher\":{\"@id\":\"https:\/\/experienciadevida.com.ar\/portalurbano\/#organization\"},\"articleSection\":[\"Naci\u00f3n\"],\"inLanguage\":\"es\",\"potentialAction\":[{\"@type\":\"CommentAction\",\"name\":\"Comment\",\"target\":[\"https:\/\/experienciadevida.com.ar\/portalurbano\/incorporan-a-400-mil-jovenes-que-por-error-no-estaban-en-el-padron\/#respond\"]}]},{\"@type\":\"WebPage\",\"@id\":\"https:\/\/experienciadevida.com.ar\/portalurbano\/incorporan-a-400-mil-jovenes-que-por-error-no-estaban-en-el-padron\/\",\"url\":\"https:\/\/experienciadevida.com.ar\/portalurbano\/incorporan-a-400-mil-jovenes-que-por-error-no-estaban-en-el-padron\/\",\"name\":\"Incorporan a 400 mil j\u00f3venes que por error no estaban en el padr\u00f3n -\",\"isPartOf\":{\"@id\":\"https:\/\/experienciadevida.com.ar\/portalurbano\/#website\"},\"datePublished\":\"2019-05-26T21:40:33+00:00\",\"dateModified\":\"2019-05-26T21:40:33+00:00\",\"breadcrumb\":{\"@id\":\"https:\/\/experienciadevida.com.ar\/portalurbano\/incorporan-a-400-mil-jovenes-que-por-error-no-estaban-en-el-padron\/#breadcrumb\"},\"inLanguage\":\"es\",\"potentialAction\":[{\"@type\":\"ReadAction\",\"target\":[\"https:\/\/experienciadevida.com.ar\/portalurbano\/incorporan-a-400-mil-jovenes-que-por-error-no-estaban-en-el-padron\/\"]}]},{\"@type\":\"BreadcrumbList\",\"@id\":\"https:\/\/experienciadevida.com.ar\/portalurbano\/incorporan-a-400-mil-jovenes-que-por-error-no-estaban-en-el-padron\/#breadcrumb\",\"itemListElement\":[{\"@type\":\"ListItem\",\"position\":1,\"name\":\"Portada\",\"item\":\"https:\/\/experienciadevida.com.ar\/portalurbano\/\"},{\"@type\":\"ListItem\",\"position\":2,\"name\":\"Incorporan a 400 mil j\u00f3venes que por error no estaban en el padr\u00f3n\"}]},{\"@type\":\"WebSite\",\"@id\":\"https:\/\/experienciadevida.com.ar\/portalurbano\/#website\",\"url\":\"https:\/\/experienciadevida.com.ar\/portalurbano\/\",\"name\":\"\",\"description\":\"\",\"publisher\":{\"@id\":\"https:\/\/experienciadevida.com.ar\/portalurbano\/#organization\"},\"potentialAction\":[{\"@type\":\"SearchAction\",\"target\":{\"@type\":\"EntryPoint\",\"urlTemplate\":\"https:\/\/experienciadevida.com.ar\/portalurbano\/?s={search_term_string}\"},\"query-input\":\"required name=search_term_string\"}],\"inLanguage\":\"es\"},{\"@type\":\"Organization\",\"@id\":\"https:\/\/experienciadevida.com.ar\/portalurbano\/#organization\",\"name\":\"Portal Urbano\",\"url\":\"https:\/\/experienciadevida.com.ar\/portalurbano\/\",\"logo\":{\"@type\":\"ImageObject\",\"inLanguage\":\"es\",\"@id\":\"https:\/\/experienciadevida.com.ar\/portalurbano\/#\/schema\/logo\/image\/\",\"url\":\"https:\/\/experienciadevida.com.ar\/portalurbano\/wp-content\/uploads\/2019\/09\/Logo-Original.png\",\"contentUrl\":\"https:\/\/experienciadevida.com.ar\/portalurbano\/wp-content\/uploads\/2019\/09\/Logo-Original.png\",\"width\":2236,\"height\":1216,\"caption\":\"Portal Urbano\"},\"image\":{\"@id\":\"https:\/\/experienciadevida.com.ar\/portalurbano\/#\/schema\/logo\/image\/\"},\"sameAs\":[\"https:\/\/www.facebook.com\/Portal-Urbano-171542830093757\/\",\"https:\/\/twitter.com\/portalurbanook\",\"https:\/\/www.instagram.com\/_portalurbano\/\",\"https:\/\/www.youtube.com\/channel\/UCXhagIfszH8KxFiOok79zbA?view_as=subscriber\"]},{\"@type\":\"Person\",\"@id\":\"https:\/\/experienciadevida.com.ar\/portalurbano\/#\/schema\/person\/02dd326b1c4b056e9cc972486934a3a7\",\"name\":\"admpu17wp\",\"image\":{\"@type\":\"ImageObject\",\"inLanguage\":\"es\",\"@id\":\"https:\/\/experienciadevida.com.ar\/portalurbano\/#\/schema\/person\/image\/\",\"url\":\"https:\/\/secure.gravatar.com\/avatar\/830d4c57adaae6630765e449a6908047?s=96&d=mm&r=g\",\"contentUrl\":\"https:\/\/secure.gravatar.com\/avatar\/830d4c57adaae6630765e449a6908047?s=96&d=mm&r=g\",\"caption\":\"admpu17wp\"}}]}<\/script>\n<!-- \/ Yoast SEO plugin. -->","yoast_head_json":{"title":"Incorporan a 400 mil j\u00f3venes que por error no estaban en el padr\u00f3n -","robots":{"index":"index","follow":"follow","max-snippet":"max-snippet:-1","max-image-preview":"max-image-preview:large","max-video-preview":"max-video-preview:-1"},"canonical":"https:\/\/experienciadevida.com.ar\/portalurbano\/incorporan-a-400-mil-jovenes-que-por-error-no-estaban-en-el-padron\/","og_locale":"es_ES","og_type":"article","og_title":"Incorporan a 400 mil j\u00f3venes que por error no estaban en el padr\u00f3n -","og_description":"Lo decidi\u00f3 la C\u00e1mara electoral luego de una reuni\u00f3n con el Registro de las Personas....","og_url":"https:\/\/experienciadevida.com.ar\/portalurbano\/incorporan-a-400-mil-jovenes-que-por-error-no-estaban-en-el-padron\/","article_publisher":"https:\/\/www.facebook.com\/Portal-Urbano-171542830093757\/","article_published_time":"2019-05-26T21:40:33+00:00","og_image":[{"width":728,"height":500,"url":"https:\/\/experienciadevida.com.ar\/portalurbano\/wp-content\/uploads\/2019\/05\/elecciones-653254.jpg","type":"image\/jpeg"}],"author":"admpu17wp","twitter_card":"summary_large_image","twitter_creator":"@portalurbanook","twitter_site":"@portalurbanook","twitter_misc":{"Escrito por":"admpu17wp","Tiempo de lectura":"2 minutos"},"schema":{"@context":"https:\/\/schema.org","@graph":[{"@type":"Article","@id":"https:\/\/experienciadevida.com.ar\/portalurbano\/incorporan-a-400-mil-jovenes-que-por-error-no-estaban-en-el-padron\/#article","isPartOf":{"@id":"https:\/\/experienciadevida.com.ar\/portalurbano\/incorporan-a-400-mil-jovenes-que-por-error-no-estaban-en-el-padron\/"},"author":{"name":"admpu17wp","@id":"https:\/\/experienciadevida.com.ar\/portalurbano\/#\/schema\/person\/02dd326b1c4b056e9cc972486934a3a7"},"headline":"Incorporan a 400 mil j\u00f3venes que por error no estaban en el padr\u00f3n","datePublished":"2019-05-26T21:40:33+00:00","dateModified":"2019-05-26T21:40:33+00:00","mainEntityOfPage":{"@id":"https:\/\/experienciadevida.com.ar\/portalurbano\/incorporan-a-400-mil-jovenes-que-por-error-no-estaban-en-el-padron\/"},"wordCount":411,"commentCount":0,"publisher":{"@id":"https:\/\/experienciadevida.com.ar\/portalurbano\/#organization"},"articleSection":["Naci\u00f3n"],"inLanguage":"es","potentialAction":[{"@type":"CommentAction","name":"Comment","target":["https:\/\/experienciadevida.com.ar\/portalurbano\/incorporan-a-400-mil-jovenes-que-por-error-no-estaban-en-el-padron\/#respond"]}]},{"@type":"WebPage","@id":"https:\/\/experienciadevida.com.ar\/portalurbano\/incorporan-a-400-mil-jovenes-que-por-error-no-estaban-en-el-padron\/","url":"https:\/\/experienciadevida.com.ar\/portalurbano\/incorporan-a-400-mil-jovenes-que-por-error-no-estaban-en-el-padron\/","name":"Incorporan a 400 mil j\u00f3venes que por error no estaban en el padr\u00f3n -","isPartOf":{"@id":"https:\/\/experienciadevida.com.ar\/portalurbano\/#website"},"datePublished":"2019-05-26T21:40:33+00:00","dateModified":"2019-05-26T21:40:33+00:00","breadcrumb":{"@id":"https:\/\/experienciadevida.com.ar\/portalurbano\/incorporan-a-400-mil-jovenes-que-por-error-no-estaban-en-el-padron\/#breadcrumb"},"inLanguage":"es","potentialAction":[{"@type":"ReadAction","target":["https:\/\/experienciadevida.com.ar\/portalurbano\/incorporan-a-400-mil-jovenes-que-por-error-no-estaban-en-el-padron\/"]}]},{"@type":"BreadcrumbList","@id":"https:\/\/experienciadevida.com.ar\/portalurbano\/incorporan-a-400-mil-jovenes-que-por-error-no-estaban-en-el-padron\/#breadcrumb","itemListElement":[{"@type":"ListItem","position":1,"name":"Portada","item":"https:\/\/experienciadevida.com.ar\/portalurbano\/"},{"@type":"ListItem","position":2,"name":"Incorporan a 400 mil j\u00f3venes que por error no estaban en el padr\u00f3n"}]},{"@type":"WebSite","@id":"https:\/\/experienciadevida.com.ar\/portalurbano\/#website","url":"https:\/\/experienciadevida.com.ar\/portalurbano\/","name":"","description":"","publisher":{"@id":"https:\/\/experienciadevida.com.ar\/portalurbano\/#organization"},"potentialAction":[{"@type":"SearchAction","target":{"@type":"EntryPoint","urlTemplate":"https:\/\/experienciadevida.com.ar\/portalurbano\/?s={search_term_string}"},"query-input":"required name=search_term_string"}],"inLanguage":"es"},{"@type":"Organization","@id":"https:\/\/experienciadevida.com.ar\/portalurbano\/#organization","name":"Portal Urbano","url":"https:\/\/experienciadevida.com.ar\/portalurbano\/","logo":{"@type":"ImageObject","inLanguage":"es","@id":"https:\/\/experienciadevida.com.ar\/portalurbano\/#\/schema\/logo\/image\/","url":"https:\/\/experienciadevida.com.ar\/portalurbano\/wp-content\/uploads\/2019\/09\/Logo-Original.png","contentUrl":"https:\/\/experienciadevida.com.ar\/portalurbano\/wp-content\/uploads\/2019\/09\/Logo-Original.png","width":2236,"height":1216,"caption":"Portal Urbano"},"image":{"@id":"https:\/\/experienciadevida.com.ar\/portalurbano\/#\/schema\/logo\/image\/"},"sameAs":["https:\/\/www.facebook.com\/Portal-Urbano-171542830093757\/","https:\/\/twitter.com\/portalurbanook","https:\/\/www.instagram.com\/_portalurbano\/","https:\/\/www.youtube.com\/channel\/UCXhagIfszH8KxFiOok79zbA?view_as=subscriber"]},{"@type":"Person","@id":"https:\/\/experienciadevida.com.ar\/portalurbano\/#\/schema\/person\/02dd326b1c4b056e9cc972486934a3a7","name":"admpu17wp","image":{"@type":"ImageObject","inLanguage":"es","@id":"https:\/\/experienciadevida.com.ar\/portalurbano\/#\/schema\/person\/image\/","url":"https:\/\/secure.gravatar.com\/avatar\/830d4c57adaae6630765e449a6908047?s=96&d=mm&r=g","contentUrl":"https:\/\/secure.gravatar.com\/avatar\/830d4c57adaae6630765e449a6908047?s=96&d=mm&r=g","caption":"admpu17wp"}}]}},"featured_image_urls":{"full":"","thumbnail":"","medium":"","medium_large":"","large":"","ug_big":"","1536x1536":"","2048x2048":"","newsever-slider-full":"","newsever-featured":"","newsever-medium":"","web-stories-poster-portrait":"","web-stories-publisher-logo":"","web-stories-thumbnail":""},"author_info":{"display_name":"admpu17wp","author_link":"https:\/\/experienciadevida.com.ar\/portalurbano\/author\/admpu17wp\/"},"category_info":"<a href=\"https:\/\/experienciadevida.com.ar\/portalurbano\/category\/nacion\/\" rel=\"category tag\">Naci\u00f3n<\/a>","tag_info":"Naci\u00f3n","comment_count":"0","amp_enabled":true,"_links":{"self":[{"href":"https:\/\/experienciadevida.com.ar\/portalurbano\/wp-json\/wp\/v2\/posts\/70276"}],"collection":[{"href":"https:\/\/experienciadevida.com.ar\/portalurbano\/wp-json\/wp\/v2\/posts"}],"about":[{"href":"https:\/\/experienciadevida.com.ar\/portalurbano\/wp-json\/wp\/v2\/types\/post"}],"author":[{"embeddable":true,"href":"https:\/\/experienciadevida.com.ar\/portalurbano\/wp-json\/wp\/v2\/users\/1"}],"replies":[{"embeddable":true,"href":"https:\/\/experienciadevida.com.ar\/portalurbano\/wp-json\/wp\/v2\/comments?post=70276"}],"version-history":[{"count":3,"href":"https:\/\/experienciadevida.com.ar\/portalurbano\/wp-json\/wp\/v2\/posts\/70276\/revisions"}],"predecessor-version":[{"id":70282,"href":"https:\/\/experienciadevida.com.ar\/portalurbano\/wp-json\/wp\/v2\/posts\/70276\/revisions\/70282"}],"wp:attachment":[{"href":"https:\/\/experienciadevida.com.ar\/portalurbano\/wp-json\/wp\/v2\/media?parent=70276"}],"wp:term":[{"taxonomy":"category","embeddable":true,"href":"https:\/\/experienciadevida.com.ar\/portalurbano\/wp-json\/wp\/v2\/categories?post=70276"},{"taxonomy":"post_tag","embeddable":true,"href":"https:\/\/experienciadevida.com.ar\/portalurbano\/wp-json\/wp\/v2\/tags?post=70276"}],"curies":[{"name":"wp","href":"https:\/\/api.w.org\/{rel}","templated":true}]}}