{"id":68395,"date":"2019-05-14T22:10:36","date_gmt":"2019-05-15T01:10:36","guid":{"rendered":"https:\/\/experienciadevida.com.ar\/portalurbano\/?p=68395"},"modified":"2019-05-14T22:11:55","modified_gmt":"2019-05-15T01:11:55","slug":"autopista-no-55-en-san-luis-dos-olavarrienses-involucrados-en-un-choque-y-vuelco-con-video","status":"publish","type":"post","link":"https:\/\/experienciadevida.com.ar\/portalurbano\/autopista-no-55-en-san-luis-dos-olavarrienses-involucrados-en-un-choque-y-vuelco-con-video\/","title":{"rendered":"Autopista N\u00ba 55 en San Luis: Dos Olavarrienses involucrados en un choque y vuelco ( Con V\u00eddeo)"},"content":{"rendered":"<p class=\"title style-scope ytd-video-primary-info-renderer\"><strong>Se produjo luego de que el ch\u00f3fer de otro cami\u00f3n de la misma empresa perdiera el control del rodado por una falla mec\u00e1nica y lo embistiera.<\/strong><\/p>\n<p>Este martes cerca de Villa Mercedes, en la Autopista N\u00b0 55, un cami\u00f3n que transportaba cemento fue embestido por otro y termino volcando su cargamento en el asfalto. Afortunadamente el ch\u00f3fer solo sufri\u00f3 lesiones leves.<\/p>\n<p><img decoding=\"async\" class=\"aligncenter wp-image-68397 size-full\" src=\"https:\/\/experienciadevida.com.ar\/portalurbano\/pu\/wp-content\/uploads\/2019\/05\/Accidente-Camionero-Olavarriense1.png\" alt=\"\" width=\"712\" height=\"323\" \/><\/p>\n<p>&nbsp;<\/p>\n<p>Ocurri\u00f3 cerca del las 11:00 en el Km 713, seg\u00fan detallo el parte policial, Emiliano Massaro, el conductor de un cami\u00f3n Ford que transportaba cemento, perdi\u00f3 el control del veh\u00edculo y mordi\u00f3 la banquina. Cuando quiso reincorporarse a la autopista se le trabo el eje neum\u00e1tico lo que provoco que chocara a un segundo cami\u00f3n Iveco de la misma empresa y que llevaba el mismo Cargamento.<\/p>\n<p><img decoding=\"async\" class=\"aligncenter wp-image-68396 size-full\" src=\"https:\/\/experienciadevida.com.ar\/portalurbano\/pu\/wp-content\/uploads\/2019\/05\/Accidente-Camionero-Olavarriense2.png\" alt=\"\" width=\"712\" height=\"325\" \/><\/p>\n<p>Ambos se dirig\u00edan hacia el este, desde Buena Esperanza hacia Villa Mercedes, y quedaron cruzados obstaculizando la ruta con parte del cargamento desparramado en el suelo.<\/p>\n<p>Seg\u00fan detallo Oscar Contreras, jefe de la Unidad Regional II , inmediatamente efectivos de la comisaria 29\u00b0 acudieron al lugar junto con una ambulancia del SEMPRO que traslado a Horacio Manggeri de 28 a\u00f1os y el conductor del segundo cami\u00f3n al policlinico regional donde permanece en observaci\u00f3n por un corte en el Rostro. Massaro resulto ileso.<\/p>\n<p><iframe  id=\"_ytid_68700\"  width=\"640\" height=\"360\"  data-origwidth=\"640\" data-origheight=\"360\" src=\"https:\/\/www.youtube.com\/embed\/bljkF11JnyQ?enablejsapi=1&#038;autoplay=0&#038;cc_load_policy=0&#038;cc_lang_pref=&#038;iv_load_policy=1&#038;loop=0&#038;modestbranding=0&#038;rel=1&#038;fs=1&#038;playsinline=0&#038;autohide=2&#038;theme=dark&#038;color=red&#038;controls=1&#038;\" class=\"__youtube_prefs__  epyt-is-override  no-lazyload\" title=\"YouTube player\"  allow=\"accelerometer; autoplay; clipboard-write; encrypted-media; gyroscope; picture-in-picture\" allowfullscreen data-no-lazy=\"1\" data-skipgform_ajax_framebjll=\"\"><\/iframe><\/p>\n<p>Fuente: El Diario de la Republica<\/p>\n","protected":false},"excerpt":{"rendered":"<p>Se produjo luego de que el ch\u00f3fer de otro cami\u00f3n de la misma empresa perdiera&#8230;<\/p>\n","protected":false},"author":1,"featured_media":-68395,"comment_status":"open","ping_status":"open","sticky":false,"template":"","format":"standard","meta":{"content-type":""},"categories":[39],"tags":[],"nelio_content":{"isAutoShareEnabled":false,"autoShareEndMode":"default","automationSources":{"useContentSentences":true,"useSocialTemplates":true,"useCustomSentences":false,"customSentences":[]},"followers":[1],"suggestedReferences":[],"includedReferences":[],"efiUrl":"","efiAlt":"","highlights":[]},"yoast_head":"<!-- This site is optimized with the Yoast SEO plugin v20.7 - https:\/\/yoast.com\/wordpress\/plugins\/seo\/ -->\n<title>Autopista N\u00ba 55 en San Luis: Dos Olavarrienses involucrados en un choque y vuelco ( Con V\u00eddeo) -<\/title>\n<meta name=\"robots\" content=\"index, follow, max-snippet:-1, max-image-preview:large, max-video-preview:-1\" \/>\n<link rel=\"canonical\" href=\"https:\/\/experienciadevida.com.ar\/portalurbano\/autopista-no-55-en-san-luis-dos-olavarrienses-involucrados-en-un-choque-y-vuelco-con-video\/\" \/>\n<meta property=\"og:locale\" content=\"es_ES\" \/>\n<meta property=\"og:type\" content=\"article\" \/>\n<meta property=\"og:title\" content=\"Autopista N\u00ba 55 en San Luis: Dos Olavarrienses involucrados en un choque y vuelco ( Con V\u00eddeo) -\" \/>\n<meta property=\"og:description\" content=\"Se produjo luego de que el ch\u00f3fer de otro cami\u00f3n de la misma empresa perdiera...\" \/>\n<meta property=\"og:url\" content=\"https:\/\/experienciadevida.com.ar\/portalurbano\/autopista-no-55-en-san-luis-dos-olavarrienses-involucrados-en-un-choque-y-vuelco-con-video\/\" \/>\n<meta property=\"article:publisher\" content=\"https:\/\/www.facebook.com\/Portal-Urbano-171542830093757\/\" \/>\n<meta property=\"article:published_time\" content=\"2019-05-15T01:10:36+00:00\" \/>\n<meta property=\"article:modified_time\" content=\"2019-05-15T01:11:55+00:00\" \/>\n<meta property=\"og:image\" content=\"https:\/\/experienciadevida.com.ar\/portalurbano\/wp-content\/uploads\/2019\/05\/Accidente-Camionero-Olavarriense.jpg\" \/>\n\t<meta property=\"og:image:width\" content=\"710\" \/>\n\t<meta property=\"og:image:height\" content=\"327\" \/>\n\t<meta property=\"og:image:type\" content=\"image\/jpeg\" \/>\n<meta name=\"author\" content=\"admpu17wp\" \/>\n<meta name=\"twitter:card\" content=\"summary_large_image\" \/>\n<meta name=\"twitter:creator\" content=\"@portalurbanook\" \/>\n<meta name=\"twitter:site\" content=\"@portalurbanook\" \/>\n<meta name=\"twitter:label1\" content=\"Escrito por\" \/>\n\t<meta name=\"twitter:data1\" content=\"admpu17wp\" \/>\n\t<meta name=\"twitter:label2\" content=\"Tiempo de lectura\" \/>\n\t<meta name=\"twitter:data2\" content=\"1 minuto\" \/>\n<script type=\"application\/ld+json\" class=\"yoast-schema-graph\">{\"@context\":\"https:\/\/schema.org\",\"@graph\":[{\"@type\":\"Article\",\"@id\":\"https:\/\/experienciadevida.com.ar\/portalurbano\/autopista-no-55-en-san-luis-dos-olavarrienses-involucrados-en-un-choque-y-vuelco-con-video\/#article\",\"isPartOf\":{\"@id\":\"https:\/\/experienciadevida.com.ar\/portalurbano\/autopista-no-55-en-san-luis-dos-olavarrienses-involucrados-en-un-choque-y-vuelco-con-video\/\"},\"author\":{\"name\":\"admpu17wp\",\"@id\":\"https:\/\/experienciadevida.com.ar\/portalurbano\/#\/schema\/person\/02dd326b1c4b056e9cc972486934a3a7\"},\"headline\":\"Autopista N\u00ba 55 en San Luis: Dos Olavarrienses involucrados en un choque y vuelco ( Con V\u00eddeo)\",\"datePublished\":\"2019-05-15T01:10:36+00:00\",\"dateModified\":\"2019-05-15T01:11:55+00:00\",\"mainEntityOfPage\":{\"@id\":\"https:\/\/experienciadevida.com.ar\/portalurbano\/autopista-no-55-en-san-luis-dos-olavarrienses-involucrados-en-un-choque-y-vuelco-con-video\/\"},\"wordCount\":252,\"commentCount\":0,\"publisher\":{\"@id\":\"https:\/\/experienciadevida.com.ar\/portalurbano\/#organization\"},\"articleSection\":[\"Naci\u00f3n\"],\"inLanguage\":\"es\",\"potentialAction\":[{\"@type\":\"CommentAction\",\"name\":\"Comment\",\"target\":[\"https:\/\/experienciadevida.com.ar\/portalurbano\/autopista-no-55-en-san-luis-dos-olavarrienses-involucrados-en-un-choque-y-vuelco-con-video\/#respond\"]}]},{\"@type\":\"WebPage\",\"@id\":\"https:\/\/experienciadevida.com.ar\/portalurbano\/autopista-no-55-en-san-luis-dos-olavarrienses-involucrados-en-un-choque-y-vuelco-con-video\/\",\"url\":\"https:\/\/experienciadevida.com.ar\/portalurbano\/autopista-no-55-en-san-luis-dos-olavarrienses-involucrados-en-un-choque-y-vuelco-con-video\/\",\"name\":\"Autopista N\u00ba 55 en San Luis: Dos Olavarrienses involucrados en un choque y vuelco ( Con V\u00eddeo) -\",\"isPartOf\":{\"@id\":\"https:\/\/experienciadevida.com.ar\/portalurbano\/#website\"},\"datePublished\":\"2019-05-15T01:10:36+00:00\",\"dateModified\":\"2019-05-15T01:11:55+00:00\",\"breadcrumb\":{\"@id\":\"https:\/\/experienciadevida.com.ar\/portalurbano\/autopista-no-55-en-san-luis-dos-olavarrienses-involucrados-en-un-choque-y-vuelco-con-video\/#breadcrumb\"},\"inLanguage\":\"es\",\"potentialAction\":[{\"@type\":\"ReadAction\",\"target\":[\"https:\/\/experienciadevida.com.ar\/portalurbano\/autopista-no-55-en-san-luis-dos-olavarrienses-involucrados-en-un-choque-y-vuelco-con-video\/\"]}]},{\"@type\":\"BreadcrumbList\",\"@id\":\"https:\/\/experienciadevida.com.ar\/portalurbano\/autopista-no-55-en-san-luis-dos-olavarrienses-involucrados-en-un-choque-y-vuelco-con-video\/#breadcrumb\",\"itemListElement\":[{\"@type\":\"ListItem\",\"position\":1,\"name\":\"Portada\",\"item\":\"https:\/\/experienciadevida.com.ar\/portalurbano\/\"},{\"@type\":\"ListItem\",\"position\":2,\"name\":\"Autopista N\u00ba 55 en San Luis: Dos Olavarrienses involucrados en un choque y vuelco ( Con V\u00eddeo)\"}]},{\"@type\":\"WebSite\",\"@id\":\"https:\/\/experienciadevida.com.ar\/portalurbano\/#website\",\"url\":\"https:\/\/experienciadevida.com.ar\/portalurbano\/\",\"name\":\"\",\"description\":\"\",\"publisher\":{\"@id\":\"https:\/\/experienciadevida.com.ar\/portalurbano\/#organization\"},\"potentialAction\":[{\"@type\":\"SearchAction\",\"target\":{\"@type\":\"EntryPoint\",\"urlTemplate\":\"https:\/\/experienciadevida.com.ar\/portalurbano\/?s={search_term_string}\"},\"query-input\":\"required name=search_term_string\"}],\"inLanguage\":\"es\"},{\"@type\":\"Organization\",\"@id\":\"https:\/\/experienciadevida.com.ar\/portalurbano\/#organization\",\"name\":\"Portal Urbano\",\"url\":\"https:\/\/experienciadevida.com.ar\/portalurbano\/\",\"logo\":{\"@type\":\"ImageObject\",\"inLanguage\":\"es\",\"@id\":\"https:\/\/experienciadevida.com.ar\/portalurbano\/#\/schema\/logo\/image\/\",\"url\":\"https:\/\/experienciadevida.com.ar\/portalurbano\/wp-content\/uploads\/2019\/09\/Logo-Original.png\",\"contentUrl\":\"https:\/\/experienciadevida.com.ar\/portalurbano\/wp-content\/uploads\/2019\/09\/Logo-Original.png\",\"width\":2236,\"height\":1216,\"caption\":\"Portal Urbano\"},\"image\":{\"@id\":\"https:\/\/experienciadevida.com.ar\/portalurbano\/#\/schema\/logo\/image\/\"},\"sameAs\":[\"https:\/\/www.facebook.com\/Portal-Urbano-171542830093757\/\",\"https:\/\/twitter.com\/portalurbanook\",\"https:\/\/www.instagram.com\/_portalurbano\/\",\"https:\/\/www.youtube.com\/channel\/UCXhagIfszH8KxFiOok79zbA?view_as=subscriber\"]},{\"@type\":\"Person\",\"@id\":\"https:\/\/experienciadevida.com.ar\/portalurbano\/#\/schema\/person\/02dd326b1c4b056e9cc972486934a3a7\",\"name\":\"admpu17wp\",\"image\":{\"@type\":\"ImageObject\",\"inLanguage\":\"es\",\"@id\":\"https:\/\/experienciadevida.com.ar\/portalurbano\/#\/schema\/person\/image\/\",\"url\":\"https:\/\/secure.gravatar.com\/avatar\/830d4c57adaae6630765e449a6908047?s=96&d=mm&r=g\",\"contentUrl\":\"https:\/\/secure.gravatar.com\/avatar\/830d4c57adaae6630765e449a6908047?s=96&d=mm&r=g\",\"caption\":\"admpu17wp\"}}]}<\/script>\n<!-- \/ Yoast SEO plugin. -->","yoast_head_json":{"title":"Autopista N\u00ba 55 en San Luis: Dos Olavarrienses involucrados en un choque y vuelco ( Con V\u00eddeo) -","robots":{"index":"index","follow":"follow","max-snippet":"max-snippet:-1","max-image-preview":"max-image-preview:large","max-video-preview":"max-video-preview:-1"},"canonical":"https:\/\/experienciadevida.com.ar\/portalurbano\/autopista-no-55-en-san-luis-dos-olavarrienses-involucrados-en-un-choque-y-vuelco-con-video\/","og_locale":"es_ES","og_type":"article","og_title":"Autopista N\u00ba 55 en San Luis: Dos Olavarrienses involucrados en un choque y vuelco ( Con V\u00eddeo) -","og_description":"Se produjo luego de que el ch\u00f3fer de otro cami\u00f3n de la misma empresa perdiera...","og_url":"https:\/\/experienciadevida.com.ar\/portalurbano\/autopista-no-55-en-san-luis-dos-olavarrienses-involucrados-en-un-choque-y-vuelco-con-video\/","article_publisher":"https:\/\/www.facebook.com\/Portal-Urbano-171542830093757\/","article_published_time":"2019-05-15T01:10:36+00:00","article_modified_time":"2019-05-15T01:11:55+00:00","og_image":[{"width":710,"height":327,"url":"https:\/\/experienciadevida.com.ar\/portalurbano\/wp-content\/uploads\/2019\/05\/Accidente-Camionero-Olavarriense.jpg","type":"image\/jpeg"}],"author":"admpu17wp","twitter_card":"summary_large_image","twitter_creator":"@portalurbanook","twitter_site":"@portalurbanook","twitter_misc":{"Escrito por":"admpu17wp","Tiempo de lectura":"1 minuto"},"schema":{"@context":"https:\/\/schema.org","@graph":[{"@type":"Article","@id":"https:\/\/experienciadevida.com.ar\/portalurbano\/autopista-no-55-en-san-luis-dos-olavarrienses-involucrados-en-un-choque-y-vuelco-con-video\/#article","isPartOf":{"@id":"https:\/\/experienciadevida.com.ar\/portalurbano\/autopista-no-55-en-san-luis-dos-olavarrienses-involucrados-en-un-choque-y-vuelco-con-video\/"},"author":{"name":"admpu17wp","@id":"https:\/\/experienciadevida.com.ar\/portalurbano\/#\/schema\/person\/02dd326b1c4b056e9cc972486934a3a7"},"headline":"Autopista N\u00ba 55 en San Luis: Dos Olavarrienses involucrados en un choque y vuelco ( Con V\u00eddeo)","datePublished":"2019-05-15T01:10:36+00:00","dateModified":"2019-05-15T01:11:55+00:00","mainEntityOfPage":{"@id":"https:\/\/experienciadevida.com.ar\/portalurbano\/autopista-no-55-en-san-luis-dos-olavarrienses-involucrados-en-un-choque-y-vuelco-con-video\/"},"wordCount":252,"commentCount":0,"publisher":{"@id":"https:\/\/experienciadevida.com.ar\/portalurbano\/#organization"},"articleSection":["Naci\u00f3n"],"inLanguage":"es","potentialAction":[{"@type":"CommentAction","name":"Comment","target":["https:\/\/experienciadevida.com.ar\/portalurbano\/autopista-no-55-en-san-luis-dos-olavarrienses-involucrados-en-un-choque-y-vuelco-con-video\/#respond"]}]},{"@type":"WebPage","@id":"https:\/\/experienciadevida.com.ar\/portalurbano\/autopista-no-55-en-san-luis-dos-olavarrienses-involucrados-en-un-choque-y-vuelco-con-video\/","url":"https:\/\/experienciadevida.com.ar\/portalurbano\/autopista-no-55-en-san-luis-dos-olavarrienses-involucrados-en-un-choque-y-vuelco-con-video\/","name":"Autopista N\u00ba 55 en San Luis: Dos Olavarrienses involucrados en un choque y vuelco ( Con V\u00eddeo) -","isPartOf":{"@id":"https:\/\/experienciadevida.com.ar\/portalurbano\/#website"},"datePublished":"2019-05-15T01:10:36+00:00","dateModified":"2019-05-15T01:11:55+00:00","breadcrumb":{"@id":"https:\/\/experienciadevida.com.ar\/portalurbano\/autopista-no-55-en-san-luis-dos-olavarrienses-involucrados-en-un-choque-y-vuelco-con-video\/#breadcrumb"},"inLanguage":"es","potentialAction":[{"@type":"ReadAction","target":["https:\/\/experienciadevida.com.ar\/portalurbano\/autopista-no-55-en-san-luis-dos-olavarrienses-involucrados-en-un-choque-y-vuelco-con-video\/"]}]},{"@type":"BreadcrumbList","@id":"https:\/\/experienciadevida.com.ar\/portalurbano\/autopista-no-55-en-san-luis-dos-olavarrienses-involucrados-en-un-choque-y-vuelco-con-video\/#breadcrumb","itemListElement":[{"@type":"ListItem","position":1,"name":"Portada","item":"https:\/\/experienciadevida.com.ar\/portalurbano\/"},{"@type":"ListItem","position":2,"name":"Autopista N\u00ba 55 en San Luis: Dos Olavarrienses involucrados en un choque y vuelco ( Con V\u00eddeo)"}]},{"@type":"WebSite","@id":"https:\/\/experienciadevida.com.ar\/portalurbano\/#website","url":"https:\/\/experienciadevida.com.ar\/portalurbano\/","name":"","description":"","publisher":{"@id":"https:\/\/experienciadevida.com.ar\/portalurbano\/#organization"},"potentialAction":[{"@type":"SearchAction","target":{"@type":"EntryPoint","urlTemplate":"https:\/\/experienciadevida.com.ar\/portalurbano\/?s={search_term_string}"},"query-input":"required name=search_term_string"}],"inLanguage":"es"},{"@type":"Organization","@id":"https:\/\/experienciadevida.com.ar\/portalurbano\/#organization","name":"Portal Urbano","url":"https:\/\/experienciadevida.com.ar\/portalurbano\/","logo":{"@type":"ImageObject","inLanguage":"es","@id":"https:\/\/experienciadevida.com.ar\/portalurbano\/#\/schema\/logo\/image\/","url":"https:\/\/experienciadevida.com.ar\/portalurbano\/wp-content\/uploads\/2019\/09\/Logo-Original.png","contentUrl":"https:\/\/experienciadevida.com.ar\/portalurbano\/wp-content\/uploads\/2019\/09\/Logo-Original.png","width":2236,"height":1216,"caption":"Portal Urbano"},"image":{"@id":"https:\/\/experienciadevida.com.ar\/portalurbano\/#\/schema\/logo\/image\/"},"sameAs":["https:\/\/www.facebook.com\/Portal-Urbano-171542830093757\/","https:\/\/twitter.com\/portalurbanook","https:\/\/www.instagram.com\/_portalurbano\/","https:\/\/www.youtube.com\/channel\/UCXhagIfszH8KxFiOok79zbA?view_as=subscriber"]},{"@type":"Person","@id":"https:\/\/experienciadevida.com.ar\/portalurbano\/#\/schema\/person\/02dd326b1c4b056e9cc972486934a3a7","name":"admpu17wp","image":{"@type":"ImageObject","inLanguage":"es","@id":"https:\/\/experienciadevida.com.ar\/portalurbano\/#\/schema\/person\/image\/","url":"https:\/\/secure.gravatar.com\/avatar\/830d4c57adaae6630765e449a6908047?s=96&d=mm&r=g","contentUrl":"https:\/\/secure.gravatar.com\/avatar\/830d4c57adaae6630765e449a6908047?s=96&d=mm&r=g","caption":"admpu17wp"}}]}},"featured_image_urls":{"full":["https:\/\/experienciadevida.com.ar\/portalurbano\/pu\/wp-content\/uploads\/2019\/05\/Accidente-Camionero-Olavarriense1.png",1920,1080,false],"thumbnail":["https:\/\/experienciadevida.com.ar\/portalurbano\/pu\/wp-content\/uploads\/2019\/05\/Accidente-Camionero-Olavarriense1.png",150,150,true],"medium":["https:\/\/experienciadevida.com.ar\/portalurbano\/pu\/wp-content\/uploads\/2019\/05\/Accidente-Camionero-Olavarriense1.png",300,169,true],"medium_large":["https:\/\/experienciadevida.com.ar\/portalurbano\/pu\/wp-content\/uploads\/2019\/05\/Accidente-Camionero-Olavarriense1.png",640,360,true],"large":["https:\/\/experienciadevida.com.ar\/portalurbano\/pu\/wp-content\/uploads\/2019\/05\/Accidente-Camionero-Olavarriense1.png",640,360,true],"ug_big":["https:\/\/experienciadevida.com.ar\/portalurbano\/pu\/wp-content\/uploads\/2019\/05\/Accidente-Camionero-Olavarriense1.png",768,432,true],"1536x1536":["https:\/\/experienciadevida.com.ar\/portalurbano\/pu\/wp-content\/uploads\/2019\/05\/Accidente-Camionero-Olavarriense1.png",1536,864,true],"2048x2048":["https:\/\/experienciadevida.com.ar\/portalurbano\/pu\/wp-content\/uploads\/2019\/05\/Accidente-Camionero-Olavarriense1.png",1920,1080,false],"newsever-slider-full":["https:\/\/experienciadevida.com.ar\/portalurbano\/pu\/wp-content\/uploads\/2019\/05\/Accidente-Camionero-Olavarriense1.png",1280,845,true],"newsever-featured":["https:\/\/experienciadevida.com.ar\/portalurbano\/pu\/wp-content\/uploads\/2019\/05\/Accidente-Camionero-Olavarriense1.png",1024,576,true],"newsever-medium":["https:\/\/experienciadevida.com.ar\/portalurbano\/pu\/wp-content\/uploads\/2019\/05\/Accidente-Camionero-Olavarriense1.png",720,475,true],"web-stories-poster-portrait":["https:\/\/experienciadevida.com.ar\/portalurbano\/pu\/wp-content\/uploads\/2019\/05\/Accidente-Camionero-Olavarriense1.png",640,853,true],"web-stories-publisher-logo":["https:\/\/experienciadevida.com.ar\/portalurbano\/pu\/wp-content\/uploads\/2019\/05\/Accidente-Camionero-Olavarriense1.png",96,96,true],"web-stories-thumbnail":["https:\/\/experienciadevida.com.ar\/portalurbano\/pu\/wp-content\/uploads\/2019\/05\/Accidente-Camionero-Olavarriense1.png",150,84,true]},"author_info":{"display_name":"admpu17wp","author_link":"https:\/\/experienciadevida.com.ar\/portalurbano\/author\/admpu17wp\/"},"category_info":"<a href=\"https:\/\/experienciadevida.com.ar\/portalurbano\/category\/nacion\/\" rel=\"category tag\">Naci\u00f3n<\/a>","tag_info":"Naci\u00f3n","comment_count":"0","amp_enabled":true,"_links":{"self":[{"href":"https:\/\/experienciadevida.com.ar\/portalurbano\/wp-json\/wp\/v2\/posts\/68395"}],"collection":[{"href":"https:\/\/experienciadevida.com.ar\/portalurbano\/wp-json\/wp\/v2\/posts"}],"about":[{"href":"https:\/\/experienciadevida.com.ar\/portalurbano\/wp-json\/wp\/v2\/types\/post"}],"author":[{"embeddable":true,"href":"https:\/\/experienciadevida.com.ar\/portalurbano\/wp-json\/wp\/v2\/users\/1"}],"replies":[{"embeddable":true,"href":"https:\/\/experienciadevida.com.ar\/portalurbano\/wp-json\/wp\/v2\/comments?post=68395"}],"version-history":[{"count":3,"href":"https:\/\/experienciadevida.com.ar\/portalurbano\/wp-json\/wp\/v2\/posts\/68395\/revisions"}],"predecessor-version":[{"id":68401,"href":"https:\/\/experienciadevida.com.ar\/portalurbano\/wp-json\/wp\/v2\/posts\/68395\/revisions\/68401"}],"wp:featuredmedia":[{"embeddable":true,"href":"https:\/\/experienciadevida.com.ar\/portalurbano\/wp-json\/"}],"wp:attachment":[{"href":"https:\/\/experienciadevida.com.ar\/portalurbano\/wp-json\/wp\/v2\/media?parent=68395"}],"wp:term":[{"taxonomy":"category","embeddable":true,"href":"https:\/\/experienciadevida.com.ar\/portalurbano\/wp-json\/wp\/v2\/categories?post=68395"},{"taxonomy":"post_tag","embeddable":true,"href":"https:\/\/experienciadevida.com.ar\/portalurbano\/wp-json\/wp\/v2\/tags?post=68395"}],"curies":[{"name":"wp","href":"https:\/\/api.w.org\/{rel}","templated":true}]}}