{"id":68199,"date":"2019-05-13T11:44:50","date_gmt":"2019-05-13T14:44:50","guid":{"rendered":"https:\/\/experienciadevida.com.ar\/portalurbano\/?p=68199"},"modified":"2019-05-13T11:44:50","modified_gmt":"2019-05-13T14:44:50","slug":"detuvieron-a-un-hombre-armado-que-intento-entrar-a-ver-al-presidente-a-la-casa-rosada","status":"publish","type":"post","link":"https:\/\/experienciadevida.com.ar\/portalurbano\/detuvieron-a-un-hombre-armado-que-intento-entrar-a-ver-al-presidente-a-la-casa-rosada\/","title":{"rendered":"Detuvieron a un hombre armado que intent\u00f3 entrar a ver al Presidente a la Casa Rosada"},"content":{"rendered":"<article id=\"article-post\" class=\"first\"><\/article>\n<article id=\"article-post\">\n<div class=\"cuerpo\" data-twitter-link=\"https:\/\/twitter.com\/intent\/tweet?url=https:\/\/www.diariopopular.com.ar\/\/c393808&amp;via=poopulardiario&amp;related=Diario Popular&amp;text=\">\n<p>El sospechoso fue identificado por el personal de seguridad antes de ingresar al edificio. Ten\u00eda una pistola magnum<\/p>\n<p>La seguridad de la Casa Rosada<strong>\u00a0detuvo esta ma\u00f1ana a un hombre,<\/strong>\u00a0identificado como Francisco Ariel Mu\u00f1iz, quien intent\u00f3 entrar a la\u00a0Casa Rosada\u00a0a ver al presidente Mauricio Macri con un malet\u00edn:\u00a0<strong>en su interior hab\u00eda una pistola magnum<\/strong>.<\/p>\n<p>De acuerdo a fuentes oficiales, el hombre, de 36 a\u00f1os, se acerc\u00f3 a la puerta del edificio y <strong>asegur\u00f3 que ten\u00eda agendada una reuni\u00f3n<\/strong>\u00a0con el propio Macri.<\/p>\n<p>Seg\u00fan el parte de la Polic\u00eda Federal (PFA),<strong>\u00a0el sospechoso protagoniz\u00f3 una discusi\u00f3n<\/strong>\u00a0&#8220;con personal uniformado de PFA solicitando audiencia con el se\u00f1or presidente de la Naci\u00f3n&#8221;.Cuando los efectivos vieron que no aparec\u00eda en los registros lo invitaron a retirarse.<\/p>\n<p>En ese momento<strong>, Mu\u00f1iz tir\u00f3 un portafolio y sali\u00f3 corriendo<\/strong>, lo que activ\u00f3 los protocolos de emergencia y la intervenci\u00f3n de la Brigada Antiexplosivos.<\/p>\n<div id=\"sc_intxt_container\">\n<div>\n<div id=\"smartIntxt-81049535\" data-smartplay-instance-id=\"0\"><img decoding=\"async\" id=\"385231-Libre-1225651444_embed\" src=\"https:\/\/media.diariopopular.com.ar\/adjuntos\/143\/imagenes\/005\/842\/0005842633.jpg?0000-00-00-00-00-00\" alt=\"El arma dentro del malet\u00edn que tir\u00f3 el hombre detenido \" longdesc=\"https:\/\/media.diariopopular.com.ar\/adjuntos\/143\/imagenes\/005\/842\/0005842633.jpg?0000-00-00-00-00-00\" \/><\/div>\n<\/div>\n<\/div>\n<div id=\"385231-Libre-1225651444_wrap\" class=\"embed_cont type_imagen no-copyright\">\n<div id=\"385231-Libre-1225651444_epigrafe\" class=\"embed_epigrafe\">El arma dentro del malet\u00edn que tir\u00f3 el hombre detenido<\/div>\n<\/div>\n<p>Cuando los efectivos abrieron el malet\u00edn se encontraron que<strong> en su interior hab\u00eda una pistola <\/strong>magnum.<\/p>\n<div id=\"div-gpt-ad-nota-870028\" class=\"banner-90\" data-mapping=\"mapping9\" data-google-query-id=\"CJr2i-bemOICFZR-wQodmv4MJQ\">\u00a0El hombre, acusado de intimidaci\u00f3n<strong>, fue detenido<\/strong>\u00a0a los pocos metros e identificado como un artesano habitu\u00e9 a las rejas de la\u00a0Casa Rosada.<\/div>\n<\/div>\n<\/article>\n","protected":false},"excerpt":{"rendered":"<p>El sospechoso fue identificado por el personal de seguridad antes de ingresar al edificio. Ten\u00eda&#8230;<\/p>\n","protected":false},"author":1,"featured_media":-68199,"comment_status":"open","ping_status":"open","sticky":false,"template":"","format":"standard","meta":{"content-type":""},"categories":[39],"tags":[],"nelio_content":{"isAutoShareEnabled":false,"autoShareEndMode":"default","automationSources":{"useContentSentences":true,"useSocialTemplates":true,"useCustomSentences":false,"customSentences":[]},"followers":[1],"suggestedReferences":[],"includedReferences":[],"efiUrl":"","efiAlt":"","highlights":[]},"yoast_head":"<!-- This site is optimized with the Yoast SEO plugin v20.7 - https:\/\/yoast.com\/wordpress\/plugins\/seo\/ -->\n<title>Detuvieron a un hombre armado que intent\u00f3 entrar a ver al Presidente a la Casa Rosada -<\/title>\n<meta name=\"robots\" content=\"index, follow, max-snippet:-1, max-image-preview:large, max-video-preview:-1\" \/>\n<link rel=\"canonical\" href=\"https:\/\/experienciadevida.com.ar\/portalurbano\/detuvieron-a-un-hombre-armado-que-intento-entrar-a-ver-al-presidente-a-la-casa-rosada\/\" \/>\n<meta property=\"og:locale\" content=\"es_ES\" \/>\n<meta property=\"og:type\" content=\"article\" \/>\n<meta property=\"og:title\" content=\"Detuvieron a un hombre armado que intent\u00f3 entrar a ver al Presidente a la Casa Rosada -\" \/>\n<meta property=\"og:description\" content=\"El sospechoso fue identificado por el personal de seguridad antes de ingresar al edificio. Ten\u00eda...\" \/>\n<meta property=\"og:url\" content=\"https:\/\/experienciadevida.com.ar\/portalurbano\/detuvieron-a-un-hombre-armado-que-intento-entrar-a-ver-al-presidente-a-la-casa-rosada\/\" \/>\n<meta property=\"article:publisher\" content=\"https:\/\/www.facebook.com\/Portal-Urbano-171542830093757\/\" \/>\n<meta property=\"article:published_time\" content=\"2019-05-13T14:44:50+00:00\" \/>\n<meta property=\"og:image\" content=\"https:\/\/experienciadevida.com.ar\/portalurbano\/wp-content\/uploads\/2019\/05\/0005842588.jpg\" \/>\n\t<meta property=\"og:image:width\" content=\"801\" \/>\n\t<meta property=\"og:image:height\" content=\"612\" \/>\n\t<meta property=\"og:image:type\" content=\"image\/jpeg\" \/>\n<meta name=\"author\" content=\"admpu17wp\" \/>\n<meta name=\"twitter:card\" content=\"summary_large_image\" \/>\n<meta name=\"twitter:creator\" content=\"@portalurbanook\" \/>\n<meta name=\"twitter:site\" content=\"@portalurbanook\" \/>\n<meta name=\"twitter:label1\" content=\"Escrito por\" \/>\n\t<meta name=\"twitter:data1\" content=\"admpu17wp\" \/>\n\t<meta name=\"twitter:label2\" content=\"Tiempo de lectura\" \/>\n\t<meta name=\"twitter:data2\" content=\"1 minuto\" \/>\n<script type=\"application\/ld+json\" class=\"yoast-schema-graph\">{\"@context\":\"https:\/\/schema.org\",\"@graph\":[{\"@type\":\"Article\",\"@id\":\"https:\/\/experienciadevida.com.ar\/portalurbano\/detuvieron-a-un-hombre-armado-que-intento-entrar-a-ver-al-presidente-a-la-casa-rosada\/#article\",\"isPartOf\":{\"@id\":\"https:\/\/experienciadevida.com.ar\/portalurbano\/detuvieron-a-un-hombre-armado-que-intento-entrar-a-ver-al-presidente-a-la-casa-rosada\/\"},\"author\":{\"name\":\"admpu17wp\",\"@id\":\"https:\/\/experienciadevida.com.ar\/portalurbano\/#\/schema\/person\/02dd326b1c4b056e9cc972486934a3a7\"},\"headline\":\"Detuvieron a un hombre armado que intent\u00f3 entrar a ver al Presidente a la Casa Rosada\",\"datePublished\":\"2019-05-13T14:44:50+00:00\",\"dateModified\":\"2019-05-13T14:44:50+00:00\",\"mainEntityOfPage\":{\"@id\":\"https:\/\/experienciadevida.com.ar\/portalurbano\/detuvieron-a-un-hombre-armado-que-intento-entrar-a-ver-al-presidente-a-la-casa-rosada\/\"},\"wordCount\":236,\"commentCount\":0,\"publisher\":{\"@id\":\"https:\/\/experienciadevida.com.ar\/portalurbano\/#organization\"},\"articleSection\":[\"Naci\u00f3n\"],\"inLanguage\":\"es\",\"potentialAction\":[{\"@type\":\"CommentAction\",\"name\":\"Comment\",\"target\":[\"https:\/\/experienciadevida.com.ar\/portalurbano\/detuvieron-a-un-hombre-armado-que-intento-entrar-a-ver-al-presidente-a-la-casa-rosada\/#respond\"]}]},{\"@type\":\"WebPage\",\"@id\":\"https:\/\/experienciadevida.com.ar\/portalurbano\/detuvieron-a-un-hombre-armado-que-intento-entrar-a-ver-al-presidente-a-la-casa-rosada\/\",\"url\":\"https:\/\/experienciadevida.com.ar\/portalurbano\/detuvieron-a-un-hombre-armado-que-intento-entrar-a-ver-al-presidente-a-la-casa-rosada\/\",\"name\":\"Detuvieron a un hombre armado que intent\u00f3 entrar a ver al Presidente a la Casa Rosada -\",\"isPartOf\":{\"@id\":\"https:\/\/experienciadevida.com.ar\/portalurbano\/#website\"},\"datePublished\":\"2019-05-13T14:44:50+00:00\",\"dateModified\":\"2019-05-13T14:44:50+00:00\",\"breadcrumb\":{\"@id\":\"https:\/\/experienciadevida.com.ar\/portalurbano\/detuvieron-a-un-hombre-armado-que-intento-entrar-a-ver-al-presidente-a-la-casa-rosada\/#breadcrumb\"},\"inLanguage\":\"es\",\"potentialAction\":[{\"@type\":\"ReadAction\",\"target\":[\"https:\/\/experienciadevida.com.ar\/portalurbano\/detuvieron-a-un-hombre-armado-que-intento-entrar-a-ver-al-presidente-a-la-casa-rosada\/\"]}]},{\"@type\":\"BreadcrumbList\",\"@id\":\"https:\/\/experienciadevida.com.ar\/portalurbano\/detuvieron-a-un-hombre-armado-que-intento-entrar-a-ver-al-presidente-a-la-casa-rosada\/#breadcrumb\",\"itemListElement\":[{\"@type\":\"ListItem\",\"position\":1,\"name\":\"Portada\",\"item\":\"https:\/\/experienciadevida.com.ar\/portalurbano\/\"},{\"@type\":\"ListItem\",\"position\":2,\"name\":\"Detuvieron a un hombre armado que intent\u00f3 entrar a ver al Presidente a la Casa Rosada\"}]},{\"@type\":\"WebSite\",\"@id\":\"https:\/\/experienciadevida.com.ar\/portalurbano\/#website\",\"url\":\"https:\/\/experienciadevida.com.ar\/portalurbano\/\",\"name\":\"\",\"description\":\"\",\"publisher\":{\"@id\":\"https:\/\/experienciadevida.com.ar\/portalurbano\/#organization\"},\"potentialAction\":[{\"@type\":\"SearchAction\",\"target\":{\"@type\":\"EntryPoint\",\"urlTemplate\":\"https:\/\/experienciadevida.com.ar\/portalurbano\/?s={search_term_string}\"},\"query-input\":\"required name=search_term_string\"}],\"inLanguage\":\"es\"},{\"@type\":\"Organization\",\"@id\":\"https:\/\/experienciadevida.com.ar\/portalurbano\/#organization\",\"name\":\"Portal Urbano\",\"url\":\"https:\/\/experienciadevida.com.ar\/portalurbano\/\",\"logo\":{\"@type\":\"ImageObject\",\"inLanguage\":\"es\",\"@id\":\"https:\/\/experienciadevida.com.ar\/portalurbano\/#\/schema\/logo\/image\/\",\"url\":\"https:\/\/experienciadevida.com.ar\/portalurbano\/wp-content\/uploads\/2019\/09\/Logo-Original.png\",\"contentUrl\":\"https:\/\/experienciadevida.com.ar\/portalurbano\/wp-content\/uploads\/2019\/09\/Logo-Original.png\",\"width\":2236,\"height\":1216,\"caption\":\"Portal Urbano\"},\"image\":{\"@id\":\"https:\/\/experienciadevida.com.ar\/portalurbano\/#\/schema\/logo\/image\/\"},\"sameAs\":[\"https:\/\/www.facebook.com\/Portal-Urbano-171542830093757\/\",\"https:\/\/twitter.com\/portalurbanook\",\"https:\/\/www.instagram.com\/_portalurbano\/\",\"https:\/\/www.youtube.com\/channel\/UCXhagIfszH8KxFiOok79zbA?view_as=subscriber\"]},{\"@type\":\"Person\",\"@id\":\"https:\/\/experienciadevida.com.ar\/portalurbano\/#\/schema\/person\/02dd326b1c4b056e9cc972486934a3a7\",\"name\":\"admpu17wp\",\"image\":{\"@type\":\"ImageObject\",\"inLanguage\":\"es\",\"@id\":\"https:\/\/experienciadevida.com.ar\/portalurbano\/#\/schema\/person\/image\/\",\"url\":\"https:\/\/secure.gravatar.com\/avatar\/830d4c57adaae6630765e449a6908047?s=96&d=mm&r=g\",\"contentUrl\":\"https:\/\/secure.gravatar.com\/avatar\/830d4c57adaae6630765e449a6908047?s=96&d=mm&r=g\",\"caption\":\"admpu17wp\"}}]}<\/script>\n<!-- \/ Yoast SEO plugin. -->","yoast_head_json":{"title":"Detuvieron a un hombre armado que intent\u00f3 entrar a ver al Presidente a la Casa Rosada -","robots":{"index":"index","follow":"follow","max-snippet":"max-snippet:-1","max-image-preview":"max-image-preview:large","max-video-preview":"max-video-preview:-1"},"canonical":"https:\/\/experienciadevida.com.ar\/portalurbano\/detuvieron-a-un-hombre-armado-que-intento-entrar-a-ver-al-presidente-a-la-casa-rosada\/","og_locale":"es_ES","og_type":"article","og_title":"Detuvieron a un hombre armado que intent\u00f3 entrar a ver al Presidente a la Casa Rosada -","og_description":"El sospechoso fue identificado por el personal de seguridad antes de ingresar al edificio. Ten\u00eda...","og_url":"https:\/\/experienciadevida.com.ar\/portalurbano\/detuvieron-a-un-hombre-armado-que-intento-entrar-a-ver-al-presidente-a-la-casa-rosada\/","article_publisher":"https:\/\/www.facebook.com\/Portal-Urbano-171542830093757\/","article_published_time":"2019-05-13T14:44:50+00:00","og_image":[{"width":801,"height":612,"url":"https:\/\/experienciadevida.com.ar\/portalurbano\/wp-content\/uploads\/2019\/05\/0005842588.jpg","type":"image\/jpeg"}],"author":"admpu17wp","twitter_card":"summary_large_image","twitter_creator":"@portalurbanook","twitter_site":"@portalurbanook","twitter_misc":{"Escrito por":"admpu17wp","Tiempo de lectura":"1 minuto"},"schema":{"@context":"https:\/\/schema.org","@graph":[{"@type":"Article","@id":"https:\/\/experienciadevida.com.ar\/portalurbano\/detuvieron-a-un-hombre-armado-que-intento-entrar-a-ver-al-presidente-a-la-casa-rosada\/#article","isPartOf":{"@id":"https:\/\/experienciadevida.com.ar\/portalurbano\/detuvieron-a-un-hombre-armado-que-intento-entrar-a-ver-al-presidente-a-la-casa-rosada\/"},"author":{"name":"admpu17wp","@id":"https:\/\/experienciadevida.com.ar\/portalurbano\/#\/schema\/person\/02dd326b1c4b056e9cc972486934a3a7"},"headline":"Detuvieron a un hombre armado que intent\u00f3 entrar a ver al Presidente a la Casa Rosada","datePublished":"2019-05-13T14:44:50+00:00","dateModified":"2019-05-13T14:44:50+00:00","mainEntityOfPage":{"@id":"https:\/\/experienciadevida.com.ar\/portalurbano\/detuvieron-a-un-hombre-armado-que-intento-entrar-a-ver-al-presidente-a-la-casa-rosada\/"},"wordCount":236,"commentCount":0,"publisher":{"@id":"https:\/\/experienciadevida.com.ar\/portalurbano\/#organization"},"articleSection":["Naci\u00f3n"],"inLanguage":"es","potentialAction":[{"@type":"CommentAction","name":"Comment","target":["https:\/\/experienciadevida.com.ar\/portalurbano\/detuvieron-a-un-hombre-armado-que-intento-entrar-a-ver-al-presidente-a-la-casa-rosada\/#respond"]}]},{"@type":"WebPage","@id":"https:\/\/experienciadevida.com.ar\/portalurbano\/detuvieron-a-un-hombre-armado-que-intento-entrar-a-ver-al-presidente-a-la-casa-rosada\/","url":"https:\/\/experienciadevida.com.ar\/portalurbano\/detuvieron-a-un-hombre-armado-que-intento-entrar-a-ver-al-presidente-a-la-casa-rosada\/","name":"Detuvieron a un hombre armado que intent\u00f3 entrar a ver al Presidente a la Casa Rosada -","isPartOf":{"@id":"https:\/\/experienciadevida.com.ar\/portalurbano\/#website"},"datePublished":"2019-05-13T14:44:50+00:00","dateModified":"2019-05-13T14:44:50+00:00","breadcrumb":{"@id":"https:\/\/experienciadevida.com.ar\/portalurbano\/detuvieron-a-un-hombre-armado-que-intento-entrar-a-ver-al-presidente-a-la-casa-rosada\/#breadcrumb"},"inLanguage":"es","potentialAction":[{"@type":"ReadAction","target":["https:\/\/experienciadevida.com.ar\/portalurbano\/detuvieron-a-un-hombre-armado-que-intento-entrar-a-ver-al-presidente-a-la-casa-rosada\/"]}]},{"@type":"BreadcrumbList","@id":"https:\/\/experienciadevida.com.ar\/portalurbano\/detuvieron-a-un-hombre-armado-que-intento-entrar-a-ver-al-presidente-a-la-casa-rosada\/#breadcrumb","itemListElement":[{"@type":"ListItem","position":1,"name":"Portada","item":"https:\/\/experienciadevida.com.ar\/portalurbano\/"},{"@type":"ListItem","position":2,"name":"Detuvieron a un hombre armado que intent\u00f3 entrar a ver al Presidente a la Casa Rosada"}]},{"@type":"WebSite","@id":"https:\/\/experienciadevida.com.ar\/portalurbano\/#website","url":"https:\/\/experienciadevida.com.ar\/portalurbano\/","name":"","description":"","publisher":{"@id":"https:\/\/experienciadevida.com.ar\/portalurbano\/#organization"},"potentialAction":[{"@type":"SearchAction","target":{"@type":"EntryPoint","urlTemplate":"https:\/\/experienciadevida.com.ar\/portalurbano\/?s={search_term_string}"},"query-input":"required name=search_term_string"}],"inLanguage":"es"},{"@type":"Organization","@id":"https:\/\/experienciadevida.com.ar\/portalurbano\/#organization","name":"Portal Urbano","url":"https:\/\/experienciadevida.com.ar\/portalurbano\/","logo":{"@type":"ImageObject","inLanguage":"es","@id":"https:\/\/experienciadevida.com.ar\/portalurbano\/#\/schema\/logo\/image\/","url":"https:\/\/experienciadevida.com.ar\/portalurbano\/wp-content\/uploads\/2019\/09\/Logo-Original.png","contentUrl":"https:\/\/experienciadevida.com.ar\/portalurbano\/wp-content\/uploads\/2019\/09\/Logo-Original.png","width":2236,"height":1216,"caption":"Portal Urbano"},"image":{"@id":"https:\/\/experienciadevida.com.ar\/portalurbano\/#\/schema\/logo\/image\/"},"sameAs":["https:\/\/www.facebook.com\/Portal-Urbano-171542830093757\/","https:\/\/twitter.com\/portalurbanook","https:\/\/www.instagram.com\/_portalurbano\/","https:\/\/www.youtube.com\/channel\/UCXhagIfszH8KxFiOok79zbA?view_as=subscriber"]},{"@type":"Person","@id":"https:\/\/experienciadevida.com.ar\/portalurbano\/#\/schema\/person\/02dd326b1c4b056e9cc972486934a3a7","name":"admpu17wp","image":{"@type":"ImageObject","inLanguage":"es","@id":"https:\/\/experienciadevida.com.ar\/portalurbano\/#\/schema\/person\/image\/","url":"https:\/\/secure.gravatar.com\/avatar\/830d4c57adaae6630765e449a6908047?s=96&d=mm&r=g","contentUrl":"https:\/\/secure.gravatar.com\/avatar\/830d4c57adaae6630765e449a6908047?s=96&d=mm&r=g","caption":"admpu17wp"}}]}},"featured_image_urls":{"full":["https:\/\/media.diariopopular.com.ar\/adjuntos\/143\/imagenes\/005\/842\/0005842633.jpg?0000-00-00-00-00-00",1920,1080,false],"thumbnail":["https:\/\/media.diariopopular.com.ar\/adjuntos\/143\/imagenes\/005\/842\/0005842633.jpg?0000-00-00-00-00-00",150,150,true],"medium":["https:\/\/media.diariopopular.com.ar\/adjuntos\/143\/imagenes\/005\/842\/0005842633.jpg?0000-00-00-00-00-00",300,169,true],"medium_large":["https:\/\/media.diariopopular.com.ar\/adjuntos\/143\/imagenes\/005\/842\/0005842633.jpg?0000-00-00-00-00-00",640,360,true],"large":["https:\/\/media.diariopopular.com.ar\/adjuntos\/143\/imagenes\/005\/842\/0005842633.jpg?0000-00-00-00-00-00",640,360,true],"ug_big":["https:\/\/media.diariopopular.com.ar\/adjuntos\/143\/imagenes\/005\/842\/0005842633.jpg?0000-00-00-00-00-00",768,432,true],"1536x1536":["https:\/\/media.diariopopular.com.ar\/adjuntos\/143\/imagenes\/005\/842\/0005842633.jpg?0000-00-00-00-00-00",1536,864,true],"2048x2048":["https:\/\/media.diariopopular.com.ar\/adjuntos\/143\/imagenes\/005\/842\/0005842633.jpg?0000-00-00-00-00-00",1920,1080,false],"newsever-slider-full":["https:\/\/media.diariopopular.com.ar\/adjuntos\/143\/imagenes\/005\/842\/0005842633.jpg?0000-00-00-00-00-00",1280,845,true],"newsever-featured":["https:\/\/media.diariopopular.com.ar\/adjuntos\/143\/imagenes\/005\/842\/0005842633.jpg?0000-00-00-00-00-00",1024,576,true],"newsever-medium":["https:\/\/media.diariopopular.com.ar\/adjuntos\/143\/imagenes\/005\/842\/0005842633.jpg?0000-00-00-00-00-00",720,475,true],"web-stories-poster-portrait":["https:\/\/media.diariopopular.com.ar\/adjuntos\/143\/imagenes\/005\/842\/0005842633.jpg?0000-00-00-00-00-00",640,853,true],"web-stories-publisher-logo":["https:\/\/media.diariopopular.com.ar\/adjuntos\/143\/imagenes\/005\/842\/0005842633.jpg?0000-00-00-00-00-00",96,96,true],"web-stories-thumbnail":["https:\/\/media.diariopopular.com.ar\/adjuntos\/143\/imagenes\/005\/842\/0005842633.jpg?0000-00-00-00-00-00",150,84,true]},"author_info":{"display_name":"admpu17wp","author_link":"https:\/\/experienciadevida.com.ar\/portalurbano\/author\/admpu17wp\/"},"category_info":"<a href=\"https:\/\/experienciadevida.com.ar\/portalurbano\/category\/nacion\/\" rel=\"category tag\">Naci\u00f3n<\/a>","tag_info":"Naci\u00f3n","comment_count":"0","amp_enabled":true,"_links":{"self":[{"href":"https:\/\/experienciadevida.com.ar\/portalurbano\/wp-json\/wp\/v2\/posts\/68199"}],"collection":[{"href":"https:\/\/experienciadevida.com.ar\/portalurbano\/wp-json\/wp\/v2\/posts"}],"about":[{"href":"https:\/\/experienciadevida.com.ar\/portalurbano\/wp-json\/wp\/v2\/types\/post"}],"author":[{"embeddable":true,"href":"https:\/\/experienciadevida.com.ar\/portalurbano\/wp-json\/wp\/v2\/users\/1"}],"replies":[{"embeddable":true,"href":"https:\/\/experienciadevida.com.ar\/portalurbano\/wp-json\/wp\/v2\/comments?post=68199"}],"version-history":[{"count":3,"href":"https:\/\/experienciadevida.com.ar\/portalurbano\/wp-json\/wp\/v2\/posts\/68199\/revisions"}],"predecessor-version":[{"id":68206,"href":"https:\/\/experienciadevida.com.ar\/portalurbano\/wp-json\/wp\/v2\/posts\/68199\/revisions\/68206"}],"wp:featuredmedia":[{"embeddable":true,"href":"https:\/\/experienciadevida.com.ar\/portalurbano\/wp-json\/"}],"wp:attachment":[{"href":"https:\/\/experienciadevida.com.ar\/portalurbano\/wp-json\/wp\/v2\/media?parent=68199"}],"wp:term":[{"taxonomy":"category","embeddable":true,"href":"https:\/\/experienciadevida.com.ar\/portalurbano\/wp-json\/wp\/v2\/categories?post=68199"},{"taxonomy":"post_tag","embeddable":true,"href":"https:\/\/experienciadevida.com.ar\/portalurbano\/wp-json\/wp\/v2\/tags?post=68199"}],"curies":[{"name":"wp","href":"https:\/\/api.w.org\/{rel}","templated":true}]}}