{"id":68013,"date":"2019-05-11T17:13:01","date_gmt":"2019-05-11T20:13:01","guid":{"rendered":"https:\/\/experienciadevida.com.ar\/portalurbano\/?p=68013"},"modified":"2019-05-11T17:13:01","modified_gmt":"2019-05-11T20:13:01","slug":"hoy-es-el-dia-del-himno-nacional-argentino-sabes-por-que-se-conmemora-esta-fecha","status":"publish","type":"post","link":"https:\/\/experienciadevida.com.ar\/portalurbano\/hoy-es-el-dia-del-himno-nacional-argentino-sabes-por-que-se-conmemora-esta-fecha\/","title":{"rendered":"Hoy es el D\u00eda del Himno Nacional Argentino: \u00bfSab\u00e9s por qu\u00e9 se conmemora esta fecha?"},"content":{"rendered":"<p>La composici\u00f3n de la canci\u00f3n patria estuvo a cargo de Vicente Lopez y Planes.<\/p>\n<p><iframe  id=\"_ytid_30407\"  width=\"640\" height=\"360\"  data-origwidth=\"640\" data-origheight=\"360\" src=\"https:\/\/www.youtube.com\/embed\/sYb9mwxJtOY?enablejsapi=1&#038;autoplay=0&#038;cc_load_policy=0&#038;cc_lang_pref=&#038;iv_load_policy=1&#038;loop=0&#038;modestbranding=0&#038;rel=1&#038;fs=1&#038;playsinline=0&#038;autohide=2&#038;theme=dark&#038;color=red&#038;controls=1&#038;\" class=\"__youtube_prefs__  epyt-is-override  no-lazyload\" title=\"YouTube player\"  allow=\"accelerometer; autoplay; clipboard-write; encrypted-media; gyroscope; picture-in-picture\" allowfullscreen data-no-lazy=\"1\" data-skipgform_ajax_framebjll=\"\"><\/iframe><\/p>\n<p>Fue un 11 de mayo de 1813 cuando la Asamblea General Constituyente \u2013 la cual se conoce como \u2018la Asamblea del a\u00f1o 13\u2019-\u00a0<strong>aprob\u00f3 lo que hoy es el Himno Nacional argentino<\/strong>, raz\u00f3n por la cual esa fecha fue elegida para conmemorar su d\u00eda. Claro, en aquel a\u00f1o no se la llamaba as\u00ed, sino que se la presentaba como Marcha patri\u00f3tica, denominaci\u00f3n que luego cambi\u00f3 por Canci\u00f3n patri\u00f3tica nacional, m\u00e1s adelante se llam\u00f3 Canci\u00f3n patri\u00f3tica, hasta quedar con su t\u00edtulo actual.<\/p>\n<p><strong>Los autores<\/strong><\/p>\n<div class=\"AeTLmKvh\">\n<div id=\"div-gpt-ad-1519828256518-0\" data-google-query-id=\"CMrmrcyjlOICFc1uwQodRY0G6w\">\n<div id=\"google_ads_iframe_\/20622042\/clasificados_home_1_0__container__\">La composici\u00f3n de la letra del Himno estuvo a cargo del Vicente L\u00f3pez y Planes, mientras que la m\u00fasica la cre\u00f3 Blas Parera.<strong>\u00a0<\/strong><\/div>\n<\/div>\n<\/div>\n<p><strong>\u00bfQui\u00e9nes eran?<\/strong><\/p>\n<p><img decoding=\"async\" class=\"size-full wp-image-1000000172120 aligncenter\" src=\"https:\/\/static0.misionesonline.net\/wp-content\/uploads\/2019\/05\/vic-7merdsu4erv0.jpg\" alt=\"\" width=\"744\" height=\"440\" \/><\/p>\n<p>&nbsp;<\/p>\n<p>L\u00f3pez y Planes naci\u00f3 en 1785 y falleci\u00f3 en 1856; fue pol\u00edtico, escritor, abogado y hasta presidente interino del pa\u00eds. En 1810 actu\u00f3 como secretario auditor durante la primera expedici\u00f3n libertadora al interior. Posteriormente fue secretario del Primer Triunvirato. Seg\u00fan la historia, su inspiraci\u00f3n para escribir la letra del himno fue tras ver una obra teatral llamada \u201c25 de mayo\u201d. Seg\u00fan la tradici\u00f3n,\u00a0<strong>el 14 de mayo de 1813, en la casa de Mariquita S\u00e1nchez de Thompson se cant\u00f3 por primera vez<\/strong>, siendo aquella dama quien interpret\u00f3 sus estrofas<\/p>\n<p>Por su parte, Blas Parera Moret, naci\u00f3 en Murcia en 1773, y falleci\u00f3 en Barcelona en 1840. Compositor espa\u00f1ol, recibi\u00f3 la orden de la Asamblea del a\u00f1o 13 de componer la m\u00fasica para la letra aprobada para ser el himno, la que hab\u00eda sido escrita por L\u00f3pez y Planes.\u00a0Se dice que Blas Parera la compuso en un d\u00eda.<\/p>\n<p><strong><em>La modificaci\u00f3n<\/em><\/strong><\/p>\n<p>El Himno, en su versi\u00f3n completa,\u00a0<strong>fue acortado en el a\u00f1o 1900 por decisi\u00f3n del presidente Julio Argentino Roca.<\/strong>\u00a0As\u00ed lo fijaba en el decreto el 30 de marzo de ese a\u00f1o, donde indicaba la necesidad de \u201cproducir algunas alteraciones en el texto del Himno Nacional Argentino\u201d.<\/p>\n<p>\u201cEn las fiestas oficiales o p\u00fablicas, as\u00ed como en los colegios y escuelas del Estado, s\u00f3lo se cantar\u00e1n la primera y la \u00faltima cuarteta y el coro de la Canci\u00f3n Nacional sancionada por la Asamblea General el 11 de mayo de 1813\u2033, reza parte del texto.<\/p>\n<p>Desde entonces y al presente, se respeta esta decisi\u00f3n, pese a que varias veces se trat\u00f3 de volver a modificar las estrofas, incorporando algunas de las omitidas. El \u00faltimo caso fue\u00a0<strong>en mayo de 2013<\/strong>, cuando miembros de Libres del Sur quer\u00edan hacer una alusi\u00f3n a los pueblos originarios.<\/p>\n","protected":false},"excerpt":{"rendered":"<p>La composici\u00f3n de la canci\u00f3n patria estuvo a cargo de Vicente Lopez y Planes. Fue&#8230;<\/p>\n","protected":false},"author":1,"featured_media":-68013,"comment_status":"open","ping_status":"open","sticky":false,"template":"","format":"standard","meta":{"content-type":""},"categories":[39],"tags":[],"nelio_content":{"isAutoShareEnabled":false,"autoShareEndMode":"default","automationSources":{"useContentSentences":true,"useSocialTemplates":true,"useCustomSentences":false,"customSentences":[]},"followers":[1],"suggestedReferences":[],"includedReferences":[],"efiUrl":"","efiAlt":"","highlights":[]},"yoast_head":"<!-- This site is optimized with the Yoast SEO plugin v20.7 - https:\/\/yoast.com\/wordpress\/plugins\/seo\/ -->\n<title>Hoy es el D\u00eda del Himno Nacional Argentino: \u00bfSab\u00e9s por qu\u00e9 se conmemora esta fecha? -<\/title>\n<meta name=\"robots\" content=\"index, follow, max-snippet:-1, max-image-preview:large, max-video-preview:-1\" \/>\n<link rel=\"canonical\" href=\"https:\/\/experienciadevida.com.ar\/portalurbano\/hoy-es-el-dia-del-himno-nacional-argentino-sabes-por-que-se-conmemora-esta-fecha\/\" \/>\n<meta property=\"og:locale\" content=\"es_ES\" \/>\n<meta property=\"og:type\" content=\"article\" \/>\n<meta property=\"og:title\" content=\"Hoy es el D\u00eda del Himno Nacional Argentino: \u00bfSab\u00e9s por qu\u00e9 se conmemora esta fecha? -\" \/>\n<meta property=\"og:description\" content=\"La composici\u00f3n de la canci\u00f3n patria estuvo a cargo de Vicente Lopez y Planes. Fue...\" \/>\n<meta property=\"og:url\" content=\"https:\/\/experienciadevida.com.ar\/portalurbano\/hoy-es-el-dia-del-himno-nacional-argentino-sabes-por-que-se-conmemora-esta-fecha\/\" \/>\n<meta property=\"article:publisher\" content=\"https:\/\/www.facebook.com\/Portal-Urbano-171542830093757\/\" \/>\n<meta property=\"article:published_time\" content=\"2019-05-11T20:13:01+00:00\" \/>\n<meta property=\"og:image\" content=\"https:\/\/experienciadevida.com.ar\/portalurbano\/wp-content\/uploads\/2019\/05\/1557573177298-5ftpfev7q0g0.jpg\" \/>\n\t<meta property=\"og:image:width\" content=\"663\" \/>\n\t<meta property=\"og:image:height\" content=\"378\" \/>\n\t<meta property=\"og:image:type\" content=\"image\/jpeg\" \/>\n<meta name=\"author\" content=\"admpu17wp\" \/>\n<meta name=\"twitter:card\" content=\"summary_large_image\" \/>\n<meta name=\"twitter:creator\" content=\"@portalurbanook\" \/>\n<meta name=\"twitter:site\" content=\"@portalurbanook\" \/>\n<meta name=\"twitter:label1\" content=\"Escrito por\" \/>\n\t<meta name=\"twitter:data1\" content=\"admpu17wp\" \/>\n\t<meta name=\"twitter:label2\" content=\"Tiempo de lectura\" \/>\n\t<meta name=\"twitter:data2\" content=\"2 minutos\" \/>\n<script type=\"application\/ld+json\" class=\"yoast-schema-graph\">{\"@context\":\"https:\/\/schema.org\",\"@graph\":[{\"@type\":\"Article\",\"@id\":\"https:\/\/experienciadevida.com.ar\/portalurbano\/hoy-es-el-dia-del-himno-nacional-argentino-sabes-por-que-se-conmemora-esta-fecha\/#article\",\"isPartOf\":{\"@id\":\"https:\/\/experienciadevida.com.ar\/portalurbano\/hoy-es-el-dia-del-himno-nacional-argentino-sabes-por-que-se-conmemora-esta-fecha\/\"},\"author\":{\"name\":\"admpu17wp\",\"@id\":\"https:\/\/experienciadevida.com.ar\/portalurbano\/#\/schema\/person\/02dd326b1c4b056e9cc972486934a3a7\"},\"headline\":\"Hoy es el D\u00eda del Himno Nacional Argentino: \u00bfSab\u00e9s por qu\u00e9 se conmemora esta fecha?\",\"datePublished\":\"2019-05-11T20:13:01+00:00\",\"dateModified\":\"2019-05-11T20:13:01+00:00\",\"mainEntityOfPage\":{\"@id\":\"https:\/\/experienciadevida.com.ar\/portalurbano\/hoy-es-el-dia-del-himno-nacional-argentino-sabes-por-que-se-conmemora-esta-fecha\/\"},\"wordCount\":471,\"commentCount\":0,\"publisher\":{\"@id\":\"https:\/\/experienciadevida.com.ar\/portalurbano\/#organization\"},\"articleSection\":[\"Naci\u00f3n\"],\"inLanguage\":\"es\",\"potentialAction\":[{\"@type\":\"CommentAction\",\"name\":\"Comment\",\"target\":[\"https:\/\/experienciadevida.com.ar\/portalurbano\/hoy-es-el-dia-del-himno-nacional-argentino-sabes-por-que-se-conmemora-esta-fecha\/#respond\"]}]},{\"@type\":\"WebPage\",\"@id\":\"https:\/\/experienciadevida.com.ar\/portalurbano\/hoy-es-el-dia-del-himno-nacional-argentino-sabes-por-que-se-conmemora-esta-fecha\/\",\"url\":\"https:\/\/experienciadevida.com.ar\/portalurbano\/hoy-es-el-dia-del-himno-nacional-argentino-sabes-por-que-se-conmemora-esta-fecha\/\",\"name\":\"Hoy es el D\u00eda del Himno Nacional Argentino: \u00bfSab\u00e9s por qu\u00e9 se conmemora esta fecha? -\",\"isPartOf\":{\"@id\":\"https:\/\/experienciadevida.com.ar\/portalurbano\/#website\"},\"datePublished\":\"2019-05-11T20:13:01+00:00\",\"dateModified\":\"2019-05-11T20:13:01+00:00\",\"breadcrumb\":{\"@id\":\"https:\/\/experienciadevida.com.ar\/portalurbano\/hoy-es-el-dia-del-himno-nacional-argentino-sabes-por-que-se-conmemora-esta-fecha\/#breadcrumb\"},\"inLanguage\":\"es\",\"potentialAction\":[{\"@type\":\"ReadAction\",\"target\":[\"https:\/\/experienciadevida.com.ar\/portalurbano\/hoy-es-el-dia-del-himno-nacional-argentino-sabes-por-que-se-conmemora-esta-fecha\/\"]}]},{\"@type\":\"BreadcrumbList\",\"@id\":\"https:\/\/experienciadevida.com.ar\/portalurbano\/hoy-es-el-dia-del-himno-nacional-argentino-sabes-por-que-se-conmemora-esta-fecha\/#breadcrumb\",\"itemListElement\":[{\"@type\":\"ListItem\",\"position\":1,\"name\":\"Portada\",\"item\":\"https:\/\/experienciadevida.com.ar\/portalurbano\/\"},{\"@type\":\"ListItem\",\"position\":2,\"name\":\"Hoy es el D\u00eda del Himno Nacional Argentino: \u00bfSab\u00e9s por qu\u00e9 se conmemora esta fecha?\"}]},{\"@type\":\"WebSite\",\"@id\":\"https:\/\/experienciadevida.com.ar\/portalurbano\/#website\",\"url\":\"https:\/\/experienciadevida.com.ar\/portalurbano\/\",\"name\":\"\",\"description\":\"\",\"publisher\":{\"@id\":\"https:\/\/experienciadevida.com.ar\/portalurbano\/#organization\"},\"potentialAction\":[{\"@type\":\"SearchAction\",\"target\":{\"@type\":\"EntryPoint\",\"urlTemplate\":\"https:\/\/experienciadevida.com.ar\/portalurbano\/?s={search_term_string}\"},\"query-input\":\"required name=search_term_string\"}],\"inLanguage\":\"es\"},{\"@type\":\"Organization\",\"@id\":\"https:\/\/experienciadevida.com.ar\/portalurbano\/#organization\",\"name\":\"Portal Urbano\",\"url\":\"https:\/\/experienciadevida.com.ar\/portalurbano\/\",\"logo\":{\"@type\":\"ImageObject\",\"inLanguage\":\"es\",\"@id\":\"https:\/\/experienciadevida.com.ar\/portalurbano\/#\/schema\/logo\/image\/\",\"url\":\"https:\/\/experienciadevida.com.ar\/portalurbano\/wp-content\/uploads\/2019\/09\/Logo-Original.png\",\"contentUrl\":\"https:\/\/experienciadevida.com.ar\/portalurbano\/wp-content\/uploads\/2019\/09\/Logo-Original.png\",\"width\":2236,\"height\":1216,\"caption\":\"Portal Urbano\"},\"image\":{\"@id\":\"https:\/\/experienciadevida.com.ar\/portalurbano\/#\/schema\/logo\/image\/\"},\"sameAs\":[\"https:\/\/www.facebook.com\/Portal-Urbano-171542830093757\/\",\"https:\/\/twitter.com\/portalurbanook\",\"https:\/\/www.instagram.com\/_portalurbano\/\",\"https:\/\/www.youtube.com\/channel\/UCXhagIfszH8KxFiOok79zbA?view_as=subscriber\"]},{\"@type\":\"Person\",\"@id\":\"https:\/\/experienciadevida.com.ar\/portalurbano\/#\/schema\/person\/02dd326b1c4b056e9cc972486934a3a7\",\"name\":\"admpu17wp\",\"image\":{\"@type\":\"ImageObject\",\"inLanguage\":\"es\",\"@id\":\"https:\/\/experienciadevida.com.ar\/portalurbano\/#\/schema\/person\/image\/\",\"url\":\"https:\/\/secure.gravatar.com\/avatar\/830d4c57adaae6630765e449a6908047?s=96&d=mm&r=g\",\"contentUrl\":\"https:\/\/secure.gravatar.com\/avatar\/830d4c57adaae6630765e449a6908047?s=96&d=mm&r=g\",\"caption\":\"admpu17wp\"}}]}<\/script>\n<!-- \/ Yoast SEO plugin. -->","yoast_head_json":{"title":"Hoy es el D\u00eda del Himno Nacional Argentino: \u00bfSab\u00e9s por qu\u00e9 se conmemora esta fecha? -","robots":{"index":"index","follow":"follow","max-snippet":"max-snippet:-1","max-image-preview":"max-image-preview:large","max-video-preview":"max-video-preview:-1"},"canonical":"https:\/\/experienciadevida.com.ar\/portalurbano\/hoy-es-el-dia-del-himno-nacional-argentino-sabes-por-que-se-conmemora-esta-fecha\/","og_locale":"es_ES","og_type":"article","og_title":"Hoy es el D\u00eda del Himno Nacional Argentino: \u00bfSab\u00e9s por qu\u00e9 se conmemora esta fecha? -","og_description":"La composici\u00f3n de la canci\u00f3n patria estuvo a cargo de Vicente Lopez y Planes. Fue...","og_url":"https:\/\/experienciadevida.com.ar\/portalurbano\/hoy-es-el-dia-del-himno-nacional-argentino-sabes-por-que-se-conmemora-esta-fecha\/","article_publisher":"https:\/\/www.facebook.com\/Portal-Urbano-171542830093757\/","article_published_time":"2019-05-11T20:13:01+00:00","og_image":[{"width":663,"height":378,"url":"https:\/\/experienciadevida.com.ar\/portalurbano\/wp-content\/uploads\/2019\/05\/1557573177298-5ftpfev7q0g0.jpg","type":"image\/jpeg"}],"author":"admpu17wp","twitter_card":"summary_large_image","twitter_creator":"@portalurbanook","twitter_site":"@portalurbanook","twitter_misc":{"Escrito por":"admpu17wp","Tiempo de lectura":"2 minutos"},"schema":{"@context":"https:\/\/schema.org","@graph":[{"@type":"Article","@id":"https:\/\/experienciadevida.com.ar\/portalurbano\/hoy-es-el-dia-del-himno-nacional-argentino-sabes-por-que-se-conmemora-esta-fecha\/#article","isPartOf":{"@id":"https:\/\/experienciadevida.com.ar\/portalurbano\/hoy-es-el-dia-del-himno-nacional-argentino-sabes-por-que-se-conmemora-esta-fecha\/"},"author":{"name":"admpu17wp","@id":"https:\/\/experienciadevida.com.ar\/portalurbano\/#\/schema\/person\/02dd326b1c4b056e9cc972486934a3a7"},"headline":"Hoy es el D\u00eda del Himno Nacional Argentino: \u00bfSab\u00e9s por qu\u00e9 se conmemora esta fecha?","datePublished":"2019-05-11T20:13:01+00:00","dateModified":"2019-05-11T20:13:01+00:00","mainEntityOfPage":{"@id":"https:\/\/experienciadevida.com.ar\/portalurbano\/hoy-es-el-dia-del-himno-nacional-argentino-sabes-por-que-se-conmemora-esta-fecha\/"},"wordCount":471,"commentCount":0,"publisher":{"@id":"https:\/\/experienciadevida.com.ar\/portalurbano\/#organization"},"articleSection":["Naci\u00f3n"],"inLanguage":"es","potentialAction":[{"@type":"CommentAction","name":"Comment","target":["https:\/\/experienciadevida.com.ar\/portalurbano\/hoy-es-el-dia-del-himno-nacional-argentino-sabes-por-que-se-conmemora-esta-fecha\/#respond"]}]},{"@type":"WebPage","@id":"https:\/\/experienciadevida.com.ar\/portalurbano\/hoy-es-el-dia-del-himno-nacional-argentino-sabes-por-que-se-conmemora-esta-fecha\/","url":"https:\/\/experienciadevida.com.ar\/portalurbano\/hoy-es-el-dia-del-himno-nacional-argentino-sabes-por-que-se-conmemora-esta-fecha\/","name":"Hoy es el D\u00eda del Himno Nacional Argentino: \u00bfSab\u00e9s por qu\u00e9 se conmemora esta fecha? -","isPartOf":{"@id":"https:\/\/experienciadevida.com.ar\/portalurbano\/#website"},"datePublished":"2019-05-11T20:13:01+00:00","dateModified":"2019-05-11T20:13:01+00:00","breadcrumb":{"@id":"https:\/\/experienciadevida.com.ar\/portalurbano\/hoy-es-el-dia-del-himno-nacional-argentino-sabes-por-que-se-conmemora-esta-fecha\/#breadcrumb"},"inLanguage":"es","potentialAction":[{"@type":"ReadAction","target":["https:\/\/experienciadevida.com.ar\/portalurbano\/hoy-es-el-dia-del-himno-nacional-argentino-sabes-por-que-se-conmemora-esta-fecha\/"]}]},{"@type":"BreadcrumbList","@id":"https:\/\/experienciadevida.com.ar\/portalurbano\/hoy-es-el-dia-del-himno-nacional-argentino-sabes-por-que-se-conmemora-esta-fecha\/#breadcrumb","itemListElement":[{"@type":"ListItem","position":1,"name":"Portada","item":"https:\/\/experienciadevida.com.ar\/portalurbano\/"},{"@type":"ListItem","position":2,"name":"Hoy es el D\u00eda del Himno Nacional Argentino: \u00bfSab\u00e9s por qu\u00e9 se conmemora esta fecha?"}]},{"@type":"WebSite","@id":"https:\/\/experienciadevida.com.ar\/portalurbano\/#website","url":"https:\/\/experienciadevida.com.ar\/portalurbano\/","name":"","description":"","publisher":{"@id":"https:\/\/experienciadevida.com.ar\/portalurbano\/#organization"},"potentialAction":[{"@type":"SearchAction","target":{"@type":"EntryPoint","urlTemplate":"https:\/\/experienciadevida.com.ar\/portalurbano\/?s={search_term_string}"},"query-input":"required name=search_term_string"}],"inLanguage":"es"},{"@type":"Organization","@id":"https:\/\/experienciadevida.com.ar\/portalurbano\/#organization","name":"Portal Urbano","url":"https:\/\/experienciadevida.com.ar\/portalurbano\/","logo":{"@type":"ImageObject","inLanguage":"es","@id":"https:\/\/experienciadevida.com.ar\/portalurbano\/#\/schema\/logo\/image\/","url":"https:\/\/experienciadevida.com.ar\/portalurbano\/wp-content\/uploads\/2019\/09\/Logo-Original.png","contentUrl":"https:\/\/experienciadevida.com.ar\/portalurbano\/wp-content\/uploads\/2019\/09\/Logo-Original.png","width":2236,"height":1216,"caption":"Portal Urbano"},"image":{"@id":"https:\/\/experienciadevida.com.ar\/portalurbano\/#\/schema\/logo\/image\/"},"sameAs":["https:\/\/www.facebook.com\/Portal-Urbano-171542830093757\/","https:\/\/twitter.com\/portalurbanook","https:\/\/www.instagram.com\/_portalurbano\/","https:\/\/www.youtube.com\/channel\/UCXhagIfszH8KxFiOok79zbA?view_as=subscriber"]},{"@type":"Person","@id":"https:\/\/experienciadevida.com.ar\/portalurbano\/#\/schema\/person\/02dd326b1c4b056e9cc972486934a3a7","name":"admpu17wp","image":{"@type":"ImageObject","inLanguage":"es","@id":"https:\/\/experienciadevida.com.ar\/portalurbano\/#\/schema\/person\/image\/","url":"https:\/\/secure.gravatar.com\/avatar\/830d4c57adaae6630765e449a6908047?s=96&d=mm&r=g","contentUrl":"https:\/\/secure.gravatar.com\/avatar\/830d4c57adaae6630765e449a6908047?s=96&d=mm&r=g","caption":"admpu17wp"}}]}},"featured_image_urls":{"full":["https:\/\/static0.misionesonline.net\/wp-content\/uploads\/2019\/05\/vic-7merdsu4erv0.jpg",1920,1080,false],"thumbnail":["https:\/\/static0.misionesonline.net\/wp-content\/uploads\/2019\/05\/vic-7merdsu4erv0.jpg",150,150,true],"medium":["https:\/\/static0.misionesonline.net\/wp-content\/uploads\/2019\/05\/vic-7merdsu4erv0.jpg",300,169,true],"medium_large":["https:\/\/static0.misionesonline.net\/wp-content\/uploads\/2019\/05\/vic-7merdsu4erv0.jpg",640,360,true],"large":["https:\/\/static0.misionesonline.net\/wp-content\/uploads\/2019\/05\/vic-7merdsu4erv0.jpg",640,360,true],"ug_big":["https:\/\/static0.misionesonline.net\/wp-content\/uploads\/2019\/05\/vic-7merdsu4erv0.jpg",768,432,true],"1536x1536":["https:\/\/static0.misionesonline.net\/wp-content\/uploads\/2019\/05\/vic-7merdsu4erv0.jpg",1536,864,true],"2048x2048":["https:\/\/static0.misionesonline.net\/wp-content\/uploads\/2019\/05\/vic-7merdsu4erv0.jpg",1920,1080,false],"newsever-slider-full":["https:\/\/static0.misionesonline.net\/wp-content\/uploads\/2019\/05\/vic-7merdsu4erv0.jpg",1280,845,true],"newsever-featured":["https:\/\/static0.misionesonline.net\/wp-content\/uploads\/2019\/05\/vic-7merdsu4erv0.jpg",1024,576,true],"newsever-medium":["https:\/\/static0.misionesonline.net\/wp-content\/uploads\/2019\/05\/vic-7merdsu4erv0.jpg",720,475,true],"web-stories-poster-portrait":["https:\/\/static0.misionesonline.net\/wp-content\/uploads\/2019\/05\/vic-7merdsu4erv0.jpg",640,853,true],"web-stories-publisher-logo":["https:\/\/static0.misionesonline.net\/wp-content\/uploads\/2019\/05\/vic-7merdsu4erv0.jpg",96,96,true],"web-stories-thumbnail":["https:\/\/static0.misionesonline.net\/wp-content\/uploads\/2019\/05\/vic-7merdsu4erv0.jpg",150,84,true]},"author_info":{"display_name":"admpu17wp","author_link":"https:\/\/experienciadevida.com.ar\/portalurbano\/author\/admpu17wp\/"},"category_info":"<a href=\"https:\/\/experienciadevida.com.ar\/portalurbano\/category\/nacion\/\" rel=\"category tag\">Naci\u00f3n<\/a>","tag_info":"Naci\u00f3n","comment_count":"0","amp_enabled":true,"_links":{"self":[{"href":"https:\/\/experienciadevida.com.ar\/portalurbano\/wp-json\/wp\/v2\/posts\/68013"}],"collection":[{"href":"https:\/\/experienciadevida.com.ar\/portalurbano\/wp-json\/wp\/v2\/posts"}],"about":[{"href":"https:\/\/experienciadevida.com.ar\/portalurbano\/wp-json\/wp\/v2\/types\/post"}],"author":[{"embeddable":true,"href":"https:\/\/experienciadevida.com.ar\/portalurbano\/wp-json\/wp\/v2\/users\/1"}],"replies":[{"embeddable":true,"href":"https:\/\/experienciadevida.com.ar\/portalurbano\/wp-json\/wp\/v2\/comments?post=68013"}],"version-history":[{"count":2,"href":"https:\/\/experienciadevida.com.ar\/portalurbano\/wp-json\/wp\/v2\/posts\/68013\/revisions"}],"predecessor-version":[{"id":68017,"href":"https:\/\/experienciadevida.com.ar\/portalurbano\/wp-json\/wp\/v2\/posts\/68013\/revisions\/68017"}],"wp:featuredmedia":[{"embeddable":true,"href":"https:\/\/experienciadevida.com.ar\/portalurbano\/wp-json\/"}],"wp:attachment":[{"href":"https:\/\/experienciadevida.com.ar\/portalurbano\/wp-json\/wp\/v2\/media?parent=68013"}],"wp:term":[{"taxonomy":"category","embeddable":true,"href":"https:\/\/experienciadevida.com.ar\/portalurbano\/wp-json\/wp\/v2\/categories?post=68013"},{"taxonomy":"post_tag","embeddable":true,"href":"https:\/\/experienciadevida.com.ar\/portalurbano\/wp-json\/wp\/v2\/tags?post=68013"}],"curies":[{"name":"wp","href":"https:\/\/api.w.org\/{rel}","templated":true}]}}