{"id":68009,"date":"2019-05-11T14:50:37","date_gmt":"2019-05-11T17:50:37","guid":{"rendered":"https:\/\/experienciadevida.com.ar\/portalurbano\/?p=68009"},"modified":"2019-05-11T14:50:37","modified_gmt":"2019-05-11T17:50:37","slug":"nuevo-parte-medico-de-hector-olivares-el-diputado-esta-inestable-y-tiene-una-falla-multiorganica","status":"publish","type":"post","link":"https:\/\/experienciadevida.com.ar\/portalurbano\/nuevo-parte-medico-de-hector-olivares-el-diputado-esta-inestable-y-tiene-una-falla-multiorganica\/","title":{"rendered":"Nuevo parte m\u00e9dico de H\u00e9ctor Olivares: el diputado est\u00e1 &#8220;inestable&#8221; y tiene una &#8220;falla multiorg\u00e1nica&#8221;"},"content":{"rendered":"<article id=\"article-post\" class=\"first\">\n<p class=\"interiorCopete\">Desde el Hospital Ramos Mej\u00eda volvieron a informar sobre el estado de salud del legislador y aseguraron que &#8220;seguir\u00e1 en terapia intensiva&#8221;<\/p>\n<div class=\"separator-line\"><strong>Pablo Rossini<\/strong>, subdirector del<strong>\u00a0Hospital Ramos Mej\u00eda<\/strong>, junto a otros colegas dio un nuevo parte m\u00e9dico de\u00a0<strong>H\u00e9ctor Olivares<\/strong>, en el tercer d\u00eda de su internaci\u00f3n.<\/div>\n<div class=\"cuerpo\" data-twitter-link=\"https:\/\/twitter.com\/intent\/tweet?url=https:\/\/www.diariopopular.com.ar\/\/c393413&amp;via=poopulardiario&amp;related=Diario Popular&amp;text=\">\n<div id=\"div-gpt-ad-nota-98062\" class=\"banner-90\" data-mapping=\"mapping9\" data-google-query-id=\"CInU-cGElOICFVFQwQodEK8MMQ\">\n<div id=\"google_ads_iframe_\/7581181\/dp_universal_0__container__\"><\/div>\n<\/div>\n<\/div>\n<\/article>\n<article id=\"article-post\">\n<div class=\"cuerpo\" data-twitter-link=\"https:\/\/twitter.com\/intent\/tweet?url=https:\/\/www.diariopopular.com.ar\/\/c393413&amp;via=poopulardiario&amp;related=Diario Popular&amp;text=\">\n<div class=\"penci-pullqoute align-none\">\n<blockquote><p>Seg\u00fan los m\u00e9dicos, Olivares \u201cse encuentra inestable\u201d y \u201ctiene una falla multiorg\u00e1nica de pulm\u00f3n y coraz\u00f3n\u201d, por lo que \u201cseguir\u00e1 en terapia intensiva\u201d.<\/p><\/blockquote>\n<\/div>\n<div id=\"sc_intxt_container\">\n<div>\n<div id=\"sc_ava_companion\" class=\"sc_intxt_hided\">El informe indica que el diputado present\u00f3 durante madrugada <strong>\u201cuna falla multiorg\u00e1nica, pero sigue con soporte vital y estable, bajo asistencia mec\u00e1nica respiratoria\u201d.<\/strong><\/div>\n<\/div>\n<\/div>\n<p>Rossini inform\u00f3 que Olivares cursa \u201cel segundo d\u00eda posterior a su cirug\u00eda\u201d y que gracias al esfuerzo de los m\u00e9dicos y todos los est\u00e1n colaborando en su atenci\u00f3n \u201cse lo mantiene estable, con todas las medidas vitales, pero\u00a0<strong>su estado es cr\u00edtico y tuvo una falla multiorg\u00e1nica producto de su operaci\u00f3n<\/strong>\u201d.<\/p>\n<p>&#8220;La cirug\u00eda que se hizo es seguida de la primera intervenci\u00f3n y a eso se debe la falla en el organismo, pero que no repercute en nada en la operaci\u00f3n que se le hizo hace 48 horas\u201d, explic\u00f3 el m\u00e9dico, quien dijo a la vez que \u201ctodos tenemos ser cautos sobre el momento a momento de la salud del diputado, porque su estado es cr\u00edtico&#8221;.<\/p>\n<p>&#8220;Sigue cr\u00edtico, con riesgo de vida&#8221;, a\u00f1adi\u00f3 Rossini, tras lo cual inform\u00f3 que se siguen necesitando donantes de sangre de cualquier grupo y factor y que los voluntarios pueden presentarse en todos los hospitales del Gobierno de la Ciudad de Buenos Aires.<\/p>\n<p>El subdirector del hospital explic\u00f3 que Olivares se \u201cest\u00e1 mantenido estable con las medicaciones que est\u00e1 recibiendo\u201d y que \u201chay que estar atentos porque todo puede cambiar momento a momento\u201d.<\/p>\n<div id=\"div-gpt-ad-nota-585579\" class=\"banner-90\" data-mapping=\"mapping9\" data-google-query-id=\"CIrU-cGElOICFVFQwQodEK8MMQ\">\n<div id=\"google_ads_iframe_\/7581181\/dp_universal_1__container__\">Por otra parte, el jefe del Departamento de Emergencia del hospital, Alejandro Mu\u00f1oz, dijo que al diputado se le hizo otra cirug\u00eda luego de la primera \u201cpara tratar los da\u00f1os que puedan venir producto de la gravedad de la herida y que puede dar cambios momento a momento&#8221;.<\/div>\n<\/div>\n<p>&#8220;Lo que eso nos da es que por ahora no hay evidencia de sangrado y por el momento no se habla de otra operaci\u00f3n, pero eso puede cambiar\u201d, agreg\u00f3 el cirujano.<\/p>\n<p>El subdirector Rossini sostuvo al final del di\u00e1logo con la prensa que \u201cel nuevo parte m\u00e9dico se dar\u00e1 a conocer el lunes al mediod\u00eda, si todo sigue como hasta ahora\u201d.<\/p>\n<\/div>\n<\/article>\n","protected":false},"excerpt":{"rendered":"<p>Desde el Hospital Ramos Mej\u00eda volvieron a informar sobre el estado de salud del legislador&#8230;<\/p>\n","protected":false},"author":1,"featured_media":0,"comment_status":"open","ping_status":"open","sticky":false,"template":"","format":"standard","meta":{"content-type":""},"categories":[39],"tags":[],"nelio_content":{"isAutoShareEnabled":false,"autoShareEndMode":"default","automationSources":{"useContentSentences":true,"useSocialTemplates":true,"useCustomSentences":false,"customSentences":[]},"followers":[1],"suggestedReferences":[],"includedReferences":[],"efiUrl":"","efiAlt":"","highlights":[]},"yoast_head":"<!-- This site is optimized with the Yoast SEO plugin v20.7 - https:\/\/yoast.com\/wordpress\/plugins\/seo\/ -->\n<title>Nuevo parte m\u00e9dico de H\u00e9ctor Olivares: el diputado est\u00e1 &quot;inestable&quot; y tiene una &quot;falla multiorg\u00e1nica&quot; -<\/title>\n<meta name=\"robots\" content=\"index, follow, max-snippet:-1, max-image-preview:large, max-video-preview:-1\" \/>\n<link rel=\"canonical\" href=\"https:\/\/experienciadevida.com.ar\/portalurbano\/nuevo-parte-medico-de-hector-olivares-el-diputado-esta-inestable-y-tiene-una-falla-multiorganica\/\" \/>\n<meta property=\"og:locale\" content=\"es_ES\" \/>\n<meta property=\"og:type\" content=\"article\" \/>\n<meta property=\"og:title\" content=\"Nuevo parte m\u00e9dico de H\u00e9ctor Olivares: el diputado est\u00e1 &quot;inestable&quot; y tiene una &quot;falla multiorg\u00e1nica&quot; -\" \/>\n<meta property=\"og:description\" content=\"Desde el Hospital Ramos Mej\u00eda volvieron a informar sobre el estado de salud del legislador...\" \/>\n<meta property=\"og:url\" content=\"https:\/\/experienciadevida.com.ar\/portalurbano\/nuevo-parte-medico-de-hector-olivares-el-diputado-esta-inestable-y-tiene-una-falla-multiorganica\/\" \/>\n<meta property=\"article:publisher\" content=\"https:\/\/www.facebook.com\/Portal-Urbano-171542830093757\/\" \/>\n<meta property=\"article:published_time\" content=\"2019-05-11T17:50:37+00:00\" \/>\n<meta property=\"og:image\" content=\"https:\/\/experienciadevida.com.ar\/portalurbano\/wp-content\/uploads\/2019\/05\/0005837817-e1557596993526.jpg\" \/>\n\t<meta property=\"og:image:width\" content=\"750\" \/>\n\t<meta property=\"og:image:height\" content=\"420\" \/>\n\t<meta property=\"og:image:type\" content=\"image\/jpeg\" \/>\n<meta name=\"author\" content=\"admpu17wp\" \/>\n<meta name=\"twitter:card\" content=\"summary_large_image\" \/>\n<meta name=\"twitter:creator\" content=\"@portalurbanook\" \/>\n<meta name=\"twitter:site\" content=\"@portalurbanook\" \/>\n<meta name=\"twitter:label1\" content=\"Escrito por\" \/>\n\t<meta name=\"twitter:data1\" content=\"admpu17wp\" \/>\n\t<meta name=\"twitter:label2\" content=\"Tiempo de lectura\" \/>\n\t<meta name=\"twitter:data2\" content=\"2 minutos\" \/>\n<script type=\"application\/ld+json\" class=\"yoast-schema-graph\">{\"@context\":\"https:\/\/schema.org\",\"@graph\":[{\"@type\":\"Article\",\"@id\":\"https:\/\/experienciadevida.com.ar\/portalurbano\/nuevo-parte-medico-de-hector-olivares-el-diputado-esta-inestable-y-tiene-una-falla-multiorganica\/#article\",\"isPartOf\":{\"@id\":\"https:\/\/experienciadevida.com.ar\/portalurbano\/nuevo-parte-medico-de-hector-olivares-el-diputado-esta-inestable-y-tiene-una-falla-multiorganica\/\"},\"author\":{\"name\":\"admpu17wp\",\"@id\":\"https:\/\/experienciadevida.com.ar\/portalurbano\/#\/schema\/person\/02dd326b1c4b056e9cc972486934a3a7\"},\"headline\":\"Nuevo parte m\u00e9dico de H\u00e9ctor Olivares: el diputado est\u00e1 &#8220;inestable&#8221; y tiene una &#8220;falla multiorg\u00e1nica&#8221;\",\"datePublished\":\"2019-05-11T17:50:37+00:00\",\"dateModified\":\"2019-05-11T17:50:37+00:00\",\"mainEntityOfPage\":{\"@id\":\"https:\/\/experienciadevida.com.ar\/portalurbano\/nuevo-parte-medico-de-hector-olivares-el-diputado-esta-inestable-y-tiene-una-falla-multiorganica\/\"},\"wordCount\":446,\"commentCount\":0,\"publisher\":{\"@id\":\"https:\/\/experienciadevida.com.ar\/portalurbano\/#organization\"},\"articleSection\":[\"Naci\u00f3n\"],\"inLanguage\":\"es\",\"potentialAction\":[{\"@type\":\"CommentAction\",\"name\":\"Comment\",\"target\":[\"https:\/\/experienciadevida.com.ar\/portalurbano\/nuevo-parte-medico-de-hector-olivares-el-diputado-esta-inestable-y-tiene-una-falla-multiorganica\/#respond\"]}]},{\"@type\":\"WebPage\",\"@id\":\"https:\/\/experienciadevida.com.ar\/portalurbano\/nuevo-parte-medico-de-hector-olivares-el-diputado-esta-inestable-y-tiene-una-falla-multiorganica\/\",\"url\":\"https:\/\/experienciadevida.com.ar\/portalurbano\/nuevo-parte-medico-de-hector-olivares-el-diputado-esta-inestable-y-tiene-una-falla-multiorganica\/\",\"name\":\"Nuevo parte m\u00e9dico de H\u00e9ctor Olivares: el diputado est\u00e1 \\\"inestable\\\" y tiene una \\\"falla multiorg\u00e1nica\\\" -\",\"isPartOf\":{\"@id\":\"https:\/\/experienciadevida.com.ar\/portalurbano\/#website\"},\"datePublished\":\"2019-05-11T17:50:37+00:00\",\"dateModified\":\"2019-05-11T17:50:37+00:00\",\"breadcrumb\":{\"@id\":\"https:\/\/experienciadevida.com.ar\/portalurbano\/nuevo-parte-medico-de-hector-olivares-el-diputado-esta-inestable-y-tiene-una-falla-multiorganica\/#breadcrumb\"},\"inLanguage\":\"es\",\"potentialAction\":[{\"@type\":\"ReadAction\",\"target\":[\"https:\/\/experienciadevida.com.ar\/portalurbano\/nuevo-parte-medico-de-hector-olivares-el-diputado-esta-inestable-y-tiene-una-falla-multiorganica\/\"]}]},{\"@type\":\"BreadcrumbList\",\"@id\":\"https:\/\/experienciadevida.com.ar\/portalurbano\/nuevo-parte-medico-de-hector-olivares-el-diputado-esta-inestable-y-tiene-una-falla-multiorganica\/#breadcrumb\",\"itemListElement\":[{\"@type\":\"ListItem\",\"position\":1,\"name\":\"Portada\",\"item\":\"https:\/\/experienciadevida.com.ar\/portalurbano\/\"},{\"@type\":\"ListItem\",\"position\":2,\"name\":\"Nuevo parte m\u00e9dico de H\u00e9ctor Olivares: el diputado est\u00e1 \u00abinestable\u00bb y tiene una \u00abfalla multiorg\u00e1nica\u00bb\"}]},{\"@type\":\"WebSite\",\"@id\":\"https:\/\/experienciadevida.com.ar\/portalurbano\/#website\",\"url\":\"https:\/\/experienciadevida.com.ar\/portalurbano\/\",\"name\":\"\",\"description\":\"\",\"publisher\":{\"@id\":\"https:\/\/experienciadevida.com.ar\/portalurbano\/#organization\"},\"potentialAction\":[{\"@type\":\"SearchAction\",\"target\":{\"@type\":\"EntryPoint\",\"urlTemplate\":\"https:\/\/experienciadevida.com.ar\/portalurbano\/?s={search_term_string}\"},\"query-input\":\"required name=search_term_string\"}],\"inLanguage\":\"es\"},{\"@type\":\"Organization\",\"@id\":\"https:\/\/experienciadevida.com.ar\/portalurbano\/#organization\",\"name\":\"Portal Urbano\",\"url\":\"https:\/\/experienciadevida.com.ar\/portalurbano\/\",\"logo\":{\"@type\":\"ImageObject\",\"inLanguage\":\"es\",\"@id\":\"https:\/\/experienciadevida.com.ar\/portalurbano\/#\/schema\/logo\/image\/\",\"url\":\"https:\/\/experienciadevida.com.ar\/portalurbano\/wp-content\/uploads\/2019\/09\/Logo-Original.png\",\"contentUrl\":\"https:\/\/experienciadevida.com.ar\/portalurbano\/wp-content\/uploads\/2019\/09\/Logo-Original.png\",\"width\":2236,\"height\":1216,\"caption\":\"Portal Urbano\"},\"image\":{\"@id\":\"https:\/\/experienciadevida.com.ar\/portalurbano\/#\/schema\/logo\/image\/\"},\"sameAs\":[\"https:\/\/www.facebook.com\/Portal-Urbano-171542830093757\/\",\"https:\/\/twitter.com\/portalurbanook\",\"https:\/\/www.instagram.com\/_portalurbano\/\",\"https:\/\/www.youtube.com\/channel\/UCXhagIfszH8KxFiOok79zbA?view_as=subscriber\"]},{\"@type\":\"Person\",\"@id\":\"https:\/\/experienciadevida.com.ar\/portalurbano\/#\/schema\/person\/02dd326b1c4b056e9cc972486934a3a7\",\"name\":\"admpu17wp\",\"image\":{\"@type\":\"ImageObject\",\"inLanguage\":\"es\",\"@id\":\"https:\/\/experienciadevida.com.ar\/portalurbano\/#\/schema\/person\/image\/\",\"url\":\"https:\/\/secure.gravatar.com\/avatar\/830d4c57adaae6630765e449a6908047?s=96&d=mm&r=g\",\"contentUrl\":\"https:\/\/secure.gravatar.com\/avatar\/830d4c57adaae6630765e449a6908047?s=96&d=mm&r=g\",\"caption\":\"admpu17wp\"}}]}<\/script>\n<!-- \/ Yoast SEO plugin. -->","yoast_head_json":{"title":"Nuevo parte m\u00e9dico de H\u00e9ctor Olivares: el diputado est\u00e1 \"inestable\" y tiene una \"falla multiorg\u00e1nica\" -","robots":{"index":"index","follow":"follow","max-snippet":"max-snippet:-1","max-image-preview":"max-image-preview:large","max-video-preview":"max-video-preview:-1"},"canonical":"https:\/\/experienciadevida.com.ar\/portalurbano\/nuevo-parte-medico-de-hector-olivares-el-diputado-esta-inestable-y-tiene-una-falla-multiorganica\/","og_locale":"es_ES","og_type":"article","og_title":"Nuevo parte m\u00e9dico de H\u00e9ctor Olivares: el diputado est\u00e1 \"inestable\" y tiene una \"falla multiorg\u00e1nica\" -","og_description":"Desde el Hospital Ramos Mej\u00eda volvieron a informar sobre el estado de salud del legislador...","og_url":"https:\/\/experienciadevida.com.ar\/portalurbano\/nuevo-parte-medico-de-hector-olivares-el-diputado-esta-inestable-y-tiene-una-falla-multiorganica\/","article_publisher":"https:\/\/www.facebook.com\/Portal-Urbano-171542830093757\/","article_published_time":"2019-05-11T17:50:37+00:00","og_image":[{"width":750,"height":420,"url":"https:\/\/experienciadevida.com.ar\/portalurbano\/wp-content\/uploads\/2019\/05\/0005837817-e1557596993526.jpg","type":"image\/jpeg"}],"author":"admpu17wp","twitter_card":"summary_large_image","twitter_creator":"@portalurbanook","twitter_site":"@portalurbanook","twitter_misc":{"Escrito por":"admpu17wp","Tiempo de lectura":"2 minutos"},"schema":{"@context":"https:\/\/schema.org","@graph":[{"@type":"Article","@id":"https:\/\/experienciadevida.com.ar\/portalurbano\/nuevo-parte-medico-de-hector-olivares-el-diputado-esta-inestable-y-tiene-una-falla-multiorganica\/#article","isPartOf":{"@id":"https:\/\/experienciadevida.com.ar\/portalurbano\/nuevo-parte-medico-de-hector-olivares-el-diputado-esta-inestable-y-tiene-una-falla-multiorganica\/"},"author":{"name":"admpu17wp","@id":"https:\/\/experienciadevida.com.ar\/portalurbano\/#\/schema\/person\/02dd326b1c4b056e9cc972486934a3a7"},"headline":"Nuevo parte m\u00e9dico de H\u00e9ctor Olivares: el diputado est\u00e1 &#8220;inestable&#8221; y tiene una &#8220;falla multiorg\u00e1nica&#8221;","datePublished":"2019-05-11T17:50:37+00:00","dateModified":"2019-05-11T17:50:37+00:00","mainEntityOfPage":{"@id":"https:\/\/experienciadevida.com.ar\/portalurbano\/nuevo-parte-medico-de-hector-olivares-el-diputado-esta-inestable-y-tiene-una-falla-multiorganica\/"},"wordCount":446,"commentCount":0,"publisher":{"@id":"https:\/\/experienciadevida.com.ar\/portalurbano\/#organization"},"articleSection":["Naci\u00f3n"],"inLanguage":"es","potentialAction":[{"@type":"CommentAction","name":"Comment","target":["https:\/\/experienciadevida.com.ar\/portalurbano\/nuevo-parte-medico-de-hector-olivares-el-diputado-esta-inestable-y-tiene-una-falla-multiorganica\/#respond"]}]},{"@type":"WebPage","@id":"https:\/\/experienciadevida.com.ar\/portalurbano\/nuevo-parte-medico-de-hector-olivares-el-diputado-esta-inestable-y-tiene-una-falla-multiorganica\/","url":"https:\/\/experienciadevida.com.ar\/portalurbano\/nuevo-parte-medico-de-hector-olivares-el-diputado-esta-inestable-y-tiene-una-falla-multiorganica\/","name":"Nuevo parte m\u00e9dico de H\u00e9ctor Olivares: el diputado est\u00e1 \"inestable\" y tiene una \"falla multiorg\u00e1nica\" -","isPartOf":{"@id":"https:\/\/experienciadevida.com.ar\/portalurbano\/#website"},"datePublished":"2019-05-11T17:50:37+00:00","dateModified":"2019-05-11T17:50:37+00:00","breadcrumb":{"@id":"https:\/\/experienciadevida.com.ar\/portalurbano\/nuevo-parte-medico-de-hector-olivares-el-diputado-esta-inestable-y-tiene-una-falla-multiorganica\/#breadcrumb"},"inLanguage":"es","potentialAction":[{"@type":"ReadAction","target":["https:\/\/experienciadevida.com.ar\/portalurbano\/nuevo-parte-medico-de-hector-olivares-el-diputado-esta-inestable-y-tiene-una-falla-multiorganica\/"]}]},{"@type":"BreadcrumbList","@id":"https:\/\/experienciadevida.com.ar\/portalurbano\/nuevo-parte-medico-de-hector-olivares-el-diputado-esta-inestable-y-tiene-una-falla-multiorganica\/#breadcrumb","itemListElement":[{"@type":"ListItem","position":1,"name":"Portada","item":"https:\/\/experienciadevida.com.ar\/portalurbano\/"},{"@type":"ListItem","position":2,"name":"Nuevo parte m\u00e9dico de H\u00e9ctor Olivares: el diputado est\u00e1 \u00abinestable\u00bb y tiene una \u00abfalla multiorg\u00e1nica\u00bb"}]},{"@type":"WebSite","@id":"https:\/\/experienciadevida.com.ar\/portalurbano\/#website","url":"https:\/\/experienciadevida.com.ar\/portalurbano\/","name":"","description":"","publisher":{"@id":"https:\/\/experienciadevida.com.ar\/portalurbano\/#organization"},"potentialAction":[{"@type":"SearchAction","target":{"@type":"EntryPoint","urlTemplate":"https:\/\/experienciadevida.com.ar\/portalurbano\/?s={search_term_string}"},"query-input":"required name=search_term_string"}],"inLanguage":"es"},{"@type":"Organization","@id":"https:\/\/experienciadevida.com.ar\/portalurbano\/#organization","name":"Portal Urbano","url":"https:\/\/experienciadevida.com.ar\/portalurbano\/","logo":{"@type":"ImageObject","inLanguage":"es","@id":"https:\/\/experienciadevida.com.ar\/portalurbano\/#\/schema\/logo\/image\/","url":"https:\/\/experienciadevida.com.ar\/portalurbano\/wp-content\/uploads\/2019\/09\/Logo-Original.png","contentUrl":"https:\/\/experienciadevida.com.ar\/portalurbano\/wp-content\/uploads\/2019\/09\/Logo-Original.png","width":2236,"height":1216,"caption":"Portal Urbano"},"image":{"@id":"https:\/\/experienciadevida.com.ar\/portalurbano\/#\/schema\/logo\/image\/"},"sameAs":["https:\/\/www.facebook.com\/Portal-Urbano-171542830093757\/","https:\/\/twitter.com\/portalurbanook","https:\/\/www.instagram.com\/_portalurbano\/","https:\/\/www.youtube.com\/channel\/UCXhagIfszH8KxFiOok79zbA?view_as=subscriber"]},{"@type":"Person","@id":"https:\/\/experienciadevida.com.ar\/portalurbano\/#\/schema\/person\/02dd326b1c4b056e9cc972486934a3a7","name":"admpu17wp","image":{"@type":"ImageObject","inLanguage":"es","@id":"https:\/\/experienciadevida.com.ar\/portalurbano\/#\/schema\/person\/image\/","url":"https:\/\/secure.gravatar.com\/avatar\/830d4c57adaae6630765e449a6908047?s=96&d=mm&r=g","contentUrl":"https:\/\/secure.gravatar.com\/avatar\/830d4c57adaae6630765e449a6908047?s=96&d=mm&r=g","caption":"admpu17wp"}}]}},"featured_image_urls":{"full":"","thumbnail":"","medium":"","medium_large":"","large":"","ug_big":"","1536x1536":"","2048x2048":"","newsever-slider-full":"","newsever-featured":"","newsever-medium":"","web-stories-poster-portrait":"","web-stories-publisher-logo":"","web-stories-thumbnail":""},"author_info":{"display_name":"admpu17wp","author_link":"https:\/\/experienciadevida.com.ar\/portalurbano\/author\/admpu17wp\/"},"category_info":"<a href=\"https:\/\/experienciadevida.com.ar\/portalurbano\/category\/nacion\/\" rel=\"category tag\">Naci\u00f3n<\/a>","tag_info":"Naci\u00f3n","comment_count":"0","amp_enabled":true,"_links":{"self":[{"href":"https:\/\/experienciadevida.com.ar\/portalurbano\/wp-json\/wp\/v2\/posts\/68009"}],"collection":[{"href":"https:\/\/experienciadevida.com.ar\/portalurbano\/wp-json\/wp\/v2\/posts"}],"about":[{"href":"https:\/\/experienciadevida.com.ar\/portalurbano\/wp-json\/wp\/v2\/types\/post"}],"author":[{"embeddable":true,"href":"https:\/\/experienciadevida.com.ar\/portalurbano\/wp-json\/wp\/v2\/users\/1"}],"replies":[{"embeddable":true,"href":"https:\/\/experienciadevida.com.ar\/portalurbano\/wp-json\/wp\/v2\/comments?post=68009"}],"version-history":[{"count":1,"href":"https:\/\/experienciadevida.com.ar\/portalurbano\/wp-json\/wp\/v2\/posts\/68009\/revisions"}],"predecessor-version":[{"id":68012,"href":"https:\/\/experienciadevida.com.ar\/portalurbano\/wp-json\/wp\/v2\/posts\/68009\/revisions\/68012"}],"wp:attachment":[{"href":"https:\/\/experienciadevida.com.ar\/portalurbano\/wp-json\/wp\/v2\/media?parent=68009"}],"wp:term":[{"taxonomy":"category","embeddable":true,"href":"https:\/\/experienciadevida.com.ar\/portalurbano\/wp-json\/wp\/v2\/categories?post=68009"},{"taxonomy":"post_tag","embeddable":true,"href":"https:\/\/experienciadevida.com.ar\/portalurbano\/wp-json\/wp\/v2\/tags?post=68009"}],"curies":[{"name":"wp","href":"https:\/\/api.w.org\/{rel}","templated":true}]}}