{"id":67905,"date":"2019-05-10T17:55:16","date_gmt":"2019-05-10T20:55:16","guid":{"rendered":"https:\/\/experienciadevida.com.ar\/portalurbano\/?p=67905"},"modified":"2019-05-10T17:55:16","modified_gmt":"2019-05-10T20:55:16","slug":"macri-recibio-a-la-cientifica-que-fue-a-la-tv-para-conseguir-fondos","status":"publish","type":"post","link":"https:\/\/experienciadevida.com.ar\/portalurbano\/macri-recibio-a-la-cientifica-que-fue-a-la-tv-para-conseguir-fondos\/","title":{"rendered":"Macri recibi\u00f3 a la cient\u00edfica que fue a la TV para conseguir fondos"},"content":{"rendered":"<p>El presidente Mauricio Macri recibi\u00f3 hoy en la quinta de Olivos a Marina Simian, la cient\u00edfica del Conicet que acudi\u00f3 al programa \u00bfQui\u00e9n quiere ser millonario? para recaudar fondos para su laboratorio, en el que desarrolla investigaciones para la cura del c\u00e1ncer de mama, y quien se quej\u00f3 por la falta de inversi\u00f3n en el sector.<\/p>\n<p>La bi\u00f3loga molecular busca desarrollar tratamientos para el c\u00e1ncer de mama mediante el uso combinado de drogas tradicionales y nanotecnolog\u00eda. Adem\u00e1s integra equipos interdisciplinarios para la detecci\u00f3n temprana de trastornos de aprendizaje.<\/p>\n<p>Simian gan\u00f3 un importante subsidio para sus investigaciones pero desde hace tiempo le cuesta conseguir los fondos para adquirir insumos para sus experimentos en el Instituto de Nanosistemas de la Universidad Nacional de San Mart\u00edn (Unsam) y para pagar el sueldo de su equipo (dos becarios doctorales, dos posdoctorales, un estudiante holand\u00e9s que est\u00e1 haciendo una pasant\u00eda y una t\u00e9cnica).<\/p>\n","protected":false},"excerpt":{"rendered":"<p>El presidente Mauricio Macri recibi\u00f3 hoy en la quinta de Olivos a Marina Simian, la&#8230;<\/p>\n","protected":false},"author":1,"featured_media":0,"comment_status":"open","ping_status":"open","sticky":false,"template":"","format":"standard","meta":{"content-type":""},"categories":[39],"tags":[],"nelio_content":{"isAutoShareEnabled":false,"autoShareEndMode":"default","automationSources":{"useContentSentences":true,"useSocialTemplates":true,"useCustomSentences":false,"customSentences":[]},"followers":[1],"suggestedReferences":[],"includedReferences":[],"efiUrl":"","efiAlt":"","highlights":[]},"yoast_head":"<!-- This site is optimized with the Yoast SEO plugin v20.7 - https:\/\/yoast.com\/wordpress\/plugins\/seo\/ -->\n<title>Macri recibi\u00f3 a la cient\u00edfica que fue a la TV para conseguir fondos -<\/title>\n<meta name=\"robots\" content=\"index, follow, max-snippet:-1, max-image-preview:large, max-video-preview:-1\" \/>\n<link rel=\"canonical\" href=\"https:\/\/experienciadevida.com.ar\/portalurbano\/macri-recibio-a-la-cientifica-que-fue-a-la-tv-para-conseguir-fondos\/\" \/>\n<meta property=\"og:locale\" content=\"es_ES\" \/>\n<meta property=\"og:type\" content=\"article\" \/>\n<meta property=\"og:title\" content=\"Macri recibi\u00f3 a la cient\u00edfica que fue a la TV para conseguir fondos -\" \/>\n<meta property=\"og:description\" content=\"El presidente Mauricio Macri recibi\u00f3 hoy en la quinta de Olivos a Marina Simian, la...\" \/>\n<meta property=\"og:url\" content=\"https:\/\/experienciadevida.com.ar\/portalurbano\/macri-recibio-a-la-cientifica-que-fue-a-la-tv-para-conseguir-fondos\/\" \/>\n<meta property=\"article:publisher\" content=\"https:\/\/www.facebook.com\/Portal-Urbano-171542830093757\/\" \/>\n<meta property=\"article:published_time\" content=\"2019-05-10T20:55:16+00:00\" \/>\n<meta property=\"og:image\" content=\"https:\/\/experienciadevida.com.ar\/portalurbano\/wp-content\/uploads\/2019\/05\/5cd5cc51c4c2a1557515345.jpg\" \/>\n\t<meta property=\"og:image:width\" content=\"750\" \/>\n\t<meta property=\"og:image:height\" content=\"500\" \/>\n\t<meta property=\"og:image:type\" content=\"image\/jpeg\" \/>\n<meta name=\"author\" content=\"admpu17wp\" \/>\n<meta name=\"twitter:card\" content=\"summary_large_image\" \/>\n<meta name=\"twitter:creator\" content=\"@portalurbanook\" \/>\n<meta name=\"twitter:site\" content=\"@portalurbanook\" \/>\n<meta name=\"twitter:label1\" content=\"Escrito por\" \/>\n\t<meta name=\"twitter:data1\" content=\"admpu17wp\" \/>\n\t<meta name=\"twitter:label2\" content=\"Tiempo de lectura\" \/>\n\t<meta name=\"twitter:data2\" content=\"1 minuto\" \/>\n<script type=\"application\/ld+json\" class=\"yoast-schema-graph\">{\"@context\":\"https:\/\/schema.org\",\"@graph\":[{\"@type\":\"Article\",\"@id\":\"https:\/\/experienciadevida.com.ar\/portalurbano\/macri-recibio-a-la-cientifica-que-fue-a-la-tv-para-conseguir-fondos\/#article\",\"isPartOf\":{\"@id\":\"https:\/\/experienciadevida.com.ar\/portalurbano\/macri-recibio-a-la-cientifica-que-fue-a-la-tv-para-conseguir-fondos\/\"},\"author\":{\"name\":\"admpu17wp\",\"@id\":\"https:\/\/experienciadevida.com.ar\/portalurbano\/#\/schema\/person\/02dd326b1c4b056e9cc972486934a3a7\"},\"headline\":\"Macri recibi\u00f3 a la cient\u00edfica que fue a la TV para conseguir fondos\",\"datePublished\":\"2019-05-10T20:55:16+00:00\",\"dateModified\":\"2019-05-10T20:55:16+00:00\",\"mainEntityOfPage\":{\"@id\":\"https:\/\/experienciadevida.com.ar\/portalurbano\/macri-recibio-a-la-cientifica-que-fue-a-la-tv-para-conseguir-fondos\/\"},\"wordCount\":175,\"commentCount\":0,\"publisher\":{\"@id\":\"https:\/\/experienciadevida.com.ar\/portalurbano\/#organization\"},\"articleSection\":[\"Naci\u00f3n\"],\"inLanguage\":\"es\",\"potentialAction\":[{\"@type\":\"CommentAction\",\"name\":\"Comment\",\"target\":[\"https:\/\/experienciadevida.com.ar\/portalurbano\/macri-recibio-a-la-cientifica-que-fue-a-la-tv-para-conseguir-fondos\/#respond\"]}]},{\"@type\":\"WebPage\",\"@id\":\"https:\/\/experienciadevida.com.ar\/portalurbano\/macri-recibio-a-la-cientifica-que-fue-a-la-tv-para-conseguir-fondos\/\",\"url\":\"https:\/\/experienciadevida.com.ar\/portalurbano\/macri-recibio-a-la-cientifica-que-fue-a-la-tv-para-conseguir-fondos\/\",\"name\":\"Macri recibi\u00f3 a la cient\u00edfica que fue a la TV para conseguir fondos -\",\"isPartOf\":{\"@id\":\"https:\/\/experienciadevida.com.ar\/portalurbano\/#website\"},\"datePublished\":\"2019-05-10T20:55:16+00:00\",\"dateModified\":\"2019-05-10T20:55:16+00:00\",\"breadcrumb\":{\"@id\":\"https:\/\/experienciadevida.com.ar\/portalurbano\/macri-recibio-a-la-cientifica-que-fue-a-la-tv-para-conseguir-fondos\/#breadcrumb\"},\"inLanguage\":\"es\",\"potentialAction\":[{\"@type\":\"ReadAction\",\"target\":[\"https:\/\/experienciadevida.com.ar\/portalurbano\/macri-recibio-a-la-cientifica-que-fue-a-la-tv-para-conseguir-fondos\/\"]}]},{\"@type\":\"BreadcrumbList\",\"@id\":\"https:\/\/experienciadevida.com.ar\/portalurbano\/macri-recibio-a-la-cientifica-que-fue-a-la-tv-para-conseguir-fondos\/#breadcrumb\",\"itemListElement\":[{\"@type\":\"ListItem\",\"position\":1,\"name\":\"Portada\",\"item\":\"https:\/\/experienciadevida.com.ar\/portalurbano\/\"},{\"@type\":\"ListItem\",\"position\":2,\"name\":\"Macri recibi\u00f3 a la cient\u00edfica que fue a la TV para conseguir fondos\"}]},{\"@type\":\"WebSite\",\"@id\":\"https:\/\/experienciadevida.com.ar\/portalurbano\/#website\",\"url\":\"https:\/\/experienciadevida.com.ar\/portalurbano\/\",\"name\":\"\",\"description\":\"\",\"publisher\":{\"@id\":\"https:\/\/experienciadevida.com.ar\/portalurbano\/#organization\"},\"potentialAction\":[{\"@type\":\"SearchAction\",\"target\":{\"@type\":\"EntryPoint\",\"urlTemplate\":\"https:\/\/experienciadevida.com.ar\/portalurbano\/?s={search_term_string}\"},\"query-input\":\"required name=search_term_string\"}],\"inLanguage\":\"es\"},{\"@type\":\"Organization\",\"@id\":\"https:\/\/experienciadevida.com.ar\/portalurbano\/#organization\",\"name\":\"Portal Urbano\",\"url\":\"https:\/\/experienciadevida.com.ar\/portalurbano\/\",\"logo\":{\"@type\":\"ImageObject\",\"inLanguage\":\"es\",\"@id\":\"https:\/\/experienciadevida.com.ar\/portalurbano\/#\/schema\/logo\/image\/\",\"url\":\"https:\/\/experienciadevida.com.ar\/portalurbano\/wp-content\/uploads\/2019\/09\/Logo-Original.png\",\"contentUrl\":\"https:\/\/experienciadevida.com.ar\/portalurbano\/wp-content\/uploads\/2019\/09\/Logo-Original.png\",\"width\":2236,\"height\":1216,\"caption\":\"Portal Urbano\"},\"image\":{\"@id\":\"https:\/\/experienciadevida.com.ar\/portalurbano\/#\/schema\/logo\/image\/\"},\"sameAs\":[\"https:\/\/www.facebook.com\/Portal-Urbano-171542830093757\/\",\"https:\/\/twitter.com\/portalurbanook\",\"https:\/\/www.instagram.com\/_portalurbano\/\",\"https:\/\/www.youtube.com\/channel\/UCXhagIfszH8KxFiOok79zbA?view_as=subscriber\"]},{\"@type\":\"Person\",\"@id\":\"https:\/\/experienciadevida.com.ar\/portalurbano\/#\/schema\/person\/02dd326b1c4b056e9cc972486934a3a7\",\"name\":\"admpu17wp\",\"image\":{\"@type\":\"ImageObject\",\"inLanguage\":\"es\",\"@id\":\"https:\/\/experienciadevida.com.ar\/portalurbano\/#\/schema\/person\/image\/\",\"url\":\"https:\/\/secure.gravatar.com\/avatar\/830d4c57adaae6630765e449a6908047?s=96&d=mm&r=g\",\"contentUrl\":\"https:\/\/secure.gravatar.com\/avatar\/830d4c57adaae6630765e449a6908047?s=96&d=mm&r=g\",\"caption\":\"admpu17wp\"}}]}<\/script>\n<!-- \/ Yoast SEO plugin. -->","yoast_head_json":{"title":"Macri recibi\u00f3 a la cient\u00edfica que fue a la TV para conseguir fondos -","robots":{"index":"index","follow":"follow","max-snippet":"max-snippet:-1","max-image-preview":"max-image-preview:large","max-video-preview":"max-video-preview:-1"},"canonical":"https:\/\/experienciadevida.com.ar\/portalurbano\/macri-recibio-a-la-cientifica-que-fue-a-la-tv-para-conseguir-fondos\/","og_locale":"es_ES","og_type":"article","og_title":"Macri recibi\u00f3 a la cient\u00edfica que fue a la TV para conseguir fondos -","og_description":"El presidente Mauricio Macri recibi\u00f3 hoy en la quinta de Olivos a Marina Simian, la...","og_url":"https:\/\/experienciadevida.com.ar\/portalurbano\/macri-recibio-a-la-cientifica-que-fue-a-la-tv-para-conseguir-fondos\/","article_publisher":"https:\/\/www.facebook.com\/Portal-Urbano-171542830093757\/","article_published_time":"2019-05-10T20:55:16+00:00","og_image":[{"width":750,"height":500,"url":"https:\/\/experienciadevida.com.ar\/portalurbano\/wp-content\/uploads\/2019\/05\/5cd5cc51c4c2a1557515345.jpg","type":"image\/jpeg"}],"author":"admpu17wp","twitter_card":"summary_large_image","twitter_creator":"@portalurbanook","twitter_site":"@portalurbanook","twitter_misc":{"Escrito por":"admpu17wp","Tiempo de lectura":"1 minuto"},"schema":{"@context":"https:\/\/schema.org","@graph":[{"@type":"Article","@id":"https:\/\/experienciadevida.com.ar\/portalurbano\/macri-recibio-a-la-cientifica-que-fue-a-la-tv-para-conseguir-fondos\/#article","isPartOf":{"@id":"https:\/\/experienciadevida.com.ar\/portalurbano\/macri-recibio-a-la-cientifica-que-fue-a-la-tv-para-conseguir-fondos\/"},"author":{"name":"admpu17wp","@id":"https:\/\/experienciadevida.com.ar\/portalurbano\/#\/schema\/person\/02dd326b1c4b056e9cc972486934a3a7"},"headline":"Macri recibi\u00f3 a la cient\u00edfica que fue a la TV para conseguir fondos","datePublished":"2019-05-10T20:55:16+00:00","dateModified":"2019-05-10T20:55:16+00:00","mainEntityOfPage":{"@id":"https:\/\/experienciadevida.com.ar\/portalurbano\/macri-recibio-a-la-cientifica-que-fue-a-la-tv-para-conseguir-fondos\/"},"wordCount":175,"commentCount":0,"publisher":{"@id":"https:\/\/experienciadevida.com.ar\/portalurbano\/#organization"},"articleSection":["Naci\u00f3n"],"inLanguage":"es","potentialAction":[{"@type":"CommentAction","name":"Comment","target":["https:\/\/experienciadevida.com.ar\/portalurbano\/macri-recibio-a-la-cientifica-que-fue-a-la-tv-para-conseguir-fondos\/#respond"]}]},{"@type":"WebPage","@id":"https:\/\/experienciadevida.com.ar\/portalurbano\/macri-recibio-a-la-cientifica-que-fue-a-la-tv-para-conseguir-fondos\/","url":"https:\/\/experienciadevida.com.ar\/portalurbano\/macri-recibio-a-la-cientifica-que-fue-a-la-tv-para-conseguir-fondos\/","name":"Macri recibi\u00f3 a la cient\u00edfica que fue a la TV para conseguir fondos -","isPartOf":{"@id":"https:\/\/experienciadevida.com.ar\/portalurbano\/#website"},"datePublished":"2019-05-10T20:55:16+00:00","dateModified":"2019-05-10T20:55:16+00:00","breadcrumb":{"@id":"https:\/\/experienciadevida.com.ar\/portalurbano\/macri-recibio-a-la-cientifica-que-fue-a-la-tv-para-conseguir-fondos\/#breadcrumb"},"inLanguage":"es","potentialAction":[{"@type":"ReadAction","target":["https:\/\/experienciadevida.com.ar\/portalurbano\/macri-recibio-a-la-cientifica-que-fue-a-la-tv-para-conseguir-fondos\/"]}]},{"@type":"BreadcrumbList","@id":"https:\/\/experienciadevida.com.ar\/portalurbano\/macri-recibio-a-la-cientifica-que-fue-a-la-tv-para-conseguir-fondos\/#breadcrumb","itemListElement":[{"@type":"ListItem","position":1,"name":"Portada","item":"https:\/\/experienciadevida.com.ar\/portalurbano\/"},{"@type":"ListItem","position":2,"name":"Macri recibi\u00f3 a la cient\u00edfica que fue a la TV para conseguir fondos"}]},{"@type":"WebSite","@id":"https:\/\/experienciadevida.com.ar\/portalurbano\/#website","url":"https:\/\/experienciadevida.com.ar\/portalurbano\/","name":"","description":"","publisher":{"@id":"https:\/\/experienciadevida.com.ar\/portalurbano\/#organization"},"potentialAction":[{"@type":"SearchAction","target":{"@type":"EntryPoint","urlTemplate":"https:\/\/experienciadevida.com.ar\/portalurbano\/?s={search_term_string}"},"query-input":"required name=search_term_string"}],"inLanguage":"es"},{"@type":"Organization","@id":"https:\/\/experienciadevida.com.ar\/portalurbano\/#organization","name":"Portal Urbano","url":"https:\/\/experienciadevida.com.ar\/portalurbano\/","logo":{"@type":"ImageObject","inLanguage":"es","@id":"https:\/\/experienciadevida.com.ar\/portalurbano\/#\/schema\/logo\/image\/","url":"https:\/\/experienciadevida.com.ar\/portalurbano\/wp-content\/uploads\/2019\/09\/Logo-Original.png","contentUrl":"https:\/\/experienciadevida.com.ar\/portalurbano\/wp-content\/uploads\/2019\/09\/Logo-Original.png","width":2236,"height":1216,"caption":"Portal Urbano"},"image":{"@id":"https:\/\/experienciadevida.com.ar\/portalurbano\/#\/schema\/logo\/image\/"},"sameAs":["https:\/\/www.facebook.com\/Portal-Urbano-171542830093757\/","https:\/\/twitter.com\/portalurbanook","https:\/\/www.instagram.com\/_portalurbano\/","https:\/\/www.youtube.com\/channel\/UCXhagIfszH8KxFiOok79zbA?view_as=subscriber"]},{"@type":"Person","@id":"https:\/\/experienciadevida.com.ar\/portalurbano\/#\/schema\/person\/02dd326b1c4b056e9cc972486934a3a7","name":"admpu17wp","image":{"@type":"ImageObject","inLanguage":"es","@id":"https:\/\/experienciadevida.com.ar\/portalurbano\/#\/schema\/person\/image\/","url":"https:\/\/secure.gravatar.com\/avatar\/830d4c57adaae6630765e449a6908047?s=96&d=mm&r=g","contentUrl":"https:\/\/secure.gravatar.com\/avatar\/830d4c57adaae6630765e449a6908047?s=96&d=mm&r=g","caption":"admpu17wp"}}]}},"featured_image_urls":{"full":"","thumbnail":"","medium":"","medium_large":"","large":"","ug_big":"","1536x1536":"","2048x2048":"","newsever-slider-full":"","newsever-featured":"","newsever-medium":"","web-stories-poster-portrait":"","web-stories-publisher-logo":"","web-stories-thumbnail":""},"author_info":{"display_name":"admpu17wp","author_link":"https:\/\/experienciadevida.com.ar\/portalurbano\/author\/admpu17wp\/"},"category_info":"<a href=\"https:\/\/experienciadevida.com.ar\/portalurbano\/category\/nacion\/\" rel=\"category tag\">Naci\u00f3n<\/a>","tag_info":"Naci\u00f3n","comment_count":"0","amp_enabled":true,"_links":{"self":[{"href":"https:\/\/experienciadevida.com.ar\/portalurbano\/wp-json\/wp\/v2\/posts\/67905"}],"collection":[{"href":"https:\/\/experienciadevida.com.ar\/portalurbano\/wp-json\/wp\/v2\/posts"}],"about":[{"href":"https:\/\/experienciadevida.com.ar\/portalurbano\/wp-json\/wp\/v2\/types\/post"}],"author":[{"embeddable":true,"href":"https:\/\/experienciadevida.com.ar\/portalurbano\/wp-json\/wp\/v2\/users\/1"}],"replies":[{"embeddable":true,"href":"https:\/\/experienciadevida.com.ar\/portalurbano\/wp-json\/wp\/v2\/comments?post=67905"}],"version-history":[{"count":1,"href":"https:\/\/experienciadevida.com.ar\/portalurbano\/wp-json\/wp\/v2\/posts\/67905\/revisions"}],"predecessor-version":[{"id":67907,"href":"https:\/\/experienciadevida.com.ar\/portalurbano\/wp-json\/wp\/v2\/posts\/67905\/revisions\/67907"}],"wp:attachment":[{"href":"https:\/\/experienciadevida.com.ar\/portalurbano\/wp-json\/wp\/v2\/media?parent=67905"}],"wp:term":[{"taxonomy":"category","embeddable":true,"href":"https:\/\/experienciadevida.com.ar\/portalurbano\/wp-json\/wp\/v2\/categories?post=67905"},{"taxonomy":"post_tag","embeddable":true,"href":"https:\/\/experienciadevida.com.ar\/portalurbano\/wp-json\/wp\/v2\/tags?post=67905"}],"curies":[{"name":"wp","href":"https:\/\/api.w.org\/{rel}","templated":true}]}}