{"id":67534,"date":"2019-05-07T12:51:03","date_gmt":"2019-05-07T15:51:03","guid":{"rendered":"https:\/\/experienciadevida.com.ar\/portalurbano\/?p=67534"},"modified":"2019-05-07T12:51:17","modified_gmt":"2019-05-07T15:51:17","slug":"eva-peron-esa-mujer-a-la-que-nos-seguimos-aferrando","status":"publish","type":"post","link":"https:\/\/experienciadevida.com.ar\/portalurbano\/eva-peron-esa-mujer-a-la-que-nos-seguimos-aferrando\/","title":{"rendered":"Eva Per\u00f3n, esa mujer a la que nos seguimos aferrando"},"content":{"rendered":"<article id=\"article-post\" class=\"first\">\n<p class=\"interiorCopete\">El mito no pierde fuerza. Evita sigue siendo un s\u00edmbolo de lucha, una inspiraci\u00f3n para las clases trabajadoras y una ofensa para la oligarqu\u00eda conservadora. Fan\u00e1ticos y detractores, todos se encargan de mantenerla viva.<\/p>\n<p>Su temprana muerte la mantuvo intacta. Como todo \u00edcono popular que se va antes de tiempo, desde <strong>Mozart<\/strong>\u00a0hasta\u00a0<strong>Ernesto Che Guevara<\/strong>: ella siempre est\u00e1<strong>\u00a0esplendorosa en el imaginario colectivo<\/strong>.<\/p>\n<div class=\"cuerpo\" data-twitter-link=\"https:\/\/twitter.com\/intent\/tweet?url=https:\/\/www.diariopopular.com.ar\/\/c392418&amp;via=poopulardiario&amp;related=Diario Popular&amp;text=\">\n<p>Ese perfil inconfundible se grab\u00f3 en el coraz\u00f3n del pueblo, se tat\u00faa en cuerpos y se estampa en banderas, remeras, cuadros, amuletos y carteles para atraer comensales. Y, por supuesto que tambi\u00e9n en ese billete que cada d\u00eda vale menos y perder\u00e1 mucho m\u00e1s cuando la taruca reemplace por completo a la mujer argentina m\u00e1s importante del Siglo XX. Pero el incuestionable atractivo de su imagen no la relativiza ni la convierte en un souvenir.\u00a0<em>Esa mujer<\/em>\u2013como le dir\u00eda el coronel a\u00a0<strong>Rodolfo Walsh<\/strong>-, a quien ni siquiera es necesario mencionar, representa lo mismo que llev\u00f3 a muchos a tratarla como su mes\u00edas.<\/p>\n<div id=\"div-gpt-ad-nota-261632\" class=\"banner-90\" data-mapping=\"mapping9\" data-google-query-id=\"CLP7orThieICFWPI4wcdJJsCFw\">\n<div id=\"google_ads_iframe_\/7581181\/dp_universal_0__container__\">En el centenario de su nacimiento, el mito est\u00e1 m\u00e1s vivo que nunca. <strong>Mar\u00eda Eva Duarte de Per\u00f3n<\/strong>\u00a0es un s\u00edmbolo de esperanza, una inspiraci\u00f3n para no resignar las ambiciones. No hay gobiernos, historiadores, novelistas, guionistas o discusiones en sobremesas familiares que hayan logrado eso que busc\u00f3 el c\u00e1ncer. Y es que en sus intentos de desmitificarla o erradicarla con persecuciones metaf\u00edsicas, s\u00f3lo agigantaron m\u00e1s el fen\u00f3meno.<\/div>\n<div><\/div>\n<div>Quiz\u00e1s el paso del tiempo se encarg\u00f3 de sacarle esa condici\u00f3n de diosa pagana a la cual rezarle en un altar con fotos arrancadas de revistas, pero ahora es algo mucho m\u00e1s cercano: una joven que le puso el cuerpo a pol\u00edticas transformadoras. Con sus errores y sus vanidades \u2013que no son esas que a\u00fan estremecen a la oligarqu\u00eda-, como todo gran personaje de la historia universal.<\/div>\n<\/div>\n<\/div>\n<\/article>\n<article id=\"article-post\">\n<div class=\"cuerpo\" data-twitter-link=\"https:\/\/twitter.com\/intent\/tweet?url=https:\/\/www.diariopopular.com.ar\/\/c392418&amp;via=poopulardiario&amp;related=Diario Popular&amp;text=\">\n<p>\u201cEva era y sigue siendo todo: en la Argentina es todav\u00eda la Cenicienta de las telenovelas, la nostalgia de haber sido lo que nunca fuimos, la mujer del l\u00e1tigo, la madre celestial. Afuera es el poder, la muerta joven, la hiena compasiva que desde los balcones del m\u00e1s all\u00e1 declama: No llores por m\u00ed Argentina\u201d, escribi\u00f3\u00a0<strong>Tom\u00e1s Eloy Mart\u00ednez<\/strong>.<\/p>\n<div id=\"sc_intxt_container\">\n<div>\n<div id=\"sc_ava_companion\" class=\"sc_intxt_hided\">\n<p>Pero a\u00fan con lo aproximada de esta caracterizaci\u00f3n, su descripci\u00f3n pertenece al a\u00f1o de su publicaci\u00f3n (1997). En las \u00faltimas d\u00e9cadas, alimentada un poco por el kirchnerismo y los cambios culturales, la figura de Evita se enalteci\u00f3.<\/p>\n<p>Para los m\u00e1s j\u00f3venes, se trata de una bastarda humilde que se anim\u00f3 a volcar sus ambiciones pol\u00edticas en \u00e1mbitos machistas y nunca se arrodill\u00f3 ante ninguna instituci\u00f3n. Como dir\u00eda <strong>Jos\u00e9 Pablo Feinmann<\/strong>, tambi\u00e9n es la responsable de acercar a Juan Domingo al pueblo y alejarlo de los cuarteles.<\/p>\n<\/div>\n<\/div>\n<\/div>\n<p>Sus detractores se seguir\u00e1n apoyando en que la leyenda de Evita se escribi\u00f3 y se construy\u00f3 desde el poder. Pero el amor no se puede imponer con una \u201cmentira oficial\u201d ni mucho menos trascender como lo ha hecho. Esa mujer enamor\u00f3 a los descamisados por virtudes propias que mantienen el idilio con nuevas generaciones que se siguen aferrando a sus principios. Y es que cada vez que se revindican luchas al grito de \u201csi evita viviera\u201d, lo que se est\u00e1 haciendo es no dejarla morir. \u201cVolver\u00e9 y ser\u00e9 millones\u201d, dijo. Y cumpli\u00f3.<\/p>\n<\/div>\n<\/article>\n","protected":false},"excerpt":{"rendered":"<p>El mito no pierde fuerza. Evita sigue siendo un s\u00edmbolo de lucha, una inspiraci\u00f3n para&#8230;<\/p>\n","protected":false},"author":1,"featured_media":0,"comment_status":"open","ping_status":"open","sticky":false,"template":"","format":"standard","meta":{"content-type":""},"categories":[39],"tags":[],"nelio_content":{"isAutoShareEnabled":false,"autoShareEndMode":"default","automationSources":{"useContentSentences":true,"useSocialTemplates":true,"useCustomSentences":false,"customSentences":[]},"followers":[1],"suggestedReferences":[],"includedReferences":[],"efiUrl":"","efiAlt":"","highlights":[]},"yoast_head":"<!-- This site is optimized with the Yoast SEO plugin v20.7 - https:\/\/yoast.com\/wordpress\/plugins\/seo\/ -->\n<title>Eva Per\u00f3n, esa mujer a la que nos seguimos aferrando -<\/title>\n<meta name=\"robots\" content=\"index, follow, max-snippet:-1, max-image-preview:large, max-video-preview:-1\" \/>\n<link rel=\"canonical\" href=\"https:\/\/experienciadevida.com.ar\/portalurbano\/eva-peron-esa-mujer-a-la-que-nos-seguimos-aferrando\/\" \/>\n<meta property=\"og:locale\" content=\"es_ES\" \/>\n<meta property=\"og:type\" content=\"article\" \/>\n<meta property=\"og:title\" content=\"Eva Per\u00f3n, esa mujer a la que nos seguimos aferrando -\" \/>\n<meta property=\"og:description\" content=\"El mito no pierde fuerza. Evita sigue siendo un s\u00edmbolo de lucha, una inspiraci\u00f3n para...\" \/>\n<meta property=\"og:url\" content=\"https:\/\/experienciadevida.com.ar\/portalurbano\/eva-peron-esa-mujer-a-la-que-nos-seguimos-aferrando\/\" \/>\n<meta property=\"article:publisher\" content=\"https:\/\/www.facebook.com\/Portal-Urbano-171542830093757\/\" \/>\n<meta property=\"article:published_time\" content=\"2019-05-07T15:51:03+00:00\" \/>\n<meta property=\"article:modified_time\" content=\"2019-05-07T15:51:17+00:00\" \/>\n<meta property=\"og:image\" content=\"https:\/\/experienciadevida.com.ar\/portalurbano\/wp-content\/uploads\/2019\/05\/0005824153-e1557244043680.jpg\" \/>\n\t<meta property=\"og:image:width\" content=\"750\" \/>\n\t<meta property=\"og:image:height\" content=\"468\" \/>\n\t<meta property=\"og:image:type\" content=\"image\/jpeg\" \/>\n<meta name=\"author\" content=\"admpu17wp\" \/>\n<meta name=\"twitter:card\" content=\"summary_large_image\" \/>\n<meta name=\"twitter:creator\" content=\"@portalurbanook\" \/>\n<meta name=\"twitter:site\" content=\"@portalurbanook\" \/>\n<meta name=\"twitter:label1\" content=\"Escrito por\" \/>\n\t<meta name=\"twitter:data1\" content=\"admpu17wp\" \/>\n\t<meta name=\"twitter:label2\" content=\"Tiempo de lectura\" \/>\n\t<meta name=\"twitter:data2\" content=\"3 minutos\" \/>\n<script type=\"application\/ld+json\" class=\"yoast-schema-graph\">{\"@context\":\"https:\/\/schema.org\",\"@graph\":[{\"@type\":\"Article\",\"@id\":\"https:\/\/experienciadevida.com.ar\/portalurbano\/eva-peron-esa-mujer-a-la-que-nos-seguimos-aferrando\/#article\",\"isPartOf\":{\"@id\":\"https:\/\/experienciadevida.com.ar\/portalurbano\/eva-peron-esa-mujer-a-la-que-nos-seguimos-aferrando\/\"},\"author\":{\"name\":\"admpu17wp\",\"@id\":\"https:\/\/experienciadevida.com.ar\/portalurbano\/#\/schema\/person\/02dd326b1c4b056e9cc972486934a3a7\"},\"headline\":\"Eva Per\u00f3n, esa mujer a la que nos seguimos aferrando\",\"datePublished\":\"2019-05-07T15:51:03+00:00\",\"dateModified\":\"2019-05-07T15:51:17+00:00\",\"mainEntityOfPage\":{\"@id\":\"https:\/\/experienciadevida.com.ar\/portalurbano\/eva-peron-esa-mujer-a-la-que-nos-seguimos-aferrando\/\"},\"wordCount\":595,\"commentCount\":0,\"publisher\":{\"@id\":\"https:\/\/experienciadevida.com.ar\/portalurbano\/#organization\"},\"articleSection\":[\"Naci\u00f3n\"],\"inLanguage\":\"es\",\"potentialAction\":[{\"@type\":\"CommentAction\",\"name\":\"Comment\",\"target\":[\"https:\/\/experienciadevida.com.ar\/portalurbano\/eva-peron-esa-mujer-a-la-que-nos-seguimos-aferrando\/#respond\"]}]},{\"@type\":\"WebPage\",\"@id\":\"https:\/\/experienciadevida.com.ar\/portalurbano\/eva-peron-esa-mujer-a-la-que-nos-seguimos-aferrando\/\",\"url\":\"https:\/\/experienciadevida.com.ar\/portalurbano\/eva-peron-esa-mujer-a-la-que-nos-seguimos-aferrando\/\",\"name\":\"Eva Per\u00f3n, esa mujer a la que nos seguimos aferrando -\",\"isPartOf\":{\"@id\":\"https:\/\/experienciadevida.com.ar\/portalurbano\/#website\"},\"datePublished\":\"2019-05-07T15:51:03+00:00\",\"dateModified\":\"2019-05-07T15:51:17+00:00\",\"breadcrumb\":{\"@id\":\"https:\/\/experienciadevida.com.ar\/portalurbano\/eva-peron-esa-mujer-a-la-que-nos-seguimos-aferrando\/#breadcrumb\"},\"inLanguage\":\"es\",\"potentialAction\":[{\"@type\":\"ReadAction\",\"target\":[\"https:\/\/experienciadevida.com.ar\/portalurbano\/eva-peron-esa-mujer-a-la-que-nos-seguimos-aferrando\/\"]}]},{\"@type\":\"BreadcrumbList\",\"@id\":\"https:\/\/experienciadevida.com.ar\/portalurbano\/eva-peron-esa-mujer-a-la-que-nos-seguimos-aferrando\/#breadcrumb\",\"itemListElement\":[{\"@type\":\"ListItem\",\"position\":1,\"name\":\"Portada\",\"item\":\"https:\/\/experienciadevida.com.ar\/portalurbano\/\"},{\"@type\":\"ListItem\",\"position\":2,\"name\":\"Eva Per\u00f3n, esa mujer a la que nos seguimos aferrando\"}]},{\"@type\":\"WebSite\",\"@id\":\"https:\/\/experienciadevida.com.ar\/portalurbano\/#website\",\"url\":\"https:\/\/experienciadevida.com.ar\/portalurbano\/\",\"name\":\"\",\"description\":\"\",\"publisher\":{\"@id\":\"https:\/\/experienciadevida.com.ar\/portalurbano\/#organization\"},\"potentialAction\":[{\"@type\":\"SearchAction\",\"target\":{\"@type\":\"EntryPoint\",\"urlTemplate\":\"https:\/\/experienciadevida.com.ar\/portalurbano\/?s={search_term_string}\"},\"query-input\":\"required name=search_term_string\"}],\"inLanguage\":\"es\"},{\"@type\":\"Organization\",\"@id\":\"https:\/\/experienciadevida.com.ar\/portalurbano\/#organization\",\"name\":\"Portal Urbano\",\"url\":\"https:\/\/experienciadevida.com.ar\/portalurbano\/\",\"logo\":{\"@type\":\"ImageObject\",\"inLanguage\":\"es\",\"@id\":\"https:\/\/experienciadevida.com.ar\/portalurbano\/#\/schema\/logo\/image\/\",\"url\":\"https:\/\/experienciadevida.com.ar\/portalurbano\/wp-content\/uploads\/2019\/09\/Logo-Original.png\",\"contentUrl\":\"https:\/\/experienciadevida.com.ar\/portalurbano\/wp-content\/uploads\/2019\/09\/Logo-Original.png\",\"width\":2236,\"height\":1216,\"caption\":\"Portal Urbano\"},\"image\":{\"@id\":\"https:\/\/experienciadevida.com.ar\/portalurbano\/#\/schema\/logo\/image\/\"},\"sameAs\":[\"https:\/\/www.facebook.com\/Portal-Urbano-171542830093757\/\",\"https:\/\/twitter.com\/portalurbanook\",\"https:\/\/www.instagram.com\/_portalurbano\/\",\"https:\/\/www.youtube.com\/channel\/UCXhagIfszH8KxFiOok79zbA?view_as=subscriber\"]},{\"@type\":\"Person\",\"@id\":\"https:\/\/experienciadevida.com.ar\/portalurbano\/#\/schema\/person\/02dd326b1c4b056e9cc972486934a3a7\",\"name\":\"admpu17wp\",\"image\":{\"@type\":\"ImageObject\",\"inLanguage\":\"es\",\"@id\":\"https:\/\/experienciadevida.com.ar\/portalurbano\/#\/schema\/person\/image\/\",\"url\":\"https:\/\/secure.gravatar.com\/avatar\/830d4c57adaae6630765e449a6908047?s=96&d=mm&r=g\",\"contentUrl\":\"https:\/\/secure.gravatar.com\/avatar\/830d4c57adaae6630765e449a6908047?s=96&d=mm&r=g\",\"caption\":\"admpu17wp\"}}]}<\/script>\n<!-- \/ Yoast SEO plugin. -->","yoast_head_json":{"title":"Eva Per\u00f3n, esa mujer a la que nos seguimos aferrando -","robots":{"index":"index","follow":"follow","max-snippet":"max-snippet:-1","max-image-preview":"max-image-preview:large","max-video-preview":"max-video-preview:-1"},"canonical":"https:\/\/experienciadevida.com.ar\/portalurbano\/eva-peron-esa-mujer-a-la-que-nos-seguimos-aferrando\/","og_locale":"es_ES","og_type":"article","og_title":"Eva Per\u00f3n, esa mujer a la que nos seguimos aferrando -","og_description":"El mito no pierde fuerza. Evita sigue siendo un s\u00edmbolo de lucha, una inspiraci\u00f3n para...","og_url":"https:\/\/experienciadevida.com.ar\/portalurbano\/eva-peron-esa-mujer-a-la-que-nos-seguimos-aferrando\/","article_publisher":"https:\/\/www.facebook.com\/Portal-Urbano-171542830093757\/","article_published_time":"2019-05-07T15:51:03+00:00","article_modified_time":"2019-05-07T15:51:17+00:00","og_image":[{"width":750,"height":468,"url":"https:\/\/experienciadevida.com.ar\/portalurbano\/wp-content\/uploads\/2019\/05\/0005824153-e1557244043680.jpg","type":"image\/jpeg"}],"author":"admpu17wp","twitter_card":"summary_large_image","twitter_creator":"@portalurbanook","twitter_site":"@portalurbanook","twitter_misc":{"Escrito por":"admpu17wp","Tiempo de lectura":"3 minutos"},"schema":{"@context":"https:\/\/schema.org","@graph":[{"@type":"Article","@id":"https:\/\/experienciadevida.com.ar\/portalurbano\/eva-peron-esa-mujer-a-la-que-nos-seguimos-aferrando\/#article","isPartOf":{"@id":"https:\/\/experienciadevida.com.ar\/portalurbano\/eva-peron-esa-mujer-a-la-que-nos-seguimos-aferrando\/"},"author":{"name":"admpu17wp","@id":"https:\/\/experienciadevida.com.ar\/portalurbano\/#\/schema\/person\/02dd326b1c4b056e9cc972486934a3a7"},"headline":"Eva Per\u00f3n, esa mujer a la que nos seguimos aferrando","datePublished":"2019-05-07T15:51:03+00:00","dateModified":"2019-05-07T15:51:17+00:00","mainEntityOfPage":{"@id":"https:\/\/experienciadevida.com.ar\/portalurbano\/eva-peron-esa-mujer-a-la-que-nos-seguimos-aferrando\/"},"wordCount":595,"commentCount":0,"publisher":{"@id":"https:\/\/experienciadevida.com.ar\/portalurbano\/#organization"},"articleSection":["Naci\u00f3n"],"inLanguage":"es","potentialAction":[{"@type":"CommentAction","name":"Comment","target":["https:\/\/experienciadevida.com.ar\/portalurbano\/eva-peron-esa-mujer-a-la-que-nos-seguimos-aferrando\/#respond"]}]},{"@type":"WebPage","@id":"https:\/\/experienciadevida.com.ar\/portalurbano\/eva-peron-esa-mujer-a-la-que-nos-seguimos-aferrando\/","url":"https:\/\/experienciadevida.com.ar\/portalurbano\/eva-peron-esa-mujer-a-la-que-nos-seguimos-aferrando\/","name":"Eva Per\u00f3n, esa mujer a la que nos seguimos aferrando -","isPartOf":{"@id":"https:\/\/experienciadevida.com.ar\/portalurbano\/#website"},"datePublished":"2019-05-07T15:51:03+00:00","dateModified":"2019-05-07T15:51:17+00:00","breadcrumb":{"@id":"https:\/\/experienciadevida.com.ar\/portalurbano\/eva-peron-esa-mujer-a-la-que-nos-seguimos-aferrando\/#breadcrumb"},"inLanguage":"es","potentialAction":[{"@type":"ReadAction","target":["https:\/\/experienciadevida.com.ar\/portalurbano\/eva-peron-esa-mujer-a-la-que-nos-seguimos-aferrando\/"]}]},{"@type":"BreadcrumbList","@id":"https:\/\/experienciadevida.com.ar\/portalurbano\/eva-peron-esa-mujer-a-la-que-nos-seguimos-aferrando\/#breadcrumb","itemListElement":[{"@type":"ListItem","position":1,"name":"Portada","item":"https:\/\/experienciadevida.com.ar\/portalurbano\/"},{"@type":"ListItem","position":2,"name":"Eva Per\u00f3n, esa mujer a la que nos seguimos aferrando"}]},{"@type":"WebSite","@id":"https:\/\/experienciadevida.com.ar\/portalurbano\/#website","url":"https:\/\/experienciadevida.com.ar\/portalurbano\/","name":"","description":"","publisher":{"@id":"https:\/\/experienciadevida.com.ar\/portalurbano\/#organization"},"potentialAction":[{"@type":"SearchAction","target":{"@type":"EntryPoint","urlTemplate":"https:\/\/experienciadevida.com.ar\/portalurbano\/?s={search_term_string}"},"query-input":"required name=search_term_string"}],"inLanguage":"es"},{"@type":"Organization","@id":"https:\/\/experienciadevida.com.ar\/portalurbano\/#organization","name":"Portal Urbano","url":"https:\/\/experienciadevida.com.ar\/portalurbano\/","logo":{"@type":"ImageObject","inLanguage":"es","@id":"https:\/\/experienciadevida.com.ar\/portalurbano\/#\/schema\/logo\/image\/","url":"https:\/\/experienciadevida.com.ar\/portalurbano\/wp-content\/uploads\/2019\/09\/Logo-Original.png","contentUrl":"https:\/\/experienciadevida.com.ar\/portalurbano\/wp-content\/uploads\/2019\/09\/Logo-Original.png","width":2236,"height":1216,"caption":"Portal Urbano"},"image":{"@id":"https:\/\/experienciadevida.com.ar\/portalurbano\/#\/schema\/logo\/image\/"},"sameAs":["https:\/\/www.facebook.com\/Portal-Urbano-171542830093757\/","https:\/\/twitter.com\/portalurbanook","https:\/\/www.instagram.com\/_portalurbano\/","https:\/\/www.youtube.com\/channel\/UCXhagIfszH8KxFiOok79zbA?view_as=subscriber"]},{"@type":"Person","@id":"https:\/\/experienciadevida.com.ar\/portalurbano\/#\/schema\/person\/02dd326b1c4b056e9cc972486934a3a7","name":"admpu17wp","image":{"@type":"ImageObject","inLanguage":"es","@id":"https:\/\/experienciadevida.com.ar\/portalurbano\/#\/schema\/person\/image\/","url":"https:\/\/secure.gravatar.com\/avatar\/830d4c57adaae6630765e449a6908047?s=96&d=mm&r=g","contentUrl":"https:\/\/secure.gravatar.com\/avatar\/830d4c57adaae6630765e449a6908047?s=96&d=mm&r=g","caption":"admpu17wp"}}]}},"featured_image_urls":{"full":"","thumbnail":"","medium":"","medium_large":"","large":"","ug_big":"","1536x1536":"","2048x2048":"","newsever-slider-full":"","newsever-featured":"","newsever-medium":"","web-stories-poster-portrait":"","web-stories-publisher-logo":"","web-stories-thumbnail":""},"author_info":{"display_name":"admpu17wp","author_link":"https:\/\/experienciadevida.com.ar\/portalurbano\/author\/admpu17wp\/"},"category_info":"<a href=\"https:\/\/experienciadevida.com.ar\/portalurbano\/category\/nacion\/\" rel=\"category tag\">Naci\u00f3n<\/a>","tag_info":"Naci\u00f3n","comment_count":"0","amp_enabled":true,"_links":{"self":[{"href":"https:\/\/experienciadevida.com.ar\/portalurbano\/wp-json\/wp\/v2\/posts\/67534"}],"collection":[{"href":"https:\/\/experienciadevida.com.ar\/portalurbano\/wp-json\/wp\/v2\/posts"}],"about":[{"href":"https:\/\/experienciadevida.com.ar\/portalurbano\/wp-json\/wp\/v2\/types\/post"}],"author":[{"embeddable":true,"href":"https:\/\/experienciadevida.com.ar\/portalurbano\/wp-json\/wp\/v2\/users\/1"}],"replies":[{"embeddable":true,"href":"https:\/\/experienciadevida.com.ar\/portalurbano\/wp-json\/wp\/v2\/comments?post=67534"}],"version-history":[{"count":3,"href":"https:\/\/experienciadevida.com.ar\/portalurbano\/wp-json\/wp\/v2\/posts\/67534\/revisions"}],"predecessor-version":[{"id":67538,"href":"https:\/\/experienciadevida.com.ar\/portalurbano\/wp-json\/wp\/v2\/posts\/67534\/revisions\/67538"}],"wp:attachment":[{"href":"https:\/\/experienciadevida.com.ar\/portalurbano\/wp-json\/wp\/v2\/media?parent=67534"}],"wp:term":[{"taxonomy":"category","embeddable":true,"href":"https:\/\/experienciadevida.com.ar\/portalurbano\/wp-json\/wp\/v2\/categories?post=67534"},{"taxonomy":"post_tag","embeddable":true,"href":"https:\/\/experienciadevida.com.ar\/portalurbano\/wp-json\/wp\/v2\/tags?post=67534"}],"curies":[{"name":"wp","href":"https:\/\/api.w.org\/{rel}","templated":true}]}}