{"id":67463,"date":"2019-05-06T20:42:17","date_gmt":"2019-05-06T23:42:17","guid":{"rendered":"https:\/\/experienciadevida.com.ar\/portalurbano\/?p=67463"},"modified":"2019-05-06T20:42:46","modified_gmt":"2019-05-06T23:42:46","slug":"se-desplomaron-la-industria-y-la-construccion-en-marzo","status":"publish","type":"post","link":"https:\/\/experienciadevida.com.ar\/portalurbano\/se-desplomaron-la-industria-y-la-construccion-en-marzo\/","title":{"rendered":"Se desplomaron la industria y la construcci\u00f3n en marzo"},"content":{"rendered":"<article id=\"article-post\" class=\"first\">\n<p class=\"interiorCopete\">El primer \u00edndice tuvo una ca\u00edda interanual del 13,4%, mientras que en el segundo marc\u00f3 un descenso del 12,3% con respecto a marzo del 2018.<\/p>\n<div class=\"separator-line\">La <strong>producci\u00f3n industrial<\/strong>\u00a0de marzo registr\u00f3 una ca\u00edda del 13,4% contra igual per\u00edodo del 2019 y alcanz\u00f3 el und\u00e9cimo mes consecutivo de contracci\u00f3n, inform\u00f3 el\u00a0<strong>Instituto Nacional de Estad\u00edstica y Censos (INDEC).<\/strong><\/div>\n<div class=\"cuerpo\" data-twitter-link=\"https:\/\/twitter.com\/intent\/tweet?url=https:\/\/www.diariopopular.com.ar\/\/c392375&amp;via=poopulardiario&amp;related=Diario Popular&amp;text=\">\n<div id=\"div-gpt-ad-nota-935581\" class=\"banner-90\" data-mapping=\"mapping9\" data-google-query-id=\"CLjEgtiJiOICFQRTwQodT14NHA\">\n<div id=\"google_ads_iframe_\/7581181\/dp_universal_0__container__\"><\/div>\n<\/div>\n<\/div>\n<\/article>\n<article id=\"article-post\">\n<div class=\"cuerpo\" data-twitter-link=\"https:\/\/twitter.com\/intent\/tweet?url=https:\/\/www.diariopopular.com.ar\/\/c392375&amp;via=poopulardiario&amp;related=Diario Popular&amp;text=\">\n<p>Mientras, la industria de la\u00a0<strong>construcci\u00f3n<\/strong>\u00a0cay\u00f3 en marzo 12,3% y acumula en el primer trimestre del a\u00f1o una contracci\u00f3n del 11,3,%, en siete meses de continuas variaciones negativas, inform\u00f3 el INDEC.<\/p>\n<div id=\"embed73_wrap\" class=\"embed_cont type_freetext no-epigrafe no-copyright\">\n<div id=\"embed73_content\" class=\"embed_content\">\n<div id=\"embed73_embed\">\n<div class=\"SandboxRoot env-bp-350\" data-twitter-event-id=\"0\">\n<div id=\"twitter-widget-0\" class=\"EmbeddedTweet EmbeddedTweet--cta EmbeddedTweet--mediaForward media-forward js-clickToOpenTarget js-tweetIdInfo tweet-InformationCircle-widgetParent\" lang=\"es\" data-click-to-open-target=\"https:\/\/twitter.com\/INDECArgentina\/status\/1125476574801928193\" data-iframe-title=\"Tweet de Twitter\" data-scribe=\"page:tweet\" data-tweet-id=\"1125476574801928193\" data-twitter-event-id=\"2\">\n<article class=\"MediaCard MediaCard--mediaForward customisable-border\" dir=\"ltr\" data-scribe=\"component:card\">\n<div class=\"MediaCard-media\" data-scribe=\"element:photo\">\n<div class=\"MediaCard-widthConstraint js-cspForcedStyle\" data-style=\"max-width: 1200px\">\n<div class=\"MediaCard-mediaContainer js-cspForcedStyle\" data-style=\"padding-bottom: 61.0833%\"><a class=\"MediaCard-mediaAsset NaturalImage\" href=\"https:\/\/twitter.com\/INDECArgentina\/status\/1125476574801928193\/photo\/1\"><img decoding=\"async\" class=\"NaturalImage-image\" title=\"Ver imagen en Twitter\" src=\"https:\/\/pbs.twimg.com\/media\/D55-ck9XkAEhTA7?format=jpg&amp;name=small\" alt=\"Ver imagen en Twitter\" width=\"1200\" height=\"733\" data-image=\"https:\/\/pbs.twimg.com\/media\/D55-ck9XkAEhTA7\" \/><\/a><\/div>\n<\/div>\n<\/div>\n<\/article>\n<div class=\"EmbeddedTweet-tweetContainer\">\n<div class=\"EmbeddedTweet-tweet\">\n<blockquote class=\"Tweet h-entry js-tweetIdInfo subject expanded\" cite=\"https:\/\/twitter.com\/INDECArgentina\/status\/1125476574801928193\" data-tweet-id=\"1125476574801928193\" data-scribe=\"section:subject\">\n<div class=\"Tweet-body e-entry-content\" data-scribe=\"component:tweet\">\n<div class=\"TweetInfo\">\n<div class=\"TweetInfo-like\">\n<div data-scribe=\"element:heart\"><\/div>\n<\/div>\n<\/div>\n<\/div>\n<\/blockquote>\n<\/div>\n<\/div>\n<\/div>\n<\/div>\n<\/div>\n<\/div>\n<\/div>\n<div id=\"sc_intxt_container\">\n<div id=\"sc_ava_companion\" class=\"sc_intxt_hided\"><\/div>\n<\/div>\n<div id=\"embed24_wrap\" class=\"embed_cont type_freetext no-epigrafe no-copyright\">\n<div id=\"embed24_content\" class=\"embed_content\">\n<div id=\"embed24_embed\">\n<div class=\"SandboxRoot env-bp-350\" data-twitter-event-id=\"1\">\n<div id=\"twitter-widget-1\" class=\"EmbeddedTweet EmbeddedTweet--cta EmbeddedTweet--mediaForward media-forward js-clickToOpenTarget js-tweetIdInfo tweet-InformationCircle-widgetParent\" lang=\"es\" data-click-to-open-target=\"https:\/\/twitter.com\/INDECArgentina\/status\/1125475501974405122\" data-iframe-title=\"Tweet de Twitter\" data-scribe=\"page:tweet\" data-tweet-id=\"1125475501974405122\" data-twitter-event-id=\"3\">\n<article class=\"MediaCard MediaCard--mediaForward customisable-border\" dir=\"ltr\" data-scribe=\"component:card\">\n<div class=\"MediaCard-media\" data-scribe=\"element:photo\">\n<div class=\"MediaCard-widthConstraint js-cspForcedStyle\" data-style=\"max-width: 1200px\">\n<div class=\"MediaCard-mediaContainer js-cspForcedStyle\" data-style=\"padding-bottom: 61.0833%\"><a class=\"MediaCard-mediaAsset NaturalImage\" href=\"https:\/\/twitter.com\/INDECArgentina\/status\/1125475501974405122\/photo\/1\"><img decoding=\"async\" class=\"NaturalImage-image\" title=\"Ver imagen en Twitter\" src=\"https:\/\/pbs.twimg.com\/media\/D559JnJW0AkKJ8u?format=jpg&amp;name=small\" alt=\"Ver imagen en Twitter\" width=\"1200\" height=\"733\" data-image=\"https:\/\/pbs.twimg.com\/media\/D559JnJW0AkKJ8u\" \/><\/a><\/div>\n<\/div>\n<\/div>\n<\/article>\n<div class=\"EmbeddedTweet-tweetContainer\">\n<div class=\"EmbeddedTweet-tweet\">\n<blockquote class=\"Tweet h-entry js-tweetIdInfo subject expanded\" cite=\"https:\/\/twitter.com\/INDECArgentina\/status\/1125475501974405122\" data-tweet-id=\"1125475501974405122\" data-scribe=\"section:subject\">\n<div class=\"Tweet-body e-entry-content\" data-scribe=\"component:tweet\">\n<div class=\"TweetInfo\">En cuanto a la producci\u00f3n industrial, el primer trimestre de 2019 del \u00edndice serie original presenta una disminuci\u00f3n de 11,1% respecto a igual per\u00edodo de 2018, agreg\u00f3 el organismo.<\/div>\n<\/div>\n<\/blockquote>\n<\/div>\n<\/div>\n<\/div>\n<\/div>\n<\/div>\n<\/div>\n<\/div>\n<p>En marzo de 2019, el \u00edndice de la serie desestacionalizada muestra una variaci\u00f3n negativa de 4,3% respecto al mes anterior.<\/p>\n<\/div>\n<\/article>\n","protected":false},"excerpt":{"rendered":"<p>El primer \u00edndice tuvo una ca\u00edda interanual del 13,4%, mientras que en el segundo marc\u00f3&#8230;<\/p>\n","protected":false},"author":1,"featured_media":-67463,"comment_status":"open","ping_status":"open","sticky":false,"template":"","format":"standard","meta":{"content-type":""},"categories":[39],"tags":[],"nelio_content":{"isAutoShareEnabled":false,"autoShareEndMode":"default","automationSources":{"useContentSentences":true,"useSocialTemplates":true,"useCustomSentences":false,"customSentences":[]},"followers":[1],"suggestedReferences":[],"includedReferences":[],"efiUrl":"","efiAlt":"","highlights":[]},"yoast_head":"<!-- This site is optimized with the Yoast SEO plugin v20.7 - https:\/\/yoast.com\/wordpress\/plugins\/seo\/ -->\n<title>Se desplomaron la industria y la construcci\u00f3n en marzo -<\/title>\n<meta name=\"robots\" content=\"index, follow, max-snippet:-1, max-image-preview:large, max-video-preview:-1\" \/>\n<link rel=\"canonical\" href=\"https:\/\/experienciadevida.com.ar\/portalurbano\/se-desplomaron-la-industria-y-la-construccion-en-marzo\/\" \/>\n<meta property=\"og:locale\" content=\"es_ES\" \/>\n<meta property=\"og:type\" content=\"article\" \/>\n<meta property=\"og:title\" content=\"Se desplomaron la industria y la construcci\u00f3n en marzo -\" \/>\n<meta property=\"og:description\" content=\"El primer \u00edndice tuvo una ca\u00edda interanual del 13,4%, mientras que en el segundo marc\u00f3...\" \/>\n<meta property=\"og:url\" content=\"https:\/\/experienciadevida.com.ar\/portalurbano\/se-desplomaron-la-industria-y-la-construccion-en-marzo\/\" \/>\n<meta property=\"article:publisher\" content=\"https:\/\/www.facebook.com\/Portal-Urbano-171542830093757\/\" \/>\n<meta property=\"article:published_time\" content=\"2019-05-06T23:42:17+00:00\" \/>\n<meta property=\"article:modified_time\" content=\"2019-05-06T23:42:46+00:00\" \/>\n<meta property=\"og:image\" content=\"https:\/\/experienciadevida.com.ar\/portalurbano\/wp-content\/uploads\/2019\/05\/0005705478-e1557186022761.jpg\" \/>\n\t<meta property=\"og:image:width\" content=\"750\" \/>\n\t<meta property=\"og:image:height\" content=\"422\" \/>\n\t<meta property=\"og:image:type\" content=\"image\/jpeg\" \/>\n<meta name=\"author\" content=\"admpu17wp\" \/>\n<meta name=\"twitter:card\" content=\"summary_large_image\" \/>\n<meta name=\"twitter:creator\" content=\"@portalurbanook\" \/>\n<meta name=\"twitter:site\" content=\"@portalurbanook\" \/>\n<meta name=\"twitter:label1\" content=\"Escrito por\" \/>\n\t<meta name=\"twitter:data1\" content=\"admpu17wp\" \/>\n\t<meta name=\"twitter:label2\" content=\"Tiempo de lectura\" \/>\n\t<meta name=\"twitter:data2\" content=\"1 minuto\" \/>\n<script type=\"application\/ld+json\" class=\"yoast-schema-graph\">{\"@context\":\"https:\/\/schema.org\",\"@graph\":[{\"@type\":\"Article\",\"@id\":\"https:\/\/experienciadevida.com.ar\/portalurbano\/se-desplomaron-la-industria-y-la-construccion-en-marzo\/#article\",\"isPartOf\":{\"@id\":\"https:\/\/experienciadevida.com.ar\/portalurbano\/se-desplomaron-la-industria-y-la-construccion-en-marzo\/\"},\"author\":{\"name\":\"admpu17wp\",\"@id\":\"https:\/\/experienciadevida.com.ar\/portalurbano\/#\/schema\/person\/02dd326b1c4b056e9cc972486934a3a7\"},\"headline\":\"Se desplomaron la industria y la construcci\u00f3n en marzo\",\"datePublished\":\"2019-05-06T23:42:17+00:00\",\"dateModified\":\"2019-05-06T23:42:46+00:00\",\"mainEntityOfPage\":{\"@id\":\"https:\/\/experienciadevida.com.ar\/portalurbano\/se-desplomaron-la-industria-y-la-construccion-en-marzo\/\"},\"wordCount\":150,\"commentCount\":0,\"publisher\":{\"@id\":\"https:\/\/experienciadevida.com.ar\/portalurbano\/#organization\"},\"articleSection\":[\"Naci\u00f3n\"],\"inLanguage\":\"es\",\"potentialAction\":[{\"@type\":\"CommentAction\",\"name\":\"Comment\",\"target\":[\"https:\/\/experienciadevida.com.ar\/portalurbano\/se-desplomaron-la-industria-y-la-construccion-en-marzo\/#respond\"]}]},{\"@type\":\"WebPage\",\"@id\":\"https:\/\/experienciadevida.com.ar\/portalurbano\/se-desplomaron-la-industria-y-la-construccion-en-marzo\/\",\"url\":\"https:\/\/experienciadevida.com.ar\/portalurbano\/se-desplomaron-la-industria-y-la-construccion-en-marzo\/\",\"name\":\"Se desplomaron la industria y la construcci\u00f3n en marzo -\",\"isPartOf\":{\"@id\":\"https:\/\/experienciadevida.com.ar\/portalurbano\/#website\"},\"datePublished\":\"2019-05-06T23:42:17+00:00\",\"dateModified\":\"2019-05-06T23:42:46+00:00\",\"breadcrumb\":{\"@id\":\"https:\/\/experienciadevida.com.ar\/portalurbano\/se-desplomaron-la-industria-y-la-construccion-en-marzo\/#breadcrumb\"},\"inLanguage\":\"es\",\"potentialAction\":[{\"@type\":\"ReadAction\",\"target\":[\"https:\/\/experienciadevida.com.ar\/portalurbano\/se-desplomaron-la-industria-y-la-construccion-en-marzo\/\"]}]},{\"@type\":\"BreadcrumbList\",\"@id\":\"https:\/\/experienciadevida.com.ar\/portalurbano\/se-desplomaron-la-industria-y-la-construccion-en-marzo\/#breadcrumb\",\"itemListElement\":[{\"@type\":\"ListItem\",\"position\":1,\"name\":\"Portada\",\"item\":\"https:\/\/experienciadevida.com.ar\/portalurbano\/\"},{\"@type\":\"ListItem\",\"position\":2,\"name\":\"Se desplomaron la industria y la construcci\u00f3n en marzo\"}]},{\"@type\":\"WebSite\",\"@id\":\"https:\/\/experienciadevida.com.ar\/portalurbano\/#website\",\"url\":\"https:\/\/experienciadevida.com.ar\/portalurbano\/\",\"name\":\"\",\"description\":\"\",\"publisher\":{\"@id\":\"https:\/\/experienciadevida.com.ar\/portalurbano\/#organization\"},\"potentialAction\":[{\"@type\":\"SearchAction\",\"target\":{\"@type\":\"EntryPoint\",\"urlTemplate\":\"https:\/\/experienciadevida.com.ar\/portalurbano\/?s={search_term_string}\"},\"query-input\":\"required name=search_term_string\"}],\"inLanguage\":\"es\"},{\"@type\":\"Organization\",\"@id\":\"https:\/\/experienciadevida.com.ar\/portalurbano\/#organization\",\"name\":\"Portal Urbano\",\"url\":\"https:\/\/experienciadevida.com.ar\/portalurbano\/\",\"logo\":{\"@type\":\"ImageObject\",\"inLanguage\":\"es\",\"@id\":\"https:\/\/experienciadevida.com.ar\/portalurbano\/#\/schema\/logo\/image\/\",\"url\":\"https:\/\/experienciadevida.com.ar\/portalurbano\/wp-content\/uploads\/2019\/09\/Logo-Original.png\",\"contentUrl\":\"https:\/\/experienciadevida.com.ar\/portalurbano\/wp-content\/uploads\/2019\/09\/Logo-Original.png\",\"width\":2236,\"height\":1216,\"caption\":\"Portal Urbano\"},\"image\":{\"@id\":\"https:\/\/experienciadevida.com.ar\/portalurbano\/#\/schema\/logo\/image\/\"},\"sameAs\":[\"https:\/\/www.facebook.com\/Portal-Urbano-171542830093757\/\",\"https:\/\/twitter.com\/portalurbanook\",\"https:\/\/www.instagram.com\/_portalurbano\/\",\"https:\/\/www.youtube.com\/channel\/UCXhagIfszH8KxFiOok79zbA?view_as=subscriber\"]},{\"@type\":\"Person\",\"@id\":\"https:\/\/experienciadevida.com.ar\/portalurbano\/#\/schema\/person\/02dd326b1c4b056e9cc972486934a3a7\",\"name\":\"admpu17wp\",\"image\":{\"@type\":\"ImageObject\",\"inLanguage\":\"es\",\"@id\":\"https:\/\/experienciadevida.com.ar\/portalurbano\/#\/schema\/person\/image\/\",\"url\":\"https:\/\/secure.gravatar.com\/avatar\/830d4c57adaae6630765e449a6908047?s=96&d=mm&r=g\",\"contentUrl\":\"https:\/\/secure.gravatar.com\/avatar\/830d4c57adaae6630765e449a6908047?s=96&d=mm&r=g\",\"caption\":\"admpu17wp\"}}]}<\/script>\n<!-- \/ Yoast SEO plugin. -->","yoast_head_json":{"title":"Se desplomaron la industria y la construcci\u00f3n en marzo -","robots":{"index":"index","follow":"follow","max-snippet":"max-snippet:-1","max-image-preview":"max-image-preview:large","max-video-preview":"max-video-preview:-1"},"canonical":"https:\/\/experienciadevida.com.ar\/portalurbano\/se-desplomaron-la-industria-y-la-construccion-en-marzo\/","og_locale":"es_ES","og_type":"article","og_title":"Se desplomaron la industria y la construcci\u00f3n en marzo -","og_description":"El primer \u00edndice tuvo una ca\u00edda interanual del 13,4%, mientras que en el segundo marc\u00f3...","og_url":"https:\/\/experienciadevida.com.ar\/portalurbano\/se-desplomaron-la-industria-y-la-construccion-en-marzo\/","article_publisher":"https:\/\/www.facebook.com\/Portal-Urbano-171542830093757\/","article_published_time":"2019-05-06T23:42:17+00:00","article_modified_time":"2019-05-06T23:42:46+00:00","og_image":[{"width":750,"height":422,"url":"https:\/\/experienciadevida.com.ar\/portalurbano\/wp-content\/uploads\/2019\/05\/0005705478-e1557186022761.jpg","type":"image\/jpeg"}],"author":"admpu17wp","twitter_card":"summary_large_image","twitter_creator":"@portalurbanook","twitter_site":"@portalurbanook","twitter_misc":{"Escrito por":"admpu17wp","Tiempo de lectura":"1 minuto"},"schema":{"@context":"https:\/\/schema.org","@graph":[{"@type":"Article","@id":"https:\/\/experienciadevida.com.ar\/portalurbano\/se-desplomaron-la-industria-y-la-construccion-en-marzo\/#article","isPartOf":{"@id":"https:\/\/experienciadevida.com.ar\/portalurbano\/se-desplomaron-la-industria-y-la-construccion-en-marzo\/"},"author":{"name":"admpu17wp","@id":"https:\/\/experienciadevida.com.ar\/portalurbano\/#\/schema\/person\/02dd326b1c4b056e9cc972486934a3a7"},"headline":"Se desplomaron la industria y la construcci\u00f3n en marzo","datePublished":"2019-05-06T23:42:17+00:00","dateModified":"2019-05-06T23:42:46+00:00","mainEntityOfPage":{"@id":"https:\/\/experienciadevida.com.ar\/portalurbano\/se-desplomaron-la-industria-y-la-construccion-en-marzo\/"},"wordCount":150,"commentCount":0,"publisher":{"@id":"https:\/\/experienciadevida.com.ar\/portalurbano\/#organization"},"articleSection":["Naci\u00f3n"],"inLanguage":"es","potentialAction":[{"@type":"CommentAction","name":"Comment","target":["https:\/\/experienciadevida.com.ar\/portalurbano\/se-desplomaron-la-industria-y-la-construccion-en-marzo\/#respond"]}]},{"@type":"WebPage","@id":"https:\/\/experienciadevida.com.ar\/portalurbano\/se-desplomaron-la-industria-y-la-construccion-en-marzo\/","url":"https:\/\/experienciadevida.com.ar\/portalurbano\/se-desplomaron-la-industria-y-la-construccion-en-marzo\/","name":"Se desplomaron la industria y la construcci\u00f3n en marzo -","isPartOf":{"@id":"https:\/\/experienciadevida.com.ar\/portalurbano\/#website"},"datePublished":"2019-05-06T23:42:17+00:00","dateModified":"2019-05-06T23:42:46+00:00","breadcrumb":{"@id":"https:\/\/experienciadevida.com.ar\/portalurbano\/se-desplomaron-la-industria-y-la-construccion-en-marzo\/#breadcrumb"},"inLanguage":"es","potentialAction":[{"@type":"ReadAction","target":["https:\/\/experienciadevida.com.ar\/portalurbano\/se-desplomaron-la-industria-y-la-construccion-en-marzo\/"]}]},{"@type":"BreadcrumbList","@id":"https:\/\/experienciadevida.com.ar\/portalurbano\/se-desplomaron-la-industria-y-la-construccion-en-marzo\/#breadcrumb","itemListElement":[{"@type":"ListItem","position":1,"name":"Portada","item":"https:\/\/experienciadevida.com.ar\/portalurbano\/"},{"@type":"ListItem","position":2,"name":"Se desplomaron la industria y la construcci\u00f3n en marzo"}]},{"@type":"WebSite","@id":"https:\/\/experienciadevida.com.ar\/portalurbano\/#website","url":"https:\/\/experienciadevida.com.ar\/portalurbano\/","name":"","description":"","publisher":{"@id":"https:\/\/experienciadevida.com.ar\/portalurbano\/#organization"},"potentialAction":[{"@type":"SearchAction","target":{"@type":"EntryPoint","urlTemplate":"https:\/\/experienciadevida.com.ar\/portalurbano\/?s={search_term_string}"},"query-input":"required name=search_term_string"}],"inLanguage":"es"},{"@type":"Organization","@id":"https:\/\/experienciadevida.com.ar\/portalurbano\/#organization","name":"Portal Urbano","url":"https:\/\/experienciadevida.com.ar\/portalurbano\/","logo":{"@type":"ImageObject","inLanguage":"es","@id":"https:\/\/experienciadevida.com.ar\/portalurbano\/#\/schema\/logo\/image\/","url":"https:\/\/experienciadevida.com.ar\/portalurbano\/wp-content\/uploads\/2019\/09\/Logo-Original.png","contentUrl":"https:\/\/experienciadevida.com.ar\/portalurbano\/wp-content\/uploads\/2019\/09\/Logo-Original.png","width":2236,"height":1216,"caption":"Portal Urbano"},"image":{"@id":"https:\/\/experienciadevida.com.ar\/portalurbano\/#\/schema\/logo\/image\/"},"sameAs":["https:\/\/www.facebook.com\/Portal-Urbano-171542830093757\/","https:\/\/twitter.com\/portalurbanook","https:\/\/www.instagram.com\/_portalurbano\/","https:\/\/www.youtube.com\/channel\/UCXhagIfszH8KxFiOok79zbA?view_as=subscriber"]},{"@type":"Person","@id":"https:\/\/experienciadevida.com.ar\/portalurbano\/#\/schema\/person\/02dd326b1c4b056e9cc972486934a3a7","name":"admpu17wp","image":{"@type":"ImageObject","inLanguage":"es","@id":"https:\/\/experienciadevida.com.ar\/portalurbano\/#\/schema\/person\/image\/","url":"https:\/\/secure.gravatar.com\/avatar\/830d4c57adaae6630765e449a6908047?s=96&d=mm&r=g","contentUrl":"https:\/\/secure.gravatar.com\/avatar\/830d4c57adaae6630765e449a6908047?s=96&d=mm&r=g","caption":"admpu17wp"}}]}},"featured_image_urls":{"full":["https:\/\/pbs.twimg.com\/media\/D55-ck9XkAEhTA7?format=jpg&amp;name=small",1920,1080,false],"thumbnail":["https:\/\/pbs.twimg.com\/media\/D55-ck9XkAEhTA7?format=jpg&amp;name=small",150,150,true],"medium":["https:\/\/pbs.twimg.com\/media\/D55-ck9XkAEhTA7?format=jpg&amp;name=small",300,169,true],"medium_large":["https:\/\/pbs.twimg.com\/media\/D55-ck9XkAEhTA7?format=jpg&amp;name=small",640,360,true],"large":["https:\/\/pbs.twimg.com\/media\/D55-ck9XkAEhTA7?format=jpg&amp;name=small",640,360,true],"ug_big":["https:\/\/pbs.twimg.com\/media\/D55-ck9XkAEhTA7?format=jpg&amp;name=small",768,432,true],"1536x1536":["https:\/\/pbs.twimg.com\/media\/D55-ck9XkAEhTA7?format=jpg&amp;name=small",1536,864,true],"2048x2048":["https:\/\/pbs.twimg.com\/media\/D55-ck9XkAEhTA7?format=jpg&amp;name=small",1920,1080,false],"newsever-slider-full":["https:\/\/pbs.twimg.com\/media\/D55-ck9XkAEhTA7?format=jpg&amp;name=small",1280,845,true],"newsever-featured":["https:\/\/pbs.twimg.com\/media\/D55-ck9XkAEhTA7?format=jpg&amp;name=small",1024,576,true],"newsever-medium":["https:\/\/pbs.twimg.com\/media\/D55-ck9XkAEhTA7?format=jpg&amp;name=small",720,475,true],"web-stories-poster-portrait":["https:\/\/pbs.twimg.com\/media\/D55-ck9XkAEhTA7?format=jpg&amp;name=small",640,853,true],"web-stories-publisher-logo":["https:\/\/pbs.twimg.com\/media\/D55-ck9XkAEhTA7?format=jpg&amp;name=small",96,96,true],"web-stories-thumbnail":["https:\/\/pbs.twimg.com\/media\/D55-ck9XkAEhTA7?format=jpg&amp;name=small",150,84,true]},"author_info":{"display_name":"admpu17wp","author_link":"https:\/\/experienciadevida.com.ar\/portalurbano\/author\/admpu17wp\/"},"category_info":"<a href=\"https:\/\/experienciadevida.com.ar\/portalurbano\/category\/nacion\/\" rel=\"category tag\">Naci\u00f3n<\/a>","tag_info":"Naci\u00f3n","comment_count":"0","amp_enabled":true,"_links":{"self":[{"href":"https:\/\/experienciadevida.com.ar\/portalurbano\/wp-json\/wp\/v2\/posts\/67463"}],"collection":[{"href":"https:\/\/experienciadevida.com.ar\/portalurbano\/wp-json\/wp\/v2\/posts"}],"about":[{"href":"https:\/\/experienciadevida.com.ar\/portalurbano\/wp-json\/wp\/v2\/types\/post"}],"author":[{"embeddable":true,"href":"https:\/\/experienciadevida.com.ar\/portalurbano\/wp-json\/wp\/v2\/users\/1"}],"replies":[{"embeddable":true,"href":"https:\/\/experienciadevida.com.ar\/portalurbano\/wp-json\/wp\/v2\/comments?post=67463"}],"version-history":[{"count":2,"href":"https:\/\/experienciadevida.com.ar\/portalurbano\/wp-json\/wp\/v2\/posts\/67463\/revisions"}],"predecessor-version":[{"id":67468,"href":"https:\/\/experienciadevida.com.ar\/portalurbano\/wp-json\/wp\/v2\/posts\/67463\/revisions\/67468"}],"wp:featuredmedia":[{"embeddable":true,"href":"https:\/\/experienciadevida.com.ar\/portalurbano\/wp-json\/"}],"wp:attachment":[{"href":"https:\/\/experienciadevida.com.ar\/portalurbano\/wp-json\/wp\/v2\/media?parent=67463"}],"wp:term":[{"taxonomy":"category","embeddable":true,"href":"https:\/\/experienciadevida.com.ar\/portalurbano\/wp-json\/wp\/v2\/categories?post=67463"},{"taxonomy":"post_tag","embeddable":true,"href":"https:\/\/experienciadevida.com.ar\/portalurbano\/wp-json\/wp\/v2\/tags?post=67463"}],"curies":[{"name":"wp","href":"https:\/\/api.w.org\/{rel}","templated":true}]}}