{"id":67010,"date":"2019-05-03T15:53:23","date_gmt":"2019-05-03T18:53:23","guid":{"rendered":"https:\/\/experienciadevida.com.ar\/portalurbano\/?p=67010"},"modified":"2019-05-03T15:53:23","modified_gmt":"2019-05-03T18:53:23","slug":"ahora-12-oficializan-la-prorroga-del-plan-hasta-el-31-de-agosto","status":"publish","type":"post","link":"https:\/\/experienciadevida.com.ar\/portalurbano\/ahora-12-oficializan-la-prorroga-del-plan-hasta-el-31-de-agosto\/","title":{"rendered":"Ahora 12: Oficializan la pr\u00f3rroga del plan  hasta el 31 de agosto"},"content":{"rendered":"<p>Se hizo a trav\u00e9s de una resoluci\u00f3n publicada este viernes en el Bolet\u00edn Oficial<\/p>\n<p>Con el fin de reactivar el consumo, el\u00a0<strong>Gobierno<\/strong>\u00a0oficializ\u00f3 este viernes la continuidad del programa\u00a0<strong>Ahora 12<\/strong>\u00a0hasta el\u00a0<strong>31 de agosto<\/strong>, luego de relanzarlo el martes pasado. Ahora, tras llegar a acuerdos con fabricantes de productos de\u00a0consumo\u00a0masivo.<\/p>\n<p>&#8220;<strong>Ma\u00f1ana se renueva el Programa Ahora 12<\/strong>&#8220;, dijo el secretario de Comercio Ignacio Werner en una conferencia de prensa realizada el lunes en la que se\u00f1al\u00f3 que el nivel de acatamiento del plan\u00a0<strong>Productos Esenciales<\/strong>\u00a0alcanz\u00f3\u00a0<strong>72% en el primer d\u00eda de su puesta en marcha<\/strong>.<\/p>\n<p>Este viernes, tras concretar varios acuerdos, el Gobierno public\u00f3 en el\u00a0<strong>Bolet\u00edn Oficial<\/strong>\u00a0la\u00a0<strong>Resoluci\u00f3n 151\/2019<\/strong>, que lleva la firma de\u00a0<strong>Werner<\/strong>\u00a0y que oficializa la continuidad del programa\u00a0<strong>por 4 meses m\u00e1s<\/strong>, lo que le permitir\u00e1 al p\u00fablico adquirir bienes de\u00a0consumo\u00a0masivo\u00a0<strong>en 3,6,12 y 18 cuotas fijas<\/strong>\u00a0y en pesos, de jueves a domingo.<\/p>\n<p>Los rubros incluidos en el programa de las <strong>12 cuotas<\/strong>\u00a0incluyen productos de marroquiner\u00eda, industria textil y alimentaria, materiales para la construcci\u00f3n, bicicletas, turismo, colchoner\u00eda, y \u00f3ptica.<\/p>\n<p>Por su parte, productos de computaci\u00f3n, l\u00ednea blanca, TV, repuestos automotores, motos, instrumentos musicales y herramientas podr\u00e1n ser financiados\u00a0<strong>hasta en 18 cuotas<\/strong>.<\/p>\n<p>Un apartado especial se\u00f1ala que los tel\u00e9fonos celulares podr\u00e1n ser adquiridos hasta en 18 cuotas, con el agregado de que la oferta se extiende a todos los d\u00edas de la semana.<\/p>\n<p>Adem\u00e1s, para sostener esta nueva etapa del programa \u2013que funciona desde septiembre de 2014-, se modific\u00f3 <strong>el costo financiero<\/strong>\u00a0de las cuotas a ra\u00edz de la suba de tasas que aplic\u00f3 el Banco Naci\u00f3n en las \u00faltimas semanas.<\/p>\n<p>Ahora 3: 56 por ciento (antes, 46 por ciento)<\/p>\n<p>Ahora 6: 60 por ciento (antes, 50 por ciento)<\/p>\n<p>Ahora 12: 65 por ciento (antes, 53 por ciento)<\/p>\n<p>Ahora 18: 67 por ciento (antes, 55 por ciento)<\/p>\n","protected":false},"excerpt":{"rendered":"<p>Se hizo a trav\u00e9s de una resoluci\u00f3n publicada este viernes en el Bolet\u00edn Oficial Con&#8230;<\/p>\n","protected":false},"author":1,"featured_media":0,"comment_status":"open","ping_status":"open","sticky":false,"template":"","format":"standard","meta":{"content-type":""},"categories":[39],"tags":[],"nelio_content":{"isAutoShareEnabled":false,"autoShareEndMode":"default","automationSources":{"useContentSentences":true,"useSocialTemplates":true,"useCustomSentences":false,"customSentences":[]},"followers":[1],"suggestedReferences":[],"includedReferences":[],"efiUrl":"","efiAlt":"","highlights":[]},"yoast_head":"<!-- This site is optimized with the Yoast SEO plugin v20.7 - https:\/\/yoast.com\/wordpress\/plugins\/seo\/ -->\n<title>Ahora 12: Oficializan la pr\u00f3rroga del plan hasta el 31 de agosto -<\/title>\n<meta name=\"robots\" content=\"index, follow, max-snippet:-1, max-image-preview:large, max-video-preview:-1\" \/>\n<link rel=\"canonical\" href=\"https:\/\/experienciadevida.com.ar\/portalurbano\/ahora-12-oficializan-la-prorroga-del-plan-hasta-el-31-de-agosto\/\" \/>\n<meta property=\"og:locale\" content=\"es_ES\" \/>\n<meta property=\"og:type\" content=\"article\" \/>\n<meta property=\"og:title\" content=\"Ahora 12: Oficializan la pr\u00f3rroga del plan hasta el 31 de agosto -\" \/>\n<meta property=\"og:description\" content=\"Se hizo a trav\u00e9s de una resoluci\u00f3n publicada este viernes en el Bolet\u00edn Oficial Con...\" \/>\n<meta property=\"og:url\" content=\"https:\/\/experienciadevida.com.ar\/portalurbano\/ahora-12-oficializan-la-prorroga-del-plan-hasta-el-31-de-agosto\/\" \/>\n<meta property=\"article:publisher\" content=\"https:\/\/www.facebook.com\/Portal-Urbano-171542830093757\/\" \/>\n<meta property=\"article:published_time\" content=\"2019-05-03T18:53:23+00:00\" \/>\n<meta property=\"og:image\" content=\"https:\/\/experienciadevida.com.ar\/portalurbano\/wp-content\/uploads\/2019\/05\/0005293279-e1556906991221.jpg\" \/>\n\t<meta property=\"og:image:width\" content=\"750\" \/>\n\t<meta property=\"og:image:height\" content=\"405\" \/>\n\t<meta property=\"og:image:type\" content=\"image\/jpeg\" \/>\n<meta name=\"author\" content=\"admpu17wp\" \/>\n<meta name=\"twitter:card\" content=\"summary_large_image\" \/>\n<meta name=\"twitter:creator\" content=\"@portalurbanook\" \/>\n<meta name=\"twitter:site\" content=\"@portalurbanook\" \/>\n<meta name=\"twitter:label1\" content=\"Escrito por\" \/>\n\t<meta name=\"twitter:data1\" content=\"admpu17wp\" \/>\n\t<meta name=\"twitter:label2\" content=\"Tiempo de lectura\" \/>\n\t<meta name=\"twitter:data2\" content=\"2 minutos\" \/>\n<script type=\"application\/ld+json\" class=\"yoast-schema-graph\">{\"@context\":\"https:\/\/schema.org\",\"@graph\":[{\"@type\":\"Article\",\"@id\":\"https:\/\/experienciadevida.com.ar\/portalurbano\/ahora-12-oficializan-la-prorroga-del-plan-hasta-el-31-de-agosto\/#article\",\"isPartOf\":{\"@id\":\"https:\/\/experienciadevida.com.ar\/portalurbano\/ahora-12-oficializan-la-prorroga-del-plan-hasta-el-31-de-agosto\/\"},\"author\":{\"name\":\"admpu17wp\",\"@id\":\"https:\/\/experienciadevida.com.ar\/portalurbano\/#\/schema\/person\/02dd326b1c4b056e9cc972486934a3a7\"},\"headline\":\"Ahora 12: Oficializan la pr\u00f3rroga del plan hasta el 31 de agosto\",\"datePublished\":\"2019-05-03T18:53:23+00:00\",\"dateModified\":\"2019-05-03T18:53:23+00:00\",\"mainEntityOfPage\":{\"@id\":\"https:\/\/experienciadevida.com.ar\/portalurbano\/ahora-12-oficializan-la-prorroga-del-plan-hasta-el-31-de-agosto\/\"},\"wordCount\":324,\"commentCount\":0,\"publisher\":{\"@id\":\"https:\/\/experienciadevida.com.ar\/portalurbano\/#organization\"},\"articleSection\":[\"Naci\u00f3n\"],\"inLanguage\":\"es\",\"potentialAction\":[{\"@type\":\"CommentAction\",\"name\":\"Comment\",\"target\":[\"https:\/\/experienciadevida.com.ar\/portalurbano\/ahora-12-oficializan-la-prorroga-del-plan-hasta-el-31-de-agosto\/#respond\"]}]},{\"@type\":\"WebPage\",\"@id\":\"https:\/\/experienciadevida.com.ar\/portalurbano\/ahora-12-oficializan-la-prorroga-del-plan-hasta-el-31-de-agosto\/\",\"url\":\"https:\/\/experienciadevida.com.ar\/portalurbano\/ahora-12-oficializan-la-prorroga-del-plan-hasta-el-31-de-agosto\/\",\"name\":\"Ahora 12: Oficializan la pr\u00f3rroga del plan hasta el 31 de agosto -\",\"isPartOf\":{\"@id\":\"https:\/\/experienciadevida.com.ar\/portalurbano\/#website\"},\"datePublished\":\"2019-05-03T18:53:23+00:00\",\"dateModified\":\"2019-05-03T18:53:23+00:00\",\"breadcrumb\":{\"@id\":\"https:\/\/experienciadevida.com.ar\/portalurbano\/ahora-12-oficializan-la-prorroga-del-plan-hasta-el-31-de-agosto\/#breadcrumb\"},\"inLanguage\":\"es\",\"potentialAction\":[{\"@type\":\"ReadAction\",\"target\":[\"https:\/\/experienciadevida.com.ar\/portalurbano\/ahora-12-oficializan-la-prorroga-del-plan-hasta-el-31-de-agosto\/\"]}]},{\"@type\":\"BreadcrumbList\",\"@id\":\"https:\/\/experienciadevida.com.ar\/portalurbano\/ahora-12-oficializan-la-prorroga-del-plan-hasta-el-31-de-agosto\/#breadcrumb\",\"itemListElement\":[{\"@type\":\"ListItem\",\"position\":1,\"name\":\"Portada\",\"item\":\"https:\/\/experienciadevida.com.ar\/portalurbano\/\"},{\"@type\":\"ListItem\",\"position\":2,\"name\":\"Ahora 12: Oficializan la pr\u00f3rroga del plan hasta el 31 de agosto\"}]},{\"@type\":\"WebSite\",\"@id\":\"https:\/\/experienciadevida.com.ar\/portalurbano\/#website\",\"url\":\"https:\/\/experienciadevida.com.ar\/portalurbano\/\",\"name\":\"\",\"description\":\"\",\"publisher\":{\"@id\":\"https:\/\/experienciadevida.com.ar\/portalurbano\/#organization\"},\"potentialAction\":[{\"@type\":\"SearchAction\",\"target\":{\"@type\":\"EntryPoint\",\"urlTemplate\":\"https:\/\/experienciadevida.com.ar\/portalurbano\/?s={search_term_string}\"},\"query-input\":\"required name=search_term_string\"}],\"inLanguage\":\"es\"},{\"@type\":\"Organization\",\"@id\":\"https:\/\/experienciadevida.com.ar\/portalurbano\/#organization\",\"name\":\"Portal Urbano\",\"url\":\"https:\/\/experienciadevida.com.ar\/portalurbano\/\",\"logo\":{\"@type\":\"ImageObject\",\"inLanguage\":\"es\",\"@id\":\"https:\/\/experienciadevida.com.ar\/portalurbano\/#\/schema\/logo\/image\/\",\"url\":\"https:\/\/experienciadevida.com.ar\/portalurbano\/wp-content\/uploads\/2019\/09\/Logo-Original.png\",\"contentUrl\":\"https:\/\/experienciadevida.com.ar\/portalurbano\/wp-content\/uploads\/2019\/09\/Logo-Original.png\",\"width\":2236,\"height\":1216,\"caption\":\"Portal Urbano\"},\"image\":{\"@id\":\"https:\/\/experienciadevida.com.ar\/portalurbano\/#\/schema\/logo\/image\/\"},\"sameAs\":[\"https:\/\/www.facebook.com\/Portal-Urbano-171542830093757\/\",\"https:\/\/twitter.com\/portalurbanook\",\"https:\/\/www.instagram.com\/_portalurbano\/\",\"https:\/\/www.youtube.com\/channel\/UCXhagIfszH8KxFiOok79zbA?view_as=subscriber\"]},{\"@type\":\"Person\",\"@id\":\"https:\/\/experienciadevida.com.ar\/portalurbano\/#\/schema\/person\/02dd326b1c4b056e9cc972486934a3a7\",\"name\":\"admpu17wp\",\"image\":{\"@type\":\"ImageObject\",\"inLanguage\":\"es\",\"@id\":\"https:\/\/experienciadevida.com.ar\/portalurbano\/#\/schema\/person\/image\/\",\"url\":\"https:\/\/secure.gravatar.com\/avatar\/830d4c57adaae6630765e449a6908047?s=96&d=mm&r=g\",\"contentUrl\":\"https:\/\/secure.gravatar.com\/avatar\/830d4c57adaae6630765e449a6908047?s=96&d=mm&r=g\",\"caption\":\"admpu17wp\"}}]}<\/script>\n<!-- \/ Yoast SEO plugin. -->","yoast_head_json":{"title":"Ahora 12: Oficializan la pr\u00f3rroga del plan hasta el 31 de agosto -","robots":{"index":"index","follow":"follow","max-snippet":"max-snippet:-1","max-image-preview":"max-image-preview:large","max-video-preview":"max-video-preview:-1"},"canonical":"https:\/\/experienciadevida.com.ar\/portalurbano\/ahora-12-oficializan-la-prorroga-del-plan-hasta-el-31-de-agosto\/","og_locale":"es_ES","og_type":"article","og_title":"Ahora 12: Oficializan la pr\u00f3rroga del plan hasta el 31 de agosto -","og_description":"Se hizo a trav\u00e9s de una resoluci\u00f3n publicada este viernes en el Bolet\u00edn Oficial Con...","og_url":"https:\/\/experienciadevida.com.ar\/portalurbano\/ahora-12-oficializan-la-prorroga-del-plan-hasta-el-31-de-agosto\/","article_publisher":"https:\/\/www.facebook.com\/Portal-Urbano-171542830093757\/","article_published_time":"2019-05-03T18:53:23+00:00","og_image":[{"width":750,"height":405,"url":"https:\/\/experienciadevida.com.ar\/portalurbano\/wp-content\/uploads\/2019\/05\/0005293279-e1556906991221.jpg","type":"image\/jpeg"}],"author":"admpu17wp","twitter_card":"summary_large_image","twitter_creator":"@portalurbanook","twitter_site":"@portalurbanook","twitter_misc":{"Escrito por":"admpu17wp","Tiempo de lectura":"2 minutos"},"schema":{"@context":"https:\/\/schema.org","@graph":[{"@type":"Article","@id":"https:\/\/experienciadevida.com.ar\/portalurbano\/ahora-12-oficializan-la-prorroga-del-plan-hasta-el-31-de-agosto\/#article","isPartOf":{"@id":"https:\/\/experienciadevida.com.ar\/portalurbano\/ahora-12-oficializan-la-prorroga-del-plan-hasta-el-31-de-agosto\/"},"author":{"name":"admpu17wp","@id":"https:\/\/experienciadevida.com.ar\/portalurbano\/#\/schema\/person\/02dd326b1c4b056e9cc972486934a3a7"},"headline":"Ahora 12: Oficializan la pr\u00f3rroga del plan hasta el 31 de agosto","datePublished":"2019-05-03T18:53:23+00:00","dateModified":"2019-05-03T18:53:23+00:00","mainEntityOfPage":{"@id":"https:\/\/experienciadevida.com.ar\/portalurbano\/ahora-12-oficializan-la-prorroga-del-plan-hasta-el-31-de-agosto\/"},"wordCount":324,"commentCount":0,"publisher":{"@id":"https:\/\/experienciadevida.com.ar\/portalurbano\/#organization"},"articleSection":["Naci\u00f3n"],"inLanguage":"es","potentialAction":[{"@type":"CommentAction","name":"Comment","target":["https:\/\/experienciadevida.com.ar\/portalurbano\/ahora-12-oficializan-la-prorroga-del-plan-hasta-el-31-de-agosto\/#respond"]}]},{"@type":"WebPage","@id":"https:\/\/experienciadevida.com.ar\/portalurbano\/ahora-12-oficializan-la-prorroga-del-plan-hasta-el-31-de-agosto\/","url":"https:\/\/experienciadevida.com.ar\/portalurbano\/ahora-12-oficializan-la-prorroga-del-plan-hasta-el-31-de-agosto\/","name":"Ahora 12: Oficializan la pr\u00f3rroga del plan hasta el 31 de agosto -","isPartOf":{"@id":"https:\/\/experienciadevida.com.ar\/portalurbano\/#website"},"datePublished":"2019-05-03T18:53:23+00:00","dateModified":"2019-05-03T18:53:23+00:00","breadcrumb":{"@id":"https:\/\/experienciadevida.com.ar\/portalurbano\/ahora-12-oficializan-la-prorroga-del-plan-hasta-el-31-de-agosto\/#breadcrumb"},"inLanguage":"es","potentialAction":[{"@type":"ReadAction","target":["https:\/\/experienciadevida.com.ar\/portalurbano\/ahora-12-oficializan-la-prorroga-del-plan-hasta-el-31-de-agosto\/"]}]},{"@type":"BreadcrumbList","@id":"https:\/\/experienciadevida.com.ar\/portalurbano\/ahora-12-oficializan-la-prorroga-del-plan-hasta-el-31-de-agosto\/#breadcrumb","itemListElement":[{"@type":"ListItem","position":1,"name":"Portada","item":"https:\/\/experienciadevida.com.ar\/portalurbano\/"},{"@type":"ListItem","position":2,"name":"Ahora 12: Oficializan la pr\u00f3rroga del plan hasta el 31 de agosto"}]},{"@type":"WebSite","@id":"https:\/\/experienciadevida.com.ar\/portalurbano\/#website","url":"https:\/\/experienciadevida.com.ar\/portalurbano\/","name":"","description":"","publisher":{"@id":"https:\/\/experienciadevida.com.ar\/portalurbano\/#organization"},"potentialAction":[{"@type":"SearchAction","target":{"@type":"EntryPoint","urlTemplate":"https:\/\/experienciadevida.com.ar\/portalurbano\/?s={search_term_string}"},"query-input":"required name=search_term_string"}],"inLanguage":"es"},{"@type":"Organization","@id":"https:\/\/experienciadevida.com.ar\/portalurbano\/#organization","name":"Portal Urbano","url":"https:\/\/experienciadevida.com.ar\/portalurbano\/","logo":{"@type":"ImageObject","inLanguage":"es","@id":"https:\/\/experienciadevida.com.ar\/portalurbano\/#\/schema\/logo\/image\/","url":"https:\/\/experienciadevida.com.ar\/portalurbano\/wp-content\/uploads\/2019\/09\/Logo-Original.png","contentUrl":"https:\/\/experienciadevida.com.ar\/portalurbano\/wp-content\/uploads\/2019\/09\/Logo-Original.png","width":2236,"height":1216,"caption":"Portal Urbano"},"image":{"@id":"https:\/\/experienciadevida.com.ar\/portalurbano\/#\/schema\/logo\/image\/"},"sameAs":["https:\/\/www.facebook.com\/Portal-Urbano-171542830093757\/","https:\/\/twitter.com\/portalurbanook","https:\/\/www.instagram.com\/_portalurbano\/","https:\/\/www.youtube.com\/channel\/UCXhagIfszH8KxFiOok79zbA?view_as=subscriber"]},{"@type":"Person","@id":"https:\/\/experienciadevida.com.ar\/portalurbano\/#\/schema\/person\/02dd326b1c4b056e9cc972486934a3a7","name":"admpu17wp","image":{"@type":"ImageObject","inLanguage":"es","@id":"https:\/\/experienciadevida.com.ar\/portalurbano\/#\/schema\/person\/image\/","url":"https:\/\/secure.gravatar.com\/avatar\/830d4c57adaae6630765e449a6908047?s=96&d=mm&r=g","contentUrl":"https:\/\/secure.gravatar.com\/avatar\/830d4c57adaae6630765e449a6908047?s=96&d=mm&r=g","caption":"admpu17wp"}}]}},"featured_image_urls":{"full":"","thumbnail":"","medium":"","medium_large":"","large":"","ug_big":"","1536x1536":"","2048x2048":"","newsever-slider-full":"","newsever-featured":"","newsever-medium":"","web-stories-poster-portrait":"","web-stories-publisher-logo":"","web-stories-thumbnail":""},"author_info":{"display_name":"admpu17wp","author_link":"https:\/\/experienciadevida.com.ar\/portalurbano\/author\/admpu17wp\/"},"category_info":"<a href=\"https:\/\/experienciadevida.com.ar\/portalurbano\/category\/nacion\/\" rel=\"category tag\">Naci\u00f3n<\/a>","tag_info":"Naci\u00f3n","comment_count":"0","amp_enabled":true,"_links":{"self":[{"href":"https:\/\/experienciadevida.com.ar\/portalurbano\/wp-json\/wp\/v2\/posts\/67010"}],"collection":[{"href":"https:\/\/experienciadevida.com.ar\/portalurbano\/wp-json\/wp\/v2\/posts"}],"about":[{"href":"https:\/\/experienciadevida.com.ar\/portalurbano\/wp-json\/wp\/v2\/types\/post"}],"author":[{"embeddable":true,"href":"https:\/\/experienciadevida.com.ar\/portalurbano\/wp-json\/wp\/v2\/users\/1"}],"replies":[{"embeddable":true,"href":"https:\/\/experienciadevida.com.ar\/portalurbano\/wp-json\/wp\/v2\/comments?post=67010"}],"version-history":[{"count":3,"href":"https:\/\/experienciadevida.com.ar\/portalurbano\/wp-json\/wp\/v2\/posts\/67010\/revisions"}],"predecessor-version":[{"id":67018,"href":"https:\/\/experienciadevida.com.ar\/portalurbano\/wp-json\/wp\/v2\/posts\/67010\/revisions\/67018"}],"wp:attachment":[{"href":"https:\/\/experienciadevida.com.ar\/portalurbano\/wp-json\/wp\/v2\/media?parent=67010"}],"wp:term":[{"taxonomy":"category","embeddable":true,"href":"https:\/\/experienciadevida.com.ar\/portalurbano\/wp-json\/wp\/v2\/categories?post=67010"},{"taxonomy":"post_tag","embeddable":true,"href":"https:\/\/experienciadevida.com.ar\/portalurbano\/wp-json\/wp\/v2\/tags?post=67010"}],"curies":[{"name":"wp","href":"https:\/\/api.w.org\/{rel}","templated":true}]}}