{"id":65803,"date":"2019-04-26T16:13:10","date_gmt":"2019-04-26T19:13:10","guid":{"rendered":"https:\/\/experienciadevida.com.ar\/portalurbano\/?p=65803"},"modified":"2019-04-26T16:13:10","modified_gmt":"2019-04-26T19:13:10","slug":"murio-horacio-el-padre-del-fallecido-futbolista-emiliano-sala","status":"publish","type":"post","link":"https:\/\/experienciadevida.com.ar\/portalurbano\/murio-horacio-el-padre-del-fallecido-futbolista-emiliano-sala\/","title":{"rendered":"Muri\u00f3 Horacio, el padre del fallecido futbolista Emiliano Sala"},"content":{"rendered":"<p>Este viernes, sorprendi\u00f3 la noticia de la muerte de <strong>Horacio Sala<\/strong>, el padre del ex futbolista del Nantes de Francia,\u00a0<strong>Emiliano Sala<\/strong>, que en enero de este a\u00f1o tambi\u00e9n falleci\u00f3 cuando la avioneta en la que cruzaba el\u00a0<strong>Canal de la Mancha<\/strong>\u00a0con rumbo a\u00a0<strong>Gales<\/strong>\u00a0se precipit\u00f3 al agua.<\/p>\n<p>Julio M\u00fcller, intendente de la localidad santafesina de El Progreso, revel\u00f3 en declaraciones radiales, que Horacio, de 58 a\u00f1os, no pudo ser revivido por los m\u00e9dicos que lo asistieron en su casa tras sufrir el infarto hacia las 4.30 de la madrugada.<\/p>\n<p>Horacio se enter\u00f3 de la desaparici\u00f3n de su hijo <strong>a trav\u00e9s de los medios de comunicaci\u00f3n<\/strong>\u00a0ya que trabajaba como camionero y vio la noticia en la TV al pasar por una estaci\u00f3n de servicio. El hombre fue el primero de los familiares de Emiliano en tomar contacto con los medios y all\u00ed asegur\u00f3 que\u00a0<strong>iba a \u201cmover cielo y tierra\u201d hasta encontrarlo<\/strong>.<\/p>\n<p>\u201cEn un\u00a0<strong>pueblo de 3000 habitantes<\/strong>\u00a0que no termina de\u00a0<strong>sobreponerse a una situaci\u00f3n<\/strong>\u00a0(como la muerte de Emiliano) y ya nos toca vivir otra. Ten\u00edamos miedo de la forma en la que Horacio iba a convivir\u00a0<strong>con esto que le pas\u00f3 al \u201cEmi\u201d<\/strong>\u00a0y no nos equivocamos porque esta madrugada falleci\u00f3. A mi me llam\u00f3 la actual pareja de Horacio\u00a0<strong>a eso de las 5 de la ma\u00f1ana<\/strong>\u00a0porque vivimos a 5 cuadras. Me levant\u00e9, saqu\u00e9 el auto y fui; y me encontr\u00e9 con los m\u00e9dicos que no hab\u00edan podido hacer nada para revivirlo\u201d, cont\u00f3 M\u00fcller en declaraciones televisivas.<\/p>\n<p>\u201cDespu\u00e9s de lo que le pas\u00f3 al Emi, Horacio tuvo que recuperar su trabajo, su cami\u00f3n que era su medio de vida (\u2026). \u00c9l iba normalmente a trabajar con su cami\u00f3n, como hac\u00eda antes de que pasara todo esto, (pero) nunca pudo convivir, o seguir su vida, con este golpe, por distintas situaciones como seguir escuchando noticias\u00a0<strong>como que el piloto no ten\u00eda habilitaci\u00f3n o no pod\u00eda viajar de noche<\/strong>, o que un club\u00a0<strong>no quer\u00eda pagar el pase<\/strong>; convivir con esto todo el d\u00eda debe ser mucho peor que lo que parece\u201d, agreg\u00f3 el intendente.<\/p>\n","protected":false},"excerpt":{"rendered":"<p>Este viernes, sorprendi\u00f3 la noticia de la muerte de Horacio Sala, el padre del ex&#8230;<\/p>\n","protected":false},"author":1,"featured_media":0,"comment_status":"open","ping_status":"open","sticky":false,"template":"","format":"standard","meta":{"content-type":""},"categories":[39],"tags":[],"nelio_content":{"isAutoShareEnabled":false,"autoShareEndMode":"default","automationSources":{"useContentSentences":true,"useSocialTemplates":true,"useCustomSentences":false,"customSentences":[]},"followers":[1],"suggestedReferences":[],"includedReferences":[],"efiUrl":"","efiAlt":"","highlights":[]},"yoast_head":"<!-- This site is optimized with the Yoast SEO plugin v20.7 - https:\/\/yoast.com\/wordpress\/plugins\/seo\/ -->\n<title>Muri\u00f3 Horacio, el padre del fallecido futbolista Emiliano Sala -<\/title>\n<meta name=\"robots\" content=\"index, follow, max-snippet:-1, max-image-preview:large, max-video-preview:-1\" \/>\n<link rel=\"canonical\" href=\"https:\/\/experienciadevida.com.ar\/portalurbano\/murio-horacio-el-padre-del-fallecido-futbolista-emiliano-sala\/\" \/>\n<meta property=\"og:locale\" content=\"es_ES\" \/>\n<meta property=\"og:type\" content=\"article\" \/>\n<meta property=\"og:title\" content=\"Muri\u00f3 Horacio, el padre del fallecido futbolista Emiliano Sala -\" \/>\n<meta property=\"og:description\" content=\"Este viernes, sorprendi\u00f3 la noticia de la muerte de Horacio Sala, el padre del ex...\" \/>\n<meta property=\"og:url\" content=\"https:\/\/experienciadevida.com.ar\/portalurbano\/murio-horacio-el-padre-del-fallecido-futbolista-emiliano-sala\/\" \/>\n<meta property=\"article:publisher\" content=\"https:\/\/www.facebook.com\/Portal-Urbano-171542830093757\/\" \/>\n<meta property=\"article:published_time\" content=\"2019-04-26T19:13:10+00:00\" \/>\n<meta property=\"og:image\" content=\"https:\/\/experienciadevida.com.ar\/portalurbano\/wp-content\/uploads\/2019\/04\/PADRE-SALA.jpg\" \/>\n\t<meta property=\"og:image:width\" content=\"709\" \/>\n\t<meta property=\"og:image:height\" content=\"450\" \/>\n\t<meta property=\"og:image:type\" content=\"image\/jpeg\" \/>\n<meta name=\"author\" content=\"admpu17wp\" \/>\n<meta name=\"twitter:card\" content=\"summary_large_image\" \/>\n<meta name=\"twitter:creator\" content=\"@portalurbanook\" \/>\n<meta name=\"twitter:site\" content=\"@portalurbanook\" \/>\n<meta name=\"twitter:label1\" content=\"Escrito por\" \/>\n\t<meta name=\"twitter:data1\" content=\"admpu17wp\" \/>\n\t<meta name=\"twitter:label2\" content=\"Tiempo de lectura\" \/>\n\t<meta name=\"twitter:data2\" content=\"2 minutos\" \/>\n<script type=\"application\/ld+json\" class=\"yoast-schema-graph\">{\"@context\":\"https:\/\/schema.org\",\"@graph\":[{\"@type\":\"Article\",\"@id\":\"https:\/\/experienciadevida.com.ar\/portalurbano\/murio-horacio-el-padre-del-fallecido-futbolista-emiliano-sala\/#article\",\"isPartOf\":{\"@id\":\"https:\/\/experienciadevida.com.ar\/portalurbano\/murio-horacio-el-padre-del-fallecido-futbolista-emiliano-sala\/\"},\"author\":{\"name\":\"admpu17wp\",\"@id\":\"https:\/\/experienciadevida.com.ar\/portalurbano\/#\/schema\/person\/02dd326b1c4b056e9cc972486934a3a7\"},\"headline\":\"Muri\u00f3 Horacio, el padre del fallecido futbolista Emiliano Sala\",\"datePublished\":\"2019-04-26T19:13:10+00:00\",\"dateModified\":\"2019-04-26T19:13:10+00:00\",\"mainEntityOfPage\":{\"@id\":\"https:\/\/experienciadevida.com.ar\/portalurbano\/murio-horacio-el-padre-del-fallecido-futbolista-emiliano-sala\/\"},\"wordCount\":378,\"commentCount\":0,\"publisher\":{\"@id\":\"https:\/\/experienciadevida.com.ar\/portalurbano\/#organization\"},\"articleSection\":[\"Naci\u00f3n\"],\"inLanguage\":\"es\",\"potentialAction\":[{\"@type\":\"CommentAction\",\"name\":\"Comment\",\"target\":[\"https:\/\/experienciadevida.com.ar\/portalurbano\/murio-horacio-el-padre-del-fallecido-futbolista-emiliano-sala\/#respond\"]}]},{\"@type\":\"WebPage\",\"@id\":\"https:\/\/experienciadevida.com.ar\/portalurbano\/murio-horacio-el-padre-del-fallecido-futbolista-emiliano-sala\/\",\"url\":\"https:\/\/experienciadevida.com.ar\/portalurbano\/murio-horacio-el-padre-del-fallecido-futbolista-emiliano-sala\/\",\"name\":\"Muri\u00f3 Horacio, el padre del fallecido futbolista Emiliano Sala -\",\"isPartOf\":{\"@id\":\"https:\/\/experienciadevida.com.ar\/portalurbano\/#website\"},\"datePublished\":\"2019-04-26T19:13:10+00:00\",\"dateModified\":\"2019-04-26T19:13:10+00:00\",\"breadcrumb\":{\"@id\":\"https:\/\/experienciadevida.com.ar\/portalurbano\/murio-horacio-el-padre-del-fallecido-futbolista-emiliano-sala\/#breadcrumb\"},\"inLanguage\":\"es\",\"potentialAction\":[{\"@type\":\"ReadAction\",\"target\":[\"https:\/\/experienciadevida.com.ar\/portalurbano\/murio-horacio-el-padre-del-fallecido-futbolista-emiliano-sala\/\"]}]},{\"@type\":\"BreadcrumbList\",\"@id\":\"https:\/\/experienciadevida.com.ar\/portalurbano\/murio-horacio-el-padre-del-fallecido-futbolista-emiliano-sala\/#breadcrumb\",\"itemListElement\":[{\"@type\":\"ListItem\",\"position\":1,\"name\":\"Portada\",\"item\":\"https:\/\/experienciadevida.com.ar\/portalurbano\/\"},{\"@type\":\"ListItem\",\"position\":2,\"name\":\"Muri\u00f3 Horacio, el padre del fallecido futbolista Emiliano Sala\"}]},{\"@type\":\"WebSite\",\"@id\":\"https:\/\/experienciadevida.com.ar\/portalurbano\/#website\",\"url\":\"https:\/\/experienciadevida.com.ar\/portalurbano\/\",\"name\":\"\",\"description\":\"\",\"publisher\":{\"@id\":\"https:\/\/experienciadevida.com.ar\/portalurbano\/#organization\"},\"potentialAction\":[{\"@type\":\"SearchAction\",\"target\":{\"@type\":\"EntryPoint\",\"urlTemplate\":\"https:\/\/experienciadevida.com.ar\/portalurbano\/?s={search_term_string}\"},\"query-input\":\"required name=search_term_string\"}],\"inLanguage\":\"es\"},{\"@type\":\"Organization\",\"@id\":\"https:\/\/experienciadevida.com.ar\/portalurbano\/#organization\",\"name\":\"Portal Urbano\",\"url\":\"https:\/\/experienciadevida.com.ar\/portalurbano\/\",\"logo\":{\"@type\":\"ImageObject\",\"inLanguage\":\"es\",\"@id\":\"https:\/\/experienciadevida.com.ar\/portalurbano\/#\/schema\/logo\/image\/\",\"url\":\"https:\/\/experienciadevida.com.ar\/portalurbano\/wp-content\/uploads\/2019\/09\/Logo-Original.png\",\"contentUrl\":\"https:\/\/experienciadevida.com.ar\/portalurbano\/wp-content\/uploads\/2019\/09\/Logo-Original.png\",\"width\":2236,\"height\":1216,\"caption\":\"Portal Urbano\"},\"image\":{\"@id\":\"https:\/\/experienciadevida.com.ar\/portalurbano\/#\/schema\/logo\/image\/\"},\"sameAs\":[\"https:\/\/www.facebook.com\/Portal-Urbano-171542830093757\/\",\"https:\/\/twitter.com\/portalurbanook\",\"https:\/\/www.instagram.com\/_portalurbano\/\",\"https:\/\/www.youtube.com\/channel\/UCXhagIfszH8KxFiOok79zbA?view_as=subscriber\"]},{\"@type\":\"Person\",\"@id\":\"https:\/\/experienciadevida.com.ar\/portalurbano\/#\/schema\/person\/02dd326b1c4b056e9cc972486934a3a7\",\"name\":\"admpu17wp\",\"image\":{\"@type\":\"ImageObject\",\"inLanguage\":\"es\",\"@id\":\"https:\/\/experienciadevida.com.ar\/portalurbano\/#\/schema\/person\/image\/\",\"url\":\"https:\/\/secure.gravatar.com\/avatar\/830d4c57adaae6630765e449a6908047?s=96&d=mm&r=g\",\"contentUrl\":\"https:\/\/secure.gravatar.com\/avatar\/830d4c57adaae6630765e449a6908047?s=96&d=mm&r=g\",\"caption\":\"admpu17wp\"}}]}<\/script>\n<!-- \/ Yoast SEO plugin. -->","yoast_head_json":{"title":"Muri\u00f3 Horacio, el padre del fallecido futbolista Emiliano Sala -","robots":{"index":"index","follow":"follow","max-snippet":"max-snippet:-1","max-image-preview":"max-image-preview:large","max-video-preview":"max-video-preview:-1"},"canonical":"https:\/\/experienciadevida.com.ar\/portalurbano\/murio-horacio-el-padre-del-fallecido-futbolista-emiliano-sala\/","og_locale":"es_ES","og_type":"article","og_title":"Muri\u00f3 Horacio, el padre del fallecido futbolista Emiliano Sala -","og_description":"Este viernes, sorprendi\u00f3 la noticia de la muerte de Horacio Sala, el padre del ex...","og_url":"https:\/\/experienciadevida.com.ar\/portalurbano\/murio-horacio-el-padre-del-fallecido-futbolista-emiliano-sala\/","article_publisher":"https:\/\/www.facebook.com\/Portal-Urbano-171542830093757\/","article_published_time":"2019-04-26T19:13:10+00:00","og_image":[{"width":709,"height":450,"url":"https:\/\/experienciadevida.com.ar\/portalurbano\/wp-content\/uploads\/2019\/04\/PADRE-SALA.jpg","type":"image\/jpeg"}],"author":"admpu17wp","twitter_card":"summary_large_image","twitter_creator":"@portalurbanook","twitter_site":"@portalurbanook","twitter_misc":{"Escrito por":"admpu17wp","Tiempo de lectura":"2 minutos"},"schema":{"@context":"https:\/\/schema.org","@graph":[{"@type":"Article","@id":"https:\/\/experienciadevida.com.ar\/portalurbano\/murio-horacio-el-padre-del-fallecido-futbolista-emiliano-sala\/#article","isPartOf":{"@id":"https:\/\/experienciadevida.com.ar\/portalurbano\/murio-horacio-el-padre-del-fallecido-futbolista-emiliano-sala\/"},"author":{"name":"admpu17wp","@id":"https:\/\/experienciadevida.com.ar\/portalurbano\/#\/schema\/person\/02dd326b1c4b056e9cc972486934a3a7"},"headline":"Muri\u00f3 Horacio, el padre del fallecido futbolista Emiliano Sala","datePublished":"2019-04-26T19:13:10+00:00","dateModified":"2019-04-26T19:13:10+00:00","mainEntityOfPage":{"@id":"https:\/\/experienciadevida.com.ar\/portalurbano\/murio-horacio-el-padre-del-fallecido-futbolista-emiliano-sala\/"},"wordCount":378,"commentCount":0,"publisher":{"@id":"https:\/\/experienciadevida.com.ar\/portalurbano\/#organization"},"articleSection":["Naci\u00f3n"],"inLanguage":"es","potentialAction":[{"@type":"CommentAction","name":"Comment","target":["https:\/\/experienciadevida.com.ar\/portalurbano\/murio-horacio-el-padre-del-fallecido-futbolista-emiliano-sala\/#respond"]}]},{"@type":"WebPage","@id":"https:\/\/experienciadevida.com.ar\/portalurbano\/murio-horacio-el-padre-del-fallecido-futbolista-emiliano-sala\/","url":"https:\/\/experienciadevida.com.ar\/portalurbano\/murio-horacio-el-padre-del-fallecido-futbolista-emiliano-sala\/","name":"Muri\u00f3 Horacio, el padre del fallecido futbolista Emiliano Sala -","isPartOf":{"@id":"https:\/\/experienciadevida.com.ar\/portalurbano\/#website"},"datePublished":"2019-04-26T19:13:10+00:00","dateModified":"2019-04-26T19:13:10+00:00","breadcrumb":{"@id":"https:\/\/experienciadevida.com.ar\/portalurbano\/murio-horacio-el-padre-del-fallecido-futbolista-emiliano-sala\/#breadcrumb"},"inLanguage":"es","potentialAction":[{"@type":"ReadAction","target":["https:\/\/experienciadevida.com.ar\/portalurbano\/murio-horacio-el-padre-del-fallecido-futbolista-emiliano-sala\/"]}]},{"@type":"BreadcrumbList","@id":"https:\/\/experienciadevida.com.ar\/portalurbano\/murio-horacio-el-padre-del-fallecido-futbolista-emiliano-sala\/#breadcrumb","itemListElement":[{"@type":"ListItem","position":1,"name":"Portada","item":"https:\/\/experienciadevida.com.ar\/portalurbano\/"},{"@type":"ListItem","position":2,"name":"Muri\u00f3 Horacio, el padre del fallecido futbolista Emiliano Sala"}]},{"@type":"WebSite","@id":"https:\/\/experienciadevida.com.ar\/portalurbano\/#website","url":"https:\/\/experienciadevida.com.ar\/portalurbano\/","name":"","description":"","publisher":{"@id":"https:\/\/experienciadevida.com.ar\/portalurbano\/#organization"},"potentialAction":[{"@type":"SearchAction","target":{"@type":"EntryPoint","urlTemplate":"https:\/\/experienciadevida.com.ar\/portalurbano\/?s={search_term_string}"},"query-input":"required name=search_term_string"}],"inLanguage":"es"},{"@type":"Organization","@id":"https:\/\/experienciadevida.com.ar\/portalurbano\/#organization","name":"Portal Urbano","url":"https:\/\/experienciadevida.com.ar\/portalurbano\/","logo":{"@type":"ImageObject","inLanguage":"es","@id":"https:\/\/experienciadevida.com.ar\/portalurbano\/#\/schema\/logo\/image\/","url":"https:\/\/experienciadevida.com.ar\/portalurbano\/wp-content\/uploads\/2019\/09\/Logo-Original.png","contentUrl":"https:\/\/experienciadevida.com.ar\/portalurbano\/wp-content\/uploads\/2019\/09\/Logo-Original.png","width":2236,"height":1216,"caption":"Portal Urbano"},"image":{"@id":"https:\/\/experienciadevida.com.ar\/portalurbano\/#\/schema\/logo\/image\/"},"sameAs":["https:\/\/www.facebook.com\/Portal-Urbano-171542830093757\/","https:\/\/twitter.com\/portalurbanook","https:\/\/www.instagram.com\/_portalurbano\/","https:\/\/www.youtube.com\/channel\/UCXhagIfszH8KxFiOok79zbA?view_as=subscriber"]},{"@type":"Person","@id":"https:\/\/experienciadevida.com.ar\/portalurbano\/#\/schema\/person\/02dd326b1c4b056e9cc972486934a3a7","name":"admpu17wp","image":{"@type":"ImageObject","inLanguage":"es","@id":"https:\/\/experienciadevida.com.ar\/portalurbano\/#\/schema\/person\/image\/","url":"https:\/\/secure.gravatar.com\/avatar\/830d4c57adaae6630765e449a6908047?s=96&d=mm&r=g","contentUrl":"https:\/\/secure.gravatar.com\/avatar\/830d4c57adaae6630765e449a6908047?s=96&d=mm&r=g","caption":"admpu17wp"}}]}},"featured_image_urls":{"full":"","thumbnail":"","medium":"","medium_large":"","large":"","ug_big":"","1536x1536":"","2048x2048":"","newsever-slider-full":"","newsever-featured":"","newsever-medium":"","web-stories-poster-portrait":"","web-stories-publisher-logo":"","web-stories-thumbnail":""},"author_info":{"display_name":"admpu17wp","author_link":"https:\/\/experienciadevida.com.ar\/portalurbano\/author\/admpu17wp\/"},"category_info":"<a href=\"https:\/\/experienciadevida.com.ar\/portalurbano\/category\/nacion\/\" rel=\"category tag\">Naci\u00f3n<\/a>","tag_info":"Naci\u00f3n","comment_count":"0","amp_enabled":true,"_links":{"self":[{"href":"https:\/\/experienciadevida.com.ar\/portalurbano\/wp-json\/wp\/v2\/posts\/65803"}],"collection":[{"href":"https:\/\/experienciadevida.com.ar\/portalurbano\/wp-json\/wp\/v2\/posts"}],"about":[{"href":"https:\/\/experienciadevida.com.ar\/portalurbano\/wp-json\/wp\/v2\/types\/post"}],"author":[{"embeddable":true,"href":"https:\/\/experienciadevida.com.ar\/portalurbano\/wp-json\/wp\/v2\/users\/1"}],"replies":[{"embeddable":true,"href":"https:\/\/experienciadevida.com.ar\/portalurbano\/wp-json\/wp\/v2\/comments?post=65803"}],"version-history":[{"count":2,"href":"https:\/\/experienciadevida.com.ar\/portalurbano\/wp-json\/wp\/v2\/posts\/65803\/revisions"}],"predecessor-version":[{"id":65811,"href":"https:\/\/experienciadevida.com.ar\/portalurbano\/wp-json\/wp\/v2\/posts\/65803\/revisions\/65811"}],"wp:attachment":[{"href":"https:\/\/experienciadevida.com.ar\/portalurbano\/wp-json\/wp\/v2\/media?parent=65803"}],"wp:term":[{"taxonomy":"category","embeddable":true,"href":"https:\/\/experienciadevida.com.ar\/portalurbano\/wp-json\/wp\/v2\/categories?post=65803"},{"taxonomy":"post_tag","embeddable":true,"href":"https:\/\/experienciadevida.com.ar\/portalurbano\/wp-json\/wp\/v2\/tags?post=65803"}],"curies":[{"name":"wp","href":"https:\/\/api.w.org\/{rel}","templated":true}]}}