{"id":65303,"date":"2019-04-22T21:46:54","date_gmt":"2019-04-23T00:46:54","guid":{"rendered":"https:\/\/experienciadevida.com.ar\/portalurbano\/?p=65303"},"modified":"2019-04-22T21:46:54","modified_gmt":"2019-04-23T00:46:54","slug":"sergio-denis-emitieron-un-nuevo-parte-medico-en-el-sanatorio-los-arcos","status":"publish","type":"post","link":"https:\/\/experienciadevida.com.ar\/portalurbano\/sergio-denis-emitieron-un-nuevo-parte-medico-en-el-sanatorio-los-arcos\/","title":{"rendered":"Sergio Denis: emitieron un nuevo parte m\u00e9dico en el Sanatorio Los Arcos"},"content":{"rendered":"<article id=\"article-post\" class=\"first\">\n<p class=\"interiorCopete\">De acuerdo al documento, se encuentra con menor requerimiento de asistencia respiratoria mec\u00e1nica<\/p>\n<div class=\"separator-line\"><strong>Sergio Denis<\/strong>\u00a0permanece internado en el\u00a0<strong>Sanatorio Los Arcos,<\/strong>\u00a0ubicado en el barrio porte\u00f1o de Palermo, desde donde este lunes difundieron un parte m\u00e9dico alentador.<\/div>\n<div class=\"cuerpo\" data-twitter-link=\"https:\/\/twitter.com\/intent\/tweet?url=https:\/\/www.diariopopular.com.ar\/\/c391380&amp;via=poopulardiario&amp;related=Diario Popular&amp;text=\">\n<div id=\"div-gpt-ad-nota-942783\" class=\"banner-90\" data-mapping=\"mapping9\" data-google-query-id=\"CNPxlZT-5OECFWXI4wcdwdwN4w\">\n<div id=\"google_ads_iframe_\/7581181\/dp_universal_0__container__\"><\/div>\n<\/div>\n<\/div>\n<\/article>\n<article id=\"article-post\">\n<div class=\"cuerpo\" data-twitter-link=\"https:\/\/twitter.com\/intent\/tweet?url=https:\/\/www.diariopopular.com.ar\/\/c391380&amp;via=poopulardiario&amp;related=Diario Popular&amp;text=\">\n<p>De acuerdo al comunicado, el popular cantante\u00a0<strong>\u201cse encuentra con menor requerimiento de asistencia respiratoria mec\u00e1nica, sin necesidad de f\u00e1rmacos para mantener el funcionamiento cardiovascular y continuando con su tratamiento antibi\u00f3tico de amplio espectro&#8221;.<\/strong><\/p>\n<p>El m\u00fasico sufri\u00f3 un accidente el pasado 11 de marzo, mientras cantaba en el teatro Mercedes Sosa en Tucum\u00e1n, cuando call\u00f3 a una fosa.<\/p>\n<div id=\"sc_intxt_container\">\n<div>\n<div id=\"sc_ava_companion\" class=\"sc_intxt_hided\">Estuvo internado en el Hospital \u00c1ngel C. Padilla, donde ingres\u00f3 con &#8220;<strong>edema cerebral, contusiones hemorr\u00e1gicas m\u00faltiples, hemorragia subaracnoidea traum\u00e1tica, fractura temporal izquierda y neumoenc\u00e9falo, hemotorax bilateral con fracturas costales\u201d<\/strong>.<\/div>\n<\/div>\n<\/div>\n<p>El\u00a013 de abril fue trasladado a Buenos Aires\u00a0en avi\u00f3n sanitario. Al arribar,\u00a0<strong>fue sometido a una cirug\u00eda de t\u00f3rax \u201cpara evacuar un derrame pleural complejo que comprim\u00eda parte del pulm\u00f3n derecho\u201d.<\/strong>\u00a0Adem\u00e1s, le realizaron una\u00a0<strong>operaci\u00f3n de abdomen \u201cpor un proceso infeccioso intestinal grave\u201d.<\/strong><\/p>\n<p>Luego de estas dos intervenciones,<strong>\u00a0el martes 16 de abril la\u00a0instituci\u00f3n inform\u00f3 que su estado de salud era &#8220;cr\u00edtico&#8221;.<\/strong>\u00a0Este lunes, el panorama es alentador.<\/p>\n<div id=\"div-gpt-ad-nota-199\" class=\"banner-90\" data-mapping=\"mapping9\" data-google-query-id=\"CNTxlZT-5OECFWXI4wcdwdwN4w\">\n<div id=\"google_ads_iframe_\/7581181\/dp_universal_1__container__\"><\/div>\n<\/div>\n<\/div>\n<\/article>\n","protected":false},"excerpt":{"rendered":"<p>De acuerdo al documento, se encuentra con menor requerimiento de asistencia respiratoria mec\u00e1nica Sergio Denis\u00a0permanece&#8230;<\/p>\n","protected":false},"author":1,"featured_media":0,"comment_status":"open","ping_status":"open","sticky":false,"template":"","format":"standard","meta":{"content-type":""},"categories":[39],"tags":[],"nelio_content":{"isAutoShareEnabled":false,"autoShareEndMode":"default","automationSources":{"useContentSentences":true,"useSocialTemplates":true,"useCustomSentences":false,"customSentences":[]},"followers":[1],"suggestedReferences":[],"includedReferences":[],"efiUrl":"","efiAlt":"","highlights":[]},"yoast_head":"<!-- This site is optimized with the Yoast SEO plugin v20.7 - https:\/\/yoast.com\/wordpress\/plugins\/seo\/ -->\n<title>Sergio Denis: emitieron un nuevo parte m\u00e9dico en el Sanatorio Los Arcos -<\/title>\n<meta name=\"robots\" content=\"index, follow, max-snippet:-1, max-image-preview:large, max-video-preview:-1\" \/>\n<link rel=\"canonical\" href=\"https:\/\/experienciadevida.com.ar\/portalurbano\/sergio-denis-emitieron-un-nuevo-parte-medico-en-el-sanatorio-los-arcos\/\" \/>\n<meta property=\"og:locale\" content=\"es_ES\" \/>\n<meta property=\"og:type\" content=\"article\" \/>\n<meta property=\"og:title\" content=\"Sergio Denis: emitieron un nuevo parte m\u00e9dico en el Sanatorio Los Arcos -\" \/>\n<meta property=\"og:description\" content=\"De acuerdo al documento, se encuentra con menor requerimiento de asistencia respiratoria mec\u00e1nica Sergio Denis\u00a0permanece...\" \/>\n<meta property=\"og:url\" content=\"https:\/\/experienciadevida.com.ar\/portalurbano\/sergio-denis-emitieron-un-nuevo-parte-medico-en-el-sanatorio-los-arcos\/\" \/>\n<meta property=\"article:publisher\" content=\"https:\/\/www.facebook.com\/Portal-Urbano-171542830093757\/\" \/>\n<meta property=\"article:published_time\" content=\"2019-04-23T00:46:54+00:00\" \/>\n<meta property=\"og:image\" content=\"https:\/\/experienciadevida.com.ar\/portalurbano\/wp-content\/uploads\/2019\/04\/0005748598-e1555980388589.jpg\" \/>\n\t<meta property=\"og:image:width\" content=\"750\" \/>\n\t<meta property=\"og:image:height\" content=\"539\" \/>\n\t<meta property=\"og:image:type\" content=\"image\/jpeg\" \/>\n<meta name=\"author\" content=\"admpu17wp\" \/>\n<meta name=\"twitter:card\" content=\"summary_large_image\" \/>\n<meta name=\"twitter:creator\" content=\"@portalurbanook\" \/>\n<meta name=\"twitter:site\" content=\"@portalurbanook\" \/>\n<meta name=\"twitter:label1\" content=\"Escrito por\" \/>\n\t<meta name=\"twitter:data1\" content=\"admpu17wp\" \/>\n\t<meta name=\"twitter:label2\" content=\"Tiempo de lectura\" \/>\n\t<meta name=\"twitter:data2\" content=\"1 minuto\" \/>\n<script type=\"application\/ld+json\" class=\"yoast-schema-graph\">{\"@context\":\"https:\/\/schema.org\",\"@graph\":[{\"@type\":\"Article\",\"@id\":\"https:\/\/experienciadevida.com.ar\/portalurbano\/sergio-denis-emitieron-un-nuevo-parte-medico-en-el-sanatorio-los-arcos\/#article\",\"isPartOf\":{\"@id\":\"https:\/\/experienciadevida.com.ar\/portalurbano\/sergio-denis-emitieron-un-nuevo-parte-medico-en-el-sanatorio-los-arcos\/\"},\"author\":{\"name\":\"admpu17wp\",\"@id\":\"https:\/\/experienciadevida.com.ar\/portalurbano\/#\/schema\/person\/02dd326b1c4b056e9cc972486934a3a7\"},\"headline\":\"Sergio Denis: emitieron un nuevo parte m\u00e9dico en el Sanatorio Los Arcos\",\"datePublished\":\"2019-04-23T00:46:54+00:00\",\"dateModified\":\"2019-04-23T00:46:54+00:00\",\"mainEntityOfPage\":{\"@id\":\"https:\/\/experienciadevida.com.ar\/portalurbano\/sergio-denis-emitieron-un-nuevo-parte-medico-en-el-sanatorio-los-arcos\/\"},\"wordCount\":228,\"commentCount\":0,\"publisher\":{\"@id\":\"https:\/\/experienciadevida.com.ar\/portalurbano\/#organization\"},\"articleSection\":[\"Naci\u00f3n\"],\"inLanguage\":\"es\",\"potentialAction\":[{\"@type\":\"CommentAction\",\"name\":\"Comment\",\"target\":[\"https:\/\/experienciadevida.com.ar\/portalurbano\/sergio-denis-emitieron-un-nuevo-parte-medico-en-el-sanatorio-los-arcos\/#respond\"]}]},{\"@type\":\"WebPage\",\"@id\":\"https:\/\/experienciadevida.com.ar\/portalurbano\/sergio-denis-emitieron-un-nuevo-parte-medico-en-el-sanatorio-los-arcos\/\",\"url\":\"https:\/\/experienciadevida.com.ar\/portalurbano\/sergio-denis-emitieron-un-nuevo-parte-medico-en-el-sanatorio-los-arcos\/\",\"name\":\"Sergio Denis: emitieron un nuevo parte m\u00e9dico en el Sanatorio Los Arcos -\",\"isPartOf\":{\"@id\":\"https:\/\/experienciadevida.com.ar\/portalurbano\/#website\"},\"datePublished\":\"2019-04-23T00:46:54+00:00\",\"dateModified\":\"2019-04-23T00:46:54+00:00\",\"breadcrumb\":{\"@id\":\"https:\/\/experienciadevida.com.ar\/portalurbano\/sergio-denis-emitieron-un-nuevo-parte-medico-en-el-sanatorio-los-arcos\/#breadcrumb\"},\"inLanguage\":\"es\",\"potentialAction\":[{\"@type\":\"ReadAction\",\"target\":[\"https:\/\/experienciadevida.com.ar\/portalurbano\/sergio-denis-emitieron-un-nuevo-parte-medico-en-el-sanatorio-los-arcos\/\"]}]},{\"@type\":\"BreadcrumbList\",\"@id\":\"https:\/\/experienciadevida.com.ar\/portalurbano\/sergio-denis-emitieron-un-nuevo-parte-medico-en-el-sanatorio-los-arcos\/#breadcrumb\",\"itemListElement\":[{\"@type\":\"ListItem\",\"position\":1,\"name\":\"Portada\",\"item\":\"https:\/\/experienciadevida.com.ar\/portalurbano\/\"},{\"@type\":\"ListItem\",\"position\":2,\"name\":\"Sergio Denis: emitieron un nuevo parte m\u00e9dico en el Sanatorio Los Arcos\"}]},{\"@type\":\"WebSite\",\"@id\":\"https:\/\/experienciadevida.com.ar\/portalurbano\/#website\",\"url\":\"https:\/\/experienciadevida.com.ar\/portalurbano\/\",\"name\":\"\",\"description\":\"\",\"publisher\":{\"@id\":\"https:\/\/experienciadevida.com.ar\/portalurbano\/#organization\"},\"potentialAction\":[{\"@type\":\"SearchAction\",\"target\":{\"@type\":\"EntryPoint\",\"urlTemplate\":\"https:\/\/experienciadevida.com.ar\/portalurbano\/?s={search_term_string}\"},\"query-input\":\"required name=search_term_string\"}],\"inLanguage\":\"es\"},{\"@type\":\"Organization\",\"@id\":\"https:\/\/experienciadevida.com.ar\/portalurbano\/#organization\",\"name\":\"Portal Urbano\",\"url\":\"https:\/\/experienciadevida.com.ar\/portalurbano\/\",\"logo\":{\"@type\":\"ImageObject\",\"inLanguage\":\"es\",\"@id\":\"https:\/\/experienciadevida.com.ar\/portalurbano\/#\/schema\/logo\/image\/\",\"url\":\"https:\/\/experienciadevida.com.ar\/portalurbano\/wp-content\/uploads\/2019\/09\/Logo-Original.png\",\"contentUrl\":\"https:\/\/experienciadevida.com.ar\/portalurbano\/wp-content\/uploads\/2019\/09\/Logo-Original.png\",\"width\":2236,\"height\":1216,\"caption\":\"Portal Urbano\"},\"image\":{\"@id\":\"https:\/\/experienciadevida.com.ar\/portalurbano\/#\/schema\/logo\/image\/\"},\"sameAs\":[\"https:\/\/www.facebook.com\/Portal-Urbano-171542830093757\/\",\"https:\/\/twitter.com\/portalurbanook\",\"https:\/\/www.instagram.com\/_portalurbano\/\",\"https:\/\/www.youtube.com\/channel\/UCXhagIfszH8KxFiOok79zbA?view_as=subscriber\"]},{\"@type\":\"Person\",\"@id\":\"https:\/\/experienciadevida.com.ar\/portalurbano\/#\/schema\/person\/02dd326b1c4b056e9cc972486934a3a7\",\"name\":\"admpu17wp\",\"image\":{\"@type\":\"ImageObject\",\"inLanguage\":\"es\",\"@id\":\"https:\/\/experienciadevida.com.ar\/portalurbano\/#\/schema\/person\/image\/\",\"url\":\"https:\/\/secure.gravatar.com\/avatar\/830d4c57adaae6630765e449a6908047?s=96&d=mm&r=g\",\"contentUrl\":\"https:\/\/secure.gravatar.com\/avatar\/830d4c57adaae6630765e449a6908047?s=96&d=mm&r=g\",\"caption\":\"admpu17wp\"}}]}<\/script>\n<!-- \/ Yoast SEO plugin. -->","yoast_head_json":{"title":"Sergio Denis: emitieron un nuevo parte m\u00e9dico en el Sanatorio Los Arcos -","robots":{"index":"index","follow":"follow","max-snippet":"max-snippet:-1","max-image-preview":"max-image-preview:large","max-video-preview":"max-video-preview:-1"},"canonical":"https:\/\/experienciadevida.com.ar\/portalurbano\/sergio-denis-emitieron-un-nuevo-parte-medico-en-el-sanatorio-los-arcos\/","og_locale":"es_ES","og_type":"article","og_title":"Sergio Denis: emitieron un nuevo parte m\u00e9dico en el Sanatorio Los Arcos -","og_description":"De acuerdo al documento, se encuentra con menor requerimiento de asistencia respiratoria mec\u00e1nica Sergio Denis\u00a0permanece...","og_url":"https:\/\/experienciadevida.com.ar\/portalurbano\/sergio-denis-emitieron-un-nuevo-parte-medico-en-el-sanatorio-los-arcos\/","article_publisher":"https:\/\/www.facebook.com\/Portal-Urbano-171542830093757\/","article_published_time":"2019-04-23T00:46:54+00:00","og_image":[{"width":750,"height":539,"url":"https:\/\/experienciadevida.com.ar\/portalurbano\/wp-content\/uploads\/2019\/04\/0005748598-e1555980388589.jpg","type":"image\/jpeg"}],"author":"admpu17wp","twitter_card":"summary_large_image","twitter_creator":"@portalurbanook","twitter_site":"@portalurbanook","twitter_misc":{"Escrito por":"admpu17wp","Tiempo de lectura":"1 minuto"},"schema":{"@context":"https:\/\/schema.org","@graph":[{"@type":"Article","@id":"https:\/\/experienciadevida.com.ar\/portalurbano\/sergio-denis-emitieron-un-nuevo-parte-medico-en-el-sanatorio-los-arcos\/#article","isPartOf":{"@id":"https:\/\/experienciadevida.com.ar\/portalurbano\/sergio-denis-emitieron-un-nuevo-parte-medico-en-el-sanatorio-los-arcos\/"},"author":{"name":"admpu17wp","@id":"https:\/\/experienciadevida.com.ar\/portalurbano\/#\/schema\/person\/02dd326b1c4b056e9cc972486934a3a7"},"headline":"Sergio Denis: emitieron un nuevo parte m\u00e9dico en el Sanatorio Los Arcos","datePublished":"2019-04-23T00:46:54+00:00","dateModified":"2019-04-23T00:46:54+00:00","mainEntityOfPage":{"@id":"https:\/\/experienciadevida.com.ar\/portalurbano\/sergio-denis-emitieron-un-nuevo-parte-medico-en-el-sanatorio-los-arcos\/"},"wordCount":228,"commentCount":0,"publisher":{"@id":"https:\/\/experienciadevida.com.ar\/portalurbano\/#organization"},"articleSection":["Naci\u00f3n"],"inLanguage":"es","potentialAction":[{"@type":"CommentAction","name":"Comment","target":["https:\/\/experienciadevida.com.ar\/portalurbano\/sergio-denis-emitieron-un-nuevo-parte-medico-en-el-sanatorio-los-arcos\/#respond"]}]},{"@type":"WebPage","@id":"https:\/\/experienciadevida.com.ar\/portalurbano\/sergio-denis-emitieron-un-nuevo-parte-medico-en-el-sanatorio-los-arcos\/","url":"https:\/\/experienciadevida.com.ar\/portalurbano\/sergio-denis-emitieron-un-nuevo-parte-medico-en-el-sanatorio-los-arcos\/","name":"Sergio Denis: emitieron un nuevo parte m\u00e9dico en el Sanatorio Los Arcos -","isPartOf":{"@id":"https:\/\/experienciadevida.com.ar\/portalurbano\/#website"},"datePublished":"2019-04-23T00:46:54+00:00","dateModified":"2019-04-23T00:46:54+00:00","breadcrumb":{"@id":"https:\/\/experienciadevida.com.ar\/portalurbano\/sergio-denis-emitieron-un-nuevo-parte-medico-en-el-sanatorio-los-arcos\/#breadcrumb"},"inLanguage":"es","potentialAction":[{"@type":"ReadAction","target":["https:\/\/experienciadevida.com.ar\/portalurbano\/sergio-denis-emitieron-un-nuevo-parte-medico-en-el-sanatorio-los-arcos\/"]}]},{"@type":"BreadcrumbList","@id":"https:\/\/experienciadevida.com.ar\/portalurbano\/sergio-denis-emitieron-un-nuevo-parte-medico-en-el-sanatorio-los-arcos\/#breadcrumb","itemListElement":[{"@type":"ListItem","position":1,"name":"Portada","item":"https:\/\/experienciadevida.com.ar\/portalurbano\/"},{"@type":"ListItem","position":2,"name":"Sergio Denis: emitieron un nuevo parte m\u00e9dico en el Sanatorio Los Arcos"}]},{"@type":"WebSite","@id":"https:\/\/experienciadevida.com.ar\/portalurbano\/#website","url":"https:\/\/experienciadevida.com.ar\/portalurbano\/","name":"","description":"","publisher":{"@id":"https:\/\/experienciadevida.com.ar\/portalurbano\/#organization"},"potentialAction":[{"@type":"SearchAction","target":{"@type":"EntryPoint","urlTemplate":"https:\/\/experienciadevida.com.ar\/portalurbano\/?s={search_term_string}"},"query-input":"required name=search_term_string"}],"inLanguage":"es"},{"@type":"Organization","@id":"https:\/\/experienciadevida.com.ar\/portalurbano\/#organization","name":"Portal Urbano","url":"https:\/\/experienciadevida.com.ar\/portalurbano\/","logo":{"@type":"ImageObject","inLanguage":"es","@id":"https:\/\/experienciadevida.com.ar\/portalurbano\/#\/schema\/logo\/image\/","url":"https:\/\/experienciadevida.com.ar\/portalurbano\/wp-content\/uploads\/2019\/09\/Logo-Original.png","contentUrl":"https:\/\/experienciadevida.com.ar\/portalurbano\/wp-content\/uploads\/2019\/09\/Logo-Original.png","width":2236,"height":1216,"caption":"Portal Urbano"},"image":{"@id":"https:\/\/experienciadevida.com.ar\/portalurbano\/#\/schema\/logo\/image\/"},"sameAs":["https:\/\/www.facebook.com\/Portal-Urbano-171542830093757\/","https:\/\/twitter.com\/portalurbanook","https:\/\/www.instagram.com\/_portalurbano\/","https:\/\/www.youtube.com\/channel\/UCXhagIfszH8KxFiOok79zbA?view_as=subscriber"]},{"@type":"Person","@id":"https:\/\/experienciadevida.com.ar\/portalurbano\/#\/schema\/person\/02dd326b1c4b056e9cc972486934a3a7","name":"admpu17wp","image":{"@type":"ImageObject","inLanguage":"es","@id":"https:\/\/experienciadevida.com.ar\/portalurbano\/#\/schema\/person\/image\/","url":"https:\/\/secure.gravatar.com\/avatar\/830d4c57adaae6630765e449a6908047?s=96&d=mm&r=g","contentUrl":"https:\/\/secure.gravatar.com\/avatar\/830d4c57adaae6630765e449a6908047?s=96&d=mm&r=g","caption":"admpu17wp"}}]}},"featured_image_urls":{"full":"","thumbnail":"","medium":"","medium_large":"","large":"","ug_big":"","1536x1536":"","2048x2048":"","newsever-slider-full":"","newsever-featured":"","newsever-medium":"","web-stories-poster-portrait":"","web-stories-publisher-logo":"","web-stories-thumbnail":""},"author_info":{"display_name":"admpu17wp","author_link":"https:\/\/experienciadevida.com.ar\/portalurbano\/author\/admpu17wp\/"},"category_info":"<a href=\"https:\/\/experienciadevida.com.ar\/portalurbano\/category\/nacion\/\" rel=\"category tag\">Naci\u00f3n<\/a>","tag_info":"Naci\u00f3n","comment_count":"0","amp_enabled":true,"_links":{"self":[{"href":"https:\/\/experienciadevida.com.ar\/portalurbano\/wp-json\/wp\/v2\/posts\/65303"}],"collection":[{"href":"https:\/\/experienciadevida.com.ar\/portalurbano\/wp-json\/wp\/v2\/posts"}],"about":[{"href":"https:\/\/experienciadevida.com.ar\/portalurbano\/wp-json\/wp\/v2\/types\/post"}],"author":[{"embeddable":true,"href":"https:\/\/experienciadevida.com.ar\/portalurbano\/wp-json\/wp\/v2\/users\/1"}],"replies":[{"embeddable":true,"href":"https:\/\/experienciadevida.com.ar\/portalurbano\/wp-json\/wp\/v2\/comments?post=65303"}],"version-history":[{"count":1,"href":"https:\/\/experienciadevida.com.ar\/portalurbano\/wp-json\/wp\/v2\/posts\/65303\/revisions"}],"predecessor-version":[{"id":65309,"href":"https:\/\/experienciadevida.com.ar\/portalurbano\/wp-json\/wp\/v2\/posts\/65303\/revisions\/65309"}],"wp:attachment":[{"href":"https:\/\/experienciadevida.com.ar\/portalurbano\/wp-json\/wp\/v2\/media?parent=65303"}],"wp:term":[{"taxonomy":"category","embeddable":true,"href":"https:\/\/experienciadevida.com.ar\/portalurbano\/wp-json\/wp\/v2\/categories?post=65303"},{"taxonomy":"post_tag","embeddable":true,"href":"https:\/\/experienciadevida.com.ar\/portalurbano\/wp-json\/wp\/v2\/tags?post=65303"}],"curies":[{"name":"wp","href":"https:\/\/api.w.org\/{rel}","templated":true}]}}