{"id":65159,"date":"2019-04-21T23:26:14","date_gmt":"2019-04-22T02:26:14","guid":{"rendered":"https:\/\/experienciadevida.com.ar\/portalurbano\/?p=65159"},"modified":"2019-04-21T23:26:14","modified_gmt":"2019-04-22T02:26:14","slug":"la-echaron-de-un-boliche-en-mar-del-plata-por-llevar-el-panuelo-verde","status":"publish","type":"post","link":"https:\/\/experienciadevida.com.ar\/portalurbano\/la-echaron-de-un-boliche-en-mar-del-plata-por-llevar-el-panuelo-verde\/","title":{"rendered":"La echaron de un boliche en Mar del Plata por llevar el pa\u00f1uelo verde"},"content":{"rendered":"<p><strong>CONVOCAN A UN PA\u00d1UELAZO<\/strong><\/p>\n<p class=\"fz16 bold ctext\"><strong>Juliana expuso la situaci\u00f3n en sus redes y cont\u00f3 como el personal de seguridad la forz\u00f3 a sacarse el pa\u00f1uelo sin mediar explicaciones. El martes convoc\u00f3 a un pa\u00f1uelazo en repudio al boliche Clip de la ciudad balnearia.<\/strong><\/p>\n<div class=\"mt20 cuerpo-nota\">\n<div class=\"flr g12 arial ctext fz16 lh26 wysiwyg mb20 \">\n<div class=\"texto_nota\">\n<p>Una joven marplatense\u00a0<strong>denunci\u00f3 haber sido echada de un boliche ubicado en pleno centro de la ciudad, por llevar entre sus pertenencias un pa\u00f1uelo verde de la Campa\u00f1a Nacional por el Derecho al Aborto Seguro, Legal y Gratuito.<\/strong><\/p>\n<p>La denunciante es la expresidenta del Centro de Estudiantes de la Facultad de Humanidades, quien asegura que el jueves a la madrugada,\u00a0<strong>al concurrir con sus amigos al boliche Clip,<\/strong>\u00a0ubicado en Santiago del Estero entre Col\u00f3n y Brown,<strong>\u00a0fue echada del lugar por el personal de seguridad.<\/strong><\/p>\n<div class=\"SandboxRoot env-bp-350\" data-twitter-event-id=\"0\">\n<div id=\"twitter-widget-0\" class=\"EmbeddedTweet EmbeddedTweet--cta js-clickToOpenTarget tweet-InformationCircle-widgetParent\" lang=\"es\" data-click-to-open-target=\"https:\/\/twitter.com\/julisantosi_\/status\/1118898386864934912\" data-iframe-title=\"Tweet de Twitter\" data-scribe=\"page:tweet\" data-twitter-event-id=\"4\">\n<div class=\"EmbeddedTweet-tweetContainer\">\n<div class=\"EmbeddedTweet-tweet\">\n<blockquote class=\"Tweet h-entry js-tweetIdInfo subject expanded\" cite=\"https:\/\/twitter.com\/julisantosi_\/status\/1118898386864934912\" data-tweet-id=\"1118898386864934912\" data-scribe=\"section:subject\">\n<div class=\"Tweet-body e-entry-content\" data-scribe=\"component:tweet\">\n<div class=\"TweetInfo\">\n<div class=\"TweetInfo-like\">\n<div data-scribe=\"element:heart\"><\/div>\n<\/div>\n<\/div>\n<\/div>\n<\/blockquote>\n<\/div>\n<\/div>\n<\/div>\n<div class=\"resize-sensor\">\n<div class=\"resize-sensor-expand\">\n<div>La joven explic\u00f3 que la situaci\u00f3n la tom\u00f3 por sorpresa y que le contest\u00f3 con respeto al hombre que la abord\u00f3 para que abandone el boliche,\u00a0<strong>\u201cEs mi pa\u00f1uelo del aborto, lo llevo siempre y no tiene nada de malo\u201d<\/strong>. \u201cNo me importa, si quer\u00e9s pasar sacatelo\u201d, denunci\u00f3 Juliana al dar cuenta de la respuesta que recibi\u00f3.<\/div>\n<\/div>\n<\/div>\n<\/div>\n<div class=\"relacionadas_internas fz14 posr ffalt bdtb bdtextlight p2p mt4p mb4p\">\n<div class=\"fll g8 ctext fz18 lh24\"><\/div>\n<div><\/div>\n<div class=\"clear\">EL conflicto continu\u00f3 en el medio de la pista. La joven indic\u00f3 que \u201cdos patovas no nos dejaron seguir caminando\u201d y que las obligaron a retirarse del boliche volviendo a se\u00f1alarles el pa\u00f1uelo.<\/div>\n<\/div>\n<div class=\"SandboxRoot env-bp-350\" data-twitter-event-id=\"1\">\n<div id=\"twitter-widget-1\" class=\"EmbeddedTweet EmbeddedTweet--cta js-clickToOpenTarget tweet-InformationCircle-widgetParent\" lang=\"es\" data-click-to-open-target=\"https:\/\/twitter.com\/julisantosi_\/status\/1118898683058229250\" data-iframe-title=\"Tweet de Twitter\" data-scribe=\"page:tweet\" data-twitter-event-id=\"5\">\n<div class=\"EmbeddedTweet-ancestor EmbeddedTweet-ancestor--repliesRefresh\" data-scribe=\"section:conversation\">\n<blockquote class=\"Tweet Tweet--compact h-entry reply js-tweetIdInfo\" cite=\"https:\/\/twitter.com\/julisantosi_\/status\/1118898640792244224\" data-tweet-id=\"1118898640792244224\">\n<div class=\"Tweet-ancestorContainer Tweet-ancestorContainer--repliesRefresh\"><a class=\"TweetAuthor-avatar TweetAuthor-avatar--ancestor Identity-avatar u-linkBlend\" href=\"https:\/\/twitter.com\/julisantosi_\" data-scribe=\"element:user_link\" aria-label=\"Juliana (nombre de pantalla: julisantosi_)\"><img decoding=\"async\" class=\"Avatar\" src=\"https:\/\/pbs.twimg.com\/profile_images\/892731781400727552\/LAwS6Wd5_normal.jpg\" alt=\"\" data-scribe=\"element:avatar\" data-src-2x=\"https:\/\/pbs.twimg.com\/profile_images\/892731781400727552\/LAwS6Wd5_bigger.jpg\" data-src-1x=\"https:\/\/pbs.twimg.com\/profile_images\/892731781400727552\/LAwS6Wd5_normal.jpg\" \/><\/a><\/p>\n<div class=\"Tweet-ancestorContents Tweet-ancestorContents--repliesRefresh\">\n<div class=\"Tweet-header\">\n<div class=\"TweetAuthor js-inViewportScribingTarget TweetAuthor--oneLine\" data-scribe=\"component:author\">\n<div class=\"TweetAuthor-nameScreenNameContainer\"><span class=\"TweetAuthor-decoratedName\"><span class=\"TweetAuthor-name Identity-name customisable-highlight\" title=\"Juliana\" data-scribe=\"element:name\">Juliana<\/span><\/span><span class=\"TweetAuthor-screenName Identity-screenName\" dir=\"ltr\" title=\"@julisantosi_\" data-scribe=\"element:screen_name\">@julisantosi_<\/span><\/div>\n<\/div>\n<div class=\"Tweet-metadata\">\u00a0\u00b7\u00a0<a class=\"u-linkBlend u-url permalink customisable-highlight\" href=\"https:\/\/twitter.com\/julisantosi_\/status\/1118898640792244224\" data-scribe=\"element:mini_timestamp\"><time class=\"dt-updated\" title=\"Publicado a las: 18 de abril de 2019 15:26:38 (UTC)\" datetime=\"2019-04-18T15:26:38+0000\" aria-label=\"Publicado el 18 abr. 2019\">18 abr. 2019<\/time><\/a><\/div>\n<div class=\"Tweet-brand\">\n<div class=\"Icon Icon--twitter \" title=\"Ver en Twitter\" role=\"presentation\" aria-label=\"Ver en Twitter\"><\/div>\n<\/div>\n<\/div>\n<div class=\"Tweet-inReplyTo\"><a class=\"u-linkBlend\" href=\"https:\/\/twitter.com\/_\/status\/1118898593207848960\" data-scribe=\"element:in_reply_to_user_link\">En respuesta a @julisantosi_<\/a><\/div>\n<div class=\"Tweet-body e-entry-content\" data-scribe=\"component:tweet\">\n<p class=\"Tweet-text e-entry-title\" dir=\"ltr\" lang=\"es\">en el medio de la pista y lejos de la puerta, se nos aparecieron dos patovas: el de la puerta y otro m\u00e1s. Se nos pararon adelante, no nos dejan seguir caminando y nos dijeron &#8220;se tienen que ir&#8221;, volviendo a se\u00f1alar el pa\u00f1uelo verde atado en la ri\u00f1o. NOS SACARON POR EL PA\u00d1UELO<\/p>\n<\/div>\n<\/div>\n<\/div>\n<\/blockquote>\n<\/div>\n<div class=\"EmbeddedTweet-tweetContainer\">\n<div class=\"EmbeddedTweet-tweet\">\n<blockquote class=\"Tweet h-entry js-tweetIdInfo subject expanded\" cite=\"https:\/\/twitter.com\/julisantosi_\/status\/1118898683058229250\" data-tweet-id=\"1118898683058229250\" data-scribe=\"section:subject\">\n<div class=\"Tweet-header\"><a class=\"TweetAuthor-avatar  Identity-avatar u-linkBlend\" href=\"https:\/\/twitter.com\/julisantosi_\" data-scribe=\"element:user_link\" aria-label=\"Juliana (nombre de pantalla: julisantosi_)\"><img decoding=\"async\" class=\"Avatar\" src=\"https:\/\/pbs.twimg.com\/profile_images\/892731781400727552\/LAwS6Wd5_normal.jpg\" alt=\"\" data-scribe=\"element:avatar\" data-src-2x=\"https:\/\/pbs.twimg.com\/profile_images\/892731781400727552\/LAwS6Wd5_bigger.jpg\" data-src-1x=\"https:\/\/pbs.twimg.com\/profile_images\/892731781400727552\/LAwS6Wd5_normal.jpg\" \/><\/a><\/p>\n<div class=\"TweetAuthor js-inViewportScribingTarget\" data-scribe=\"component:author\">\n<div class=\"TweetAuthor-nameScreenNameContainer\"><span class=\"TweetAuthor-decoratedName\"><span class=\"TweetAuthor-name Identity-name customisable-highlight\" title=\"Juliana\" data-scribe=\"element:name\">Juliana<\/span><\/span><span class=\"TweetAuthor-screenName Identity-screenName\" dir=\"ltr\" title=\"@julisantosi_\" data-scribe=\"element:screen_name\">@julisantosi_<\/span><\/div>\n<\/div>\n<\/div>\n<div class=\"Tweet-body e-entry-content\" data-scribe=\"component:tweet\">\n<div class=\"u-hiddenVisually js-inViewportScribingTarget\"><\/div>\n<p class=\"Tweet-text e-entry-title\" dir=\"ltr\" lang=\"es\">Salimos re calientes, y le dije a mi compa\u00f1ero si quer\u00eda volver con lxs amigxs, pero como es un piola<img decoding=\"async\" class=\"Emoji Emoji--forText\" title=\"Coraz\u00f3n verde\" draggable=\"false\" src=\"https:\/\/abs.twimg.com\/emoji\/v2\/72x72\/1f49a.png\" alt=\"\ud83d\udc9a\" aria-label=\"Emoji: Coraz\u00f3n verde\" \/> no dud\u00f3 en decirme que ni a palos volv\u00eda si no pod\u00eda entrar con un pa\u00f1uelo verde.<\/p>\n<div class=\"TweetInfo\"><\/div>\n<\/div>\n<\/blockquote>\n<\/div>\n<div class=\"CallToAction-chevron\" data-scribe=\"element:cta_chevron\">\n<div class=\"Icon Icon--chevronRightCTA \" title=\"Ver en Twitter\" role=\"img\" aria-label=\"Ver en Twitter\"><\/div>\n<\/div>\n<\/div>\n<\/div>\n<\/div>\n<p>A partir de esta situaci\u00f3n, el colectivo de mujeres lanz\u00f3 una convocatoria para manifestar repudio a trav\u00e9s de un\u00a0<strong>pa\u00f1uelazo que se llevar\u00e1 a cabo el pr\u00f3ximo martes 23 de abril a las 18 frente a las puertas del boliche Clip, ubicado en Santiago del Estero entre Col\u00f3n y Brown.<\/strong><\/p>\n<div class=\"SandboxRoot env-bp-350\" data-twitter-event-id=\"2\">\n<div id=\"twitter-widget-2\" class=\"EmbeddedTweet EmbeddedTweet--cta EmbeddedTweet--mediaForward media-forward js-clickToOpenTarget js-tweetIdInfo tweet-InformationCircle-widgetParent\" lang=\"es\" data-click-to-open-target=\"https:\/\/twitter.com\/generosne_mdp\/status\/1119241733429190656\" data-iframe-title=\"Tweet de Twitter\" data-scribe=\"page:tweet\" data-tweet-id=\"1119241733429190656\" data-twitter-event-id=\"3\">\n<article class=\"MediaCard\n           MediaCard--mediaForward\n\n           customisable-border\" dir=\"ltr\" data-scribe=\"component:card\"><\/p>\n<div class=\"MediaCard-media\" data-scribe=\"element:photo\"><\/div>\n<\/article>\n<\/div>\n<\/div>\n<\/div>\n<\/div>\n<\/div>\n","protected":false},"excerpt":{"rendered":"<p>CONVOCAN A UN PA\u00d1UELAZO Juliana expuso la situaci\u00f3n en sus redes y cont\u00f3 como el&#8230;<\/p>\n","protected":false},"author":1,"featured_media":-65159,"comment_status":"open","ping_status":"open","sticky":false,"template":"","format":"standard","meta":{"content-type":""},"categories":[39],"tags":[],"nelio_content":{"isAutoShareEnabled":false,"autoShareEndMode":"default","automationSources":{"useContentSentences":true,"useSocialTemplates":true,"useCustomSentences":false,"customSentences":[]},"followers":[1],"suggestedReferences":[],"includedReferences":[],"efiUrl":"","efiAlt":"","highlights":[]},"yoast_head":"<!-- This site is optimized with the Yoast SEO plugin v20.7 - https:\/\/yoast.com\/wordpress\/plugins\/seo\/ -->\n<title>La echaron de un boliche en Mar del Plata por llevar el pa\u00f1uelo verde -<\/title>\n<meta name=\"robots\" content=\"index, follow, max-snippet:-1, max-image-preview:large, max-video-preview:-1\" \/>\n<link rel=\"canonical\" href=\"https:\/\/experienciadevida.com.ar\/portalurbano\/la-echaron-de-un-boliche-en-mar-del-plata-por-llevar-el-panuelo-verde\/\" \/>\n<meta property=\"og:locale\" content=\"es_ES\" \/>\n<meta property=\"og:type\" content=\"article\" \/>\n<meta property=\"og:title\" content=\"La echaron de un boliche en Mar del Plata por llevar el pa\u00f1uelo verde -\" \/>\n<meta property=\"og:description\" content=\"CONVOCAN A UN PA\u00d1UELAZO Juliana expuso la situaci\u00f3n en sus redes y cont\u00f3 como el...\" \/>\n<meta property=\"og:url\" content=\"https:\/\/experienciadevida.com.ar\/portalurbano\/la-echaron-de-un-boliche-en-mar-del-plata-por-llevar-el-panuelo-verde\/\" \/>\n<meta property=\"article:publisher\" content=\"https:\/\/www.facebook.com\/Portal-Urbano-171542830093757\/\" \/>\n<meta property=\"article:published_time\" content=\"2019-04-22T02:26:14+00:00\" \/>\n<meta property=\"og:image\" content=\"https:\/\/experienciadevida.com.ar\/portalurbano\/wp-content\/uploads\/2019\/04\/20190420083923_panuelo-verdxe.jpg\" \/>\n\t<meta property=\"og:image:width\" content=\"887\" \/>\n\t<meta property=\"og:image:height\" content=\"554\" \/>\n\t<meta property=\"og:image:type\" content=\"image\/jpeg\" \/>\n<meta name=\"author\" content=\"admpu17wp\" \/>\n<meta name=\"twitter:card\" content=\"summary_large_image\" \/>\n<meta name=\"twitter:creator\" content=\"@portalurbanook\" \/>\n<meta name=\"twitter:site\" content=\"@portalurbanook\" \/>\n<meta name=\"twitter:label1\" content=\"Escrito por\" \/>\n\t<meta name=\"twitter:data1\" content=\"admpu17wp\" \/>\n\t<meta name=\"twitter:label2\" content=\"Tiempo de lectura\" \/>\n\t<meta name=\"twitter:data2\" content=\"2 minutos\" \/>\n<script type=\"application\/ld+json\" class=\"yoast-schema-graph\">{\"@context\":\"https:\/\/schema.org\",\"@graph\":[{\"@type\":\"Article\",\"@id\":\"https:\/\/experienciadevida.com.ar\/portalurbano\/la-echaron-de-un-boliche-en-mar-del-plata-por-llevar-el-panuelo-verde\/#article\",\"isPartOf\":{\"@id\":\"https:\/\/experienciadevida.com.ar\/portalurbano\/la-echaron-de-un-boliche-en-mar-del-plata-por-llevar-el-panuelo-verde\/\"},\"author\":{\"name\":\"admpu17wp\",\"@id\":\"https:\/\/experienciadevida.com.ar\/portalurbano\/#\/schema\/person\/02dd326b1c4b056e9cc972486934a3a7\"},\"headline\":\"La echaron de un boliche en Mar del Plata por llevar el pa\u00f1uelo verde\",\"datePublished\":\"2019-04-22T02:26:14+00:00\",\"dateModified\":\"2019-04-22T02:26:14+00:00\",\"mainEntityOfPage\":{\"@id\":\"https:\/\/experienciadevida.com.ar\/portalurbano\/la-echaron-de-un-boliche-en-mar-del-plata-por-llevar-el-panuelo-verde\/\"},\"wordCount\":408,\"commentCount\":0,\"publisher\":{\"@id\":\"https:\/\/experienciadevida.com.ar\/portalurbano\/#organization\"},\"articleSection\":[\"Naci\u00f3n\"],\"inLanguage\":\"es\",\"potentialAction\":[{\"@type\":\"CommentAction\",\"name\":\"Comment\",\"target\":[\"https:\/\/experienciadevida.com.ar\/portalurbano\/la-echaron-de-un-boliche-en-mar-del-plata-por-llevar-el-panuelo-verde\/#respond\"]}]},{\"@type\":\"WebPage\",\"@id\":\"https:\/\/experienciadevida.com.ar\/portalurbano\/la-echaron-de-un-boliche-en-mar-del-plata-por-llevar-el-panuelo-verde\/\",\"url\":\"https:\/\/experienciadevida.com.ar\/portalurbano\/la-echaron-de-un-boliche-en-mar-del-plata-por-llevar-el-panuelo-verde\/\",\"name\":\"La echaron de un boliche en Mar del Plata por llevar el pa\u00f1uelo verde -\",\"isPartOf\":{\"@id\":\"https:\/\/experienciadevida.com.ar\/portalurbano\/#website\"},\"datePublished\":\"2019-04-22T02:26:14+00:00\",\"dateModified\":\"2019-04-22T02:26:14+00:00\",\"breadcrumb\":{\"@id\":\"https:\/\/experienciadevida.com.ar\/portalurbano\/la-echaron-de-un-boliche-en-mar-del-plata-por-llevar-el-panuelo-verde\/#breadcrumb\"},\"inLanguage\":\"es\",\"potentialAction\":[{\"@type\":\"ReadAction\",\"target\":[\"https:\/\/experienciadevida.com.ar\/portalurbano\/la-echaron-de-un-boliche-en-mar-del-plata-por-llevar-el-panuelo-verde\/\"]}]},{\"@type\":\"BreadcrumbList\",\"@id\":\"https:\/\/experienciadevida.com.ar\/portalurbano\/la-echaron-de-un-boliche-en-mar-del-plata-por-llevar-el-panuelo-verde\/#breadcrumb\",\"itemListElement\":[{\"@type\":\"ListItem\",\"position\":1,\"name\":\"Portada\",\"item\":\"https:\/\/experienciadevida.com.ar\/portalurbano\/\"},{\"@type\":\"ListItem\",\"position\":2,\"name\":\"La echaron de un boliche en Mar del Plata por llevar el pa\u00f1uelo verde\"}]},{\"@type\":\"WebSite\",\"@id\":\"https:\/\/experienciadevida.com.ar\/portalurbano\/#website\",\"url\":\"https:\/\/experienciadevida.com.ar\/portalurbano\/\",\"name\":\"\",\"description\":\"\",\"publisher\":{\"@id\":\"https:\/\/experienciadevida.com.ar\/portalurbano\/#organization\"},\"potentialAction\":[{\"@type\":\"SearchAction\",\"target\":{\"@type\":\"EntryPoint\",\"urlTemplate\":\"https:\/\/experienciadevida.com.ar\/portalurbano\/?s={search_term_string}\"},\"query-input\":\"required name=search_term_string\"}],\"inLanguage\":\"es\"},{\"@type\":\"Organization\",\"@id\":\"https:\/\/experienciadevida.com.ar\/portalurbano\/#organization\",\"name\":\"Portal Urbano\",\"url\":\"https:\/\/experienciadevida.com.ar\/portalurbano\/\",\"logo\":{\"@type\":\"ImageObject\",\"inLanguage\":\"es\",\"@id\":\"https:\/\/experienciadevida.com.ar\/portalurbano\/#\/schema\/logo\/image\/\",\"url\":\"https:\/\/experienciadevida.com.ar\/portalurbano\/wp-content\/uploads\/2019\/09\/Logo-Original.png\",\"contentUrl\":\"https:\/\/experienciadevida.com.ar\/portalurbano\/wp-content\/uploads\/2019\/09\/Logo-Original.png\",\"width\":2236,\"height\":1216,\"caption\":\"Portal Urbano\"},\"image\":{\"@id\":\"https:\/\/experienciadevida.com.ar\/portalurbano\/#\/schema\/logo\/image\/\"},\"sameAs\":[\"https:\/\/www.facebook.com\/Portal-Urbano-171542830093757\/\",\"https:\/\/twitter.com\/portalurbanook\",\"https:\/\/www.instagram.com\/_portalurbano\/\",\"https:\/\/www.youtube.com\/channel\/UCXhagIfszH8KxFiOok79zbA?view_as=subscriber\"]},{\"@type\":\"Person\",\"@id\":\"https:\/\/experienciadevida.com.ar\/portalurbano\/#\/schema\/person\/02dd326b1c4b056e9cc972486934a3a7\",\"name\":\"admpu17wp\",\"image\":{\"@type\":\"ImageObject\",\"inLanguage\":\"es\",\"@id\":\"https:\/\/experienciadevida.com.ar\/portalurbano\/#\/schema\/person\/image\/\",\"url\":\"https:\/\/secure.gravatar.com\/avatar\/830d4c57adaae6630765e449a6908047?s=96&d=mm&r=g\",\"contentUrl\":\"https:\/\/secure.gravatar.com\/avatar\/830d4c57adaae6630765e449a6908047?s=96&d=mm&r=g\",\"caption\":\"admpu17wp\"}}]}<\/script>\n<!-- \/ Yoast SEO plugin. -->","yoast_head_json":{"title":"La echaron de un boliche en Mar del Plata por llevar el pa\u00f1uelo verde -","robots":{"index":"index","follow":"follow","max-snippet":"max-snippet:-1","max-image-preview":"max-image-preview:large","max-video-preview":"max-video-preview:-1"},"canonical":"https:\/\/experienciadevida.com.ar\/portalurbano\/la-echaron-de-un-boliche-en-mar-del-plata-por-llevar-el-panuelo-verde\/","og_locale":"es_ES","og_type":"article","og_title":"La echaron de un boliche en Mar del Plata por llevar el pa\u00f1uelo verde -","og_description":"CONVOCAN A UN PA\u00d1UELAZO Juliana expuso la situaci\u00f3n en sus redes y cont\u00f3 como el...","og_url":"https:\/\/experienciadevida.com.ar\/portalurbano\/la-echaron-de-un-boliche-en-mar-del-plata-por-llevar-el-panuelo-verde\/","article_publisher":"https:\/\/www.facebook.com\/Portal-Urbano-171542830093757\/","article_published_time":"2019-04-22T02:26:14+00:00","og_image":[{"width":887,"height":554,"url":"https:\/\/experienciadevida.com.ar\/portalurbano\/wp-content\/uploads\/2019\/04\/20190420083923_panuelo-verdxe.jpg","type":"image\/jpeg"}],"author":"admpu17wp","twitter_card":"summary_large_image","twitter_creator":"@portalurbanook","twitter_site":"@portalurbanook","twitter_misc":{"Escrito por":"admpu17wp","Tiempo de lectura":"2 minutos"},"schema":{"@context":"https:\/\/schema.org","@graph":[{"@type":"Article","@id":"https:\/\/experienciadevida.com.ar\/portalurbano\/la-echaron-de-un-boliche-en-mar-del-plata-por-llevar-el-panuelo-verde\/#article","isPartOf":{"@id":"https:\/\/experienciadevida.com.ar\/portalurbano\/la-echaron-de-un-boliche-en-mar-del-plata-por-llevar-el-panuelo-verde\/"},"author":{"name":"admpu17wp","@id":"https:\/\/experienciadevida.com.ar\/portalurbano\/#\/schema\/person\/02dd326b1c4b056e9cc972486934a3a7"},"headline":"La echaron de un boliche en Mar del Plata por llevar el pa\u00f1uelo verde","datePublished":"2019-04-22T02:26:14+00:00","dateModified":"2019-04-22T02:26:14+00:00","mainEntityOfPage":{"@id":"https:\/\/experienciadevida.com.ar\/portalurbano\/la-echaron-de-un-boliche-en-mar-del-plata-por-llevar-el-panuelo-verde\/"},"wordCount":408,"commentCount":0,"publisher":{"@id":"https:\/\/experienciadevida.com.ar\/portalurbano\/#organization"},"articleSection":["Naci\u00f3n"],"inLanguage":"es","potentialAction":[{"@type":"CommentAction","name":"Comment","target":["https:\/\/experienciadevida.com.ar\/portalurbano\/la-echaron-de-un-boliche-en-mar-del-plata-por-llevar-el-panuelo-verde\/#respond"]}]},{"@type":"WebPage","@id":"https:\/\/experienciadevida.com.ar\/portalurbano\/la-echaron-de-un-boliche-en-mar-del-plata-por-llevar-el-panuelo-verde\/","url":"https:\/\/experienciadevida.com.ar\/portalurbano\/la-echaron-de-un-boliche-en-mar-del-plata-por-llevar-el-panuelo-verde\/","name":"La echaron de un boliche en Mar del Plata por llevar el pa\u00f1uelo verde -","isPartOf":{"@id":"https:\/\/experienciadevida.com.ar\/portalurbano\/#website"},"datePublished":"2019-04-22T02:26:14+00:00","dateModified":"2019-04-22T02:26:14+00:00","breadcrumb":{"@id":"https:\/\/experienciadevida.com.ar\/portalurbano\/la-echaron-de-un-boliche-en-mar-del-plata-por-llevar-el-panuelo-verde\/#breadcrumb"},"inLanguage":"es","potentialAction":[{"@type":"ReadAction","target":["https:\/\/experienciadevida.com.ar\/portalurbano\/la-echaron-de-un-boliche-en-mar-del-plata-por-llevar-el-panuelo-verde\/"]}]},{"@type":"BreadcrumbList","@id":"https:\/\/experienciadevida.com.ar\/portalurbano\/la-echaron-de-un-boliche-en-mar-del-plata-por-llevar-el-panuelo-verde\/#breadcrumb","itemListElement":[{"@type":"ListItem","position":1,"name":"Portada","item":"https:\/\/experienciadevida.com.ar\/portalurbano\/"},{"@type":"ListItem","position":2,"name":"La echaron de un boliche en Mar del Plata por llevar el pa\u00f1uelo verde"}]},{"@type":"WebSite","@id":"https:\/\/experienciadevida.com.ar\/portalurbano\/#website","url":"https:\/\/experienciadevida.com.ar\/portalurbano\/","name":"","description":"","publisher":{"@id":"https:\/\/experienciadevida.com.ar\/portalurbano\/#organization"},"potentialAction":[{"@type":"SearchAction","target":{"@type":"EntryPoint","urlTemplate":"https:\/\/experienciadevida.com.ar\/portalurbano\/?s={search_term_string}"},"query-input":"required name=search_term_string"}],"inLanguage":"es"},{"@type":"Organization","@id":"https:\/\/experienciadevida.com.ar\/portalurbano\/#organization","name":"Portal Urbano","url":"https:\/\/experienciadevida.com.ar\/portalurbano\/","logo":{"@type":"ImageObject","inLanguage":"es","@id":"https:\/\/experienciadevida.com.ar\/portalurbano\/#\/schema\/logo\/image\/","url":"https:\/\/experienciadevida.com.ar\/portalurbano\/wp-content\/uploads\/2019\/09\/Logo-Original.png","contentUrl":"https:\/\/experienciadevida.com.ar\/portalurbano\/wp-content\/uploads\/2019\/09\/Logo-Original.png","width":2236,"height":1216,"caption":"Portal Urbano"},"image":{"@id":"https:\/\/experienciadevida.com.ar\/portalurbano\/#\/schema\/logo\/image\/"},"sameAs":["https:\/\/www.facebook.com\/Portal-Urbano-171542830093757\/","https:\/\/twitter.com\/portalurbanook","https:\/\/www.instagram.com\/_portalurbano\/","https:\/\/www.youtube.com\/channel\/UCXhagIfszH8KxFiOok79zbA?view_as=subscriber"]},{"@type":"Person","@id":"https:\/\/experienciadevida.com.ar\/portalurbano\/#\/schema\/person\/02dd326b1c4b056e9cc972486934a3a7","name":"admpu17wp","image":{"@type":"ImageObject","inLanguage":"es","@id":"https:\/\/experienciadevida.com.ar\/portalurbano\/#\/schema\/person\/image\/","url":"https:\/\/secure.gravatar.com\/avatar\/830d4c57adaae6630765e449a6908047?s=96&d=mm&r=g","contentUrl":"https:\/\/secure.gravatar.com\/avatar\/830d4c57adaae6630765e449a6908047?s=96&d=mm&r=g","caption":"admpu17wp"}}]}},"featured_image_urls":{"full":["https:\/\/pbs.twimg.com\/profile_images\/892731781400727552\/LAwS6Wd5_normal.jpg",1920,1080,false],"thumbnail":["https:\/\/pbs.twimg.com\/profile_images\/892731781400727552\/LAwS6Wd5_normal.jpg",150,150,true],"medium":["https:\/\/pbs.twimg.com\/profile_images\/892731781400727552\/LAwS6Wd5_normal.jpg",300,169,true],"medium_large":["https:\/\/pbs.twimg.com\/profile_images\/892731781400727552\/LAwS6Wd5_normal.jpg",640,360,true],"large":["https:\/\/pbs.twimg.com\/profile_images\/892731781400727552\/LAwS6Wd5_normal.jpg",640,360,true],"ug_big":["https:\/\/pbs.twimg.com\/profile_images\/892731781400727552\/LAwS6Wd5_normal.jpg",768,432,true],"1536x1536":["https:\/\/pbs.twimg.com\/profile_images\/892731781400727552\/LAwS6Wd5_normal.jpg",1536,864,true],"2048x2048":["https:\/\/pbs.twimg.com\/profile_images\/892731781400727552\/LAwS6Wd5_normal.jpg",1920,1080,false],"newsever-slider-full":["https:\/\/pbs.twimg.com\/profile_images\/892731781400727552\/LAwS6Wd5_normal.jpg",1280,845,true],"newsever-featured":["https:\/\/pbs.twimg.com\/profile_images\/892731781400727552\/LAwS6Wd5_normal.jpg",1024,576,true],"newsever-medium":["https:\/\/pbs.twimg.com\/profile_images\/892731781400727552\/LAwS6Wd5_normal.jpg",720,475,true],"web-stories-poster-portrait":["https:\/\/pbs.twimg.com\/profile_images\/892731781400727552\/LAwS6Wd5_normal.jpg",640,853,true],"web-stories-publisher-logo":["https:\/\/pbs.twimg.com\/profile_images\/892731781400727552\/LAwS6Wd5_normal.jpg",96,96,true],"web-stories-thumbnail":["https:\/\/pbs.twimg.com\/profile_images\/892731781400727552\/LAwS6Wd5_normal.jpg",150,84,true]},"author_info":{"display_name":"admpu17wp","author_link":"https:\/\/experienciadevida.com.ar\/portalurbano\/author\/admpu17wp\/"},"category_info":"<a href=\"https:\/\/experienciadevida.com.ar\/portalurbano\/category\/nacion\/\" rel=\"category tag\">Naci\u00f3n<\/a>","tag_info":"Naci\u00f3n","comment_count":"0","amp_enabled":true,"_links":{"self":[{"href":"https:\/\/experienciadevida.com.ar\/portalurbano\/wp-json\/wp\/v2\/posts\/65159"}],"collection":[{"href":"https:\/\/experienciadevida.com.ar\/portalurbano\/wp-json\/wp\/v2\/posts"}],"about":[{"href":"https:\/\/experienciadevida.com.ar\/portalurbano\/wp-json\/wp\/v2\/types\/post"}],"author":[{"embeddable":true,"href":"https:\/\/experienciadevida.com.ar\/portalurbano\/wp-json\/wp\/v2\/users\/1"}],"replies":[{"embeddable":true,"href":"https:\/\/experienciadevida.com.ar\/portalurbano\/wp-json\/wp\/v2\/comments?post=65159"}],"version-history":[{"count":2,"href":"https:\/\/experienciadevida.com.ar\/portalurbano\/wp-json\/wp\/v2\/posts\/65159\/revisions"}],"predecessor-version":[{"id":65162,"href":"https:\/\/experienciadevida.com.ar\/portalurbano\/wp-json\/wp\/v2\/posts\/65159\/revisions\/65162"}],"wp:featuredmedia":[{"embeddable":true,"href":"https:\/\/experienciadevida.com.ar\/portalurbano\/wp-json\/"}],"wp:attachment":[{"href":"https:\/\/experienciadevida.com.ar\/portalurbano\/wp-json\/wp\/v2\/media?parent=65159"}],"wp:term":[{"taxonomy":"category","embeddable":true,"href":"https:\/\/experienciadevida.com.ar\/portalurbano\/wp-json\/wp\/v2\/categories?post=65159"},{"taxonomy":"post_tag","embeddable":true,"href":"https:\/\/experienciadevida.com.ar\/portalurbano\/wp-json\/wp\/v2\/tags?post=65159"}],"curies":[{"name":"wp","href":"https:\/\/api.w.org\/{rel}","templated":true}]}}