{"id":65113,"date":"2019-04-21T15:56:21","date_gmt":"2019-04-21T18:56:21","guid":{"rendered":"https:\/\/experienciadevida.com.ar\/portalurbano\/?p=65113"},"modified":"2019-04-21T15:56:21","modified_gmt":"2019-04-21T18:56:21","slug":"semana-santa-viajaron-47-millones-de-turistas-por-el-pais-pero-hubo-gastos-moderados","status":"publish","type":"post","link":"https:\/\/experienciadevida.com.ar\/portalurbano\/semana-santa-viajaron-47-millones-de-turistas-por-el-pais-pero-hubo-gastos-moderados\/","title":{"rendered":"Semana Santa: viajaron 4,7 millones de turistas por el pa\u00eds pero hubo gastos moderados"},"content":{"rendered":"<p>El fin de semana largo por los feriados de Semana Santa mantuvo el esp\u00edritu festivo tradicional impulsando a miles de turistas y excursionistas a recorrer la Argentina durante los cuatro d\u00edas que dur\u00f3 el feriado.<\/p>\n<p>Fueron en total 2,1 millones de turistas que se lanzaron a salir de minivacaciones, con un gasto promedio diario de $ 1.250 y un desembolso directo de $ 8.138 millones en las ciudades que forman parte del circuito tur\u00edstico nacional, seg\u00fan inform\u00f3 este domingo la Confederaci\u00f3n Argentina de la Mediana Empresa (CAME).<\/p>\n<p>Asimismo, se\u00f1al\u00f3 que a los turistas se le agregaron otros 2,6 millones de excursionistas que decidieron viajar a ciudades cercanas en busca de m\u00fasica, festejos religiosos, ferias, eventos o simplemente paseo y recreaci\u00f3n. \u201cSe estima que gastaron en promedio $ 550 cada uno, sumando un total de $ 1.430 millones\u201d, sostuvo la C\u00e1mara en su informe.<\/p>\n<p>A\u00f1adi\u00f3 que entre turistas y excursionistas, el fin de semana dej\u00f3 un saldo de 4,7 millones de personas que recorrieron el pa\u00eds entre el jueves 18 de abril y el domingo 21, generando un impacto econ\u00f3mico directo de $ 9.568 millones.<\/p>\n<p>Y destac\u00f3 que \u201cno se puede comparar con 2018 porque en aquella ocasi\u00f3n se juntaron dos feriados, estirando el fin de semana largo a cinco d\u00edas. Aunque en materia de ventas, los comercios y vendedores de servicios, vinculados al turismo, tuvieron un fin de semana muy tranquilo, con un visitante muy austero y cuidadoso de su bolsillo\u201d.<\/p>\n<p>\u201cA diferencia de otros fines de semana, el argentino se qued\u00f3 a vacacionar en su pa\u00eds, y en cambio se not\u00f3 el ingreso de m\u00e1s visitantes de naciones vecinas. Fue importante el flujo desde el Uruguay, Brasil y Chile, entusiasmados por un tipo de cambio que todav\u00eda les resulta favorable\u201d, detall\u00f3.<\/p>\n<p>Entre los destinos m\u00e1s elegidos destacaron los centros localizados en la Costa atl\u00e1ntica, C\u00f3rdoba, Iguaz\u00fa, Salta, Tucum\u00e1n, Neuqu\u00e9n, R\u00edo Negro, Mendoza y Entre R\u00edos, concluy\u00f3.<\/p>\n","protected":false},"excerpt":{"rendered":"<p>El fin de semana largo por los feriados de Semana Santa mantuvo el esp\u00edritu festivo&#8230;<\/p>\n","protected":false},"author":1,"featured_media":0,"comment_status":"open","ping_status":"open","sticky":false,"template":"","format":"standard","meta":{"content-type":""},"categories":[39],"tags":[],"nelio_content":{"isAutoShareEnabled":false,"autoShareEndMode":"default","automationSources":{"useContentSentences":true,"useSocialTemplates":true,"useCustomSentences":false,"customSentences":[]},"followers":[1],"suggestedReferences":[],"includedReferences":[],"efiUrl":"","efiAlt":"","highlights":[]},"yoast_head":"<!-- This site is optimized with the Yoast SEO plugin v20.7 - https:\/\/yoast.com\/wordpress\/plugins\/seo\/ -->\n<title>Semana Santa: viajaron 4,7 millones de turistas por el pa\u00eds pero hubo gastos moderados -<\/title>\n<meta name=\"robots\" content=\"index, follow, max-snippet:-1, max-image-preview:large, max-video-preview:-1\" \/>\n<link rel=\"canonical\" href=\"https:\/\/experienciadevida.com.ar\/portalurbano\/semana-santa-viajaron-47-millones-de-turistas-por-el-pais-pero-hubo-gastos-moderados\/\" \/>\n<meta property=\"og:locale\" content=\"es_ES\" \/>\n<meta property=\"og:type\" content=\"article\" \/>\n<meta property=\"og:title\" content=\"Semana Santa: viajaron 4,7 millones de turistas por el pa\u00eds pero hubo gastos moderados -\" \/>\n<meta property=\"og:description\" content=\"El fin de semana largo por los feriados de Semana Santa mantuvo el esp\u00edritu festivo...\" \/>\n<meta property=\"og:url\" content=\"https:\/\/experienciadevida.com.ar\/portalurbano\/semana-santa-viajaron-47-millones-de-turistas-por-el-pais-pero-hubo-gastos-moderados\/\" \/>\n<meta property=\"article:publisher\" content=\"https:\/\/www.facebook.com\/Portal-Urbano-171542830093757\/\" \/>\n<meta property=\"article:published_time\" content=\"2019-04-21T18:56:21+00:00\" \/>\n<meta property=\"og:image\" content=\"https:\/\/experienciadevida.com.ar\/portalurbano\/wp-content\/uploads\/2019\/04\/semanasanta-e1555872974779.jpg\" \/>\n\t<meta property=\"og:image:width\" content=\"750\" \/>\n\t<meta property=\"og:image:height\" content=\"469\" \/>\n\t<meta property=\"og:image:type\" content=\"image\/jpeg\" \/>\n<meta name=\"author\" content=\"admpu17wp\" \/>\n<meta name=\"twitter:card\" content=\"summary_large_image\" \/>\n<meta name=\"twitter:creator\" content=\"@portalurbanook\" \/>\n<meta name=\"twitter:site\" content=\"@portalurbanook\" \/>\n<meta name=\"twitter:label1\" content=\"Escrito por\" \/>\n\t<meta name=\"twitter:data1\" content=\"admpu17wp\" \/>\n\t<meta name=\"twitter:label2\" content=\"Tiempo de lectura\" \/>\n\t<meta name=\"twitter:data2\" content=\"2 minutos\" \/>\n<script type=\"application\/ld+json\" class=\"yoast-schema-graph\">{\"@context\":\"https:\/\/schema.org\",\"@graph\":[{\"@type\":\"Article\",\"@id\":\"https:\/\/experienciadevida.com.ar\/portalurbano\/semana-santa-viajaron-47-millones-de-turistas-por-el-pais-pero-hubo-gastos-moderados\/#article\",\"isPartOf\":{\"@id\":\"https:\/\/experienciadevida.com.ar\/portalurbano\/semana-santa-viajaron-47-millones-de-turistas-por-el-pais-pero-hubo-gastos-moderados\/\"},\"author\":{\"name\":\"admpu17wp\",\"@id\":\"https:\/\/experienciadevida.com.ar\/portalurbano\/#\/schema\/person\/02dd326b1c4b056e9cc972486934a3a7\"},\"headline\":\"Semana Santa: viajaron 4,7 millones de turistas por el pa\u00eds pero hubo gastos moderados\",\"datePublished\":\"2019-04-21T18:56:21+00:00\",\"dateModified\":\"2019-04-21T18:56:21+00:00\",\"mainEntityOfPage\":{\"@id\":\"https:\/\/experienciadevida.com.ar\/portalurbano\/semana-santa-viajaron-47-millones-de-turistas-por-el-pais-pero-hubo-gastos-moderados\/\"},\"wordCount\":339,\"commentCount\":0,\"publisher\":{\"@id\":\"https:\/\/experienciadevida.com.ar\/portalurbano\/#organization\"},\"articleSection\":[\"Naci\u00f3n\"],\"inLanguage\":\"es\",\"potentialAction\":[{\"@type\":\"CommentAction\",\"name\":\"Comment\",\"target\":[\"https:\/\/experienciadevida.com.ar\/portalurbano\/semana-santa-viajaron-47-millones-de-turistas-por-el-pais-pero-hubo-gastos-moderados\/#respond\"]}]},{\"@type\":\"WebPage\",\"@id\":\"https:\/\/experienciadevida.com.ar\/portalurbano\/semana-santa-viajaron-47-millones-de-turistas-por-el-pais-pero-hubo-gastos-moderados\/\",\"url\":\"https:\/\/experienciadevida.com.ar\/portalurbano\/semana-santa-viajaron-47-millones-de-turistas-por-el-pais-pero-hubo-gastos-moderados\/\",\"name\":\"Semana Santa: viajaron 4,7 millones de turistas por el pa\u00eds pero hubo gastos moderados -\",\"isPartOf\":{\"@id\":\"https:\/\/experienciadevida.com.ar\/portalurbano\/#website\"},\"datePublished\":\"2019-04-21T18:56:21+00:00\",\"dateModified\":\"2019-04-21T18:56:21+00:00\",\"breadcrumb\":{\"@id\":\"https:\/\/experienciadevida.com.ar\/portalurbano\/semana-santa-viajaron-47-millones-de-turistas-por-el-pais-pero-hubo-gastos-moderados\/#breadcrumb\"},\"inLanguage\":\"es\",\"potentialAction\":[{\"@type\":\"ReadAction\",\"target\":[\"https:\/\/experienciadevida.com.ar\/portalurbano\/semana-santa-viajaron-47-millones-de-turistas-por-el-pais-pero-hubo-gastos-moderados\/\"]}]},{\"@type\":\"BreadcrumbList\",\"@id\":\"https:\/\/experienciadevida.com.ar\/portalurbano\/semana-santa-viajaron-47-millones-de-turistas-por-el-pais-pero-hubo-gastos-moderados\/#breadcrumb\",\"itemListElement\":[{\"@type\":\"ListItem\",\"position\":1,\"name\":\"Portada\",\"item\":\"https:\/\/experienciadevida.com.ar\/portalurbano\/\"},{\"@type\":\"ListItem\",\"position\":2,\"name\":\"Semana Santa: viajaron 4,7 millones de turistas por el pa\u00eds pero hubo gastos moderados\"}]},{\"@type\":\"WebSite\",\"@id\":\"https:\/\/experienciadevida.com.ar\/portalurbano\/#website\",\"url\":\"https:\/\/experienciadevida.com.ar\/portalurbano\/\",\"name\":\"\",\"description\":\"\",\"publisher\":{\"@id\":\"https:\/\/experienciadevida.com.ar\/portalurbano\/#organization\"},\"potentialAction\":[{\"@type\":\"SearchAction\",\"target\":{\"@type\":\"EntryPoint\",\"urlTemplate\":\"https:\/\/experienciadevida.com.ar\/portalurbano\/?s={search_term_string}\"},\"query-input\":\"required name=search_term_string\"}],\"inLanguage\":\"es\"},{\"@type\":\"Organization\",\"@id\":\"https:\/\/experienciadevida.com.ar\/portalurbano\/#organization\",\"name\":\"Portal Urbano\",\"url\":\"https:\/\/experienciadevida.com.ar\/portalurbano\/\",\"logo\":{\"@type\":\"ImageObject\",\"inLanguage\":\"es\",\"@id\":\"https:\/\/experienciadevida.com.ar\/portalurbano\/#\/schema\/logo\/image\/\",\"url\":\"https:\/\/experienciadevida.com.ar\/portalurbano\/wp-content\/uploads\/2019\/09\/Logo-Original.png\",\"contentUrl\":\"https:\/\/experienciadevida.com.ar\/portalurbano\/wp-content\/uploads\/2019\/09\/Logo-Original.png\",\"width\":2236,\"height\":1216,\"caption\":\"Portal Urbano\"},\"image\":{\"@id\":\"https:\/\/experienciadevida.com.ar\/portalurbano\/#\/schema\/logo\/image\/\"},\"sameAs\":[\"https:\/\/www.facebook.com\/Portal-Urbano-171542830093757\/\",\"https:\/\/twitter.com\/portalurbanook\",\"https:\/\/www.instagram.com\/_portalurbano\/\",\"https:\/\/www.youtube.com\/channel\/UCXhagIfszH8KxFiOok79zbA?view_as=subscriber\"]},{\"@type\":\"Person\",\"@id\":\"https:\/\/experienciadevida.com.ar\/portalurbano\/#\/schema\/person\/02dd326b1c4b056e9cc972486934a3a7\",\"name\":\"admpu17wp\",\"image\":{\"@type\":\"ImageObject\",\"inLanguage\":\"es\",\"@id\":\"https:\/\/experienciadevida.com.ar\/portalurbano\/#\/schema\/person\/image\/\",\"url\":\"https:\/\/secure.gravatar.com\/avatar\/830d4c57adaae6630765e449a6908047?s=96&d=mm&r=g\",\"contentUrl\":\"https:\/\/secure.gravatar.com\/avatar\/830d4c57adaae6630765e449a6908047?s=96&d=mm&r=g\",\"caption\":\"admpu17wp\"}}]}<\/script>\n<!-- \/ Yoast SEO plugin. -->","yoast_head_json":{"title":"Semana Santa: viajaron 4,7 millones de turistas por el pa\u00eds pero hubo gastos moderados -","robots":{"index":"index","follow":"follow","max-snippet":"max-snippet:-1","max-image-preview":"max-image-preview:large","max-video-preview":"max-video-preview:-1"},"canonical":"https:\/\/experienciadevida.com.ar\/portalurbano\/semana-santa-viajaron-47-millones-de-turistas-por-el-pais-pero-hubo-gastos-moderados\/","og_locale":"es_ES","og_type":"article","og_title":"Semana Santa: viajaron 4,7 millones de turistas por el pa\u00eds pero hubo gastos moderados -","og_description":"El fin de semana largo por los feriados de Semana Santa mantuvo el esp\u00edritu festivo...","og_url":"https:\/\/experienciadevida.com.ar\/portalurbano\/semana-santa-viajaron-47-millones-de-turistas-por-el-pais-pero-hubo-gastos-moderados\/","article_publisher":"https:\/\/www.facebook.com\/Portal-Urbano-171542830093757\/","article_published_time":"2019-04-21T18:56:21+00:00","og_image":[{"width":750,"height":469,"url":"https:\/\/experienciadevida.com.ar\/portalurbano\/wp-content\/uploads\/2019\/04\/semanasanta-e1555872974779.jpg","type":"image\/jpeg"}],"author":"admpu17wp","twitter_card":"summary_large_image","twitter_creator":"@portalurbanook","twitter_site":"@portalurbanook","twitter_misc":{"Escrito por":"admpu17wp","Tiempo de lectura":"2 minutos"},"schema":{"@context":"https:\/\/schema.org","@graph":[{"@type":"Article","@id":"https:\/\/experienciadevida.com.ar\/portalurbano\/semana-santa-viajaron-47-millones-de-turistas-por-el-pais-pero-hubo-gastos-moderados\/#article","isPartOf":{"@id":"https:\/\/experienciadevida.com.ar\/portalurbano\/semana-santa-viajaron-47-millones-de-turistas-por-el-pais-pero-hubo-gastos-moderados\/"},"author":{"name":"admpu17wp","@id":"https:\/\/experienciadevida.com.ar\/portalurbano\/#\/schema\/person\/02dd326b1c4b056e9cc972486934a3a7"},"headline":"Semana Santa: viajaron 4,7 millones de turistas por el pa\u00eds pero hubo gastos moderados","datePublished":"2019-04-21T18:56:21+00:00","dateModified":"2019-04-21T18:56:21+00:00","mainEntityOfPage":{"@id":"https:\/\/experienciadevida.com.ar\/portalurbano\/semana-santa-viajaron-47-millones-de-turistas-por-el-pais-pero-hubo-gastos-moderados\/"},"wordCount":339,"commentCount":0,"publisher":{"@id":"https:\/\/experienciadevida.com.ar\/portalurbano\/#organization"},"articleSection":["Naci\u00f3n"],"inLanguage":"es","potentialAction":[{"@type":"CommentAction","name":"Comment","target":["https:\/\/experienciadevida.com.ar\/portalurbano\/semana-santa-viajaron-47-millones-de-turistas-por-el-pais-pero-hubo-gastos-moderados\/#respond"]}]},{"@type":"WebPage","@id":"https:\/\/experienciadevida.com.ar\/portalurbano\/semana-santa-viajaron-47-millones-de-turistas-por-el-pais-pero-hubo-gastos-moderados\/","url":"https:\/\/experienciadevida.com.ar\/portalurbano\/semana-santa-viajaron-47-millones-de-turistas-por-el-pais-pero-hubo-gastos-moderados\/","name":"Semana Santa: viajaron 4,7 millones de turistas por el pa\u00eds pero hubo gastos moderados -","isPartOf":{"@id":"https:\/\/experienciadevida.com.ar\/portalurbano\/#website"},"datePublished":"2019-04-21T18:56:21+00:00","dateModified":"2019-04-21T18:56:21+00:00","breadcrumb":{"@id":"https:\/\/experienciadevida.com.ar\/portalurbano\/semana-santa-viajaron-47-millones-de-turistas-por-el-pais-pero-hubo-gastos-moderados\/#breadcrumb"},"inLanguage":"es","potentialAction":[{"@type":"ReadAction","target":["https:\/\/experienciadevida.com.ar\/portalurbano\/semana-santa-viajaron-47-millones-de-turistas-por-el-pais-pero-hubo-gastos-moderados\/"]}]},{"@type":"BreadcrumbList","@id":"https:\/\/experienciadevida.com.ar\/portalurbano\/semana-santa-viajaron-47-millones-de-turistas-por-el-pais-pero-hubo-gastos-moderados\/#breadcrumb","itemListElement":[{"@type":"ListItem","position":1,"name":"Portada","item":"https:\/\/experienciadevida.com.ar\/portalurbano\/"},{"@type":"ListItem","position":2,"name":"Semana Santa: viajaron 4,7 millones de turistas por el pa\u00eds pero hubo gastos moderados"}]},{"@type":"WebSite","@id":"https:\/\/experienciadevida.com.ar\/portalurbano\/#website","url":"https:\/\/experienciadevida.com.ar\/portalurbano\/","name":"","description":"","publisher":{"@id":"https:\/\/experienciadevida.com.ar\/portalurbano\/#organization"},"potentialAction":[{"@type":"SearchAction","target":{"@type":"EntryPoint","urlTemplate":"https:\/\/experienciadevida.com.ar\/portalurbano\/?s={search_term_string}"},"query-input":"required name=search_term_string"}],"inLanguage":"es"},{"@type":"Organization","@id":"https:\/\/experienciadevida.com.ar\/portalurbano\/#organization","name":"Portal Urbano","url":"https:\/\/experienciadevida.com.ar\/portalurbano\/","logo":{"@type":"ImageObject","inLanguage":"es","@id":"https:\/\/experienciadevida.com.ar\/portalurbano\/#\/schema\/logo\/image\/","url":"https:\/\/experienciadevida.com.ar\/portalurbano\/wp-content\/uploads\/2019\/09\/Logo-Original.png","contentUrl":"https:\/\/experienciadevida.com.ar\/portalurbano\/wp-content\/uploads\/2019\/09\/Logo-Original.png","width":2236,"height":1216,"caption":"Portal Urbano"},"image":{"@id":"https:\/\/experienciadevida.com.ar\/portalurbano\/#\/schema\/logo\/image\/"},"sameAs":["https:\/\/www.facebook.com\/Portal-Urbano-171542830093757\/","https:\/\/twitter.com\/portalurbanook","https:\/\/www.instagram.com\/_portalurbano\/","https:\/\/www.youtube.com\/channel\/UCXhagIfszH8KxFiOok79zbA?view_as=subscriber"]},{"@type":"Person","@id":"https:\/\/experienciadevida.com.ar\/portalurbano\/#\/schema\/person\/02dd326b1c4b056e9cc972486934a3a7","name":"admpu17wp","image":{"@type":"ImageObject","inLanguage":"es","@id":"https:\/\/experienciadevida.com.ar\/portalurbano\/#\/schema\/person\/image\/","url":"https:\/\/secure.gravatar.com\/avatar\/830d4c57adaae6630765e449a6908047?s=96&d=mm&r=g","contentUrl":"https:\/\/secure.gravatar.com\/avatar\/830d4c57adaae6630765e449a6908047?s=96&d=mm&r=g","caption":"admpu17wp"}}]}},"featured_image_urls":{"full":"","thumbnail":"","medium":"","medium_large":"","large":"","ug_big":"","1536x1536":"","2048x2048":"","newsever-slider-full":"","newsever-featured":"","newsever-medium":"","web-stories-poster-portrait":"","web-stories-publisher-logo":"","web-stories-thumbnail":""},"author_info":{"display_name":"admpu17wp","author_link":"https:\/\/experienciadevida.com.ar\/portalurbano\/author\/admpu17wp\/"},"category_info":"<a href=\"https:\/\/experienciadevida.com.ar\/portalurbano\/category\/nacion\/\" rel=\"category tag\">Naci\u00f3n<\/a>","tag_info":"Naci\u00f3n","comment_count":"0","amp_enabled":true,"_links":{"self":[{"href":"https:\/\/experienciadevida.com.ar\/portalurbano\/wp-json\/wp\/v2\/posts\/65113"}],"collection":[{"href":"https:\/\/experienciadevida.com.ar\/portalurbano\/wp-json\/wp\/v2\/posts"}],"about":[{"href":"https:\/\/experienciadevida.com.ar\/portalurbano\/wp-json\/wp\/v2\/types\/post"}],"author":[{"embeddable":true,"href":"https:\/\/experienciadevida.com.ar\/portalurbano\/wp-json\/wp\/v2\/users\/1"}],"replies":[{"embeddable":true,"href":"https:\/\/experienciadevida.com.ar\/portalurbano\/wp-json\/wp\/v2\/comments?post=65113"}],"version-history":[{"count":1,"href":"https:\/\/experienciadevida.com.ar\/portalurbano\/wp-json\/wp\/v2\/posts\/65113\/revisions"}],"predecessor-version":[{"id":65115,"href":"https:\/\/experienciadevida.com.ar\/portalurbano\/wp-json\/wp\/v2\/posts\/65113\/revisions\/65115"}],"wp:attachment":[{"href":"https:\/\/experienciadevida.com.ar\/portalurbano\/wp-json\/wp\/v2\/media?parent=65113"}],"wp:term":[{"taxonomy":"category","embeddable":true,"href":"https:\/\/experienciadevida.com.ar\/portalurbano\/wp-json\/wp\/v2\/categories?post=65113"},{"taxonomy":"post_tag","embeddable":true,"href":"https:\/\/experienciadevida.com.ar\/portalurbano\/wp-json\/wp\/v2\/tags?post=65113"}],"curies":[{"name":"wp","href":"https:\/\/api.w.org\/{rel}","templated":true}]}}