{"id":64948,"date":"2019-04-19T20:51:32","date_gmt":"2019-04-19T23:51:32","guid":{"rendered":"https:\/\/experienciadevida.com.ar\/portalurbano\/?p=64948"},"modified":"2019-04-19T20:51:32","modified_gmt":"2019-04-19T23:51:32","slug":"murio-ofelia-wilhelm-la-madre-de-cristina-kirchner-que-estaba-internada-en-el-hospital-italiano-de-la-plata","status":"publish","type":"post","link":"https:\/\/experienciadevida.com.ar\/portalurbano\/murio-ofelia-wilhelm-la-madre-de-cristina-kirchner-que-estaba-internada-en-el-hospital-italiano-de-la-plata\/","title":{"rendered":"Muri\u00f3 Ofelia Wilhelm, la madre de Cristina Kirchner, que estaba internada en el Hospital Italiano de La Plata"},"content":{"rendered":"<article id=\"article-post\" class=\"first\">\n<p class=\"interiorCopete\">La madre de la senadora y expresidenta, de 89 a\u00f1os, muri\u00f3 hoy luego de permanecer internada desde diciembre en el Hospital Italiano de La Plata donde recib\u00eda un tratamiento a ra\u00edz de un c\u00e1ncer de endometrio<\/p>\n<div class=\"separator-line\"><strong>Ofelia Wilhelm, la madre Crisitina Kirchner, muri\u00f3 este s\u00e1bado a los 89 a\u00f1os<\/strong>, mientras\u00a0estaba internada desde diciembre\u00a0en el Hospital Italiano de\u00a0La Plata.\u00a0<strong>El deceso se produjo cerca de las 18<\/strong>, por lo tanto no se confirm\u00f3 si\u00a0<strong>la expresidenta suspende o mantiene su viaje hacia Cuba para visitar a su hija Florencia<\/strong>, donde est\u00e1 recibiendo una tratamiento m\u00e9dico.<\/div>\n<div class=\"cuerpo\" data-twitter-link=\"https:\/\/twitter.com\/intent\/tweet?url=https:\/\/www.diariopopular.com.ar\/\/c391228&amp;via=poopulardiario&amp;related=Diario Popular&amp;text=\">\n<div id=\"div-gpt-ad-nota-720504\" class=\"banner-90\" data-mapping=\"mapping9\" data-google-query-id=\"CLKhop6s3eECFcQNgQodViMFQg\">\n<div id=\"google_ads_iframe_\/7581181\/dp_universal_0__container__\"><\/div>\n<\/div>\n<\/div>\n<\/article>\n<article id=\"article-post\">\n<div class=\"cuerpo\" data-twitter-link=\"https:\/\/twitter.com\/intent\/tweet?url=https:\/\/www.diariopopular.com.ar\/\/c391228&amp;via=poopulardiario&amp;related=Diario Popular&amp;text=\">\n<p>La madre de la expresidenta y actual senadora nacional por Unidad Ciudadana f<strong>ue hospitalizada el pasado 8 de diciembre<\/strong>\u00a0en el \u00e1rea de cl\u00ednica m\u00e9dica, donde recib\u00eda un tratamiento a ra\u00edz de un\u00a0<strong>c\u00e1ncer de endometrio.<\/strong><\/p>\n<p>En su momento trascendi\u00f3 que<strong>\u00a0Giselle Fern\u00e1ndez<\/strong>, la hermana de la expresidenta, era quien cuidaba a diario a\u00a0<strong>Wilhelm<\/strong>\u00a0y que\u00a0<strong>Cristina<\/strong>\u00a0visit\u00f3 en varias oportunidades a su madre en el nosocomio ubicado en calle 51 entre 29 y 30, de la capital de la Provincia de Buenos Aires.<\/p>\n<div id=\"sc_intxt_container\">\n<div>\n<div id=\"sc_ava_companion\" class=\"sc_intxt_hided\"><\/div>\n<\/div>\n<\/div>\n<div class=\"penci-pullqoute align-none\">\n<blockquote><p>Ofelia Wilhelm, nacida el 10 de mayo de 1929, trabaj\u00f3 hace cinco d\u00e9cadas en la Direcci\u00f3n General de Rentas y tuvo actividad pol\u00edtica como secretaria general de la AERI (Asociaci\u00f3n de Empleados de Rentas e Inmobiliarios).<\/p><\/blockquote>\n<\/div>\n<p>Por sus problemas de salud ya hab\u00eda sido noticia hace diez a\u00f1os, cuando en abril de 2009 fue internada en el Instituto Fleni por un &#8220;accidente cerebro-vascular temporal&#8221;, calificado por Cristina Fern\u00e1ndez como &#8220;un susto&#8221;.<\/p>\n<p>Casi cinco a\u00f1os despu\u00e9s debi\u00f3 operarse de la cadera y le colocaron una pr\u00f3tesis en el Sanatorio Otamendi de la Capital Federal.<\/p>\n<p>La madre de la ex jefa de Estado estuvo envuelta en una pol\u00e9mica cuando se hizo beneficiaria del ajuste jubilatorio conocido como &#8220;fallo Badaro&#8221;, resuelto por la Corte Suprema.<\/p>\n<p>La Justicia orden\u00f3 pagarle el ajuste sobre la pensi\u00f3n que cobraba de su fallecido marido, el colectivero Eduardo Fern\u00e1ndez, quien muri\u00f3 en 1982.<\/p>\n<p>Entonces se indic\u00f3 que Wilhelm don\u00f3 el dinero cobrado a la ex Casa Cuna de La Plata.<\/p>\n<p>Ferviente hincha de Gimnasia y Esgrima de La Plata y asistente a la cancha en la tribuna popular, la madre de la ex presidenta asoci\u00f3 al club a su primer bisnieto, N\u00e9stor Iv\u00e1n Kirchner, hijo de M\u00e1ximo Kirchner, s\u00f3lo un mes despu\u00e9s de su nacimiento.<\/p>\n<div id=\"div-gpt-ad-nota-745088\" class=\"banner-90\" data-mapping=\"mapping9\" data-google-query-id=\"CKKjop6s3eECFcQNgQodViMFQg\">\n<div id=\"google_ads_iframe_\/7581181\/dp_universal_1__container__\">El entonces DT Pedro Troglio dijo a\u00f1os atr\u00e1s que ella viene a comer con nosotros en la previa de cada partido.<\/div>\n<\/div>\n<\/div>\n<\/article>\n","protected":false},"excerpt":{"rendered":"<p>La madre de la senadora y expresidenta, de 89 a\u00f1os, muri\u00f3 hoy luego de permanecer&#8230;<\/p>\n","protected":false},"author":1,"featured_media":0,"comment_status":"open","ping_status":"open","sticky":false,"template":"","format":"standard","meta":{"content-type":""},"categories":[39],"tags":[],"nelio_content":{"isAutoShareEnabled":false,"autoShareEndMode":"default","automationSources":{"useContentSentences":true,"useSocialTemplates":true,"useCustomSentences":false,"customSentences":[]},"followers":[1],"suggestedReferences":[],"includedReferences":[],"efiUrl":"","efiAlt":"","highlights":[]},"yoast_head":"<!-- This site is optimized with the Yoast SEO plugin v20.7 - https:\/\/yoast.com\/wordpress\/plugins\/seo\/ -->\n<title>Muri\u00f3 Ofelia Wilhelm, la madre de Cristina Kirchner, que estaba internada en el Hospital Italiano de La Plata -<\/title>\n<meta name=\"robots\" content=\"index, follow, max-snippet:-1, max-image-preview:large, max-video-preview:-1\" \/>\n<link rel=\"canonical\" href=\"https:\/\/experienciadevida.com.ar\/portalurbano\/murio-ofelia-wilhelm-la-madre-de-cristina-kirchner-que-estaba-internada-en-el-hospital-italiano-de-la-plata\/\" \/>\n<meta property=\"og:locale\" content=\"es_ES\" \/>\n<meta property=\"og:type\" content=\"article\" \/>\n<meta property=\"og:title\" content=\"Muri\u00f3 Ofelia Wilhelm, la madre de Cristina Kirchner, que estaba internada en el Hospital Italiano de La Plata -\" \/>\n<meta property=\"og:description\" content=\"La madre de la senadora y expresidenta, de 89 a\u00f1os, muri\u00f3 hoy luego de permanecer...\" \/>\n<meta property=\"og:url\" content=\"https:\/\/experienciadevida.com.ar\/portalurbano\/murio-ofelia-wilhelm-la-madre-de-cristina-kirchner-que-estaba-internada-en-el-hospital-italiano-de-la-plata\/\" \/>\n<meta property=\"article:publisher\" content=\"https:\/\/www.facebook.com\/Portal-Urbano-171542830093757\/\" \/>\n<meta property=\"article:published_time\" content=\"2019-04-19T23:51:32+00:00\" \/>\n<meta property=\"og:image\" content=\"https:\/\/experienciadevida.com.ar\/portalurbano\/wp-content\/uploads\/2019\/04\/0005801743-e1555717806755.jpg\" \/>\n\t<meta property=\"og:image:width\" content=\"750\" \/>\n\t<meta property=\"og:image:height\" content=\"501\" \/>\n\t<meta property=\"og:image:type\" content=\"image\/jpeg\" \/>\n<meta name=\"author\" content=\"admpu17wp\" \/>\n<meta name=\"twitter:card\" content=\"summary_large_image\" \/>\n<meta name=\"twitter:creator\" content=\"@portalurbanook\" \/>\n<meta name=\"twitter:site\" content=\"@portalurbanook\" \/>\n<meta name=\"twitter:label1\" content=\"Escrito por\" \/>\n\t<meta name=\"twitter:data1\" content=\"admpu17wp\" \/>\n\t<meta name=\"twitter:label2\" content=\"Tiempo de lectura\" \/>\n\t<meta name=\"twitter:data2\" content=\"2 minutos\" \/>\n<script type=\"application\/ld+json\" class=\"yoast-schema-graph\">{\"@context\":\"https:\/\/schema.org\",\"@graph\":[{\"@type\":\"Article\",\"@id\":\"https:\/\/experienciadevida.com.ar\/portalurbano\/murio-ofelia-wilhelm-la-madre-de-cristina-kirchner-que-estaba-internada-en-el-hospital-italiano-de-la-plata\/#article\",\"isPartOf\":{\"@id\":\"https:\/\/experienciadevida.com.ar\/portalurbano\/murio-ofelia-wilhelm-la-madre-de-cristina-kirchner-que-estaba-internada-en-el-hospital-italiano-de-la-plata\/\"},\"author\":{\"name\":\"admpu17wp\",\"@id\":\"https:\/\/experienciadevida.com.ar\/portalurbano\/#\/schema\/person\/02dd326b1c4b056e9cc972486934a3a7\"},\"headline\":\"Muri\u00f3 Ofelia Wilhelm, la madre de Cristina Kirchner, que estaba internada en el Hospital Italiano de La Plata\",\"datePublished\":\"2019-04-19T23:51:32+00:00\",\"dateModified\":\"2019-04-19T23:51:32+00:00\",\"mainEntityOfPage\":{\"@id\":\"https:\/\/experienciadevida.com.ar\/portalurbano\/murio-ofelia-wilhelm-la-madre-de-cristina-kirchner-que-estaba-internada-en-el-hospital-italiano-de-la-plata\/\"},\"wordCount\":453,\"commentCount\":0,\"publisher\":{\"@id\":\"https:\/\/experienciadevida.com.ar\/portalurbano\/#organization\"},\"articleSection\":[\"Naci\u00f3n\"],\"inLanguage\":\"es\",\"potentialAction\":[{\"@type\":\"CommentAction\",\"name\":\"Comment\",\"target\":[\"https:\/\/experienciadevida.com.ar\/portalurbano\/murio-ofelia-wilhelm-la-madre-de-cristina-kirchner-que-estaba-internada-en-el-hospital-italiano-de-la-plata\/#respond\"]}]},{\"@type\":\"WebPage\",\"@id\":\"https:\/\/experienciadevida.com.ar\/portalurbano\/murio-ofelia-wilhelm-la-madre-de-cristina-kirchner-que-estaba-internada-en-el-hospital-italiano-de-la-plata\/\",\"url\":\"https:\/\/experienciadevida.com.ar\/portalurbano\/murio-ofelia-wilhelm-la-madre-de-cristina-kirchner-que-estaba-internada-en-el-hospital-italiano-de-la-plata\/\",\"name\":\"Muri\u00f3 Ofelia Wilhelm, la madre de Cristina Kirchner, que estaba internada en el Hospital Italiano de La Plata -\",\"isPartOf\":{\"@id\":\"https:\/\/experienciadevida.com.ar\/portalurbano\/#website\"},\"datePublished\":\"2019-04-19T23:51:32+00:00\",\"dateModified\":\"2019-04-19T23:51:32+00:00\",\"breadcrumb\":{\"@id\":\"https:\/\/experienciadevida.com.ar\/portalurbano\/murio-ofelia-wilhelm-la-madre-de-cristina-kirchner-que-estaba-internada-en-el-hospital-italiano-de-la-plata\/#breadcrumb\"},\"inLanguage\":\"es\",\"potentialAction\":[{\"@type\":\"ReadAction\",\"target\":[\"https:\/\/experienciadevida.com.ar\/portalurbano\/murio-ofelia-wilhelm-la-madre-de-cristina-kirchner-que-estaba-internada-en-el-hospital-italiano-de-la-plata\/\"]}]},{\"@type\":\"BreadcrumbList\",\"@id\":\"https:\/\/experienciadevida.com.ar\/portalurbano\/murio-ofelia-wilhelm-la-madre-de-cristina-kirchner-que-estaba-internada-en-el-hospital-italiano-de-la-plata\/#breadcrumb\",\"itemListElement\":[{\"@type\":\"ListItem\",\"position\":1,\"name\":\"Portada\",\"item\":\"https:\/\/experienciadevida.com.ar\/portalurbano\/\"},{\"@type\":\"ListItem\",\"position\":2,\"name\":\"Muri\u00f3 Ofelia Wilhelm, la madre de Cristina Kirchner, que estaba internada en el Hospital Italiano de La Plata\"}]},{\"@type\":\"WebSite\",\"@id\":\"https:\/\/experienciadevida.com.ar\/portalurbano\/#website\",\"url\":\"https:\/\/experienciadevida.com.ar\/portalurbano\/\",\"name\":\"\",\"description\":\"\",\"publisher\":{\"@id\":\"https:\/\/experienciadevida.com.ar\/portalurbano\/#organization\"},\"potentialAction\":[{\"@type\":\"SearchAction\",\"target\":{\"@type\":\"EntryPoint\",\"urlTemplate\":\"https:\/\/experienciadevida.com.ar\/portalurbano\/?s={search_term_string}\"},\"query-input\":\"required name=search_term_string\"}],\"inLanguage\":\"es\"},{\"@type\":\"Organization\",\"@id\":\"https:\/\/experienciadevida.com.ar\/portalurbano\/#organization\",\"name\":\"Portal Urbano\",\"url\":\"https:\/\/experienciadevida.com.ar\/portalurbano\/\",\"logo\":{\"@type\":\"ImageObject\",\"inLanguage\":\"es\",\"@id\":\"https:\/\/experienciadevida.com.ar\/portalurbano\/#\/schema\/logo\/image\/\",\"url\":\"https:\/\/experienciadevida.com.ar\/portalurbano\/wp-content\/uploads\/2019\/09\/Logo-Original.png\",\"contentUrl\":\"https:\/\/experienciadevida.com.ar\/portalurbano\/wp-content\/uploads\/2019\/09\/Logo-Original.png\",\"width\":2236,\"height\":1216,\"caption\":\"Portal Urbano\"},\"image\":{\"@id\":\"https:\/\/experienciadevida.com.ar\/portalurbano\/#\/schema\/logo\/image\/\"},\"sameAs\":[\"https:\/\/www.facebook.com\/Portal-Urbano-171542830093757\/\",\"https:\/\/twitter.com\/portalurbanook\",\"https:\/\/www.instagram.com\/_portalurbano\/\",\"https:\/\/www.youtube.com\/channel\/UCXhagIfszH8KxFiOok79zbA?view_as=subscriber\"]},{\"@type\":\"Person\",\"@id\":\"https:\/\/experienciadevida.com.ar\/portalurbano\/#\/schema\/person\/02dd326b1c4b056e9cc972486934a3a7\",\"name\":\"admpu17wp\",\"image\":{\"@type\":\"ImageObject\",\"inLanguage\":\"es\",\"@id\":\"https:\/\/experienciadevida.com.ar\/portalurbano\/#\/schema\/person\/image\/\",\"url\":\"https:\/\/secure.gravatar.com\/avatar\/830d4c57adaae6630765e449a6908047?s=96&d=mm&r=g\",\"contentUrl\":\"https:\/\/secure.gravatar.com\/avatar\/830d4c57adaae6630765e449a6908047?s=96&d=mm&r=g\",\"caption\":\"admpu17wp\"}}]}<\/script>\n<!-- \/ Yoast SEO plugin. -->","yoast_head_json":{"title":"Muri\u00f3 Ofelia Wilhelm, la madre de Cristina Kirchner, que estaba internada en el Hospital Italiano de La Plata -","robots":{"index":"index","follow":"follow","max-snippet":"max-snippet:-1","max-image-preview":"max-image-preview:large","max-video-preview":"max-video-preview:-1"},"canonical":"https:\/\/experienciadevida.com.ar\/portalurbano\/murio-ofelia-wilhelm-la-madre-de-cristina-kirchner-que-estaba-internada-en-el-hospital-italiano-de-la-plata\/","og_locale":"es_ES","og_type":"article","og_title":"Muri\u00f3 Ofelia Wilhelm, la madre de Cristina Kirchner, que estaba internada en el Hospital Italiano de La Plata -","og_description":"La madre de la senadora y expresidenta, de 89 a\u00f1os, muri\u00f3 hoy luego de permanecer...","og_url":"https:\/\/experienciadevida.com.ar\/portalurbano\/murio-ofelia-wilhelm-la-madre-de-cristina-kirchner-que-estaba-internada-en-el-hospital-italiano-de-la-plata\/","article_publisher":"https:\/\/www.facebook.com\/Portal-Urbano-171542830093757\/","article_published_time":"2019-04-19T23:51:32+00:00","og_image":[{"width":750,"height":501,"url":"https:\/\/experienciadevida.com.ar\/portalurbano\/wp-content\/uploads\/2019\/04\/0005801743-e1555717806755.jpg","type":"image\/jpeg"}],"author":"admpu17wp","twitter_card":"summary_large_image","twitter_creator":"@portalurbanook","twitter_site":"@portalurbanook","twitter_misc":{"Escrito por":"admpu17wp","Tiempo de lectura":"2 minutos"},"schema":{"@context":"https:\/\/schema.org","@graph":[{"@type":"Article","@id":"https:\/\/experienciadevida.com.ar\/portalurbano\/murio-ofelia-wilhelm-la-madre-de-cristina-kirchner-que-estaba-internada-en-el-hospital-italiano-de-la-plata\/#article","isPartOf":{"@id":"https:\/\/experienciadevida.com.ar\/portalurbano\/murio-ofelia-wilhelm-la-madre-de-cristina-kirchner-que-estaba-internada-en-el-hospital-italiano-de-la-plata\/"},"author":{"name":"admpu17wp","@id":"https:\/\/experienciadevida.com.ar\/portalurbano\/#\/schema\/person\/02dd326b1c4b056e9cc972486934a3a7"},"headline":"Muri\u00f3 Ofelia Wilhelm, la madre de Cristina Kirchner, que estaba internada en el Hospital Italiano de La Plata","datePublished":"2019-04-19T23:51:32+00:00","dateModified":"2019-04-19T23:51:32+00:00","mainEntityOfPage":{"@id":"https:\/\/experienciadevida.com.ar\/portalurbano\/murio-ofelia-wilhelm-la-madre-de-cristina-kirchner-que-estaba-internada-en-el-hospital-italiano-de-la-plata\/"},"wordCount":453,"commentCount":0,"publisher":{"@id":"https:\/\/experienciadevida.com.ar\/portalurbano\/#organization"},"articleSection":["Naci\u00f3n"],"inLanguage":"es","potentialAction":[{"@type":"CommentAction","name":"Comment","target":["https:\/\/experienciadevida.com.ar\/portalurbano\/murio-ofelia-wilhelm-la-madre-de-cristina-kirchner-que-estaba-internada-en-el-hospital-italiano-de-la-plata\/#respond"]}]},{"@type":"WebPage","@id":"https:\/\/experienciadevida.com.ar\/portalurbano\/murio-ofelia-wilhelm-la-madre-de-cristina-kirchner-que-estaba-internada-en-el-hospital-italiano-de-la-plata\/","url":"https:\/\/experienciadevida.com.ar\/portalurbano\/murio-ofelia-wilhelm-la-madre-de-cristina-kirchner-que-estaba-internada-en-el-hospital-italiano-de-la-plata\/","name":"Muri\u00f3 Ofelia Wilhelm, la madre de Cristina Kirchner, que estaba internada en el Hospital Italiano de La Plata -","isPartOf":{"@id":"https:\/\/experienciadevida.com.ar\/portalurbano\/#website"},"datePublished":"2019-04-19T23:51:32+00:00","dateModified":"2019-04-19T23:51:32+00:00","breadcrumb":{"@id":"https:\/\/experienciadevida.com.ar\/portalurbano\/murio-ofelia-wilhelm-la-madre-de-cristina-kirchner-que-estaba-internada-en-el-hospital-italiano-de-la-plata\/#breadcrumb"},"inLanguage":"es","potentialAction":[{"@type":"ReadAction","target":["https:\/\/experienciadevida.com.ar\/portalurbano\/murio-ofelia-wilhelm-la-madre-de-cristina-kirchner-que-estaba-internada-en-el-hospital-italiano-de-la-plata\/"]}]},{"@type":"BreadcrumbList","@id":"https:\/\/experienciadevida.com.ar\/portalurbano\/murio-ofelia-wilhelm-la-madre-de-cristina-kirchner-que-estaba-internada-en-el-hospital-italiano-de-la-plata\/#breadcrumb","itemListElement":[{"@type":"ListItem","position":1,"name":"Portada","item":"https:\/\/experienciadevida.com.ar\/portalurbano\/"},{"@type":"ListItem","position":2,"name":"Muri\u00f3 Ofelia Wilhelm, la madre de Cristina Kirchner, que estaba internada en el Hospital Italiano de La Plata"}]},{"@type":"WebSite","@id":"https:\/\/experienciadevida.com.ar\/portalurbano\/#website","url":"https:\/\/experienciadevida.com.ar\/portalurbano\/","name":"","description":"","publisher":{"@id":"https:\/\/experienciadevida.com.ar\/portalurbano\/#organization"},"potentialAction":[{"@type":"SearchAction","target":{"@type":"EntryPoint","urlTemplate":"https:\/\/experienciadevida.com.ar\/portalurbano\/?s={search_term_string}"},"query-input":"required name=search_term_string"}],"inLanguage":"es"},{"@type":"Organization","@id":"https:\/\/experienciadevida.com.ar\/portalurbano\/#organization","name":"Portal Urbano","url":"https:\/\/experienciadevida.com.ar\/portalurbano\/","logo":{"@type":"ImageObject","inLanguage":"es","@id":"https:\/\/experienciadevida.com.ar\/portalurbano\/#\/schema\/logo\/image\/","url":"https:\/\/experienciadevida.com.ar\/portalurbano\/wp-content\/uploads\/2019\/09\/Logo-Original.png","contentUrl":"https:\/\/experienciadevida.com.ar\/portalurbano\/wp-content\/uploads\/2019\/09\/Logo-Original.png","width":2236,"height":1216,"caption":"Portal Urbano"},"image":{"@id":"https:\/\/experienciadevida.com.ar\/portalurbano\/#\/schema\/logo\/image\/"},"sameAs":["https:\/\/www.facebook.com\/Portal-Urbano-171542830093757\/","https:\/\/twitter.com\/portalurbanook","https:\/\/www.instagram.com\/_portalurbano\/","https:\/\/www.youtube.com\/channel\/UCXhagIfszH8KxFiOok79zbA?view_as=subscriber"]},{"@type":"Person","@id":"https:\/\/experienciadevida.com.ar\/portalurbano\/#\/schema\/person\/02dd326b1c4b056e9cc972486934a3a7","name":"admpu17wp","image":{"@type":"ImageObject","inLanguage":"es","@id":"https:\/\/experienciadevida.com.ar\/portalurbano\/#\/schema\/person\/image\/","url":"https:\/\/secure.gravatar.com\/avatar\/830d4c57adaae6630765e449a6908047?s=96&d=mm&r=g","contentUrl":"https:\/\/secure.gravatar.com\/avatar\/830d4c57adaae6630765e449a6908047?s=96&d=mm&r=g","caption":"admpu17wp"}}]}},"featured_image_urls":{"full":"","thumbnail":"","medium":"","medium_large":"","large":"","ug_big":"","1536x1536":"","2048x2048":"","newsever-slider-full":"","newsever-featured":"","newsever-medium":"","web-stories-poster-portrait":"","web-stories-publisher-logo":"","web-stories-thumbnail":""},"author_info":{"display_name":"admpu17wp","author_link":"https:\/\/experienciadevida.com.ar\/portalurbano\/author\/admpu17wp\/"},"category_info":"<a href=\"https:\/\/experienciadevida.com.ar\/portalurbano\/category\/nacion\/\" rel=\"category tag\">Naci\u00f3n<\/a>","tag_info":"Naci\u00f3n","comment_count":"0","amp_enabled":true,"_links":{"self":[{"href":"https:\/\/experienciadevida.com.ar\/portalurbano\/wp-json\/wp\/v2\/posts\/64948"}],"collection":[{"href":"https:\/\/experienciadevida.com.ar\/portalurbano\/wp-json\/wp\/v2\/posts"}],"about":[{"href":"https:\/\/experienciadevida.com.ar\/portalurbano\/wp-json\/wp\/v2\/types\/post"}],"author":[{"embeddable":true,"href":"https:\/\/experienciadevida.com.ar\/portalurbano\/wp-json\/wp\/v2\/users\/1"}],"replies":[{"embeddable":true,"href":"https:\/\/experienciadevida.com.ar\/portalurbano\/wp-json\/wp\/v2\/comments?post=64948"}],"version-history":[{"count":1,"href":"https:\/\/experienciadevida.com.ar\/portalurbano\/wp-json\/wp\/v2\/posts\/64948\/revisions"}],"predecessor-version":[{"id":64956,"href":"https:\/\/experienciadevida.com.ar\/portalurbano\/wp-json\/wp\/v2\/posts\/64948\/revisions\/64956"}],"wp:attachment":[{"href":"https:\/\/experienciadevida.com.ar\/portalurbano\/wp-json\/wp\/v2\/media?parent=64948"}],"wp:term":[{"taxonomy":"category","embeddable":true,"href":"https:\/\/experienciadevida.com.ar\/portalurbano\/wp-json\/wp\/v2\/categories?post=64948"},{"taxonomy":"post_tag","embeddable":true,"href":"https:\/\/experienciadevida.com.ar\/portalurbano\/wp-json\/wp\/v2\/tags?post=64948"}],"curies":[{"name":"wp","href":"https:\/\/api.w.org\/{rel}","templated":true}]}}