{"id":64835,"date":"2019-04-18T19:07:35","date_gmt":"2019-04-18T22:07:35","guid":{"rendered":"https:\/\/experienciadevida.com.ar\/portalurbano\/?p=64835"},"modified":"2019-04-18T19:08:54","modified_gmt":"2019-04-18T22:08:54","slug":"semana-santa-con-alta-ocupacion-en-varios-destinos-turisticos-del-pais","status":"publish","type":"post","link":"https:\/\/experienciadevida.com.ar\/portalurbano\/semana-santa-con-alta-ocupacion-en-varios-destinos-turisticos-del-pais\/","title":{"rendered":"Semana Santa con alta ocupaci\u00f3n en varios destinos tur\u00edsticos del pa\u00eds"},"content":{"rendered":"<h2 class=\"excerpt\">Las Sierras en Buenos Aires, la Costa Atl\u00e1ntica y Salta est\u00e1n entre los destinos m\u00e1s elegidos. Se agregaron micros de larga distancia para determinados destinos.<\/h2>\n<section class=\"detail-body\">\n<section id=\"note-body\" class=\"body-content note-body content-protected-false\" data-twitter-link=\"https:\/\/twitter.com\/intent\/tweet?url=https:\/\/www.ambito.com\/c5027106&amp;v\u00eda=Ambitocom&amp;related=\u00e1mbito.com&amp;text=\"><\/section>\n<\/section>\n<section class=\"detail-body\">\n<section class=\"body-content note-body content-protected-false\">Las reservas en hoteles alcanzaron picos de hasta 95% en distintos puntos del pa\u00eds de\u00a0cara al\u00a0feriado\u00a0de\u00a0Semana Santa, a la par que se agregaron cerca de 100 micros a la Costa Atl\u00e1ntica, seg\u00fan se inform\u00f3. As\u00ed, el feriado obtuvo un saldo favorable en materia de\u00a0turismo, con un promedio de tres d\u00edas de estad\u00eda en cada destino.La ocupaci\u00f3n hotelera para Semana Santa de las regiones tur\u00edsticas bonaerenses ronda el 74,56%, de un total de 91.978 plazas, de acuerdo a los datos de proyecci\u00f3n global que difundi\u00f3 este jueves la\u00a0Subsecretar\u00eda de Turismo de la provincia de Buenos Aires.La encuesta de Ocupaci\u00f3n Hotelera del organismo arroj\u00f3 que el sector que mayor tasa presenta es el de\u00a0Sierras con el 94,29%,\u00a0al que le sigue la regi\u00f3n\u00a0Costa Atl\u00e1ntica, que registra una proyecci\u00f3n de ocupaci\u00f3n del 73,68%, y Escapadas y Termas, con el 70,91%.\u00a0En cuanto a la estad\u00eda promedio en los destinos de la provincia de Buenos Aires -que cuenta con 180.000 plazas hoteleras-\u00a0se registr\u00f3 entre 3,4 d\u00edas, con un total esperado <strong>de 515.000 arribos.<\/strong><\/p>\n<p>En referencia concreta a\u00a0Mar del Plata,\u00a0se reservaron con anticipaci\u00f3n el 80% de las 57.000 plazas,\u00a0seg\u00fan inform\u00f3 hoy la\u00a0Asociaci\u00f3n Empresaria Hotelera y Gastron\u00f3mica (Aehg). La presidenta de esa organizaci\u00f3n empresarial,\u00a0Silvia Cerchiara, calific\u00f3 como &#8220;alentador&#8221; el panorama para este fin de semana largo. A su vez,\u00a0las empresas de transporte automotor de pasajeros de larga distancia adicionaron 100 micros a los 20 que ya hay de promedio tanto para este jueves\u00a0desde la terminal de Retiro a Mar del Plata\u00a0as\u00ed como tambi\u00e9n de regreso al domingo.<\/p>\n<p>Otro de los destinos m\u00e1s elegidos por los turistas fue\u00a0la provincia de Salta,\u00a0con sus cerros, valles y quebradas. En el Gobierno provincial\u00a0esperaban que la ocupaci\u00f3n hotelera ronde el 95%.<\/p>\n<p>En\u00a0C\u00f3rdoba, por su parte, se registraba un intenso movimiento con refuerzos, con micros que en su mayor\u00eda arribaban desde la ciudad y la provincia de Buenos Aires. D\u00edas atr\u00e1s, el presidente de la Agencia C\u00f3rdoba Turismo, Julio Bu\u00f1uelos, hab\u00eda manifestado a\u00a0<em>Cadena 3<\/em>\u00a0que se\u00a0esperaba un nivel de ocupaci\u00f3n del 75%\u00a0y que en algunas localidades como La Cumbrecita o Villa General Belgrano pod\u00eda alcanzar el 100%.<\/p>\n<p>Por su parte, las reservas hoteleras para\u00a0Misiones\u00a0superaban hoy\u00a0el 68% de las 26.000 plazas disponibles en la provincia, con picos del 90% en algunas localidades, seg\u00fan fuentes oficiales. Mientas que en\u00a0Corrientes superaban hoy el 80% de las m\u00e1s de 17.000 plazas de la provincia, con gran demanda en torno al turismo religioso y el ecol\u00f3gico,\u00a0en la zona de los Esteros del Iber\u00e1, de acuerdo a lo informado por el ministro de Turismo de la provincia,\u00a0Cristian Piris.<\/p>\n<p>Seg\u00fan un relevamiento de la\u00a0Federaci\u00f3n Empresaria Hotelera Gastron\u00f3mica de la Rep\u00fablica Argentina (Fehgra), en\u00a0la Patagonia,\u00a0las reservas eran del 81% en San Mart\u00edn de los Andes, que tiene 8.500 plazas; del 70% en Villa La Angostura, con 8.000; del 80% en San Carlos de Bariloche, que tiene 26.000, e igual porcentaje en Ushuaia, aunque con 7.000 plazas.<\/p>\n<p>El Calafate, en Santa Cruz y con 8.500 plazas hoteleras, registraba un 70% de reservas,\u00a0mientras que en la Comarca Andina de Chubut ese registro llegaba al 50% y en Puerto Madryn, que tiene 7.500 plazas, al 45%,\u00a0de acuerdo al mismo documento.<\/p>\n<p><em>Agencia: Noticias Argentinas<\/em><\/p>\n<p>&nbsp;<\/p>\n<\/section>\n<\/section>\n","protected":false},"excerpt":{"rendered":"<p>Las Sierras en Buenos Aires, la Costa Atl\u00e1ntica y Salta est\u00e1n entre los destinos m\u00e1s&#8230;<\/p>\n","protected":false},"author":1,"featured_media":0,"comment_status":"open","ping_status":"open","sticky":false,"template":"","format":"standard","meta":{"content-type":""},"categories":[39],"tags":[],"nelio_content":{"isAutoShareEnabled":false,"autoShareEndMode":"default","automationSources":{"useContentSentences":true,"useSocialTemplates":true,"useCustomSentences":false,"customSentences":[]},"followers":[1],"suggestedReferences":[],"includedReferences":[],"efiUrl":"","efiAlt":"","highlights":[]},"yoast_head":"<!-- This site is optimized with the Yoast SEO plugin v20.7 - https:\/\/yoast.com\/wordpress\/plugins\/seo\/ -->\n<title>Semana Santa con alta ocupaci\u00f3n en varios destinos tur\u00edsticos del pa\u00eds -<\/title>\n<meta name=\"robots\" content=\"index, follow, max-snippet:-1, max-image-preview:large, max-video-preview:-1\" \/>\n<link rel=\"canonical\" href=\"https:\/\/experienciadevida.com.ar\/portalurbano\/semana-santa-con-alta-ocupacion-en-varios-destinos-turisticos-del-pais\/\" \/>\n<meta property=\"og:locale\" content=\"es_ES\" \/>\n<meta property=\"og:type\" content=\"article\" \/>\n<meta property=\"og:title\" content=\"Semana Santa con alta ocupaci\u00f3n en varios destinos tur\u00edsticos del pa\u00eds -\" \/>\n<meta property=\"og:description\" content=\"Las Sierras en Buenos Aires, la Costa Atl\u00e1ntica y Salta est\u00e1n entre los destinos m\u00e1s...\" \/>\n<meta property=\"og:url\" content=\"https:\/\/experienciadevida.com.ar\/portalurbano\/semana-santa-con-alta-ocupacion-en-varios-destinos-turisticos-del-pais\/\" \/>\n<meta property=\"article:publisher\" content=\"https:\/\/www.facebook.com\/Portal-Urbano-171542830093757\/\" \/>\n<meta property=\"article:published_time\" content=\"2019-04-18T22:07:35+00:00\" \/>\n<meta property=\"article:modified_time\" content=\"2019-04-18T22:08:54+00:00\" \/>\n<meta property=\"og:image\" content=\"https:\/\/experienciadevida.com.ar\/portalurbano\/wp-content\/uploads\/2019\/04\/cabalgata-en-familia.jpg\" \/>\n\t<meta property=\"og:image:width\" content=\"750\" \/>\n\t<meta property=\"og:image:height\" content=\"563\" \/>\n\t<meta property=\"og:image:type\" content=\"image\/jpeg\" \/>\n<meta name=\"author\" content=\"admpu17wp\" \/>\n<meta name=\"twitter:card\" content=\"summary_large_image\" \/>\n<meta name=\"twitter:creator\" content=\"@portalurbanook\" \/>\n<meta name=\"twitter:site\" content=\"@portalurbanook\" \/>\n<meta name=\"twitter:label1\" content=\"Escrito por\" \/>\n\t<meta name=\"twitter:data1\" content=\"admpu17wp\" \/>\n\t<meta name=\"twitter:label2\" content=\"Tiempo de lectura\" \/>\n\t<meta name=\"twitter:data2\" content=\"3 minutos\" \/>\n<script type=\"application\/ld+json\" class=\"yoast-schema-graph\">{\"@context\":\"https:\/\/schema.org\",\"@graph\":[{\"@type\":\"Article\",\"@id\":\"https:\/\/experienciadevida.com.ar\/portalurbano\/semana-santa-con-alta-ocupacion-en-varios-destinos-turisticos-del-pais\/#article\",\"isPartOf\":{\"@id\":\"https:\/\/experienciadevida.com.ar\/portalurbano\/semana-santa-con-alta-ocupacion-en-varios-destinos-turisticos-del-pais\/\"},\"author\":{\"name\":\"admpu17wp\",\"@id\":\"https:\/\/experienciadevida.com.ar\/portalurbano\/#\/schema\/person\/02dd326b1c4b056e9cc972486934a3a7\"},\"headline\":\"Semana Santa con alta ocupaci\u00f3n en varios destinos tur\u00edsticos del pa\u00eds\",\"datePublished\":\"2019-04-18T22:07:35+00:00\",\"dateModified\":\"2019-04-18T22:08:54+00:00\",\"mainEntityOfPage\":{\"@id\":\"https:\/\/experienciadevida.com.ar\/portalurbano\/semana-santa-con-alta-ocupacion-en-varios-destinos-turisticos-del-pais\/\"},\"wordCount\":606,\"commentCount\":0,\"publisher\":{\"@id\":\"https:\/\/experienciadevida.com.ar\/portalurbano\/#organization\"},\"articleSection\":[\"Naci\u00f3n\"],\"inLanguage\":\"es\",\"potentialAction\":[{\"@type\":\"CommentAction\",\"name\":\"Comment\",\"target\":[\"https:\/\/experienciadevida.com.ar\/portalurbano\/semana-santa-con-alta-ocupacion-en-varios-destinos-turisticos-del-pais\/#respond\"]}]},{\"@type\":\"WebPage\",\"@id\":\"https:\/\/experienciadevida.com.ar\/portalurbano\/semana-santa-con-alta-ocupacion-en-varios-destinos-turisticos-del-pais\/\",\"url\":\"https:\/\/experienciadevida.com.ar\/portalurbano\/semana-santa-con-alta-ocupacion-en-varios-destinos-turisticos-del-pais\/\",\"name\":\"Semana Santa con alta ocupaci\u00f3n en varios destinos tur\u00edsticos del pa\u00eds -\",\"isPartOf\":{\"@id\":\"https:\/\/experienciadevida.com.ar\/portalurbano\/#website\"},\"datePublished\":\"2019-04-18T22:07:35+00:00\",\"dateModified\":\"2019-04-18T22:08:54+00:00\",\"breadcrumb\":{\"@id\":\"https:\/\/experienciadevida.com.ar\/portalurbano\/semana-santa-con-alta-ocupacion-en-varios-destinos-turisticos-del-pais\/#breadcrumb\"},\"inLanguage\":\"es\",\"potentialAction\":[{\"@type\":\"ReadAction\",\"target\":[\"https:\/\/experienciadevida.com.ar\/portalurbano\/semana-santa-con-alta-ocupacion-en-varios-destinos-turisticos-del-pais\/\"]}]},{\"@type\":\"BreadcrumbList\",\"@id\":\"https:\/\/experienciadevida.com.ar\/portalurbano\/semana-santa-con-alta-ocupacion-en-varios-destinos-turisticos-del-pais\/#breadcrumb\",\"itemListElement\":[{\"@type\":\"ListItem\",\"position\":1,\"name\":\"Portada\",\"item\":\"https:\/\/experienciadevida.com.ar\/portalurbano\/\"},{\"@type\":\"ListItem\",\"position\":2,\"name\":\"Semana Santa con alta ocupaci\u00f3n en varios destinos tur\u00edsticos del pa\u00eds\"}]},{\"@type\":\"WebSite\",\"@id\":\"https:\/\/experienciadevida.com.ar\/portalurbano\/#website\",\"url\":\"https:\/\/experienciadevida.com.ar\/portalurbano\/\",\"name\":\"\",\"description\":\"\",\"publisher\":{\"@id\":\"https:\/\/experienciadevida.com.ar\/portalurbano\/#organization\"},\"potentialAction\":[{\"@type\":\"SearchAction\",\"target\":{\"@type\":\"EntryPoint\",\"urlTemplate\":\"https:\/\/experienciadevida.com.ar\/portalurbano\/?s={search_term_string}\"},\"query-input\":\"required name=search_term_string\"}],\"inLanguage\":\"es\"},{\"@type\":\"Organization\",\"@id\":\"https:\/\/experienciadevida.com.ar\/portalurbano\/#organization\",\"name\":\"Portal Urbano\",\"url\":\"https:\/\/experienciadevida.com.ar\/portalurbano\/\",\"logo\":{\"@type\":\"ImageObject\",\"inLanguage\":\"es\",\"@id\":\"https:\/\/experienciadevida.com.ar\/portalurbano\/#\/schema\/logo\/image\/\",\"url\":\"https:\/\/experienciadevida.com.ar\/portalurbano\/wp-content\/uploads\/2019\/09\/Logo-Original.png\",\"contentUrl\":\"https:\/\/experienciadevida.com.ar\/portalurbano\/wp-content\/uploads\/2019\/09\/Logo-Original.png\",\"width\":2236,\"height\":1216,\"caption\":\"Portal Urbano\"},\"image\":{\"@id\":\"https:\/\/experienciadevida.com.ar\/portalurbano\/#\/schema\/logo\/image\/\"},\"sameAs\":[\"https:\/\/www.facebook.com\/Portal-Urbano-171542830093757\/\",\"https:\/\/twitter.com\/portalurbanook\",\"https:\/\/www.instagram.com\/_portalurbano\/\",\"https:\/\/www.youtube.com\/channel\/UCXhagIfszH8KxFiOok79zbA?view_as=subscriber\"]},{\"@type\":\"Person\",\"@id\":\"https:\/\/experienciadevida.com.ar\/portalurbano\/#\/schema\/person\/02dd326b1c4b056e9cc972486934a3a7\",\"name\":\"admpu17wp\",\"image\":{\"@type\":\"ImageObject\",\"inLanguage\":\"es\",\"@id\":\"https:\/\/experienciadevida.com.ar\/portalurbano\/#\/schema\/person\/image\/\",\"url\":\"https:\/\/secure.gravatar.com\/avatar\/830d4c57adaae6630765e449a6908047?s=96&d=mm&r=g\",\"contentUrl\":\"https:\/\/secure.gravatar.com\/avatar\/830d4c57adaae6630765e449a6908047?s=96&d=mm&r=g\",\"caption\":\"admpu17wp\"}}]}<\/script>\n<!-- \/ Yoast SEO plugin. -->","yoast_head_json":{"title":"Semana Santa con alta ocupaci\u00f3n en varios destinos tur\u00edsticos del pa\u00eds -","robots":{"index":"index","follow":"follow","max-snippet":"max-snippet:-1","max-image-preview":"max-image-preview:large","max-video-preview":"max-video-preview:-1"},"canonical":"https:\/\/experienciadevida.com.ar\/portalurbano\/semana-santa-con-alta-ocupacion-en-varios-destinos-turisticos-del-pais\/","og_locale":"es_ES","og_type":"article","og_title":"Semana Santa con alta ocupaci\u00f3n en varios destinos tur\u00edsticos del pa\u00eds -","og_description":"Las Sierras en Buenos Aires, la Costa Atl\u00e1ntica y Salta est\u00e1n entre los destinos m\u00e1s...","og_url":"https:\/\/experienciadevida.com.ar\/portalurbano\/semana-santa-con-alta-ocupacion-en-varios-destinos-turisticos-del-pais\/","article_publisher":"https:\/\/www.facebook.com\/Portal-Urbano-171542830093757\/","article_published_time":"2019-04-18T22:07:35+00:00","article_modified_time":"2019-04-18T22:08:54+00:00","og_image":[{"width":750,"height":563,"url":"https:\/\/experienciadevida.com.ar\/portalurbano\/wp-content\/uploads\/2019\/04\/cabalgata-en-familia.jpg","type":"image\/jpeg"}],"author":"admpu17wp","twitter_card":"summary_large_image","twitter_creator":"@portalurbanook","twitter_site":"@portalurbanook","twitter_misc":{"Escrito por":"admpu17wp","Tiempo de lectura":"3 minutos"},"schema":{"@context":"https:\/\/schema.org","@graph":[{"@type":"Article","@id":"https:\/\/experienciadevida.com.ar\/portalurbano\/semana-santa-con-alta-ocupacion-en-varios-destinos-turisticos-del-pais\/#article","isPartOf":{"@id":"https:\/\/experienciadevida.com.ar\/portalurbano\/semana-santa-con-alta-ocupacion-en-varios-destinos-turisticos-del-pais\/"},"author":{"name":"admpu17wp","@id":"https:\/\/experienciadevida.com.ar\/portalurbano\/#\/schema\/person\/02dd326b1c4b056e9cc972486934a3a7"},"headline":"Semana Santa con alta ocupaci\u00f3n en varios destinos tur\u00edsticos del pa\u00eds","datePublished":"2019-04-18T22:07:35+00:00","dateModified":"2019-04-18T22:08:54+00:00","mainEntityOfPage":{"@id":"https:\/\/experienciadevida.com.ar\/portalurbano\/semana-santa-con-alta-ocupacion-en-varios-destinos-turisticos-del-pais\/"},"wordCount":606,"commentCount":0,"publisher":{"@id":"https:\/\/experienciadevida.com.ar\/portalurbano\/#organization"},"articleSection":["Naci\u00f3n"],"inLanguage":"es","potentialAction":[{"@type":"CommentAction","name":"Comment","target":["https:\/\/experienciadevida.com.ar\/portalurbano\/semana-santa-con-alta-ocupacion-en-varios-destinos-turisticos-del-pais\/#respond"]}]},{"@type":"WebPage","@id":"https:\/\/experienciadevida.com.ar\/portalurbano\/semana-santa-con-alta-ocupacion-en-varios-destinos-turisticos-del-pais\/","url":"https:\/\/experienciadevida.com.ar\/portalurbano\/semana-santa-con-alta-ocupacion-en-varios-destinos-turisticos-del-pais\/","name":"Semana Santa con alta ocupaci\u00f3n en varios destinos tur\u00edsticos del pa\u00eds -","isPartOf":{"@id":"https:\/\/experienciadevida.com.ar\/portalurbano\/#website"},"datePublished":"2019-04-18T22:07:35+00:00","dateModified":"2019-04-18T22:08:54+00:00","breadcrumb":{"@id":"https:\/\/experienciadevida.com.ar\/portalurbano\/semana-santa-con-alta-ocupacion-en-varios-destinos-turisticos-del-pais\/#breadcrumb"},"inLanguage":"es","potentialAction":[{"@type":"ReadAction","target":["https:\/\/experienciadevida.com.ar\/portalurbano\/semana-santa-con-alta-ocupacion-en-varios-destinos-turisticos-del-pais\/"]}]},{"@type":"BreadcrumbList","@id":"https:\/\/experienciadevida.com.ar\/portalurbano\/semana-santa-con-alta-ocupacion-en-varios-destinos-turisticos-del-pais\/#breadcrumb","itemListElement":[{"@type":"ListItem","position":1,"name":"Portada","item":"https:\/\/experienciadevida.com.ar\/portalurbano\/"},{"@type":"ListItem","position":2,"name":"Semana Santa con alta ocupaci\u00f3n en varios destinos tur\u00edsticos del pa\u00eds"}]},{"@type":"WebSite","@id":"https:\/\/experienciadevida.com.ar\/portalurbano\/#website","url":"https:\/\/experienciadevida.com.ar\/portalurbano\/","name":"","description":"","publisher":{"@id":"https:\/\/experienciadevida.com.ar\/portalurbano\/#organization"},"potentialAction":[{"@type":"SearchAction","target":{"@type":"EntryPoint","urlTemplate":"https:\/\/experienciadevida.com.ar\/portalurbano\/?s={search_term_string}"},"query-input":"required name=search_term_string"}],"inLanguage":"es"},{"@type":"Organization","@id":"https:\/\/experienciadevida.com.ar\/portalurbano\/#organization","name":"Portal Urbano","url":"https:\/\/experienciadevida.com.ar\/portalurbano\/","logo":{"@type":"ImageObject","inLanguage":"es","@id":"https:\/\/experienciadevida.com.ar\/portalurbano\/#\/schema\/logo\/image\/","url":"https:\/\/experienciadevida.com.ar\/portalurbano\/wp-content\/uploads\/2019\/09\/Logo-Original.png","contentUrl":"https:\/\/experienciadevida.com.ar\/portalurbano\/wp-content\/uploads\/2019\/09\/Logo-Original.png","width":2236,"height":1216,"caption":"Portal Urbano"},"image":{"@id":"https:\/\/experienciadevida.com.ar\/portalurbano\/#\/schema\/logo\/image\/"},"sameAs":["https:\/\/www.facebook.com\/Portal-Urbano-171542830093757\/","https:\/\/twitter.com\/portalurbanook","https:\/\/www.instagram.com\/_portalurbano\/","https:\/\/www.youtube.com\/channel\/UCXhagIfszH8KxFiOok79zbA?view_as=subscriber"]},{"@type":"Person","@id":"https:\/\/experienciadevida.com.ar\/portalurbano\/#\/schema\/person\/02dd326b1c4b056e9cc972486934a3a7","name":"admpu17wp","image":{"@type":"ImageObject","inLanguage":"es","@id":"https:\/\/experienciadevida.com.ar\/portalurbano\/#\/schema\/person\/image\/","url":"https:\/\/secure.gravatar.com\/avatar\/830d4c57adaae6630765e449a6908047?s=96&d=mm&r=g","contentUrl":"https:\/\/secure.gravatar.com\/avatar\/830d4c57adaae6630765e449a6908047?s=96&d=mm&r=g","caption":"admpu17wp"}}]}},"featured_image_urls":{"full":"","thumbnail":"","medium":"","medium_large":"","large":"","ug_big":"","1536x1536":"","2048x2048":"","newsever-slider-full":"","newsever-featured":"","newsever-medium":"","web-stories-poster-portrait":"","web-stories-publisher-logo":"","web-stories-thumbnail":""},"author_info":{"display_name":"admpu17wp","author_link":"https:\/\/experienciadevida.com.ar\/portalurbano\/author\/admpu17wp\/"},"category_info":"<a href=\"https:\/\/experienciadevida.com.ar\/portalurbano\/category\/nacion\/\" rel=\"category tag\">Naci\u00f3n<\/a>","tag_info":"Naci\u00f3n","comment_count":"0","amp_enabled":true,"_links":{"self":[{"href":"https:\/\/experienciadevida.com.ar\/portalurbano\/wp-json\/wp\/v2\/posts\/64835"}],"collection":[{"href":"https:\/\/experienciadevida.com.ar\/portalurbano\/wp-json\/wp\/v2\/posts"}],"about":[{"href":"https:\/\/experienciadevida.com.ar\/portalurbano\/wp-json\/wp\/v2\/types\/post"}],"author":[{"embeddable":true,"href":"https:\/\/experienciadevida.com.ar\/portalurbano\/wp-json\/wp\/v2\/users\/1"}],"replies":[{"embeddable":true,"href":"https:\/\/experienciadevida.com.ar\/portalurbano\/wp-json\/wp\/v2\/comments?post=64835"}],"version-history":[{"count":5,"href":"https:\/\/experienciadevida.com.ar\/portalurbano\/wp-json\/wp\/v2\/posts\/64835\/revisions"}],"predecessor-version":[{"id":64841,"href":"https:\/\/experienciadevida.com.ar\/portalurbano\/wp-json\/wp\/v2\/posts\/64835\/revisions\/64841"}],"wp:attachment":[{"href":"https:\/\/experienciadevida.com.ar\/portalurbano\/wp-json\/wp\/v2\/media?parent=64835"}],"wp:term":[{"taxonomy":"category","embeddable":true,"href":"https:\/\/experienciadevida.com.ar\/portalurbano\/wp-json\/wp\/v2\/categories?post=64835"},{"taxonomy":"post_tag","embeddable":true,"href":"https:\/\/experienciadevida.com.ar\/portalurbano\/wp-json\/wp\/v2\/tags?post=64835"}],"curies":[{"name":"wp","href":"https:\/\/api.w.org\/{rel}","templated":true}]}}