{"id":64335,"date":"2019-04-13T21:12:01","date_gmt":"2019-04-14T00:12:01","guid":{"rendered":"https:\/\/experienciadevida.com.ar\/portalurbano\/?p=64335"},"modified":"2019-04-13T21:17:55","modified_gmt":"2019-04-14T00:17:55","slug":"dos-nuevas-muestras-en-el-centro-cultural-san-jose","status":"publish","type":"post","link":"https:\/\/experienciadevida.com.ar\/portalurbano\/dos-nuevas-muestras-en-el-centro-cultural-san-jose\/","title":{"rendered":"Dos nuevas muestras en el Centro Cultural San Jos\u00e9"},"content":{"rendered":"<p>La Muestra #69 en el Centro Cultural Municipal \u201cSan Jos\u00e9\u201d ha despertado gran curiosidad, por lo que ya son muchos los vecinos que la disfrutaron, interviniendo cada una de las salas en funci\u00f3n de las atractivas propuestas de re-significaci\u00f3n del espacio.<\/p>\n<p>fue creado en forma conjunta por el artista local Daniel\u00a0Fitte\u00a0junto al uruguayo Andr\u00e9s Boero Madrid. Realizada como site-specific, surge del encuentro de estas dos miradas. Por un lado la sierra y la memoria abrazada al paisaje, que Daniel\u00a0Fitte\u00a0trae a colaci\u00f3n al proponernos enterrar o desenterrar (nos) usando como materia la tierra. Por otro lado el r\u00edo o su lejan\u00eda, de Andr\u00e9s Boero Madrid donde el barro y la piedra se juntan y dialogan con la luz que entra desde el exterior.<\/p>\n<p>Por otro lado se encuentra la obra personal musa\u00a0una obra de la fot\u00f3grafa olavarriense Paula Ferrari. Dice la artista en referencia a su muestra:\u00a0<em>\u201cPartiendo de im\u00e1genes que me inquietan, porque en ellas se me juegan los mandatos que me rigen desde siempre, la cuadr\u00edcula que me sostiene pero a la vez me apresa; la poes\u00eda de las flores y los rostros; la profesi\u00f3n de fot\u00f3grafa y publicista, el reinado del cuerpo y la belleza en el que estuve rondando durante tanto tiempo\u2026<\/em><\/p>\n<p><em>Me reconozco en el terreno pantanoso de lo intermedio, la religi\u00f3n que con fervor mi madre insisti\u00f3 en regalarnos me hizo mella en el criterio temprano y en el pudor; tuve esta madre colch\u00f3n que me hizo blanda con toda su ternura, crec\u00ed protegida y tibia, al margen de las grandes luchas y con desconcierto frente a la palabra feminismo.<\/em><\/p>\n<p><em>Tan c\u00f3moda yo, encajando con la media aceptada, sin sufrir mi condici\u00f3n femenina, amando a quien quise amar, sin sucesos truculentos, ni abusos mayores, ni violencia de g\u00e9nero en casa, ni cerca\u2026 ni el gran y atroz dolor que puede alcanzar la condici\u00f3n femenina\u201d.<\/em><\/p>\n<p><span style=\"color: #0000ff;\">Galer\u00eda de im\u00e1genes.<\/span><\/p>\n<div class=\"slider-gallery-wrapper \"><div class=\"slider-gallery\"><div id=\"sliderify-carousel-1\" class=\"owl-carousel\"><div class=\"sliderify-owl-item-inner\"><img src=\"\"><\/div><div class=\"sliderify-owl-item-inner\"><img src=\"\"><\/div><div class=\"sliderify-owl-item-inner\"><img src=\"\"><\/div><div class=\"sliderify-owl-item-inner\"><img src=\"\"><\/div><div class=\"sliderify-owl-item-inner\"><img src=\"\"><\/div><div class=\"sliderify-owl-item-inner\"><img src=\"\"><\/div><div class=\"sliderify-owl-item-inner\"><img src=\"\"><\/div><div class=\"sliderify-owl-item-inner\"><img src=\"\"><\/div><div class=\"sliderify-owl-item-inner\"><img src=\"\"><\/div><div class=\"sliderify-owl-item-inner\"><img src=\"\"><\/div><div class=\"sliderify-owl-item-inner\"><img src=\"\"><\/div><div class=\"sliderify-owl-item-inner\"><img src=\"\"><\/div><div class=\"sliderify-owl-item-inner\"><img src=\"\"><\/div><\/div><!-- .owl-carousel --><\/div><!-- .slider-gallery --><\/div><!-- .slider-gallery-wrapper --><script>\n\t\t\tjQuery(document).ready(function($){\n\t\t\t\tcarousel1 = $('#sliderify-carousel-1');\ncarousel1.imagesLoaded(function(){carousel1.owlCarousel({items:1,\nstagePadding:0,\nnav:1,\nnavText:['<span><\/span><span><\/span>','<span><\/span><span><\/span>'],\ncenter:1,\nloop:1,\nmargin:0,\nautoWidth:false,\nautoHeight:true,\nstageOuterClass:'sliderify-stage-outer',\nstageClass:'sliderify-stage',\nnavContainerClass:'sliderify-nav',\ncontrolsClass:'sliderify-controls',\ndotsClass:'sliderify-dots',\ndotClass:'sliderify-dot',\nonInitialized:function(event){\n\t\t\t\tconsole.log('init');\n\t\t\t},\n});});\n});\n\t\t\t<\/script>\n<p><em>\u00a0<\/em><\/p>\n","protected":false},"excerpt":{"rendered":"<p>La Muestra #69 en el Centro Cultural Municipal \u201cSan Jos\u00e9\u201d ha despertado gran curiosidad, por&#8230;<\/p>\n","protected":false},"author":1,"featured_media":0,"comment_status":"open","ping_status":"open","sticky":false,"template":"","format":"standard","meta":{"content-type":""},"categories":[28],"tags":[],"nelio_content":{"isAutoShareEnabled":false,"autoShareEndMode":"default","automationSources":{"useContentSentences":true,"useSocialTemplates":true,"useCustomSentences":false,"customSentences":[]},"followers":[1],"suggestedReferences":[],"includedReferences":[],"efiUrl":"","efiAlt":"","highlights":[]},"yoast_head":"<!-- This site is optimized with the Yoast SEO plugin v20.7 - https:\/\/yoast.com\/wordpress\/plugins\/seo\/ -->\n<title>Dos nuevas muestras en el Centro Cultural San Jos\u00e9 -<\/title>\n<meta name=\"robots\" content=\"index, follow, max-snippet:-1, max-image-preview:large, max-video-preview:-1\" \/>\n<link rel=\"canonical\" href=\"https:\/\/experienciadevida.com.ar\/portalurbano\/dos-nuevas-muestras-en-el-centro-cultural-san-jose\/\" \/>\n<meta property=\"og:locale\" content=\"es_ES\" \/>\n<meta property=\"og:type\" content=\"article\" \/>\n<meta property=\"og:title\" content=\"Dos nuevas muestras en el Centro Cultural San Jos\u00e9 -\" \/>\n<meta property=\"og:description\" content=\"La Muestra #69 en el Centro Cultural Municipal \u201cSan Jos\u00e9\u201d ha despertado gran curiosidad, por...\" \/>\n<meta property=\"og:url\" content=\"https:\/\/experienciadevida.com.ar\/portalurbano\/dos-nuevas-muestras-en-el-centro-cultural-san-jose\/\" \/>\n<meta property=\"article:publisher\" content=\"https:\/\/www.facebook.com\/Portal-Urbano-171542830093757\/\" \/>\n<meta property=\"article:published_time\" content=\"2019-04-14T00:12:01+00:00\" \/>\n<meta property=\"article:modified_time\" content=\"2019-04-14T00:17:55+00:00\" \/>\n<meta property=\"og:image\" content=\"https:\/\/experienciadevida.com.ar\/portalurbano\/wp-content\/uploads\/2019\/04\/MUSEO4.jpg\" \/>\n\t<meta property=\"og:image:width\" content=\"800\" \/>\n\t<meta property=\"og:image:height\" content=\"535\" \/>\n\t<meta property=\"og:image:type\" content=\"image\/jpeg\" \/>\n<meta name=\"author\" content=\"admpu17wp\" \/>\n<meta name=\"twitter:card\" content=\"summary_large_image\" \/>\n<meta name=\"twitter:creator\" content=\"@portalurbanook\" \/>\n<meta name=\"twitter:site\" content=\"@portalurbanook\" \/>\n<meta name=\"twitter:label1\" content=\"Escrito por\" \/>\n\t<meta name=\"twitter:data1\" content=\"admpu17wp\" \/>\n\t<meta name=\"twitter:label2\" content=\"Tiempo de lectura\" \/>\n\t<meta name=\"twitter:data2\" content=\"2 minutos\" \/>\n<script type=\"application\/ld+json\" class=\"yoast-schema-graph\">{\"@context\":\"https:\/\/schema.org\",\"@graph\":[{\"@type\":\"Article\",\"@id\":\"https:\/\/experienciadevida.com.ar\/portalurbano\/dos-nuevas-muestras-en-el-centro-cultural-san-jose\/#article\",\"isPartOf\":{\"@id\":\"https:\/\/experienciadevida.com.ar\/portalurbano\/dos-nuevas-muestras-en-el-centro-cultural-san-jose\/\"},\"author\":{\"name\":\"admpu17wp\",\"@id\":\"https:\/\/experienciadevida.com.ar\/portalurbano\/#\/schema\/person\/02dd326b1c4b056e9cc972486934a3a7\"},\"headline\":\"Dos nuevas muestras en el Centro Cultural San Jos\u00e9\",\"datePublished\":\"2019-04-14T00:12:01+00:00\",\"dateModified\":\"2019-04-14T00:17:55+00:00\",\"mainEntityOfPage\":{\"@id\":\"https:\/\/experienciadevida.com.ar\/portalurbano\/dos-nuevas-muestras-en-el-centro-cultural-san-jose\/\"},\"wordCount\":353,\"commentCount\":0,\"publisher\":{\"@id\":\"https:\/\/experienciadevida.com.ar\/portalurbano\/#organization\"},\"articleSection\":[\"Cultura\"],\"inLanguage\":\"es\",\"potentialAction\":[{\"@type\":\"CommentAction\",\"name\":\"Comment\",\"target\":[\"https:\/\/experienciadevida.com.ar\/portalurbano\/dos-nuevas-muestras-en-el-centro-cultural-san-jose\/#respond\"]}]},{\"@type\":\"WebPage\",\"@id\":\"https:\/\/experienciadevida.com.ar\/portalurbano\/dos-nuevas-muestras-en-el-centro-cultural-san-jose\/\",\"url\":\"https:\/\/experienciadevida.com.ar\/portalurbano\/dos-nuevas-muestras-en-el-centro-cultural-san-jose\/\",\"name\":\"Dos nuevas muestras en el Centro Cultural San Jos\u00e9 -\",\"isPartOf\":{\"@id\":\"https:\/\/experienciadevida.com.ar\/portalurbano\/#website\"},\"datePublished\":\"2019-04-14T00:12:01+00:00\",\"dateModified\":\"2019-04-14T00:17:55+00:00\",\"breadcrumb\":{\"@id\":\"https:\/\/experienciadevida.com.ar\/portalurbano\/dos-nuevas-muestras-en-el-centro-cultural-san-jose\/#breadcrumb\"},\"inLanguage\":\"es\",\"potentialAction\":[{\"@type\":\"ReadAction\",\"target\":[\"https:\/\/experienciadevida.com.ar\/portalurbano\/dos-nuevas-muestras-en-el-centro-cultural-san-jose\/\"]}]},{\"@type\":\"BreadcrumbList\",\"@id\":\"https:\/\/experienciadevida.com.ar\/portalurbano\/dos-nuevas-muestras-en-el-centro-cultural-san-jose\/#breadcrumb\",\"itemListElement\":[{\"@type\":\"ListItem\",\"position\":1,\"name\":\"Portada\",\"item\":\"https:\/\/experienciadevida.com.ar\/portalurbano\/\"},{\"@type\":\"ListItem\",\"position\":2,\"name\":\"Dos nuevas muestras en el Centro Cultural San Jos\u00e9\"}]},{\"@type\":\"WebSite\",\"@id\":\"https:\/\/experienciadevida.com.ar\/portalurbano\/#website\",\"url\":\"https:\/\/experienciadevida.com.ar\/portalurbano\/\",\"name\":\"\",\"description\":\"\",\"publisher\":{\"@id\":\"https:\/\/experienciadevida.com.ar\/portalurbano\/#organization\"},\"potentialAction\":[{\"@type\":\"SearchAction\",\"target\":{\"@type\":\"EntryPoint\",\"urlTemplate\":\"https:\/\/experienciadevida.com.ar\/portalurbano\/?s={search_term_string}\"},\"query-input\":\"required name=search_term_string\"}],\"inLanguage\":\"es\"},{\"@type\":\"Organization\",\"@id\":\"https:\/\/experienciadevida.com.ar\/portalurbano\/#organization\",\"name\":\"Portal Urbano\",\"url\":\"https:\/\/experienciadevida.com.ar\/portalurbano\/\",\"logo\":{\"@type\":\"ImageObject\",\"inLanguage\":\"es\",\"@id\":\"https:\/\/experienciadevida.com.ar\/portalurbano\/#\/schema\/logo\/image\/\",\"url\":\"https:\/\/experienciadevida.com.ar\/portalurbano\/wp-content\/uploads\/2019\/09\/Logo-Original.png\",\"contentUrl\":\"https:\/\/experienciadevida.com.ar\/portalurbano\/wp-content\/uploads\/2019\/09\/Logo-Original.png\",\"width\":2236,\"height\":1216,\"caption\":\"Portal Urbano\"},\"image\":{\"@id\":\"https:\/\/experienciadevida.com.ar\/portalurbano\/#\/schema\/logo\/image\/\"},\"sameAs\":[\"https:\/\/www.facebook.com\/Portal-Urbano-171542830093757\/\",\"https:\/\/twitter.com\/portalurbanook\",\"https:\/\/www.instagram.com\/_portalurbano\/\",\"https:\/\/www.youtube.com\/channel\/UCXhagIfszH8KxFiOok79zbA?view_as=subscriber\"]},{\"@type\":\"Person\",\"@id\":\"https:\/\/experienciadevida.com.ar\/portalurbano\/#\/schema\/person\/02dd326b1c4b056e9cc972486934a3a7\",\"name\":\"admpu17wp\",\"image\":{\"@type\":\"ImageObject\",\"inLanguage\":\"es\",\"@id\":\"https:\/\/experienciadevida.com.ar\/portalurbano\/#\/schema\/person\/image\/\",\"url\":\"https:\/\/secure.gravatar.com\/avatar\/830d4c57adaae6630765e449a6908047?s=96&d=mm&r=g\",\"contentUrl\":\"https:\/\/secure.gravatar.com\/avatar\/830d4c57adaae6630765e449a6908047?s=96&d=mm&r=g\",\"caption\":\"admpu17wp\"}}]}<\/script>\n<!-- \/ Yoast SEO plugin. -->","yoast_head_json":{"title":"Dos nuevas muestras en el Centro Cultural San Jos\u00e9 -","robots":{"index":"index","follow":"follow","max-snippet":"max-snippet:-1","max-image-preview":"max-image-preview:large","max-video-preview":"max-video-preview:-1"},"canonical":"https:\/\/experienciadevida.com.ar\/portalurbano\/dos-nuevas-muestras-en-el-centro-cultural-san-jose\/","og_locale":"es_ES","og_type":"article","og_title":"Dos nuevas muestras en el Centro Cultural San Jos\u00e9 -","og_description":"La Muestra #69 en el Centro Cultural Municipal \u201cSan Jos\u00e9\u201d ha despertado gran curiosidad, por...","og_url":"https:\/\/experienciadevida.com.ar\/portalurbano\/dos-nuevas-muestras-en-el-centro-cultural-san-jose\/","article_publisher":"https:\/\/www.facebook.com\/Portal-Urbano-171542830093757\/","article_published_time":"2019-04-14T00:12:01+00:00","article_modified_time":"2019-04-14T00:17:55+00:00","og_image":[{"width":800,"height":535,"url":"https:\/\/experienciadevida.com.ar\/portalurbano\/wp-content\/uploads\/2019\/04\/MUSEO4.jpg","type":"image\/jpeg"}],"author":"admpu17wp","twitter_card":"summary_large_image","twitter_creator":"@portalurbanook","twitter_site":"@portalurbanook","twitter_misc":{"Escrito por":"admpu17wp","Tiempo de lectura":"2 minutos"},"schema":{"@context":"https:\/\/schema.org","@graph":[{"@type":"Article","@id":"https:\/\/experienciadevida.com.ar\/portalurbano\/dos-nuevas-muestras-en-el-centro-cultural-san-jose\/#article","isPartOf":{"@id":"https:\/\/experienciadevida.com.ar\/portalurbano\/dos-nuevas-muestras-en-el-centro-cultural-san-jose\/"},"author":{"name":"admpu17wp","@id":"https:\/\/experienciadevida.com.ar\/portalurbano\/#\/schema\/person\/02dd326b1c4b056e9cc972486934a3a7"},"headline":"Dos nuevas muestras en el Centro Cultural San Jos\u00e9","datePublished":"2019-04-14T00:12:01+00:00","dateModified":"2019-04-14T00:17:55+00:00","mainEntityOfPage":{"@id":"https:\/\/experienciadevida.com.ar\/portalurbano\/dos-nuevas-muestras-en-el-centro-cultural-san-jose\/"},"wordCount":353,"commentCount":0,"publisher":{"@id":"https:\/\/experienciadevida.com.ar\/portalurbano\/#organization"},"articleSection":["Cultura"],"inLanguage":"es","potentialAction":[{"@type":"CommentAction","name":"Comment","target":["https:\/\/experienciadevida.com.ar\/portalurbano\/dos-nuevas-muestras-en-el-centro-cultural-san-jose\/#respond"]}]},{"@type":"WebPage","@id":"https:\/\/experienciadevida.com.ar\/portalurbano\/dos-nuevas-muestras-en-el-centro-cultural-san-jose\/","url":"https:\/\/experienciadevida.com.ar\/portalurbano\/dos-nuevas-muestras-en-el-centro-cultural-san-jose\/","name":"Dos nuevas muestras en el Centro Cultural San Jos\u00e9 -","isPartOf":{"@id":"https:\/\/experienciadevida.com.ar\/portalurbano\/#website"},"datePublished":"2019-04-14T00:12:01+00:00","dateModified":"2019-04-14T00:17:55+00:00","breadcrumb":{"@id":"https:\/\/experienciadevida.com.ar\/portalurbano\/dos-nuevas-muestras-en-el-centro-cultural-san-jose\/#breadcrumb"},"inLanguage":"es","potentialAction":[{"@type":"ReadAction","target":["https:\/\/experienciadevida.com.ar\/portalurbano\/dos-nuevas-muestras-en-el-centro-cultural-san-jose\/"]}]},{"@type":"BreadcrumbList","@id":"https:\/\/experienciadevida.com.ar\/portalurbano\/dos-nuevas-muestras-en-el-centro-cultural-san-jose\/#breadcrumb","itemListElement":[{"@type":"ListItem","position":1,"name":"Portada","item":"https:\/\/experienciadevida.com.ar\/portalurbano\/"},{"@type":"ListItem","position":2,"name":"Dos nuevas muestras en el Centro Cultural San Jos\u00e9"}]},{"@type":"WebSite","@id":"https:\/\/experienciadevida.com.ar\/portalurbano\/#website","url":"https:\/\/experienciadevida.com.ar\/portalurbano\/","name":"","description":"","publisher":{"@id":"https:\/\/experienciadevida.com.ar\/portalurbano\/#organization"},"potentialAction":[{"@type":"SearchAction","target":{"@type":"EntryPoint","urlTemplate":"https:\/\/experienciadevida.com.ar\/portalurbano\/?s={search_term_string}"},"query-input":"required name=search_term_string"}],"inLanguage":"es"},{"@type":"Organization","@id":"https:\/\/experienciadevida.com.ar\/portalurbano\/#organization","name":"Portal Urbano","url":"https:\/\/experienciadevida.com.ar\/portalurbano\/","logo":{"@type":"ImageObject","inLanguage":"es","@id":"https:\/\/experienciadevida.com.ar\/portalurbano\/#\/schema\/logo\/image\/","url":"https:\/\/experienciadevida.com.ar\/portalurbano\/wp-content\/uploads\/2019\/09\/Logo-Original.png","contentUrl":"https:\/\/experienciadevida.com.ar\/portalurbano\/wp-content\/uploads\/2019\/09\/Logo-Original.png","width":2236,"height":1216,"caption":"Portal Urbano"},"image":{"@id":"https:\/\/experienciadevida.com.ar\/portalurbano\/#\/schema\/logo\/image\/"},"sameAs":["https:\/\/www.facebook.com\/Portal-Urbano-171542830093757\/","https:\/\/twitter.com\/portalurbanook","https:\/\/www.instagram.com\/_portalurbano\/","https:\/\/www.youtube.com\/channel\/UCXhagIfszH8KxFiOok79zbA?view_as=subscriber"]},{"@type":"Person","@id":"https:\/\/experienciadevida.com.ar\/portalurbano\/#\/schema\/person\/02dd326b1c4b056e9cc972486934a3a7","name":"admpu17wp","image":{"@type":"ImageObject","inLanguage":"es","@id":"https:\/\/experienciadevida.com.ar\/portalurbano\/#\/schema\/person\/image\/","url":"https:\/\/secure.gravatar.com\/avatar\/830d4c57adaae6630765e449a6908047?s=96&d=mm&r=g","contentUrl":"https:\/\/secure.gravatar.com\/avatar\/830d4c57adaae6630765e449a6908047?s=96&d=mm&r=g","caption":"admpu17wp"}}]}},"featured_image_urls":{"full":"","thumbnail":"","medium":"","medium_large":"","large":"","ug_big":"","1536x1536":"","2048x2048":"","newsever-slider-full":"","newsever-featured":"","newsever-medium":"","web-stories-poster-portrait":"","web-stories-publisher-logo":"","web-stories-thumbnail":""},"author_info":{"display_name":"admpu17wp","author_link":"https:\/\/experienciadevida.com.ar\/portalurbano\/author\/admpu17wp\/"},"category_info":"<a href=\"https:\/\/experienciadevida.com.ar\/portalurbano\/category\/ciudad\/cultura\/\" rel=\"category tag\">Cultura<\/a>","tag_info":"Cultura","comment_count":"0","amp_enabled":true,"_links":{"self":[{"href":"https:\/\/experienciadevida.com.ar\/portalurbano\/wp-json\/wp\/v2\/posts\/64335"}],"collection":[{"href":"https:\/\/experienciadevida.com.ar\/portalurbano\/wp-json\/wp\/v2\/posts"}],"about":[{"href":"https:\/\/experienciadevida.com.ar\/portalurbano\/wp-json\/wp\/v2\/types\/post"}],"author":[{"embeddable":true,"href":"https:\/\/experienciadevida.com.ar\/portalurbano\/wp-json\/wp\/v2\/users\/1"}],"replies":[{"embeddable":true,"href":"https:\/\/experienciadevida.com.ar\/portalurbano\/wp-json\/wp\/v2\/comments?post=64335"}],"version-history":[{"count":3,"href":"https:\/\/experienciadevida.com.ar\/portalurbano\/wp-json\/wp\/v2\/posts\/64335\/revisions"}],"predecessor-version":[{"id":64340,"href":"https:\/\/experienciadevida.com.ar\/portalurbano\/wp-json\/wp\/v2\/posts\/64335\/revisions\/64340"}],"wp:attachment":[{"href":"https:\/\/experienciadevida.com.ar\/portalurbano\/wp-json\/wp\/v2\/media?parent=64335"}],"wp:term":[{"taxonomy":"category","embeddable":true,"href":"https:\/\/experienciadevida.com.ar\/portalurbano\/wp-json\/wp\/v2\/categories?post=64335"},{"taxonomy":"post_tag","embeddable":true,"href":"https:\/\/experienciadevida.com.ar\/portalurbano\/wp-json\/wp\/v2\/tags?post=64335"}],"curies":[{"name":"wp","href":"https:\/\/api.w.org\/{rel}","templated":true}]}}