{"id":64204,"date":"2019-04-13T11:45:12","date_gmt":"2019-04-13T14:45:12","guid":{"rendered":"https:\/\/experienciadevida.com.ar\/portalurbano\/?p=64204"},"modified":"2019-04-13T11:45:12","modified_gmt":"2019-04-13T14:45:12","slug":"sergio-denis-es-trasladado-de-tucuman-a-buenos-aires","status":"publish","type":"post","link":"https:\/\/experienciadevida.com.ar\/portalurbano\/sergio-denis-es-trasladado-de-tucuman-a-buenos-aires\/","title":{"rendered":"Sergio Denis es trasladado de Tucum\u00e1n a Buenos Aires"},"content":{"rendered":"<p><strong>Sergio Denis<\/strong>\u00a0fue trasladado pasadas las 11\u00a0de este s\u00e1bado desde Tucum\u00e1n a Buenos Aires, donde continuar\u00e1 con su recuperaci\u00f3n tras la ca\u00edda que sufri\u00f3 en un show hace un mes en el Teatro Mercedes Sosa.<\/p>\n<p>El cantante dej\u00f3 el hospital Angel C. Padilla y fue trasladado en un avi\u00f3n sanitario contratado por su empresa de medicina prepaga. La Fundaci\u00f3n\u00a0Fleni ser\u00eda el lugar\u00a0elegido por la familia de Denis para seguir con\u00a0su rehabilitaci\u00f3n.<\/p>\n<p>En comunicaci\u00f3n con C5N, Olga Fern\u00e1ndez, directora del hospital \u00c1ngel Padilla, inform\u00f3:\u00a0\u201c<strong>Sali\u00f3 con par\u00e1metros estables,\u00a0totalmente controlado<\/strong>. Contin\u00faa con asistencia respiratoria mec\u00e1nica. Ya est\u00e1bamos desvincul\u00e1ndolo del respirador durante per\u00edodos prolongados\u201d.<\/p>\n<p>Y agreg\u00f3: \u201cFue evaluado por los m\u00e9dicos de la aeronave y\u00a0<strong>estaba en condiciones \u00f3ptimas para su traslado<\/strong>\u201d.<\/p>\n<p>Este viernes,\u00a0en Radio Mitre, la profesional hab\u00eda explicado los motivos del operativo: &#8220;\u00c9l es de Buenos Aires, su familia vive all\u00e1. Hay un desarraigo de la familia que est\u00e1 acompa\u00f1\u00e1ndolo permanentemente. Es dif\u00edcil para los familiares estar en otra provincia tanto tiempo\u201d.<\/p>\n<p>Adem\u00e1s, aclar\u00f3 que &#8220;en poco tiempo&#8221; el cantante deber\u00e1 comenzar con su rehabilitaci\u00f3n.<\/p>\n<p>El compositor y vocalista, de 70 a\u00f1os,\u00a0<strong>fue internado de urgencia en estado de inconsciencia<\/strong>\u00a0el lunes 11 de marzo, luego de caer en la fosa orquestal del teatro Mercedes Sosa durante un recital organizado por la Asociaci\u00f3n de Trabajadores de la Sanidad en Argentina (ATSA) por el D\u00eda de la Mujer.<\/p>\n<p>Denis interpretaba &#8220;Te llamo para despedirme&#8221;, su primer gran \u00e9xito de fines de los a\u00f1os 60, cuando de frente al p\u00fablico apoy\u00f3 el pie en el borde del escenario y cay\u00f3 tres metros hacia el fondo de la fosa.<\/p>\n","protected":false},"excerpt":{"rendered":"<p>Sergio Denis\u00a0fue trasladado pasadas las 11\u00a0de este s\u00e1bado desde Tucum\u00e1n a Buenos Aires, donde continuar\u00e1&#8230;<\/p>\n","protected":false},"author":1,"featured_media":0,"comment_status":"open","ping_status":"open","sticky":false,"template":"","format":"standard","meta":{"content-type":""},"categories":[39],"tags":[],"nelio_content":{"isAutoShareEnabled":false,"autoShareEndMode":"default","automationSources":{"useContentSentences":true,"useSocialTemplates":true,"useCustomSentences":false,"customSentences":[]},"followers":[1],"suggestedReferences":[],"includedReferences":[],"efiUrl":"","efiAlt":"","highlights":[]},"yoast_head":"<!-- This site is optimized with the Yoast SEO plugin v20.7 - https:\/\/yoast.com\/wordpress\/plugins\/seo\/ -->\n<title>Sergio Denis es trasladado de Tucum\u00e1n a Buenos Aires -<\/title>\n<meta name=\"robots\" content=\"index, follow, max-snippet:-1, max-image-preview:large, max-video-preview:-1\" \/>\n<link rel=\"canonical\" href=\"https:\/\/experienciadevida.com.ar\/portalurbano\/sergio-denis-es-trasladado-de-tucuman-a-buenos-aires\/\" \/>\n<meta property=\"og:locale\" content=\"es_ES\" \/>\n<meta property=\"og:type\" content=\"article\" \/>\n<meta property=\"og:title\" content=\"Sergio Denis es trasladado de Tucum\u00e1n a Buenos Aires -\" \/>\n<meta property=\"og:description\" content=\"Sergio Denis\u00a0fue trasladado pasadas las 11\u00a0de este s\u00e1bado desde Tucum\u00e1n a Buenos Aires, donde continuar\u00e1...\" \/>\n<meta property=\"og:url\" content=\"https:\/\/experienciadevida.com.ar\/portalurbano\/sergio-denis-es-trasladado-de-tucuman-a-buenos-aires\/\" \/>\n<meta property=\"article:publisher\" content=\"https:\/\/www.facebook.com\/Portal-Urbano-171542830093757\/\" \/>\n<meta property=\"article:published_time\" content=\"2019-04-13T14:45:12+00:00\" \/>\n<meta property=\"og:image\" content=\"https:\/\/experienciadevida.com.ar\/portalurbano\/wp-content\/uploads\/2019\/04\/0005758619-1-e1555166662424.jpg\" \/>\n\t<meta property=\"og:image:width\" content=\"750\" \/>\n\t<meta property=\"og:image:height\" content=\"491\" \/>\n\t<meta property=\"og:image:type\" content=\"image\/jpeg\" \/>\n<meta name=\"author\" content=\"admpu17wp\" \/>\n<meta name=\"twitter:card\" content=\"summary_large_image\" \/>\n<meta name=\"twitter:creator\" content=\"@portalurbanook\" \/>\n<meta name=\"twitter:site\" content=\"@portalurbanook\" \/>\n<meta name=\"twitter:label1\" content=\"Escrito por\" \/>\n\t<meta name=\"twitter:data1\" content=\"admpu17wp\" \/>\n\t<meta name=\"twitter:label2\" content=\"Tiempo de lectura\" \/>\n\t<meta name=\"twitter:data2\" content=\"1 minuto\" \/>\n<script type=\"application\/ld+json\" class=\"yoast-schema-graph\">{\"@context\":\"https:\/\/schema.org\",\"@graph\":[{\"@type\":\"Article\",\"@id\":\"https:\/\/experienciadevida.com.ar\/portalurbano\/sergio-denis-es-trasladado-de-tucuman-a-buenos-aires\/#article\",\"isPartOf\":{\"@id\":\"https:\/\/experienciadevida.com.ar\/portalurbano\/sergio-denis-es-trasladado-de-tucuman-a-buenos-aires\/\"},\"author\":{\"name\":\"admpu17wp\",\"@id\":\"https:\/\/experienciadevida.com.ar\/portalurbano\/#\/schema\/person\/02dd326b1c4b056e9cc972486934a3a7\"},\"headline\":\"Sergio Denis es trasladado de Tucum\u00e1n a Buenos Aires\",\"datePublished\":\"2019-04-13T14:45:12+00:00\",\"dateModified\":\"2019-04-13T14:45:12+00:00\",\"mainEntityOfPage\":{\"@id\":\"https:\/\/experienciadevida.com.ar\/portalurbano\/sergio-denis-es-trasladado-de-tucuman-a-buenos-aires\/\"},\"wordCount\":305,\"commentCount\":0,\"publisher\":{\"@id\":\"https:\/\/experienciadevida.com.ar\/portalurbano\/#organization\"},\"articleSection\":[\"Naci\u00f3n\"],\"inLanguage\":\"es\",\"potentialAction\":[{\"@type\":\"CommentAction\",\"name\":\"Comment\",\"target\":[\"https:\/\/experienciadevida.com.ar\/portalurbano\/sergio-denis-es-trasladado-de-tucuman-a-buenos-aires\/#respond\"]}]},{\"@type\":\"WebPage\",\"@id\":\"https:\/\/experienciadevida.com.ar\/portalurbano\/sergio-denis-es-trasladado-de-tucuman-a-buenos-aires\/\",\"url\":\"https:\/\/experienciadevida.com.ar\/portalurbano\/sergio-denis-es-trasladado-de-tucuman-a-buenos-aires\/\",\"name\":\"Sergio Denis es trasladado de Tucum\u00e1n a Buenos Aires -\",\"isPartOf\":{\"@id\":\"https:\/\/experienciadevida.com.ar\/portalurbano\/#website\"},\"datePublished\":\"2019-04-13T14:45:12+00:00\",\"dateModified\":\"2019-04-13T14:45:12+00:00\",\"breadcrumb\":{\"@id\":\"https:\/\/experienciadevida.com.ar\/portalurbano\/sergio-denis-es-trasladado-de-tucuman-a-buenos-aires\/#breadcrumb\"},\"inLanguage\":\"es\",\"potentialAction\":[{\"@type\":\"ReadAction\",\"target\":[\"https:\/\/experienciadevida.com.ar\/portalurbano\/sergio-denis-es-trasladado-de-tucuman-a-buenos-aires\/\"]}]},{\"@type\":\"BreadcrumbList\",\"@id\":\"https:\/\/experienciadevida.com.ar\/portalurbano\/sergio-denis-es-trasladado-de-tucuman-a-buenos-aires\/#breadcrumb\",\"itemListElement\":[{\"@type\":\"ListItem\",\"position\":1,\"name\":\"Portada\",\"item\":\"https:\/\/experienciadevida.com.ar\/portalurbano\/\"},{\"@type\":\"ListItem\",\"position\":2,\"name\":\"Sergio Denis es trasladado de Tucum\u00e1n a Buenos Aires\"}]},{\"@type\":\"WebSite\",\"@id\":\"https:\/\/experienciadevida.com.ar\/portalurbano\/#website\",\"url\":\"https:\/\/experienciadevida.com.ar\/portalurbano\/\",\"name\":\"\",\"description\":\"\",\"publisher\":{\"@id\":\"https:\/\/experienciadevida.com.ar\/portalurbano\/#organization\"},\"potentialAction\":[{\"@type\":\"SearchAction\",\"target\":{\"@type\":\"EntryPoint\",\"urlTemplate\":\"https:\/\/experienciadevida.com.ar\/portalurbano\/?s={search_term_string}\"},\"query-input\":\"required name=search_term_string\"}],\"inLanguage\":\"es\"},{\"@type\":\"Organization\",\"@id\":\"https:\/\/experienciadevida.com.ar\/portalurbano\/#organization\",\"name\":\"Portal Urbano\",\"url\":\"https:\/\/experienciadevida.com.ar\/portalurbano\/\",\"logo\":{\"@type\":\"ImageObject\",\"inLanguage\":\"es\",\"@id\":\"https:\/\/experienciadevida.com.ar\/portalurbano\/#\/schema\/logo\/image\/\",\"url\":\"https:\/\/experienciadevida.com.ar\/portalurbano\/wp-content\/uploads\/2019\/09\/Logo-Original.png\",\"contentUrl\":\"https:\/\/experienciadevida.com.ar\/portalurbano\/wp-content\/uploads\/2019\/09\/Logo-Original.png\",\"width\":2236,\"height\":1216,\"caption\":\"Portal Urbano\"},\"image\":{\"@id\":\"https:\/\/experienciadevida.com.ar\/portalurbano\/#\/schema\/logo\/image\/\"},\"sameAs\":[\"https:\/\/www.facebook.com\/Portal-Urbano-171542830093757\/\",\"https:\/\/twitter.com\/portalurbanook\",\"https:\/\/www.instagram.com\/_portalurbano\/\",\"https:\/\/www.youtube.com\/channel\/UCXhagIfszH8KxFiOok79zbA?view_as=subscriber\"]},{\"@type\":\"Person\",\"@id\":\"https:\/\/experienciadevida.com.ar\/portalurbano\/#\/schema\/person\/02dd326b1c4b056e9cc972486934a3a7\",\"name\":\"admpu17wp\",\"image\":{\"@type\":\"ImageObject\",\"inLanguage\":\"es\",\"@id\":\"https:\/\/experienciadevida.com.ar\/portalurbano\/#\/schema\/person\/image\/\",\"url\":\"https:\/\/secure.gravatar.com\/avatar\/830d4c57adaae6630765e449a6908047?s=96&d=mm&r=g\",\"contentUrl\":\"https:\/\/secure.gravatar.com\/avatar\/830d4c57adaae6630765e449a6908047?s=96&d=mm&r=g\",\"caption\":\"admpu17wp\"}}]}<\/script>\n<!-- \/ Yoast SEO plugin. -->","yoast_head_json":{"title":"Sergio Denis es trasladado de Tucum\u00e1n a Buenos Aires -","robots":{"index":"index","follow":"follow","max-snippet":"max-snippet:-1","max-image-preview":"max-image-preview:large","max-video-preview":"max-video-preview:-1"},"canonical":"https:\/\/experienciadevida.com.ar\/portalurbano\/sergio-denis-es-trasladado-de-tucuman-a-buenos-aires\/","og_locale":"es_ES","og_type":"article","og_title":"Sergio Denis es trasladado de Tucum\u00e1n a Buenos Aires -","og_description":"Sergio Denis\u00a0fue trasladado pasadas las 11\u00a0de este s\u00e1bado desde Tucum\u00e1n a Buenos Aires, donde continuar\u00e1...","og_url":"https:\/\/experienciadevida.com.ar\/portalurbano\/sergio-denis-es-trasladado-de-tucuman-a-buenos-aires\/","article_publisher":"https:\/\/www.facebook.com\/Portal-Urbano-171542830093757\/","article_published_time":"2019-04-13T14:45:12+00:00","og_image":[{"width":750,"height":491,"url":"https:\/\/experienciadevida.com.ar\/portalurbano\/wp-content\/uploads\/2019\/04\/0005758619-1-e1555166662424.jpg","type":"image\/jpeg"}],"author":"admpu17wp","twitter_card":"summary_large_image","twitter_creator":"@portalurbanook","twitter_site":"@portalurbanook","twitter_misc":{"Escrito por":"admpu17wp","Tiempo de lectura":"1 minuto"},"schema":{"@context":"https:\/\/schema.org","@graph":[{"@type":"Article","@id":"https:\/\/experienciadevida.com.ar\/portalurbano\/sergio-denis-es-trasladado-de-tucuman-a-buenos-aires\/#article","isPartOf":{"@id":"https:\/\/experienciadevida.com.ar\/portalurbano\/sergio-denis-es-trasladado-de-tucuman-a-buenos-aires\/"},"author":{"name":"admpu17wp","@id":"https:\/\/experienciadevida.com.ar\/portalurbano\/#\/schema\/person\/02dd326b1c4b056e9cc972486934a3a7"},"headline":"Sergio Denis es trasladado de Tucum\u00e1n a Buenos Aires","datePublished":"2019-04-13T14:45:12+00:00","dateModified":"2019-04-13T14:45:12+00:00","mainEntityOfPage":{"@id":"https:\/\/experienciadevida.com.ar\/portalurbano\/sergio-denis-es-trasladado-de-tucuman-a-buenos-aires\/"},"wordCount":305,"commentCount":0,"publisher":{"@id":"https:\/\/experienciadevida.com.ar\/portalurbano\/#organization"},"articleSection":["Naci\u00f3n"],"inLanguage":"es","potentialAction":[{"@type":"CommentAction","name":"Comment","target":["https:\/\/experienciadevida.com.ar\/portalurbano\/sergio-denis-es-trasladado-de-tucuman-a-buenos-aires\/#respond"]}]},{"@type":"WebPage","@id":"https:\/\/experienciadevida.com.ar\/portalurbano\/sergio-denis-es-trasladado-de-tucuman-a-buenos-aires\/","url":"https:\/\/experienciadevida.com.ar\/portalurbano\/sergio-denis-es-trasladado-de-tucuman-a-buenos-aires\/","name":"Sergio Denis es trasladado de Tucum\u00e1n a Buenos Aires -","isPartOf":{"@id":"https:\/\/experienciadevida.com.ar\/portalurbano\/#website"},"datePublished":"2019-04-13T14:45:12+00:00","dateModified":"2019-04-13T14:45:12+00:00","breadcrumb":{"@id":"https:\/\/experienciadevida.com.ar\/portalurbano\/sergio-denis-es-trasladado-de-tucuman-a-buenos-aires\/#breadcrumb"},"inLanguage":"es","potentialAction":[{"@type":"ReadAction","target":["https:\/\/experienciadevida.com.ar\/portalurbano\/sergio-denis-es-trasladado-de-tucuman-a-buenos-aires\/"]}]},{"@type":"BreadcrumbList","@id":"https:\/\/experienciadevida.com.ar\/portalurbano\/sergio-denis-es-trasladado-de-tucuman-a-buenos-aires\/#breadcrumb","itemListElement":[{"@type":"ListItem","position":1,"name":"Portada","item":"https:\/\/experienciadevida.com.ar\/portalurbano\/"},{"@type":"ListItem","position":2,"name":"Sergio Denis es trasladado de Tucum\u00e1n a Buenos Aires"}]},{"@type":"WebSite","@id":"https:\/\/experienciadevida.com.ar\/portalurbano\/#website","url":"https:\/\/experienciadevida.com.ar\/portalurbano\/","name":"","description":"","publisher":{"@id":"https:\/\/experienciadevida.com.ar\/portalurbano\/#organization"},"potentialAction":[{"@type":"SearchAction","target":{"@type":"EntryPoint","urlTemplate":"https:\/\/experienciadevida.com.ar\/portalurbano\/?s={search_term_string}"},"query-input":"required name=search_term_string"}],"inLanguage":"es"},{"@type":"Organization","@id":"https:\/\/experienciadevida.com.ar\/portalurbano\/#organization","name":"Portal Urbano","url":"https:\/\/experienciadevida.com.ar\/portalurbano\/","logo":{"@type":"ImageObject","inLanguage":"es","@id":"https:\/\/experienciadevida.com.ar\/portalurbano\/#\/schema\/logo\/image\/","url":"https:\/\/experienciadevida.com.ar\/portalurbano\/wp-content\/uploads\/2019\/09\/Logo-Original.png","contentUrl":"https:\/\/experienciadevida.com.ar\/portalurbano\/wp-content\/uploads\/2019\/09\/Logo-Original.png","width":2236,"height":1216,"caption":"Portal Urbano"},"image":{"@id":"https:\/\/experienciadevida.com.ar\/portalurbano\/#\/schema\/logo\/image\/"},"sameAs":["https:\/\/www.facebook.com\/Portal-Urbano-171542830093757\/","https:\/\/twitter.com\/portalurbanook","https:\/\/www.instagram.com\/_portalurbano\/","https:\/\/www.youtube.com\/channel\/UCXhagIfszH8KxFiOok79zbA?view_as=subscriber"]},{"@type":"Person","@id":"https:\/\/experienciadevida.com.ar\/portalurbano\/#\/schema\/person\/02dd326b1c4b056e9cc972486934a3a7","name":"admpu17wp","image":{"@type":"ImageObject","inLanguage":"es","@id":"https:\/\/experienciadevida.com.ar\/portalurbano\/#\/schema\/person\/image\/","url":"https:\/\/secure.gravatar.com\/avatar\/830d4c57adaae6630765e449a6908047?s=96&d=mm&r=g","contentUrl":"https:\/\/secure.gravatar.com\/avatar\/830d4c57adaae6630765e449a6908047?s=96&d=mm&r=g","caption":"admpu17wp"}}]}},"featured_image_urls":{"full":"","thumbnail":"","medium":"","medium_large":"","large":"","ug_big":"","1536x1536":"","2048x2048":"","newsever-slider-full":"","newsever-featured":"","newsever-medium":"","web-stories-poster-portrait":"","web-stories-publisher-logo":"","web-stories-thumbnail":""},"author_info":{"display_name":"admpu17wp","author_link":"https:\/\/experienciadevida.com.ar\/portalurbano\/author\/admpu17wp\/"},"category_info":"<a href=\"https:\/\/experienciadevida.com.ar\/portalurbano\/category\/nacion\/\" rel=\"category tag\">Naci\u00f3n<\/a>","tag_info":"Naci\u00f3n","comment_count":"0","amp_enabled":true,"_links":{"self":[{"href":"https:\/\/experienciadevida.com.ar\/portalurbano\/wp-json\/wp\/v2\/posts\/64204"}],"collection":[{"href":"https:\/\/experienciadevida.com.ar\/portalurbano\/wp-json\/wp\/v2\/posts"}],"about":[{"href":"https:\/\/experienciadevida.com.ar\/portalurbano\/wp-json\/wp\/v2\/types\/post"}],"author":[{"embeddable":true,"href":"https:\/\/experienciadevida.com.ar\/portalurbano\/wp-json\/wp\/v2\/users\/1"}],"replies":[{"embeddable":true,"href":"https:\/\/experienciadevida.com.ar\/portalurbano\/wp-json\/wp\/v2\/comments?post=64204"}],"version-history":[{"count":2,"href":"https:\/\/experienciadevida.com.ar\/portalurbano\/wp-json\/wp\/v2\/posts\/64204\/revisions"}],"predecessor-version":[{"id":64207,"href":"https:\/\/experienciadevida.com.ar\/portalurbano\/wp-json\/wp\/v2\/posts\/64204\/revisions\/64207"}],"wp:attachment":[{"href":"https:\/\/experienciadevida.com.ar\/portalurbano\/wp-json\/wp\/v2\/media?parent=64204"}],"wp:term":[{"taxonomy":"category","embeddable":true,"href":"https:\/\/experienciadevida.com.ar\/portalurbano\/wp-json\/wp\/v2\/categories?post=64204"},{"taxonomy":"post_tag","embeddable":true,"href":"https:\/\/experienciadevida.com.ar\/portalurbano\/wp-json\/wp\/v2\/tags?post=64204"}],"curies":[{"name":"wp","href":"https:\/\/api.w.org\/{rel}","templated":true}]}}