{"id":63763,"date":"2019-04-09T20:25:34","date_gmt":"2019-04-09T23:25:34","guid":{"rendered":"https:\/\/experienciadevida.com.ar\/portalurbano\/?p=63763"},"modified":"2019-04-09T20:25:34","modified_gmt":"2019-04-09T23:25:34","slug":"abuelas-de-plaza-de-mayo-encontro-a-la-nieta-129-y-ella-podra-conocer-a-su-padre-y-hermanos","status":"publish","type":"post","link":"https:\/\/experienciadevida.com.ar\/portalurbano\/abuelas-de-plaza-de-mayo-encontro-a-la-nieta-129-y-ella-podra-conocer-a-su-padre-y-hermanos\/","title":{"rendered":"Abuelas de Plaza de Mayo encontr\u00f3 a la nieta 129 y ella podr\u00e1 conocer a su padre y hermanos"},"content":{"rendered":"<p><strong>En una conferencia de prensa, Estela de Carlotto detall\u00f3 como se produjo la identificaci\u00f3n de la mujer que, siendo una ni\u00f1a, sobrevivi\u00f3 a la dictadura<\/strong><\/p>\n<p>Pasadas las 17.30 de este martes,\u00a0<strong>Estela de Carlotto,<\/strong>\u00a0presidenta la\u00a0<strong>Asociaci\u00f3n\u00a0Abuelas de Plaza de Mayo\u00a0<\/strong>inici\u00f3 la conferencia de prensa sobre el anunci\u00f3 de otra gran noticia:\u00a0<strong>el hallazgo de la nieta 129, una mujer que hoy tiene cerca de 40 a\u00f1os y vive en Espa\u00f1a<\/strong>. Gracias a la identificaci\u00f3n v\u00eda el an\u00e1lisis de ADN, la mujer\u00a0<strong>podr\u00e1 conocer a\u00a0pap\u00e1 que sobrevivi\u00f3 a la dictadura y a sus hermanos<\/strong>.<\/p>\n<p>&#8220;A los nietos y nietas las numeramos para darnos fuerzas en esta b\u00fasqueda.\u00a0<strong>La nieta 129 podr\u00e1 conocer a su padre<\/strong>, que lo tengo ac\u00e1 a mi derecha,<strong>\u00a0a sus hermanos<\/strong>, uno que est\u00e1 ac\u00e1 a mi izquierda, y a su t\u00edo.\u00a0<strong>Hija de Norma C\u00edntora y Carlos Alberto Solsona<\/strong>&#8220;, dijo Carlotto.<\/p>\n<p>Luego, la presidenta de Abuelas dio detalles sobre como desaparecida Norma C\u00edntora. &#8220;En marzo de 197 se casaron. Militaron en el Partido Revolucionario de los Trabajadores y el Ej\u00e9rcito Revolunario del Pueblo (<strong>PRT-ERP<\/strong>). La pareja empez\u00f3 a pensar en el exilio en 1976 por la feroz represi\u00f3n, pero\u00a0<strong>Norma fue secuestrada el 21 de mayo de 1977 en Moreno con una pareja amiga<\/strong>. Los tres contin\u00faan desaparecidos.\u00a0<strong>Carlos Alberto estaba fuera del pa\u00eds. La idea era rencontrarse en Espa\u00f1a. Nada m\u00e1s se supo del beb\u00e9 nacido en cautiverio&#8221;<\/strong>.<\/p>\n<p>Carlotto tambi\u00e9n explic\u00f3 c\u00f3mo se produjo la identificaci\u00f3n de la nieta recuperada 129. &#8220;En el 2012 a partir de distintas informaciones recibidas, desde Abuelas decidimos aproximarnos al caso. La documentaci\u00f3n recolectada, entre otras cosas, demostraba que\u00a0<strong>la partida de nacimiento ap\u00f3crifa hab\u00eda sido firmada por un m\u00e9dico de la polic\u00eda federal y el parto fue en domicilio<\/strong>&#8220;, dijo la presidenta de la instituci\u00f3n.<\/p>\n<p>Sin embargo, el procedimiento para analizar el material gen\u00e9tico de la mujer sufri\u00f3 algunos cortocircuitos. &#8220;En 2013 el equipo de aproximaci\u00f3n la contact\u00f3 para invitarla a realizarse el examen de ADN.<\/p>\n<p>Ella adelant\u00f3 que en 2014 viajar\u00eda al pa\u00eds para seguir conversando sobre la posibilidad de analizarse y se le transmiti\u00f3 que la prueba gen\u00e9tica se pod\u00eda hacer a trav\u00e9s del consulado. Ante la falta de respuesta, el \u00e1rea de comunicaci\u00f3n que su caso derivar\u00eda a la Unidad Fiscal Especializada en Casos de Apropiaci\u00f3n de Ni\u00f1os durante el Terrorismo de Estado.\u00a0<strong>Ante dos negativas de ella, realic\u00e9 un exhorto pero la justicia de ese pa\u00eds rechaz\u00f3 realizar un allanamiento para verificar el ADN de la joven<\/strong>&#8220;.<\/p>\n<p>Carlotto agreg\u00f3 que &#8220;en junio de 2017, a trav\u00e9s de un allegado que se preocup\u00f3 en que ella conozca su origen, se restableci\u00f3 la comunicaci\u00f3n para que pueda analizarse&#8221;.<\/p>\n<p>Finalmente, la presidenta de Abuelas dijo que &#8220;hace dos semanas, por una notificaci\u00f3n de migraciones se present\u00f3 a la justicia\u00a0<strong>el mi\u00e9rcoles 3 de abril<\/strong>, all\u00ed a trav\u00e9s del Comisi\u00f3n Nacional por el Derecho a la Identidad (Conadi)\u00a0<strong>acept\u00f3 voluntariamente realizarse el an\u00e1lisis en el banco nacional de datos gen\u00e9ticos<\/strong>. Abuelas notific\u00f3 a su pap\u00e1, Carlos y a sus hermanos, Marcos y Mart\u00edn, quien la esperan para abrazarla y reconstruir 40 a\u00f1os de historia&#8221;<\/p>\n<p>Si bien circularon muchas versiones, desde la asociaci\u00f3n pidieron prudencia sobre el hecho.<\/p>\n<p>La \u00faltima vez que hab\u00edan hecho un anuncio de este estilo fue el 3 de agosto pasado cuando se restituy\u00f3 la identidad a Marcos, oriunda de la ciudad de San Miguel.<\/p>\n","protected":false},"excerpt":{"rendered":"<p>En una conferencia de prensa, Estela de Carlotto detall\u00f3 como se produjo la identificaci\u00f3n de&#8230;<\/p>\n","protected":false},"author":1,"featured_media":0,"comment_status":"open","ping_status":"open","sticky":false,"template":"","format":"standard","meta":{"content-type":""},"categories":[39],"tags":[],"nelio_content":{"isAutoShareEnabled":false,"autoShareEndMode":"default","automationSources":{"useContentSentences":true,"useSocialTemplates":true,"useCustomSentences":false,"customSentences":[]},"followers":[1],"suggestedReferences":[],"includedReferences":[],"efiUrl":"","efiAlt":"","highlights":[]},"yoast_head":"<!-- This site is optimized with the Yoast SEO plugin v20.7 - https:\/\/yoast.com\/wordpress\/plugins\/seo\/ -->\n<title>Abuelas de Plaza de Mayo encontr\u00f3 a la nieta 129 y ella podr\u00e1 conocer a su padre y hermanos -<\/title>\n<meta name=\"robots\" content=\"index, follow, max-snippet:-1, max-image-preview:large, max-video-preview:-1\" \/>\n<link rel=\"canonical\" href=\"https:\/\/experienciadevida.com.ar\/portalurbano\/abuelas-de-plaza-de-mayo-encontro-a-la-nieta-129-y-ella-podra-conocer-a-su-padre-y-hermanos\/\" \/>\n<meta property=\"og:locale\" content=\"es_ES\" \/>\n<meta property=\"og:type\" content=\"article\" \/>\n<meta property=\"og:title\" content=\"Abuelas de Plaza de Mayo encontr\u00f3 a la nieta 129 y ella podr\u00e1 conocer a su padre y hermanos -\" \/>\n<meta property=\"og:description\" content=\"En una conferencia de prensa, Estela de Carlotto detall\u00f3 como se produjo la identificaci\u00f3n de...\" \/>\n<meta property=\"og:url\" content=\"https:\/\/experienciadevida.com.ar\/portalurbano\/abuelas-de-plaza-de-mayo-encontro-a-la-nieta-129-y-ella-podra-conocer-a-su-padre-y-hermanos\/\" \/>\n<meta property=\"article:publisher\" content=\"https:\/\/www.facebook.com\/Portal-Urbano-171542830093757\/\" \/>\n<meta property=\"article:published_time\" content=\"2019-04-09T23:25:34+00:00\" \/>\n<meta property=\"og:image\" content=\"https:\/\/experienciadevida.com.ar\/portalurbano\/wp-content\/uploads\/2019\/04\/0005787459.jpg\" \/>\n\t<meta property=\"og:image:width\" content=\"750\" \/>\n\t<meta property=\"og:image:height\" content=\"422\" \/>\n\t<meta property=\"og:image:type\" content=\"image\/jpeg\" \/>\n<meta name=\"author\" content=\"admpu17wp\" \/>\n<meta name=\"twitter:card\" content=\"summary_large_image\" \/>\n<meta name=\"twitter:creator\" content=\"@portalurbanook\" \/>\n<meta name=\"twitter:site\" content=\"@portalurbanook\" \/>\n<meta name=\"twitter:label1\" content=\"Escrito por\" \/>\n\t<meta name=\"twitter:data1\" content=\"admpu17wp\" \/>\n\t<meta name=\"twitter:label2\" content=\"Tiempo de lectura\" \/>\n\t<meta name=\"twitter:data2\" content=\"3 minutos\" \/>\n<script type=\"application\/ld+json\" class=\"yoast-schema-graph\">{\"@context\":\"https:\/\/schema.org\",\"@graph\":[{\"@type\":\"Article\",\"@id\":\"https:\/\/experienciadevida.com.ar\/portalurbano\/abuelas-de-plaza-de-mayo-encontro-a-la-nieta-129-y-ella-podra-conocer-a-su-padre-y-hermanos\/#article\",\"isPartOf\":{\"@id\":\"https:\/\/experienciadevida.com.ar\/portalurbano\/abuelas-de-plaza-de-mayo-encontro-a-la-nieta-129-y-ella-podra-conocer-a-su-padre-y-hermanos\/\"},\"author\":{\"name\":\"admpu17wp\",\"@id\":\"https:\/\/experienciadevida.com.ar\/portalurbano\/#\/schema\/person\/02dd326b1c4b056e9cc972486934a3a7\"},\"headline\":\"Abuelas de Plaza de Mayo encontr\u00f3 a la nieta 129 y ella podr\u00e1 conocer a su padre y hermanos\",\"datePublished\":\"2019-04-09T23:25:34+00:00\",\"dateModified\":\"2019-04-09T23:25:34+00:00\",\"mainEntityOfPage\":{\"@id\":\"https:\/\/experienciadevida.com.ar\/portalurbano\/abuelas-de-plaza-de-mayo-encontro-a-la-nieta-129-y-ella-podra-conocer-a-su-padre-y-hermanos\/\"},\"wordCount\":616,\"commentCount\":0,\"publisher\":{\"@id\":\"https:\/\/experienciadevida.com.ar\/portalurbano\/#organization\"},\"articleSection\":[\"Naci\u00f3n\"],\"inLanguage\":\"es\",\"potentialAction\":[{\"@type\":\"CommentAction\",\"name\":\"Comment\",\"target\":[\"https:\/\/experienciadevida.com.ar\/portalurbano\/abuelas-de-plaza-de-mayo-encontro-a-la-nieta-129-y-ella-podra-conocer-a-su-padre-y-hermanos\/#respond\"]}]},{\"@type\":\"WebPage\",\"@id\":\"https:\/\/experienciadevida.com.ar\/portalurbano\/abuelas-de-plaza-de-mayo-encontro-a-la-nieta-129-y-ella-podra-conocer-a-su-padre-y-hermanos\/\",\"url\":\"https:\/\/experienciadevida.com.ar\/portalurbano\/abuelas-de-plaza-de-mayo-encontro-a-la-nieta-129-y-ella-podra-conocer-a-su-padre-y-hermanos\/\",\"name\":\"Abuelas de Plaza de Mayo encontr\u00f3 a la nieta 129 y ella podr\u00e1 conocer a su padre y hermanos -\",\"isPartOf\":{\"@id\":\"https:\/\/experienciadevida.com.ar\/portalurbano\/#website\"},\"datePublished\":\"2019-04-09T23:25:34+00:00\",\"dateModified\":\"2019-04-09T23:25:34+00:00\",\"breadcrumb\":{\"@id\":\"https:\/\/experienciadevida.com.ar\/portalurbano\/abuelas-de-plaza-de-mayo-encontro-a-la-nieta-129-y-ella-podra-conocer-a-su-padre-y-hermanos\/#breadcrumb\"},\"inLanguage\":\"es\",\"potentialAction\":[{\"@type\":\"ReadAction\",\"target\":[\"https:\/\/experienciadevida.com.ar\/portalurbano\/abuelas-de-plaza-de-mayo-encontro-a-la-nieta-129-y-ella-podra-conocer-a-su-padre-y-hermanos\/\"]}]},{\"@type\":\"BreadcrumbList\",\"@id\":\"https:\/\/experienciadevida.com.ar\/portalurbano\/abuelas-de-plaza-de-mayo-encontro-a-la-nieta-129-y-ella-podra-conocer-a-su-padre-y-hermanos\/#breadcrumb\",\"itemListElement\":[{\"@type\":\"ListItem\",\"position\":1,\"name\":\"Portada\",\"item\":\"https:\/\/experienciadevida.com.ar\/portalurbano\/\"},{\"@type\":\"ListItem\",\"position\":2,\"name\":\"Abuelas de Plaza de Mayo encontr\u00f3 a la nieta 129 y ella podr\u00e1 conocer a su padre y hermanos\"}]},{\"@type\":\"WebSite\",\"@id\":\"https:\/\/experienciadevida.com.ar\/portalurbano\/#website\",\"url\":\"https:\/\/experienciadevida.com.ar\/portalurbano\/\",\"name\":\"\",\"description\":\"\",\"publisher\":{\"@id\":\"https:\/\/experienciadevida.com.ar\/portalurbano\/#organization\"},\"potentialAction\":[{\"@type\":\"SearchAction\",\"target\":{\"@type\":\"EntryPoint\",\"urlTemplate\":\"https:\/\/experienciadevida.com.ar\/portalurbano\/?s={search_term_string}\"},\"query-input\":\"required name=search_term_string\"}],\"inLanguage\":\"es\"},{\"@type\":\"Organization\",\"@id\":\"https:\/\/experienciadevida.com.ar\/portalurbano\/#organization\",\"name\":\"Portal Urbano\",\"url\":\"https:\/\/experienciadevida.com.ar\/portalurbano\/\",\"logo\":{\"@type\":\"ImageObject\",\"inLanguage\":\"es\",\"@id\":\"https:\/\/experienciadevida.com.ar\/portalurbano\/#\/schema\/logo\/image\/\",\"url\":\"https:\/\/experienciadevida.com.ar\/portalurbano\/wp-content\/uploads\/2019\/09\/Logo-Original.png\",\"contentUrl\":\"https:\/\/experienciadevida.com.ar\/portalurbano\/wp-content\/uploads\/2019\/09\/Logo-Original.png\",\"width\":2236,\"height\":1216,\"caption\":\"Portal Urbano\"},\"image\":{\"@id\":\"https:\/\/experienciadevida.com.ar\/portalurbano\/#\/schema\/logo\/image\/\"},\"sameAs\":[\"https:\/\/www.facebook.com\/Portal-Urbano-171542830093757\/\",\"https:\/\/twitter.com\/portalurbanook\",\"https:\/\/www.instagram.com\/_portalurbano\/\",\"https:\/\/www.youtube.com\/channel\/UCXhagIfszH8KxFiOok79zbA?view_as=subscriber\"]},{\"@type\":\"Person\",\"@id\":\"https:\/\/experienciadevida.com.ar\/portalurbano\/#\/schema\/person\/02dd326b1c4b056e9cc972486934a3a7\",\"name\":\"admpu17wp\",\"image\":{\"@type\":\"ImageObject\",\"inLanguage\":\"es\",\"@id\":\"https:\/\/experienciadevida.com.ar\/portalurbano\/#\/schema\/person\/image\/\",\"url\":\"https:\/\/secure.gravatar.com\/avatar\/830d4c57adaae6630765e449a6908047?s=96&d=mm&r=g\",\"contentUrl\":\"https:\/\/secure.gravatar.com\/avatar\/830d4c57adaae6630765e449a6908047?s=96&d=mm&r=g\",\"caption\":\"admpu17wp\"}}]}<\/script>\n<!-- \/ Yoast SEO plugin. -->","yoast_head_json":{"title":"Abuelas de Plaza de Mayo encontr\u00f3 a la nieta 129 y ella podr\u00e1 conocer a su padre y hermanos -","robots":{"index":"index","follow":"follow","max-snippet":"max-snippet:-1","max-image-preview":"max-image-preview:large","max-video-preview":"max-video-preview:-1"},"canonical":"https:\/\/experienciadevida.com.ar\/portalurbano\/abuelas-de-plaza-de-mayo-encontro-a-la-nieta-129-y-ella-podra-conocer-a-su-padre-y-hermanos\/","og_locale":"es_ES","og_type":"article","og_title":"Abuelas de Plaza de Mayo encontr\u00f3 a la nieta 129 y ella podr\u00e1 conocer a su padre y hermanos -","og_description":"En una conferencia de prensa, Estela de Carlotto detall\u00f3 como se produjo la identificaci\u00f3n de...","og_url":"https:\/\/experienciadevida.com.ar\/portalurbano\/abuelas-de-plaza-de-mayo-encontro-a-la-nieta-129-y-ella-podra-conocer-a-su-padre-y-hermanos\/","article_publisher":"https:\/\/www.facebook.com\/Portal-Urbano-171542830093757\/","article_published_time":"2019-04-09T23:25:34+00:00","og_image":[{"width":750,"height":422,"url":"https:\/\/experienciadevida.com.ar\/portalurbano\/wp-content\/uploads\/2019\/04\/0005787459.jpg","type":"image\/jpeg"}],"author":"admpu17wp","twitter_card":"summary_large_image","twitter_creator":"@portalurbanook","twitter_site":"@portalurbanook","twitter_misc":{"Escrito por":"admpu17wp","Tiempo de lectura":"3 minutos"},"schema":{"@context":"https:\/\/schema.org","@graph":[{"@type":"Article","@id":"https:\/\/experienciadevida.com.ar\/portalurbano\/abuelas-de-plaza-de-mayo-encontro-a-la-nieta-129-y-ella-podra-conocer-a-su-padre-y-hermanos\/#article","isPartOf":{"@id":"https:\/\/experienciadevida.com.ar\/portalurbano\/abuelas-de-plaza-de-mayo-encontro-a-la-nieta-129-y-ella-podra-conocer-a-su-padre-y-hermanos\/"},"author":{"name":"admpu17wp","@id":"https:\/\/experienciadevida.com.ar\/portalurbano\/#\/schema\/person\/02dd326b1c4b056e9cc972486934a3a7"},"headline":"Abuelas de Plaza de Mayo encontr\u00f3 a la nieta 129 y ella podr\u00e1 conocer a su padre y hermanos","datePublished":"2019-04-09T23:25:34+00:00","dateModified":"2019-04-09T23:25:34+00:00","mainEntityOfPage":{"@id":"https:\/\/experienciadevida.com.ar\/portalurbano\/abuelas-de-plaza-de-mayo-encontro-a-la-nieta-129-y-ella-podra-conocer-a-su-padre-y-hermanos\/"},"wordCount":616,"commentCount":0,"publisher":{"@id":"https:\/\/experienciadevida.com.ar\/portalurbano\/#organization"},"articleSection":["Naci\u00f3n"],"inLanguage":"es","potentialAction":[{"@type":"CommentAction","name":"Comment","target":["https:\/\/experienciadevida.com.ar\/portalurbano\/abuelas-de-plaza-de-mayo-encontro-a-la-nieta-129-y-ella-podra-conocer-a-su-padre-y-hermanos\/#respond"]}]},{"@type":"WebPage","@id":"https:\/\/experienciadevida.com.ar\/portalurbano\/abuelas-de-plaza-de-mayo-encontro-a-la-nieta-129-y-ella-podra-conocer-a-su-padre-y-hermanos\/","url":"https:\/\/experienciadevida.com.ar\/portalurbano\/abuelas-de-plaza-de-mayo-encontro-a-la-nieta-129-y-ella-podra-conocer-a-su-padre-y-hermanos\/","name":"Abuelas de Plaza de Mayo encontr\u00f3 a la nieta 129 y ella podr\u00e1 conocer a su padre y hermanos -","isPartOf":{"@id":"https:\/\/experienciadevida.com.ar\/portalurbano\/#website"},"datePublished":"2019-04-09T23:25:34+00:00","dateModified":"2019-04-09T23:25:34+00:00","breadcrumb":{"@id":"https:\/\/experienciadevida.com.ar\/portalurbano\/abuelas-de-plaza-de-mayo-encontro-a-la-nieta-129-y-ella-podra-conocer-a-su-padre-y-hermanos\/#breadcrumb"},"inLanguage":"es","potentialAction":[{"@type":"ReadAction","target":["https:\/\/experienciadevida.com.ar\/portalurbano\/abuelas-de-plaza-de-mayo-encontro-a-la-nieta-129-y-ella-podra-conocer-a-su-padre-y-hermanos\/"]}]},{"@type":"BreadcrumbList","@id":"https:\/\/experienciadevida.com.ar\/portalurbano\/abuelas-de-plaza-de-mayo-encontro-a-la-nieta-129-y-ella-podra-conocer-a-su-padre-y-hermanos\/#breadcrumb","itemListElement":[{"@type":"ListItem","position":1,"name":"Portada","item":"https:\/\/experienciadevida.com.ar\/portalurbano\/"},{"@type":"ListItem","position":2,"name":"Abuelas de Plaza de Mayo encontr\u00f3 a la nieta 129 y ella podr\u00e1 conocer a su padre y hermanos"}]},{"@type":"WebSite","@id":"https:\/\/experienciadevida.com.ar\/portalurbano\/#website","url":"https:\/\/experienciadevida.com.ar\/portalurbano\/","name":"","description":"","publisher":{"@id":"https:\/\/experienciadevida.com.ar\/portalurbano\/#organization"},"potentialAction":[{"@type":"SearchAction","target":{"@type":"EntryPoint","urlTemplate":"https:\/\/experienciadevida.com.ar\/portalurbano\/?s={search_term_string}"},"query-input":"required name=search_term_string"}],"inLanguage":"es"},{"@type":"Organization","@id":"https:\/\/experienciadevida.com.ar\/portalurbano\/#organization","name":"Portal Urbano","url":"https:\/\/experienciadevida.com.ar\/portalurbano\/","logo":{"@type":"ImageObject","inLanguage":"es","@id":"https:\/\/experienciadevida.com.ar\/portalurbano\/#\/schema\/logo\/image\/","url":"https:\/\/experienciadevida.com.ar\/portalurbano\/wp-content\/uploads\/2019\/09\/Logo-Original.png","contentUrl":"https:\/\/experienciadevida.com.ar\/portalurbano\/wp-content\/uploads\/2019\/09\/Logo-Original.png","width":2236,"height":1216,"caption":"Portal Urbano"},"image":{"@id":"https:\/\/experienciadevida.com.ar\/portalurbano\/#\/schema\/logo\/image\/"},"sameAs":["https:\/\/www.facebook.com\/Portal-Urbano-171542830093757\/","https:\/\/twitter.com\/portalurbanook","https:\/\/www.instagram.com\/_portalurbano\/","https:\/\/www.youtube.com\/channel\/UCXhagIfszH8KxFiOok79zbA?view_as=subscriber"]},{"@type":"Person","@id":"https:\/\/experienciadevida.com.ar\/portalurbano\/#\/schema\/person\/02dd326b1c4b056e9cc972486934a3a7","name":"admpu17wp","image":{"@type":"ImageObject","inLanguage":"es","@id":"https:\/\/experienciadevida.com.ar\/portalurbano\/#\/schema\/person\/image\/","url":"https:\/\/secure.gravatar.com\/avatar\/830d4c57adaae6630765e449a6908047?s=96&d=mm&r=g","contentUrl":"https:\/\/secure.gravatar.com\/avatar\/830d4c57adaae6630765e449a6908047?s=96&d=mm&r=g","caption":"admpu17wp"}}]}},"featured_image_urls":{"full":"","thumbnail":"","medium":"","medium_large":"","large":"","ug_big":"","1536x1536":"","2048x2048":"","newsever-slider-full":"","newsever-featured":"","newsever-medium":"","web-stories-poster-portrait":"","web-stories-publisher-logo":"","web-stories-thumbnail":""},"author_info":{"display_name":"admpu17wp","author_link":"https:\/\/experienciadevida.com.ar\/portalurbano\/author\/admpu17wp\/"},"category_info":"<a href=\"https:\/\/experienciadevida.com.ar\/portalurbano\/category\/nacion\/\" rel=\"category tag\">Naci\u00f3n<\/a>","tag_info":"Naci\u00f3n","comment_count":"0","amp_enabled":true,"_links":{"self":[{"href":"https:\/\/experienciadevida.com.ar\/portalurbano\/wp-json\/wp\/v2\/posts\/63763"}],"collection":[{"href":"https:\/\/experienciadevida.com.ar\/portalurbano\/wp-json\/wp\/v2\/posts"}],"about":[{"href":"https:\/\/experienciadevida.com.ar\/portalurbano\/wp-json\/wp\/v2\/types\/post"}],"author":[{"embeddable":true,"href":"https:\/\/experienciadevida.com.ar\/portalurbano\/wp-json\/wp\/v2\/users\/1"}],"replies":[{"embeddable":true,"href":"https:\/\/experienciadevida.com.ar\/portalurbano\/wp-json\/wp\/v2\/comments?post=63763"}],"version-history":[{"count":1,"href":"https:\/\/experienciadevida.com.ar\/portalurbano\/wp-json\/wp\/v2\/posts\/63763\/revisions"}],"predecessor-version":[{"id":63765,"href":"https:\/\/experienciadevida.com.ar\/portalurbano\/wp-json\/wp\/v2\/posts\/63763\/revisions\/63765"}],"wp:attachment":[{"href":"https:\/\/experienciadevida.com.ar\/portalurbano\/wp-json\/wp\/v2\/media?parent=63763"}],"wp:term":[{"taxonomy":"category","embeddable":true,"href":"https:\/\/experienciadevida.com.ar\/portalurbano\/wp-json\/wp\/v2\/categories?post=63763"},{"taxonomy":"post_tag","embeddable":true,"href":"https:\/\/experienciadevida.com.ar\/portalurbano\/wp-json\/wp\/v2\/tags?post=63763"}],"curies":[{"name":"wp","href":"https:\/\/api.w.org\/{rel}","templated":true}]}}