{"id":63477,"date":"2019-04-07T22:09:20","date_gmt":"2019-04-08T01:09:20","guid":{"rendered":"https:\/\/experienciadevida.com.ar\/portalurbano\/?p=63477"},"modified":"2019-04-07T22:09:20","modified_gmt":"2019-04-08T01:09:20","slug":"juan-carr-la-solidaridad-puede-conseguir-un-transplante-pero-no-un-trabajo-en-blanco","status":"publish","type":"post","link":"https:\/\/experienciadevida.com.ar\/portalurbano\/juan-carr-la-solidaridad-puede-conseguir-un-transplante-pero-no-un-trabajo-en-blanco\/","title":{"rendered":"Juan Carr: \u201cLa solidaridad puede conseguir un transplante, pero no un trabajo en blanco\u201d"},"content":{"rendered":"<p>El referente social de Red Solidaria, habl\u00f3 sobre la pobreza en el pa\u00eds, que de continuar el actual modelo econ\u00f3mico, \u201cvan a haber 10 millones en situaci\u00f3n de pobreza, es algo nuevo desde el regreso a la democracia\u201d.<\/p>\n<p>\u201cNosotros esperamos alguna reacci\u00f3n despu\u00e9s de las cifras de pobreza. Creemos que en uno o dos mandatos presidenciales van a haber 10 millones en situaci\u00f3n de pobreza, es algo nuevo desde el regreso a la democracia\u201d, dispar\u00f3 en declaraciones radiales el referente de Red Solidaria, Juan Carr.<\/p>\n<p>En di\u00e1logo con Luisa Valmaggia, en &#8220;Abrir el Juego&#8221;, que se emite por Radio Cooperativa AM 770, Carr opin\u00f3 que\u00a0\u201csi no hay un acuerdo entre los grandes actores de la pol\u00edtica esto no se va a modificar. Tiene que surgir algo, gane quien gane el 11 de diciembre y sobre todo qu\u00e9 hacemos los pr\u00f3ximos 8 a\u00f1os. Esto requiere de algo dif\u00edcil, que es sentarse en una mesa para un acuerdo\u201d.<\/p>\n<p>\u201cQued\u00e9 estupefacto con las cifras de pobreza, el n\u00famero de 32% es tremendo. Ojal\u00e1 sea un \u00edndice pero son personas que conviven con nosotros\u201d, se\u00f1al\u00f3 el referente social, en referencia al \u00edndice enga\u00f1oso difundido por el Indec.<\/p>\n<p><strong>Triqui\u00f1uela del Indec<\/strong><\/p>\n<p>En efecto, de no haber sido por el \u00a0Instituto de Pensamiento y Pol\u00edticas P\u00fablicas (IPyPP), que dirige el economista Claudio Lozano, quien puso en evidencia el deliberado ocultamiento del \u00edndice m\u00e1s actualizado medido por el Indec.<\/p>\n<p>Para poner en evidencia la publicaci\u00f3n enga\u00f1osa del Indec, el IPyPP, se vali\u00f3 de las propias mediciones del Indec, comparando el \u00faltimo trimestre de 2018 con el de 2017, \u00a0que dio un 35,9% de pobreza (4.409.678 pobres m\u00e1s y 1.344.665 hambrientos m\u00e1s), en lugar del 32% publicado la semana pasada (2.928.690 personas a la situaci\u00f3n de pobreza, y 870.047 hambrientos) , n\u00fameros reales pero no actualizados, pero comparando el 2\u00b0 Semestre del 2018 vs. 2\u00b0 Semestre del 2017.<\/p>\n<p><strong>El ajuste lleg\u00f3 a la clase media<\/strong><\/p>\n<p>Ante la problem\u00e1tica, que tambi\u00e9n afecta a la clase media, el titular de Red Solidadria dijo que ten\u00edan \u201cm\u00e1s reuniones que antes, resolviendo situaciones que antes no conoc\u00edamos. La clase media est\u00e1 sufriendo el impacto de la crisis, gente que perdi\u00f3 la prepaga, que no llega a fin de mes\u201d.<\/p>\n<p>En este contexto, Carr analiz\u00f3:\u00a0\u201cLa solidaridad puede conseguir un transplante, un medicamento, \u00fatiles escolares pero no puede generar trabajo digno y en blanco. Puede cambiar la realidad un instante pero la que cambia la realidad es la pol\u00edtica, no la perdamos de vista eso\u201d<\/p>\n","protected":false},"excerpt":{"rendered":"<p>El referente social de Red Solidaria, habl\u00f3 sobre la pobreza en el pa\u00eds, que de&#8230;<\/p>\n","protected":false},"author":1,"featured_media":0,"comment_status":"open","ping_status":"open","sticky":false,"template":"","format":"standard","meta":{"content-type":""},"categories":[39],"tags":[],"nelio_content":{"isAutoShareEnabled":false,"autoShareEndMode":"default","automationSources":{"useContentSentences":true,"useSocialTemplates":true,"useCustomSentences":false,"customSentences":[]},"followers":[1],"suggestedReferences":[],"includedReferences":[],"efiUrl":"","efiAlt":"","highlights":[]},"yoast_head":"<!-- This site is optimized with the Yoast SEO plugin v20.7 - https:\/\/yoast.com\/wordpress\/plugins\/seo\/ -->\n<title>Juan Carr: \u201cLa solidaridad puede conseguir un transplante, pero no un trabajo en blanco\u201d -<\/title>\n<meta name=\"robots\" content=\"index, follow, max-snippet:-1, max-image-preview:large, max-video-preview:-1\" \/>\n<link rel=\"canonical\" href=\"https:\/\/experienciadevida.com.ar\/portalurbano\/juan-carr-la-solidaridad-puede-conseguir-un-transplante-pero-no-un-trabajo-en-blanco\/\" \/>\n<meta property=\"og:locale\" content=\"es_ES\" \/>\n<meta property=\"og:type\" content=\"article\" \/>\n<meta property=\"og:title\" content=\"Juan Carr: \u201cLa solidaridad puede conseguir un transplante, pero no un trabajo en blanco\u201d -\" \/>\n<meta property=\"og:description\" content=\"El referente social de Red Solidaria, habl\u00f3 sobre la pobreza en el pa\u00eds, que de...\" \/>\n<meta property=\"og:url\" content=\"https:\/\/experienciadevida.com.ar\/portalurbano\/juan-carr-la-solidaridad-puede-conseguir-un-transplante-pero-no-un-trabajo-en-blanco\/\" \/>\n<meta property=\"article:publisher\" content=\"https:\/\/www.facebook.com\/Portal-Urbano-171542830093757\/\" \/>\n<meta property=\"article:published_time\" content=\"2019-04-08T01:09:20+00:00\" \/>\n<meta property=\"og:image\" content=\"https:\/\/experienciadevida.com.ar\/portalurbano\/wp-content\/uploads\/2019\/04\/nota_23455324.jpg\" \/>\n\t<meta property=\"og:image:width\" content=\"620\" \/>\n\t<meta property=\"og:image:height\" content=\"370\" \/>\n\t<meta property=\"og:image:type\" content=\"image\/jpeg\" \/>\n<meta name=\"author\" content=\"admpu17wp\" \/>\n<meta name=\"twitter:card\" content=\"summary_large_image\" \/>\n<meta name=\"twitter:creator\" content=\"@portalurbanook\" \/>\n<meta name=\"twitter:site\" content=\"@portalurbanook\" \/>\n<meta name=\"twitter:label1\" content=\"Escrito por\" \/>\n\t<meta name=\"twitter:data1\" content=\"admpu17wp\" \/>\n\t<meta name=\"twitter:label2\" content=\"Tiempo de lectura\" \/>\n\t<meta name=\"twitter:data2\" content=\"2 minutos\" \/>\n<script type=\"application\/ld+json\" class=\"yoast-schema-graph\">{\"@context\":\"https:\/\/schema.org\",\"@graph\":[{\"@type\":\"Article\",\"@id\":\"https:\/\/experienciadevida.com.ar\/portalurbano\/juan-carr-la-solidaridad-puede-conseguir-un-transplante-pero-no-un-trabajo-en-blanco\/#article\",\"isPartOf\":{\"@id\":\"https:\/\/experienciadevida.com.ar\/portalurbano\/juan-carr-la-solidaridad-puede-conseguir-un-transplante-pero-no-un-trabajo-en-blanco\/\"},\"author\":{\"name\":\"admpu17wp\",\"@id\":\"https:\/\/experienciadevida.com.ar\/portalurbano\/#\/schema\/person\/02dd326b1c4b056e9cc972486934a3a7\"},\"headline\":\"Juan Carr: \u201cLa solidaridad puede conseguir un transplante, pero no un trabajo en blanco\u201d\",\"datePublished\":\"2019-04-08T01:09:20+00:00\",\"dateModified\":\"2019-04-08T01:09:20+00:00\",\"mainEntityOfPage\":{\"@id\":\"https:\/\/experienciadevida.com.ar\/portalurbano\/juan-carr-la-solidaridad-puede-conseguir-un-transplante-pero-no-un-trabajo-en-blanco\/\"},\"wordCount\":438,\"commentCount\":0,\"publisher\":{\"@id\":\"https:\/\/experienciadevida.com.ar\/portalurbano\/#organization\"},\"articleSection\":[\"Naci\u00f3n\"],\"inLanguage\":\"es\",\"potentialAction\":[{\"@type\":\"CommentAction\",\"name\":\"Comment\",\"target\":[\"https:\/\/experienciadevida.com.ar\/portalurbano\/juan-carr-la-solidaridad-puede-conseguir-un-transplante-pero-no-un-trabajo-en-blanco\/#respond\"]}]},{\"@type\":\"WebPage\",\"@id\":\"https:\/\/experienciadevida.com.ar\/portalurbano\/juan-carr-la-solidaridad-puede-conseguir-un-transplante-pero-no-un-trabajo-en-blanco\/\",\"url\":\"https:\/\/experienciadevida.com.ar\/portalurbano\/juan-carr-la-solidaridad-puede-conseguir-un-transplante-pero-no-un-trabajo-en-blanco\/\",\"name\":\"Juan Carr: \u201cLa solidaridad puede conseguir un transplante, pero no un trabajo en blanco\u201d -\",\"isPartOf\":{\"@id\":\"https:\/\/experienciadevida.com.ar\/portalurbano\/#website\"},\"datePublished\":\"2019-04-08T01:09:20+00:00\",\"dateModified\":\"2019-04-08T01:09:20+00:00\",\"breadcrumb\":{\"@id\":\"https:\/\/experienciadevida.com.ar\/portalurbano\/juan-carr-la-solidaridad-puede-conseguir-un-transplante-pero-no-un-trabajo-en-blanco\/#breadcrumb\"},\"inLanguage\":\"es\",\"potentialAction\":[{\"@type\":\"ReadAction\",\"target\":[\"https:\/\/experienciadevida.com.ar\/portalurbano\/juan-carr-la-solidaridad-puede-conseguir-un-transplante-pero-no-un-trabajo-en-blanco\/\"]}]},{\"@type\":\"BreadcrumbList\",\"@id\":\"https:\/\/experienciadevida.com.ar\/portalurbano\/juan-carr-la-solidaridad-puede-conseguir-un-transplante-pero-no-un-trabajo-en-blanco\/#breadcrumb\",\"itemListElement\":[{\"@type\":\"ListItem\",\"position\":1,\"name\":\"Portada\",\"item\":\"https:\/\/experienciadevida.com.ar\/portalurbano\/\"},{\"@type\":\"ListItem\",\"position\":2,\"name\":\"Juan Carr: \u201cLa solidaridad puede conseguir un transplante, pero no un trabajo en blanco\u201d\"}]},{\"@type\":\"WebSite\",\"@id\":\"https:\/\/experienciadevida.com.ar\/portalurbano\/#website\",\"url\":\"https:\/\/experienciadevida.com.ar\/portalurbano\/\",\"name\":\"\",\"description\":\"\",\"publisher\":{\"@id\":\"https:\/\/experienciadevida.com.ar\/portalurbano\/#organization\"},\"potentialAction\":[{\"@type\":\"SearchAction\",\"target\":{\"@type\":\"EntryPoint\",\"urlTemplate\":\"https:\/\/experienciadevida.com.ar\/portalurbano\/?s={search_term_string}\"},\"query-input\":\"required name=search_term_string\"}],\"inLanguage\":\"es\"},{\"@type\":\"Organization\",\"@id\":\"https:\/\/experienciadevida.com.ar\/portalurbano\/#organization\",\"name\":\"Portal Urbano\",\"url\":\"https:\/\/experienciadevida.com.ar\/portalurbano\/\",\"logo\":{\"@type\":\"ImageObject\",\"inLanguage\":\"es\",\"@id\":\"https:\/\/experienciadevida.com.ar\/portalurbano\/#\/schema\/logo\/image\/\",\"url\":\"https:\/\/experienciadevida.com.ar\/portalurbano\/wp-content\/uploads\/2019\/09\/Logo-Original.png\",\"contentUrl\":\"https:\/\/experienciadevida.com.ar\/portalurbano\/wp-content\/uploads\/2019\/09\/Logo-Original.png\",\"width\":2236,\"height\":1216,\"caption\":\"Portal Urbano\"},\"image\":{\"@id\":\"https:\/\/experienciadevida.com.ar\/portalurbano\/#\/schema\/logo\/image\/\"},\"sameAs\":[\"https:\/\/www.facebook.com\/Portal-Urbano-171542830093757\/\",\"https:\/\/twitter.com\/portalurbanook\",\"https:\/\/www.instagram.com\/_portalurbano\/\",\"https:\/\/www.youtube.com\/channel\/UCXhagIfszH8KxFiOok79zbA?view_as=subscriber\"]},{\"@type\":\"Person\",\"@id\":\"https:\/\/experienciadevida.com.ar\/portalurbano\/#\/schema\/person\/02dd326b1c4b056e9cc972486934a3a7\",\"name\":\"admpu17wp\",\"image\":{\"@type\":\"ImageObject\",\"inLanguage\":\"es\",\"@id\":\"https:\/\/experienciadevida.com.ar\/portalurbano\/#\/schema\/person\/image\/\",\"url\":\"https:\/\/secure.gravatar.com\/avatar\/830d4c57adaae6630765e449a6908047?s=96&d=mm&r=g\",\"contentUrl\":\"https:\/\/secure.gravatar.com\/avatar\/830d4c57adaae6630765e449a6908047?s=96&d=mm&r=g\",\"caption\":\"admpu17wp\"}}]}<\/script>\n<!-- \/ Yoast SEO plugin. -->","yoast_head_json":{"title":"Juan Carr: \u201cLa solidaridad puede conseguir un transplante, pero no un trabajo en blanco\u201d -","robots":{"index":"index","follow":"follow","max-snippet":"max-snippet:-1","max-image-preview":"max-image-preview:large","max-video-preview":"max-video-preview:-1"},"canonical":"https:\/\/experienciadevida.com.ar\/portalurbano\/juan-carr-la-solidaridad-puede-conseguir-un-transplante-pero-no-un-trabajo-en-blanco\/","og_locale":"es_ES","og_type":"article","og_title":"Juan Carr: \u201cLa solidaridad puede conseguir un transplante, pero no un trabajo en blanco\u201d -","og_description":"El referente social de Red Solidaria, habl\u00f3 sobre la pobreza en el pa\u00eds, que de...","og_url":"https:\/\/experienciadevida.com.ar\/portalurbano\/juan-carr-la-solidaridad-puede-conseguir-un-transplante-pero-no-un-trabajo-en-blanco\/","article_publisher":"https:\/\/www.facebook.com\/Portal-Urbano-171542830093757\/","article_published_time":"2019-04-08T01:09:20+00:00","og_image":[{"width":620,"height":370,"url":"https:\/\/experienciadevida.com.ar\/portalurbano\/wp-content\/uploads\/2019\/04\/nota_23455324.jpg","type":"image\/jpeg"}],"author":"admpu17wp","twitter_card":"summary_large_image","twitter_creator":"@portalurbanook","twitter_site":"@portalurbanook","twitter_misc":{"Escrito por":"admpu17wp","Tiempo de lectura":"2 minutos"},"schema":{"@context":"https:\/\/schema.org","@graph":[{"@type":"Article","@id":"https:\/\/experienciadevida.com.ar\/portalurbano\/juan-carr-la-solidaridad-puede-conseguir-un-transplante-pero-no-un-trabajo-en-blanco\/#article","isPartOf":{"@id":"https:\/\/experienciadevida.com.ar\/portalurbano\/juan-carr-la-solidaridad-puede-conseguir-un-transplante-pero-no-un-trabajo-en-blanco\/"},"author":{"name":"admpu17wp","@id":"https:\/\/experienciadevida.com.ar\/portalurbano\/#\/schema\/person\/02dd326b1c4b056e9cc972486934a3a7"},"headline":"Juan Carr: \u201cLa solidaridad puede conseguir un transplante, pero no un trabajo en blanco\u201d","datePublished":"2019-04-08T01:09:20+00:00","dateModified":"2019-04-08T01:09:20+00:00","mainEntityOfPage":{"@id":"https:\/\/experienciadevida.com.ar\/portalurbano\/juan-carr-la-solidaridad-puede-conseguir-un-transplante-pero-no-un-trabajo-en-blanco\/"},"wordCount":438,"commentCount":0,"publisher":{"@id":"https:\/\/experienciadevida.com.ar\/portalurbano\/#organization"},"articleSection":["Naci\u00f3n"],"inLanguage":"es","potentialAction":[{"@type":"CommentAction","name":"Comment","target":["https:\/\/experienciadevida.com.ar\/portalurbano\/juan-carr-la-solidaridad-puede-conseguir-un-transplante-pero-no-un-trabajo-en-blanco\/#respond"]}]},{"@type":"WebPage","@id":"https:\/\/experienciadevida.com.ar\/portalurbano\/juan-carr-la-solidaridad-puede-conseguir-un-transplante-pero-no-un-trabajo-en-blanco\/","url":"https:\/\/experienciadevida.com.ar\/portalurbano\/juan-carr-la-solidaridad-puede-conseguir-un-transplante-pero-no-un-trabajo-en-blanco\/","name":"Juan Carr: \u201cLa solidaridad puede conseguir un transplante, pero no un trabajo en blanco\u201d -","isPartOf":{"@id":"https:\/\/experienciadevida.com.ar\/portalurbano\/#website"},"datePublished":"2019-04-08T01:09:20+00:00","dateModified":"2019-04-08T01:09:20+00:00","breadcrumb":{"@id":"https:\/\/experienciadevida.com.ar\/portalurbano\/juan-carr-la-solidaridad-puede-conseguir-un-transplante-pero-no-un-trabajo-en-blanco\/#breadcrumb"},"inLanguage":"es","potentialAction":[{"@type":"ReadAction","target":["https:\/\/experienciadevida.com.ar\/portalurbano\/juan-carr-la-solidaridad-puede-conseguir-un-transplante-pero-no-un-trabajo-en-blanco\/"]}]},{"@type":"BreadcrumbList","@id":"https:\/\/experienciadevida.com.ar\/portalurbano\/juan-carr-la-solidaridad-puede-conseguir-un-transplante-pero-no-un-trabajo-en-blanco\/#breadcrumb","itemListElement":[{"@type":"ListItem","position":1,"name":"Portada","item":"https:\/\/experienciadevida.com.ar\/portalurbano\/"},{"@type":"ListItem","position":2,"name":"Juan Carr: \u201cLa solidaridad puede conseguir un transplante, pero no un trabajo en blanco\u201d"}]},{"@type":"WebSite","@id":"https:\/\/experienciadevida.com.ar\/portalurbano\/#website","url":"https:\/\/experienciadevida.com.ar\/portalurbano\/","name":"","description":"","publisher":{"@id":"https:\/\/experienciadevida.com.ar\/portalurbano\/#organization"},"potentialAction":[{"@type":"SearchAction","target":{"@type":"EntryPoint","urlTemplate":"https:\/\/experienciadevida.com.ar\/portalurbano\/?s={search_term_string}"},"query-input":"required name=search_term_string"}],"inLanguage":"es"},{"@type":"Organization","@id":"https:\/\/experienciadevida.com.ar\/portalurbano\/#organization","name":"Portal Urbano","url":"https:\/\/experienciadevida.com.ar\/portalurbano\/","logo":{"@type":"ImageObject","inLanguage":"es","@id":"https:\/\/experienciadevida.com.ar\/portalurbano\/#\/schema\/logo\/image\/","url":"https:\/\/experienciadevida.com.ar\/portalurbano\/wp-content\/uploads\/2019\/09\/Logo-Original.png","contentUrl":"https:\/\/experienciadevida.com.ar\/portalurbano\/wp-content\/uploads\/2019\/09\/Logo-Original.png","width":2236,"height":1216,"caption":"Portal Urbano"},"image":{"@id":"https:\/\/experienciadevida.com.ar\/portalurbano\/#\/schema\/logo\/image\/"},"sameAs":["https:\/\/www.facebook.com\/Portal-Urbano-171542830093757\/","https:\/\/twitter.com\/portalurbanook","https:\/\/www.instagram.com\/_portalurbano\/","https:\/\/www.youtube.com\/channel\/UCXhagIfszH8KxFiOok79zbA?view_as=subscriber"]},{"@type":"Person","@id":"https:\/\/experienciadevida.com.ar\/portalurbano\/#\/schema\/person\/02dd326b1c4b056e9cc972486934a3a7","name":"admpu17wp","image":{"@type":"ImageObject","inLanguage":"es","@id":"https:\/\/experienciadevida.com.ar\/portalurbano\/#\/schema\/person\/image\/","url":"https:\/\/secure.gravatar.com\/avatar\/830d4c57adaae6630765e449a6908047?s=96&d=mm&r=g","contentUrl":"https:\/\/secure.gravatar.com\/avatar\/830d4c57adaae6630765e449a6908047?s=96&d=mm&r=g","caption":"admpu17wp"}}]}},"featured_image_urls":{"full":"","thumbnail":"","medium":"","medium_large":"","large":"","ug_big":"","1536x1536":"","2048x2048":"","newsever-slider-full":"","newsever-featured":"","newsever-medium":"","web-stories-poster-portrait":"","web-stories-publisher-logo":"","web-stories-thumbnail":""},"author_info":{"display_name":"admpu17wp","author_link":"https:\/\/experienciadevida.com.ar\/portalurbano\/author\/admpu17wp\/"},"category_info":"<a href=\"https:\/\/experienciadevida.com.ar\/portalurbano\/category\/nacion\/\" rel=\"category tag\">Naci\u00f3n<\/a>","tag_info":"Naci\u00f3n","comment_count":"0","amp_enabled":true,"_links":{"self":[{"href":"https:\/\/experienciadevida.com.ar\/portalurbano\/wp-json\/wp\/v2\/posts\/63477"}],"collection":[{"href":"https:\/\/experienciadevida.com.ar\/portalurbano\/wp-json\/wp\/v2\/posts"}],"about":[{"href":"https:\/\/experienciadevida.com.ar\/portalurbano\/wp-json\/wp\/v2\/types\/post"}],"author":[{"embeddable":true,"href":"https:\/\/experienciadevida.com.ar\/portalurbano\/wp-json\/wp\/v2\/users\/1"}],"replies":[{"embeddable":true,"href":"https:\/\/experienciadevida.com.ar\/portalurbano\/wp-json\/wp\/v2\/comments?post=63477"}],"version-history":[{"count":1,"href":"https:\/\/experienciadevida.com.ar\/portalurbano\/wp-json\/wp\/v2\/posts\/63477\/revisions"}],"predecessor-version":[{"id":63480,"href":"https:\/\/experienciadevida.com.ar\/portalurbano\/wp-json\/wp\/v2\/posts\/63477\/revisions\/63480"}],"wp:attachment":[{"href":"https:\/\/experienciadevida.com.ar\/portalurbano\/wp-json\/wp\/v2\/media?parent=63477"}],"wp:term":[{"taxonomy":"category","embeddable":true,"href":"https:\/\/experienciadevida.com.ar\/portalurbano\/wp-json\/wp\/v2\/categories?post=63477"},{"taxonomy":"post_tag","embeddable":true,"href":"https:\/\/experienciadevida.com.ar\/portalurbano\/wp-json\/wp\/v2\/tags?post=63477"}],"curies":[{"name":"wp","href":"https:\/\/api.w.org\/{rel}","templated":true}]}}