{"id":63442,"date":"2019-04-07T21:22:01","date_gmt":"2019-04-08T00:22:01","guid":{"rendered":"https:\/\/experienciadevida.com.ar\/portalurbano\/?p=63442"},"modified":"2019-04-07T21:22:01","modified_gmt":"2019-04-08T00:22:01","slug":"el-estado-se-sigue-llevando-mas-del-60-de-la-renta-agricola","status":"publish","type":"post","link":"https:\/\/experienciadevida.com.ar\/portalurbano\/el-estado-se-sigue-llevando-mas-del-60-de-la-renta-agricola\/","title":{"rendered":"El estado se sigue llevando m\u00e1s del 60 % de la renta agr\u00edcola"},"content":{"rendered":"<p>El Estado en sus distintos niveles, gobiernos nacional, provinciales y municipios, se lleva m\u00e1s del 60 por ciento de la renta agr\u00edcola que es el valor de la producci\u00f3n menos costos.<\/p>\n<p>Seg\u00fan el Indice FADA de la Fundaci\u00f3n Agropecuaria para el Desarrollo de Argentina, la medici\u00f3n trimestral de marzo de 2019 marca una participaci\u00f3n de los impuestos sobre la rentaagr\u00edcola del 60,6% para el promedio ponderado de los cultivos de soja, ma\u00edz, trigo y girasol<\/p>\n<p>Es decir, que de cada $100 de renta que genera una hect\u00e1rea agr\u00edcola, $60,60 se lo llevan los distintos niveles de Gobierno. En di\u00e1logo con NA, el economista en jefe de FADA, David Miazzo confirm\u00f3 que resulta &#8220;llamativo&#8221; la &#8220;estabilidad del indicador&#8221; ya que en diciembre la participaci\u00f3n del Estado fue de 60,5<\/p>\n<p>Lo atribuye a que impidieron subir el Indice &#8220;la mejora esperada en los rindes agr\u00edcolas de la campa\u00f1a 2018-2019 tomando las estimaciones m\u00e1s conservadoras que son las de Agroindustria&#8221;<\/p>\n<p>&#8220;El otro favor que influy\u00f3 en la estabilidad del Indice &#8220;es el movimiento reciente del tipo de cambio con el alza del d\u00f3lar&#8221; destac\u00f3 a Noticias Argentinas<\/p>\n<p>En principio &#8220;iba a haber un aumento por los costos en pesos de labores y fletes que subieron del 36 al 40 por ciento, adem\u00e1s de que incide &#8220;la actualizaci\u00f3n de los impuestos del inmobiliario rural y las tasas viales que son los \u00fanicos tributos que se actualizan una vez al a\u00f1o&#8221;<\/p>\n<p>Tambi\u00e9n se cuenta para subir el Indice la ca\u00edda en los precios de los commodities que se observ\u00f3 en el primer trimestre. En t\u00e9rminos concretos se est\u00e1 esperando que la cosecha 2018-2019 sea r\u00e9cord en toneladas, con incrementos esperados para ma\u00edz y soja cercanos al 40% con respecto a la campa\u00f1a 2017-2018 marcada por la sequ\u00eda<\/p>\n<p>Este elemento genera un incremento del valor de producci\u00f3n, de la renta y hace caer la participaci\u00f3n relativa del Estado en \u00e9sta. Adem\u00e1s en las \u00faltimas semanas el tipo de cambio comenz\u00f3 a subir, este movimiento colabora a que los incrementos de fletes y labores en pesos no impacten de lleno sobre la rentabilidad de los cultivos<\/p>\n<p>&#8220;Si esto no hubiera sido as\u00ed, se habr\u00eda producido un aumento de cierta significaci\u00f3n en el indicador&#8221;, aclar\u00f3 Miazzo. Mientras que el promedio ponderado de cultivos a nivel nacional es de 60,5%, la participaci\u00f3n del Estado en soja es del 65,8%, ma\u00edz 52,3%, trigo 53,5% y girasol 67,8%. Con respecto a la medici\u00f3n anterior, correspondiente a diciembre de 2018, cuando el \u00edndice marc\u00f3 una participaci\u00f3n del Estado en la renta agr\u00edcola del 60,5%, la actual muestra finalmente s\u00f3lo un aumento de 0,1 puntos porcentuales. As\u00ed no qued\u00f3 m\u00e1s remedio que resultara llamativa la estabilidad del indicador, ya que algunas variables estaban impulsando el indicador hacia arriba. La ca\u00edda de los precios de soja y ma\u00edz, con respecto a diciembre reduce la rentabilidad y ante una &#8220;torta&#8221; m\u00e1s chica, la participaci\u00f3n del Estado crece en t\u00e9rminos relativos. Luego de una importante devaluaci\u00f3n como la vivida en 2018, se suceden incrementos de precios y costos, con efectos directos sobre la inflaci\u00f3n<\/p>\n<p>En el caso de la agricultura, eran esperadas alzas en los costos de fletes y labores que en diciembre a\u00fan no se hab\u00edan registrado. La actualizaci\u00f3n de las tasas viales municipales y los inmobiliarios rurales provinciales generaron un efecto de incremento del indicador en marzo que durante 2018 se hab\u00eda licuado producto de la devaluaci\u00f3n. Estos tres elementos eran los que ven\u00edan marcando un aumento de la participaci\u00f3n del Estado en la renta agr\u00edcola, sin embargo, dos variables jugaron a favor de la baja del indicador: la cosecha r\u00e9cord y el movimiento del tipo de cambio<\/p>\n<p>Con respecto a diciembre de 2018, se observan ca\u00eddas en los precios disponibles en d\u00f3lares de soja y ma\u00edz. La soja cay\u00f3 un 5% y el ma\u00edz un 6%. El trigo tuvo un incremento de 3% y el girasolde 1%. Si la comparaci\u00f3n se hace contra marzo de 2018, se observa un movimiento negativo de 22% para soja, 22% para ma\u00edz y del 26% para girasol y una suba del 4% en el trigo; en esta ca\u00edda est\u00e1 impl\u00edcito el nuevo esquema de derechos de exportaci\u00f3n. En el caso de los fletes, hubo un incremento de precios en el \u00faltimo trimestre de un 41% en promedio<\/p>\n<p>Mientras el \u00edndice FADA nacional es de 60,6%, C\u00f3rdoba registra un 59,3%, Buenos Aires 63,2%, Santa Fe 60,4%, La Pampa 62,2% y San Luis 58,1%. En estos resultados, se conjugan los rindes, los impuestos provinciales y locales y los fletes, que generan efectos distintos sobre cada uno de los cultivos.<\/p>\n<p>Fuente: <em>Agencia Noticias Argentinas<\/em><\/p>\n","protected":false},"excerpt":{"rendered":"<p>El Estado en sus distintos niveles, gobiernos nacional, provinciales y municipios, se lleva m\u00e1s del&#8230;<\/p>\n","protected":false},"author":1,"featured_media":0,"comment_status":"open","ping_status":"open","sticky":false,"template":"","format":"standard","meta":{"content-type":""},"categories":[39],"tags":[],"nelio_content":{"isAutoShareEnabled":false,"autoShareEndMode":"default","automationSources":{"useContentSentences":true,"useSocialTemplates":true,"useCustomSentences":false,"customSentences":[]},"followers":[1],"suggestedReferences":[],"includedReferences":[],"efiUrl":"","efiAlt":"","highlights":[]},"yoast_head":"<!-- This site is optimized with the Yoast SEO plugin v20.7 - https:\/\/yoast.com\/wordpress\/plugins\/seo\/ -->\n<title>El estado se sigue llevando m\u00e1s del 60 % de la renta agr\u00edcola -<\/title>\n<meta name=\"robots\" content=\"index, follow, max-snippet:-1, max-image-preview:large, max-video-preview:-1\" \/>\n<link rel=\"canonical\" href=\"https:\/\/experienciadevida.com.ar\/portalurbano\/el-estado-se-sigue-llevando-mas-del-60-de-la-renta-agricola\/\" \/>\n<meta property=\"og:locale\" content=\"es_ES\" \/>\n<meta property=\"og:type\" content=\"article\" \/>\n<meta property=\"og:title\" content=\"El estado se sigue llevando m\u00e1s del 60 % de la renta agr\u00edcola -\" \/>\n<meta property=\"og:description\" content=\"El Estado en sus distintos niveles, gobiernos nacional, provinciales y municipios, se lleva m\u00e1s del...\" \/>\n<meta property=\"og:url\" content=\"https:\/\/experienciadevida.com.ar\/portalurbano\/el-estado-se-sigue-llevando-mas-del-60-de-la-renta-agricola\/\" \/>\n<meta property=\"article:publisher\" content=\"https:\/\/www.facebook.com\/Portal-Urbano-171542830093757\/\" \/>\n<meta property=\"article:published_time\" content=\"2019-04-08T00:22:01+00:00\" \/>\n<meta property=\"og:image\" content=\"https:\/\/experienciadevida.com.ar\/portalurbano\/wp-content\/uploads\/2019\/04\/0_20197115937-e1554682892536.jpg\" \/>\n\t<meta property=\"og:image:width\" content=\"750\" \/>\n\t<meta property=\"og:image:height\" content=\"329\" \/>\n\t<meta property=\"og:image:type\" content=\"image\/jpeg\" \/>\n<meta name=\"author\" content=\"admpu17wp\" \/>\n<meta name=\"twitter:card\" content=\"summary_large_image\" \/>\n<meta name=\"twitter:creator\" content=\"@portalurbanook\" \/>\n<meta name=\"twitter:site\" content=\"@portalurbanook\" \/>\n<meta name=\"twitter:label1\" content=\"Escrito por\" \/>\n\t<meta name=\"twitter:data1\" content=\"admpu17wp\" \/>\n\t<meta name=\"twitter:label2\" content=\"Tiempo de lectura\" \/>\n\t<meta name=\"twitter:data2\" content=\"4 minutos\" \/>\n<script type=\"application\/ld+json\" class=\"yoast-schema-graph\">{\"@context\":\"https:\/\/schema.org\",\"@graph\":[{\"@type\":\"Article\",\"@id\":\"https:\/\/experienciadevida.com.ar\/portalurbano\/el-estado-se-sigue-llevando-mas-del-60-de-la-renta-agricola\/#article\",\"isPartOf\":{\"@id\":\"https:\/\/experienciadevida.com.ar\/portalurbano\/el-estado-se-sigue-llevando-mas-del-60-de-la-renta-agricola\/\"},\"author\":{\"name\":\"admpu17wp\",\"@id\":\"https:\/\/experienciadevida.com.ar\/portalurbano\/#\/schema\/person\/02dd326b1c4b056e9cc972486934a3a7\"},\"headline\":\"El estado se sigue llevando m\u00e1s del 60 % de la renta agr\u00edcola\",\"datePublished\":\"2019-04-08T00:22:01+00:00\",\"dateModified\":\"2019-04-08T00:22:01+00:00\",\"mainEntityOfPage\":{\"@id\":\"https:\/\/experienciadevida.com.ar\/portalurbano\/el-estado-se-sigue-llevando-mas-del-60-de-la-renta-agricola\/\"},\"wordCount\":806,\"commentCount\":0,\"publisher\":{\"@id\":\"https:\/\/experienciadevida.com.ar\/portalurbano\/#organization\"},\"articleSection\":[\"Naci\u00f3n\"],\"inLanguage\":\"es\",\"potentialAction\":[{\"@type\":\"CommentAction\",\"name\":\"Comment\",\"target\":[\"https:\/\/experienciadevida.com.ar\/portalurbano\/el-estado-se-sigue-llevando-mas-del-60-de-la-renta-agricola\/#respond\"]}]},{\"@type\":\"WebPage\",\"@id\":\"https:\/\/experienciadevida.com.ar\/portalurbano\/el-estado-se-sigue-llevando-mas-del-60-de-la-renta-agricola\/\",\"url\":\"https:\/\/experienciadevida.com.ar\/portalurbano\/el-estado-se-sigue-llevando-mas-del-60-de-la-renta-agricola\/\",\"name\":\"El estado se sigue llevando m\u00e1s del 60 % de la renta agr\u00edcola -\",\"isPartOf\":{\"@id\":\"https:\/\/experienciadevida.com.ar\/portalurbano\/#website\"},\"datePublished\":\"2019-04-08T00:22:01+00:00\",\"dateModified\":\"2019-04-08T00:22:01+00:00\",\"breadcrumb\":{\"@id\":\"https:\/\/experienciadevida.com.ar\/portalurbano\/el-estado-se-sigue-llevando-mas-del-60-de-la-renta-agricola\/#breadcrumb\"},\"inLanguage\":\"es\",\"potentialAction\":[{\"@type\":\"ReadAction\",\"target\":[\"https:\/\/experienciadevida.com.ar\/portalurbano\/el-estado-se-sigue-llevando-mas-del-60-de-la-renta-agricola\/\"]}]},{\"@type\":\"BreadcrumbList\",\"@id\":\"https:\/\/experienciadevida.com.ar\/portalurbano\/el-estado-se-sigue-llevando-mas-del-60-de-la-renta-agricola\/#breadcrumb\",\"itemListElement\":[{\"@type\":\"ListItem\",\"position\":1,\"name\":\"Portada\",\"item\":\"https:\/\/experienciadevida.com.ar\/portalurbano\/\"},{\"@type\":\"ListItem\",\"position\":2,\"name\":\"El estado se sigue llevando m\u00e1s del 60 % de la renta agr\u00edcola\"}]},{\"@type\":\"WebSite\",\"@id\":\"https:\/\/experienciadevida.com.ar\/portalurbano\/#website\",\"url\":\"https:\/\/experienciadevida.com.ar\/portalurbano\/\",\"name\":\"\",\"description\":\"\",\"publisher\":{\"@id\":\"https:\/\/experienciadevida.com.ar\/portalurbano\/#organization\"},\"potentialAction\":[{\"@type\":\"SearchAction\",\"target\":{\"@type\":\"EntryPoint\",\"urlTemplate\":\"https:\/\/experienciadevida.com.ar\/portalurbano\/?s={search_term_string}\"},\"query-input\":\"required name=search_term_string\"}],\"inLanguage\":\"es\"},{\"@type\":\"Organization\",\"@id\":\"https:\/\/experienciadevida.com.ar\/portalurbano\/#organization\",\"name\":\"Portal Urbano\",\"url\":\"https:\/\/experienciadevida.com.ar\/portalurbano\/\",\"logo\":{\"@type\":\"ImageObject\",\"inLanguage\":\"es\",\"@id\":\"https:\/\/experienciadevida.com.ar\/portalurbano\/#\/schema\/logo\/image\/\",\"url\":\"https:\/\/experienciadevida.com.ar\/portalurbano\/wp-content\/uploads\/2019\/09\/Logo-Original.png\",\"contentUrl\":\"https:\/\/experienciadevida.com.ar\/portalurbano\/wp-content\/uploads\/2019\/09\/Logo-Original.png\",\"width\":2236,\"height\":1216,\"caption\":\"Portal Urbano\"},\"image\":{\"@id\":\"https:\/\/experienciadevida.com.ar\/portalurbano\/#\/schema\/logo\/image\/\"},\"sameAs\":[\"https:\/\/www.facebook.com\/Portal-Urbano-171542830093757\/\",\"https:\/\/twitter.com\/portalurbanook\",\"https:\/\/www.instagram.com\/_portalurbano\/\",\"https:\/\/www.youtube.com\/channel\/UCXhagIfszH8KxFiOok79zbA?view_as=subscriber\"]},{\"@type\":\"Person\",\"@id\":\"https:\/\/experienciadevida.com.ar\/portalurbano\/#\/schema\/person\/02dd326b1c4b056e9cc972486934a3a7\",\"name\":\"admpu17wp\",\"image\":{\"@type\":\"ImageObject\",\"inLanguage\":\"es\",\"@id\":\"https:\/\/experienciadevida.com.ar\/portalurbano\/#\/schema\/person\/image\/\",\"url\":\"https:\/\/secure.gravatar.com\/avatar\/830d4c57adaae6630765e449a6908047?s=96&d=mm&r=g\",\"contentUrl\":\"https:\/\/secure.gravatar.com\/avatar\/830d4c57adaae6630765e449a6908047?s=96&d=mm&r=g\",\"caption\":\"admpu17wp\"}}]}<\/script>\n<!-- \/ Yoast SEO plugin. -->","yoast_head_json":{"title":"El estado se sigue llevando m\u00e1s del 60 % de la renta agr\u00edcola -","robots":{"index":"index","follow":"follow","max-snippet":"max-snippet:-1","max-image-preview":"max-image-preview:large","max-video-preview":"max-video-preview:-1"},"canonical":"https:\/\/experienciadevida.com.ar\/portalurbano\/el-estado-se-sigue-llevando-mas-del-60-de-la-renta-agricola\/","og_locale":"es_ES","og_type":"article","og_title":"El estado se sigue llevando m\u00e1s del 60 % de la renta agr\u00edcola -","og_description":"El Estado en sus distintos niveles, gobiernos nacional, provinciales y municipios, se lleva m\u00e1s del...","og_url":"https:\/\/experienciadevida.com.ar\/portalurbano\/el-estado-se-sigue-llevando-mas-del-60-de-la-renta-agricola\/","article_publisher":"https:\/\/www.facebook.com\/Portal-Urbano-171542830093757\/","article_published_time":"2019-04-08T00:22:01+00:00","og_image":[{"width":750,"height":329,"url":"https:\/\/experienciadevida.com.ar\/portalurbano\/wp-content\/uploads\/2019\/04\/0_20197115937-e1554682892536.jpg","type":"image\/jpeg"}],"author":"admpu17wp","twitter_card":"summary_large_image","twitter_creator":"@portalurbanook","twitter_site":"@portalurbanook","twitter_misc":{"Escrito por":"admpu17wp","Tiempo de lectura":"4 minutos"},"schema":{"@context":"https:\/\/schema.org","@graph":[{"@type":"Article","@id":"https:\/\/experienciadevida.com.ar\/portalurbano\/el-estado-se-sigue-llevando-mas-del-60-de-la-renta-agricola\/#article","isPartOf":{"@id":"https:\/\/experienciadevida.com.ar\/portalurbano\/el-estado-se-sigue-llevando-mas-del-60-de-la-renta-agricola\/"},"author":{"name":"admpu17wp","@id":"https:\/\/experienciadevida.com.ar\/portalurbano\/#\/schema\/person\/02dd326b1c4b056e9cc972486934a3a7"},"headline":"El estado se sigue llevando m\u00e1s del 60 % de la renta agr\u00edcola","datePublished":"2019-04-08T00:22:01+00:00","dateModified":"2019-04-08T00:22:01+00:00","mainEntityOfPage":{"@id":"https:\/\/experienciadevida.com.ar\/portalurbano\/el-estado-se-sigue-llevando-mas-del-60-de-la-renta-agricola\/"},"wordCount":806,"commentCount":0,"publisher":{"@id":"https:\/\/experienciadevida.com.ar\/portalurbano\/#organization"},"articleSection":["Naci\u00f3n"],"inLanguage":"es","potentialAction":[{"@type":"CommentAction","name":"Comment","target":["https:\/\/experienciadevida.com.ar\/portalurbano\/el-estado-se-sigue-llevando-mas-del-60-de-la-renta-agricola\/#respond"]}]},{"@type":"WebPage","@id":"https:\/\/experienciadevida.com.ar\/portalurbano\/el-estado-se-sigue-llevando-mas-del-60-de-la-renta-agricola\/","url":"https:\/\/experienciadevida.com.ar\/portalurbano\/el-estado-se-sigue-llevando-mas-del-60-de-la-renta-agricola\/","name":"El estado se sigue llevando m\u00e1s del 60 % de la renta agr\u00edcola -","isPartOf":{"@id":"https:\/\/experienciadevida.com.ar\/portalurbano\/#website"},"datePublished":"2019-04-08T00:22:01+00:00","dateModified":"2019-04-08T00:22:01+00:00","breadcrumb":{"@id":"https:\/\/experienciadevida.com.ar\/portalurbano\/el-estado-se-sigue-llevando-mas-del-60-de-la-renta-agricola\/#breadcrumb"},"inLanguage":"es","potentialAction":[{"@type":"ReadAction","target":["https:\/\/experienciadevida.com.ar\/portalurbano\/el-estado-se-sigue-llevando-mas-del-60-de-la-renta-agricola\/"]}]},{"@type":"BreadcrumbList","@id":"https:\/\/experienciadevida.com.ar\/portalurbano\/el-estado-se-sigue-llevando-mas-del-60-de-la-renta-agricola\/#breadcrumb","itemListElement":[{"@type":"ListItem","position":1,"name":"Portada","item":"https:\/\/experienciadevida.com.ar\/portalurbano\/"},{"@type":"ListItem","position":2,"name":"El estado se sigue llevando m\u00e1s del 60 % de la renta agr\u00edcola"}]},{"@type":"WebSite","@id":"https:\/\/experienciadevida.com.ar\/portalurbano\/#website","url":"https:\/\/experienciadevida.com.ar\/portalurbano\/","name":"","description":"","publisher":{"@id":"https:\/\/experienciadevida.com.ar\/portalurbano\/#organization"},"potentialAction":[{"@type":"SearchAction","target":{"@type":"EntryPoint","urlTemplate":"https:\/\/experienciadevida.com.ar\/portalurbano\/?s={search_term_string}"},"query-input":"required name=search_term_string"}],"inLanguage":"es"},{"@type":"Organization","@id":"https:\/\/experienciadevida.com.ar\/portalurbano\/#organization","name":"Portal Urbano","url":"https:\/\/experienciadevida.com.ar\/portalurbano\/","logo":{"@type":"ImageObject","inLanguage":"es","@id":"https:\/\/experienciadevida.com.ar\/portalurbano\/#\/schema\/logo\/image\/","url":"https:\/\/experienciadevida.com.ar\/portalurbano\/wp-content\/uploads\/2019\/09\/Logo-Original.png","contentUrl":"https:\/\/experienciadevida.com.ar\/portalurbano\/wp-content\/uploads\/2019\/09\/Logo-Original.png","width":2236,"height":1216,"caption":"Portal Urbano"},"image":{"@id":"https:\/\/experienciadevida.com.ar\/portalurbano\/#\/schema\/logo\/image\/"},"sameAs":["https:\/\/www.facebook.com\/Portal-Urbano-171542830093757\/","https:\/\/twitter.com\/portalurbanook","https:\/\/www.instagram.com\/_portalurbano\/","https:\/\/www.youtube.com\/channel\/UCXhagIfszH8KxFiOok79zbA?view_as=subscriber"]},{"@type":"Person","@id":"https:\/\/experienciadevida.com.ar\/portalurbano\/#\/schema\/person\/02dd326b1c4b056e9cc972486934a3a7","name":"admpu17wp","image":{"@type":"ImageObject","inLanguage":"es","@id":"https:\/\/experienciadevida.com.ar\/portalurbano\/#\/schema\/person\/image\/","url":"https:\/\/secure.gravatar.com\/avatar\/830d4c57adaae6630765e449a6908047?s=96&d=mm&r=g","contentUrl":"https:\/\/secure.gravatar.com\/avatar\/830d4c57adaae6630765e449a6908047?s=96&d=mm&r=g","caption":"admpu17wp"}}]}},"featured_image_urls":{"full":"","thumbnail":"","medium":"","medium_large":"","large":"","ug_big":"","1536x1536":"","2048x2048":"","newsever-slider-full":"","newsever-featured":"","newsever-medium":"","web-stories-poster-portrait":"","web-stories-publisher-logo":"","web-stories-thumbnail":""},"author_info":{"display_name":"admpu17wp","author_link":"https:\/\/experienciadevida.com.ar\/portalurbano\/author\/admpu17wp\/"},"category_info":"<a href=\"https:\/\/experienciadevida.com.ar\/portalurbano\/category\/nacion\/\" rel=\"category tag\">Naci\u00f3n<\/a>","tag_info":"Naci\u00f3n","comment_count":"0","amp_enabled":true,"_links":{"self":[{"href":"https:\/\/experienciadevida.com.ar\/portalurbano\/wp-json\/wp\/v2\/posts\/63442"}],"collection":[{"href":"https:\/\/experienciadevida.com.ar\/portalurbano\/wp-json\/wp\/v2\/posts"}],"about":[{"href":"https:\/\/experienciadevida.com.ar\/portalurbano\/wp-json\/wp\/v2\/types\/post"}],"author":[{"embeddable":true,"href":"https:\/\/experienciadevida.com.ar\/portalurbano\/wp-json\/wp\/v2\/users\/1"}],"replies":[{"embeddable":true,"href":"https:\/\/experienciadevida.com.ar\/portalurbano\/wp-json\/wp\/v2\/comments?post=63442"}],"version-history":[{"count":1,"href":"https:\/\/experienciadevida.com.ar\/portalurbano\/wp-json\/wp\/v2\/posts\/63442\/revisions"}],"predecessor-version":[{"id":63444,"href":"https:\/\/experienciadevida.com.ar\/portalurbano\/wp-json\/wp\/v2\/posts\/63442\/revisions\/63444"}],"wp:attachment":[{"href":"https:\/\/experienciadevida.com.ar\/portalurbano\/wp-json\/wp\/v2\/media?parent=63442"}],"wp:term":[{"taxonomy":"category","embeddable":true,"href":"https:\/\/experienciadevida.com.ar\/portalurbano\/wp-json\/wp\/v2\/categories?post=63442"},{"taxonomy":"post_tag","embeddable":true,"href":"https:\/\/experienciadevida.com.ar\/portalurbano\/wp-json\/wp\/v2\/tags?post=63442"}],"curies":[{"name":"wp","href":"https:\/\/api.w.org\/{rel}","templated":true}]}}