{"id":62993,"date":"2019-04-03T20:51:46","date_gmt":"2019-04-03T23:51:46","guid":{"rendered":"https:\/\/experienciadevida.com.ar\/portalurbano\/?p=62993"},"modified":"2019-04-03T20:51:46","modified_gmt":"2019-04-03T23:51:46","slug":"por-la-caida-del-consumo-agilizan-la-vuelta-del-ahora-12-sin-interes","status":"publish","type":"post","link":"https:\/\/experienciadevida.com.ar\/portalurbano\/por-la-caida-del-consumo-agilizan-la-vuelta-del-ahora-12-sin-interes\/","title":{"rendered":"Por la ca\u00edda del consumo agilizan la vuelta del Ahora 12 sin inter\u00e9s"},"content":{"rendered":"<p>El Gobierno busca reactivarlo para la compra de electrodom\u00e9sticos y\u00a0con las mismas condiciones que hab\u00eda establecido la administraci\u00f3n kirchnerista.<\/p>\n<aside class=\"aside-sticky hide-mobile\">\n<div class=\"\" data-asidesticky=\"\" data-bannertop=\"85\" data-bannerstart=\"0\">\n<div class=\"entry-share redes-left\">Con el consumo en picada y el a\u00f1o electoral como factores, el Gobierno<strong>\u00a0<\/strong>analiza activar r\u00e1pido una l\u00ednea de financiamiento para la compra de electrodom\u00e9sticos y el programa<strong>\u00a0<em>Ahora 12<\/em>\u00a0<\/strong>est\u00e1 entre las primeras opciones.<\/div>\n<\/div>\n<\/aside>\n<section>\n<div class=\"entry-body text-font\">\n<p>El plan de pagos hoy est\u00e1 vigente pero una tasa efectiva anual de 38,15% y un costo financiero total de 49,33%. La intenci\u00f3n oficial es que vuelva a tener las mismas caracter\u00edsticas que en la administraci\u00f3n de\u00a0<strong>Cristina Fern\u00e1ndez<\/strong>: 12 cuotas fijas sin inter\u00e9s, de jueves a domingos, para la compra de heladeras, lavarropas, aires acondicionados y otros bienes de fabricaci\u00f3n nacional, incluyendo artefactos de gas.<\/p>\n<p>Los productos, sin embargo, deber\u00e1n ser en\u00e9rgicamente eficientes. Esto quiere decir que deber\u00e1n cumplir con ciertos par\u00e1metros de eficiencia de consumo el\u00e9ctrico que tendr\u00e1n que ser expresados en una etiqueta con un gr\u00e1fico en el que los colores indiquen, de menor a mayor,\u00a0el grado de efectividad.<\/p>\n<p>Esta caractegorizaci\u00f3n\u00a0no es novedad sino que el Gobierno apunta a que los criterios sean unificados y que\u00a0en una escala de 7 categor\u00edas de la A a la G, la calidad energ\u00e9tica sea clara para el comprador en todos los electrodom\u00e9sticos.<\/p>\n<p>En febrero, la venta de electrodom\u00e9sticos cay\u00f3 33% interanual por la p\u00e9rdida de poder adquisitivo y las altas tarifas, a la vez que<strong>\u00a0<\/strong>los precios de estos productos creci\u00f3 42% promedio, lo que habilita una mayor reducci\u00f3n tanto en el mercado mayorista como en el minorista consecuente con la consecuente crisis de empleo. Como ocurre con varios sectores de la econom\u00eda, en la Argentina la ca\u00edda del\u00a0consumo no hace bajar los precios.<\/p>\n<p>Para poder volver implementar el Ahora 12, el Gobierno negocia desde hace ya un a\u00f1o con las empresas de electrodom\u00e9sticos de todo el pa\u00eds, retailers y bancos. All\u00ed se juega una pulseada: el Ejecutivo busca que el anuncio se haga lo antes posible, pero algunos\u00a0fabricantes encuentran todav\u00eda obst\u00e1culos en t\u00e9rminos de competitividad.<\/p>\n<p>De todas maneras, en un contexto de recesi\u00f3n y reducci\u00f3n del consumo, el objetivo es generar un paleativo que permita a los consumidores un mayor acceso a los equipos para luego poder minorizar el impacto de las facturas\u00a0gracias a la menor demanda de electricidad de los aparatos.<\/p>\n<\/div>\n<\/section>\n","protected":false},"excerpt":{"rendered":"<p>El Gobierno busca reactivarlo para la compra de electrodom\u00e9sticos y\u00a0con las mismas condiciones que hab\u00eda&#8230;<\/p>\n","protected":false},"author":1,"featured_media":0,"comment_status":"open","ping_status":"open","sticky":false,"template":"","format":"standard","meta":{"content-type":""},"categories":[39],"tags":[],"nelio_content":{"isAutoShareEnabled":false,"autoShareEndMode":"default","automationSources":{"useContentSentences":true,"useSocialTemplates":true,"useCustomSentences":false,"customSentences":[]},"followers":[1],"suggestedReferences":[],"includedReferences":[],"efiUrl":"","efiAlt":"","highlights":[]},"yoast_head":"<!-- This site is optimized with the Yoast SEO plugin v20.7 - https:\/\/yoast.com\/wordpress\/plugins\/seo\/ -->\n<title>Por la ca\u00edda del consumo agilizan la vuelta del Ahora 12 sin inter\u00e9s -<\/title>\n<meta name=\"robots\" content=\"index, follow, max-snippet:-1, max-image-preview:large, max-video-preview:-1\" \/>\n<link rel=\"canonical\" href=\"https:\/\/experienciadevida.com.ar\/portalurbano\/por-la-caida-del-consumo-agilizan-la-vuelta-del-ahora-12-sin-interes\/\" \/>\n<meta property=\"og:locale\" content=\"es_ES\" \/>\n<meta property=\"og:type\" content=\"article\" \/>\n<meta property=\"og:title\" content=\"Por la ca\u00edda del consumo agilizan la vuelta del Ahora 12 sin inter\u00e9s -\" \/>\n<meta property=\"og:description\" content=\"El Gobierno busca reactivarlo para la compra de electrodom\u00e9sticos y\u00a0con las mismas condiciones que hab\u00eda...\" \/>\n<meta property=\"og:url\" content=\"https:\/\/experienciadevida.com.ar\/portalurbano\/por-la-caida-del-consumo-agilizan-la-vuelta-del-ahora-12-sin-interes\/\" \/>\n<meta property=\"article:publisher\" content=\"https:\/\/www.facebook.com\/Portal-Urbano-171542830093757\/\" \/>\n<meta property=\"article:published_time\" content=\"2019-04-03T23:51:46+00:00\" \/>\n<meta property=\"og:image\" content=\"https:\/\/experienciadevida.com.ar\/portalurbano\/wp-content\/uploads\/2019\/04\/electrodomxsticos.jpg_541755376-e1554335483695.jpg\" \/>\n\t<meta property=\"og:image:width\" content=\"750\" \/>\n\t<meta property=\"og:image:height\" content=\"422\" \/>\n\t<meta property=\"og:image:type\" content=\"image\/jpeg\" \/>\n<meta name=\"author\" content=\"admpu17wp\" \/>\n<meta name=\"twitter:card\" content=\"summary_large_image\" \/>\n<meta name=\"twitter:creator\" content=\"@portalurbanook\" \/>\n<meta name=\"twitter:site\" content=\"@portalurbanook\" \/>\n<meta name=\"twitter:label1\" content=\"Escrito por\" \/>\n\t<meta name=\"twitter:data1\" content=\"admpu17wp\" \/>\n\t<meta name=\"twitter:label2\" content=\"Tiempo de lectura\" \/>\n\t<meta name=\"twitter:data2\" content=\"2 minutos\" \/>\n<script type=\"application\/ld+json\" class=\"yoast-schema-graph\">{\"@context\":\"https:\/\/schema.org\",\"@graph\":[{\"@type\":\"Article\",\"@id\":\"https:\/\/experienciadevida.com.ar\/portalurbano\/por-la-caida-del-consumo-agilizan-la-vuelta-del-ahora-12-sin-interes\/#article\",\"isPartOf\":{\"@id\":\"https:\/\/experienciadevida.com.ar\/portalurbano\/por-la-caida-del-consumo-agilizan-la-vuelta-del-ahora-12-sin-interes\/\"},\"author\":{\"name\":\"admpu17wp\",\"@id\":\"https:\/\/experienciadevida.com.ar\/portalurbano\/#\/schema\/person\/02dd326b1c4b056e9cc972486934a3a7\"},\"headline\":\"Por la ca\u00edda del consumo agilizan la vuelta del Ahora 12 sin inter\u00e9s\",\"datePublished\":\"2019-04-03T23:51:46+00:00\",\"dateModified\":\"2019-04-03T23:51:46+00:00\",\"mainEntityOfPage\":{\"@id\":\"https:\/\/experienciadevida.com.ar\/portalurbano\/por-la-caida-del-consumo-agilizan-la-vuelta-del-ahora-12-sin-interes\/\"},\"wordCount\":427,\"commentCount\":0,\"publisher\":{\"@id\":\"https:\/\/experienciadevida.com.ar\/portalurbano\/#organization\"},\"articleSection\":[\"Naci\u00f3n\"],\"inLanguage\":\"es\",\"potentialAction\":[{\"@type\":\"CommentAction\",\"name\":\"Comment\",\"target\":[\"https:\/\/experienciadevida.com.ar\/portalurbano\/por-la-caida-del-consumo-agilizan-la-vuelta-del-ahora-12-sin-interes\/#respond\"]}]},{\"@type\":\"WebPage\",\"@id\":\"https:\/\/experienciadevida.com.ar\/portalurbano\/por-la-caida-del-consumo-agilizan-la-vuelta-del-ahora-12-sin-interes\/\",\"url\":\"https:\/\/experienciadevida.com.ar\/portalurbano\/por-la-caida-del-consumo-agilizan-la-vuelta-del-ahora-12-sin-interes\/\",\"name\":\"Por la ca\u00edda del consumo agilizan la vuelta del Ahora 12 sin inter\u00e9s -\",\"isPartOf\":{\"@id\":\"https:\/\/experienciadevida.com.ar\/portalurbano\/#website\"},\"datePublished\":\"2019-04-03T23:51:46+00:00\",\"dateModified\":\"2019-04-03T23:51:46+00:00\",\"breadcrumb\":{\"@id\":\"https:\/\/experienciadevida.com.ar\/portalurbano\/por-la-caida-del-consumo-agilizan-la-vuelta-del-ahora-12-sin-interes\/#breadcrumb\"},\"inLanguage\":\"es\",\"potentialAction\":[{\"@type\":\"ReadAction\",\"target\":[\"https:\/\/experienciadevida.com.ar\/portalurbano\/por-la-caida-del-consumo-agilizan-la-vuelta-del-ahora-12-sin-interes\/\"]}]},{\"@type\":\"BreadcrumbList\",\"@id\":\"https:\/\/experienciadevida.com.ar\/portalurbano\/por-la-caida-del-consumo-agilizan-la-vuelta-del-ahora-12-sin-interes\/#breadcrumb\",\"itemListElement\":[{\"@type\":\"ListItem\",\"position\":1,\"name\":\"Portada\",\"item\":\"https:\/\/experienciadevida.com.ar\/portalurbano\/\"},{\"@type\":\"ListItem\",\"position\":2,\"name\":\"Por la ca\u00edda del consumo agilizan la vuelta del Ahora 12 sin inter\u00e9s\"}]},{\"@type\":\"WebSite\",\"@id\":\"https:\/\/experienciadevida.com.ar\/portalurbano\/#website\",\"url\":\"https:\/\/experienciadevida.com.ar\/portalurbano\/\",\"name\":\"\",\"description\":\"\",\"publisher\":{\"@id\":\"https:\/\/experienciadevida.com.ar\/portalurbano\/#organization\"},\"potentialAction\":[{\"@type\":\"SearchAction\",\"target\":{\"@type\":\"EntryPoint\",\"urlTemplate\":\"https:\/\/experienciadevida.com.ar\/portalurbano\/?s={search_term_string}\"},\"query-input\":\"required name=search_term_string\"}],\"inLanguage\":\"es\"},{\"@type\":\"Organization\",\"@id\":\"https:\/\/experienciadevida.com.ar\/portalurbano\/#organization\",\"name\":\"Portal Urbano\",\"url\":\"https:\/\/experienciadevida.com.ar\/portalurbano\/\",\"logo\":{\"@type\":\"ImageObject\",\"inLanguage\":\"es\",\"@id\":\"https:\/\/experienciadevida.com.ar\/portalurbano\/#\/schema\/logo\/image\/\",\"url\":\"https:\/\/experienciadevida.com.ar\/portalurbano\/wp-content\/uploads\/2019\/09\/Logo-Original.png\",\"contentUrl\":\"https:\/\/experienciadevida.com.ar\/portalurbano\/wp-content\/uploads\/2019\/09\/Logo-Original.png\",\"width\":2236,\"height\":1216,\"caption\":\"Portal Urbano\"},\"image\":{\"@id\":\"https:\/\/experienciadevida.com.ar\/portalurbano\/#\/schema\/logo\/image\/\"},\"sameAs\":[\"https:\/\/www.facebook.com\/Portal-Urbano-171542830093757\/\",\"https:\/\/twitter.com\/portalurbanook\",\"https:\/\/www.instagram.com\/_portalurbano\/\",\"https:\/\/www.youtube.com\/channel\/UCXhagIfszH8KxFiOok79zbA?view_as=subscriber\"]},{\"@type\":\"Person\",\"@id\":\"https:\/\/experienciadevida.com.ar\/portalurbano\/#\/schema\/person\/02dd326b1c4b056e9cc972486934a3a7\",\"name\":\"admpu17wp\",\"image\":{\"@type\":\"ImageObject\",\"inLanguage\":\"es\",\"@id\":\"https:\/\/experienciadevida.com.ar\/portalurbano\/#\/schema\/person\/image\/\",\"url\":\"https:\/\/secure.gravatar.com\/avatar\/830d4c57adaae6630765e449a6908047?s=96&d=mm&r=g\",\"contentUrl\":\"https:\/\/secure.gravatar.com\/avatar\/830d4c57adaae6630765e449a6908047?s=96&d=mm&r=g\",\"caption\":\"admpu17wp\"}}]}<\/script>\n<!-- \/ Yoast SEO plugin. -->","yoast_head_json":{"title":"Por la ca\u00edda del consumo agilizan la vuelta del Ahora 12 sin inter\u00e9s -","robots":{"index":"index","follow":"follow","max-snippet":"max-snippet:-1","max-image-preview":"max-image-preview:large","max-video-preview":"max-video-preview:-1"},"canonical":"https:\/\/experienciadevida.com.ar\/portalurbano\/por-la-caida-del-consumo-agilizan-la-vuelta-del-ahora-12-sin-interes\/","og_locale":"es_ES","og_type":"article","og_title":"Por la ca\u00edda del consumo agilizan la vuelta del Ahora 12 sin inter\u00e9s -","og_description":"El Gobierno busca reactivarlo para la compra de electrodom\u00e9sticos y\u00a0con las mismas condiciones que hab\u00eda...","og_url":"https:\/\/experienciadevida.com.ar\/portalurbano\/por-la-caida-del-consumo-agilizan-la-vuelta-del-ahora-12-sin-interes\/","article_publisher":"https:\/\/www.facebook.com\/Portal-Urbano-171542830093757\/","article_published_time":"2019-04-03T23:51:46+00:00","og_image":[{"width":750,"height":422,"url":"https:\/\/experienciadevida.com.ar\/portalurbano\/wp-content\/uploads\/2019\/04\/electrodomxsticos.jpg_541755376-e1554335483695.jpg","type":"image\/jpeg"}],"author":"admpu17wp","twitter_card":"summary_large_image","twitter_creator":"@portalurbanook","twitter_site":"@portalurbanook","twitter_misc":{"Escrito por":"admpu17wp","Tiempo de lectura":"2 minutos"},"schema":{"@context":"https:\/\/schema.org","@graph":[{"@type":"Article","@id":"https:\/\/experienciadevida.com.ar\/portalurbano\/por-la-caida-del-consumo-agilizan-la-vuelta-del-ahora-12-sin-interes\/#article","isPartOf":{"@id":"https:\/\/experienciadevida.com.ar\/portalurbano\/por-la-caida-del-consumo-agilizan-la-vuelta-del-ahora-12-sin-interes\/"},"author":{"name":"admpu17wp","@id":"https:\/\/experienciadevida.com.ar\/portalurbano\/#\/schema\/person\/02dd326b1c4b056e9cc972486934a3a7"},"headline":"Por la ca\u00edda del consumo agilizan la vuelta del Ahora 12 sin inter\u00e9s","datePublished":"2019-04-03T23:51:46+00:00","dateModified":"2019-04-03T23:51:46+00:00","mainEntityOfPage":{"@id":"https:\/\/experienciadevida.com.ar\/portalurbano\/por-la-caida-del-consumo-agilizan-la-vuelta-del-ahora-12-sin-interes\/"},"wordCount":427,"commentCount":0,"publisher":{"@id":"https:\/\/experienciadevida.com.ar\/portalurbano\/#organization"},"articleSection":["Naci\u00f3n"],"inLanguage":"es","potentialAction":[{"@type":"CommentAction","name":"Comment","target":["https:\/\/experienciadevida.com.ar\/portalurbano\/por-la-caida-del-consumo-agilizan-la-vuelta-del-ahora-12-sin-interes\/#respond"]}]},{"@type":"WebPage","@id":"https:\/\/experienciadevida.com.ar\/portalurbano\/por-la-caida-del-consumo-agilizan-la-vuelta-del-ahora-12-sin-interes\/","url":"https:\/\/experienciadevida.com.ar\/portalurbano\/por-la-caida-del-consumo-agilizan-la-vuelta-del-ahora-12-sin-interes\/","name":"Por la ca\u00edda del consumo agilizan la vuelta del Ahora 12 sin inter\u00e9s -","isPartOf":{"@id":"https:\/\/experienciadevida.com.ar\/portalurbano\/#website"},"datePublished":"2019-04-03T23:51:46+00:00","dateModified":"2019-04-03T23:51:46+00:00","breadcrumb":{"@id":"https:\/\/experienciadevida.com.ar\/portalurbano\/por-la-caida-del-consumo-agilizan-la-vuelta-del-ahora-12-sin-interes\/#breadcrumb"},"inLanguage":"es","potentialAction":[{"@type":"ReadAction","target":["https:\/\/experienciadevida.com.ar\/portalurbano\/por-la-caida-del-consumo-agilizan-la-vuelta-del-ahora-12-sin-interes\/"]}]},{"@type":"BreadcrumbList","@id":"https:\/\/experienciadevida.com.ar\/portalurbano\/por-la-caida-del-consumo-agilizan-la-vuelta-del-ahora-12-sin-interes\/#breadcrumb","itemListElement":[{"@type":"ListItem","position":1,"name":"Portada","item":"https:\/\/experienciadevida.com.ar\/portalurbano\/"},{"@type":"ListItem","position":2,"name":"Por la ca\u00edda del consumo agilizan la vuelta del Ahora 12 sin inter\u00e9s"}]},{"@type":"WebSite","@id":"https:\/\/experienciadevida.com.ar\/portalurbano\/#website","url":"https:\/\/experienciadevida.com.ar\/portalurbano\/","name":"","description":"","publisher":{"@id":"https:\/\/experienciadevida.com.ar\/portalurbano\/#organization"},"potentialAction":[{"@type":"SearchAction","target":{"@type":"EntryPoint","urlTemplate":"https:\/\/experienciadevida.com.ar\/portalurbano\/?s={search_term_string}"},"query-input":"required name=search_term_string"}],"inLanguage":"es"},{"@type":"Organization","@id":"https:\/\/experienciadevida.com.ar\/portalurbano\/#organization","name":"Portal Urbano","url":"https:\/\/experienciadevida.com.ar\/portalurbano\/","logo":{"@type":"ImageObject","inLanguage":"es","@id":"https:\/\/experienciadevida.com.ar\/portalurbano\/#\/schema\/logo\/image\/","url":"https:\/\/experienciadevida.com.ar\/portalurbano\/wp-content\/uploads\/2019\/09\/Logo-Original.png","contentUrl":"https:\/\/experienciadevida.com.ar\/portalurbano\/wp-content\/uploads\/2019\/09\/Logo-Original.png","width":2236,"height":1216,"caption":"Portal Urbano"},"image":{"@id":"https:\/\/experienciadevida.com.ar\/portalurbano\/#\/schema\/logo\/image\/"},"sameAs":["https:\/\/www.facebook.com\/Portal-Urbano-171542830093757\/","https:\/\/twitter.com\/portalurbanook","https:\/\/www.instagram.com\/_portalurbano\/","https:\/\/www.youtube.com\/channel\/UCXhagIfszH8KxFiOok79zbA?view_as=subscriber"]},{"@type":"Person","@id":"https:\/\/experienciadevida.com.ar\/portalurbano\/#\/schema\/person\/02dd326b1c4b056e9cc972486934a3a7","name":"admpu17wp","image":{"@type":"ImageObject","inLanguage":"es","@id":"https:\/\/experienciadevida.com.ar\/portalurbano\/#\/schema\/person\/image\/","url":"https:\/\/secure.gravatar.com\/avatar\/830d4c57adaae6630765e449a6908047?s=96&d=mm&r=g","contentUrl":"https:\/\/secure.gravatar.com\/avatar\/830d4c57adaae6630765e449a6908047?s=96&d=mm&r=g","caption":"admpu17wp"}}]}},"featured_image_urls":{"full":"","thumbnail":"","medium":"","medium_large":"","large":"","ug_big":"","1536x1536":"","2048x2048":"","newsever-slider-full":"","newsever-featured":"","newsever-medium":"","web-stories-poster-portrait":"","web-stories-publisher-logo":"","web-stories-thumbnail":""},"author_info":{"display_name":"admpu17wp","author_link":"https:\/\/experienciadevida.com.ar\/portalurbano\/author\/admpu17wp\/"},"category_info":"<a href=\"https:\/\/experienciadevida.com.ar\/portalurbano\/category\/nacion\/\" rel=\"category tag\">Naci\u00f3n<\/a>","tag_info":"Naci\u00f3n","comment_count":"0","amp_enabled":true,"_links":{"self":[{"href":"https:\/\/experienciadevida.com.ar\/portalurbano\/wp-json\/wp\/v2\/posts\/62993"}],"collection":[{"href":"https:\/\/experienciadevida.com.ar\/portalurbano\/wp-json\/wp\/v2\/posts"}],"about":[{"href":"https:\/\/experienciadevida.com.ar\/portalurbano\/wp-json\/wp\/v2\/types\/post"}],"author":[{"embeddable":true,"href":"https:\/\/experienciadevida.com.ar\/portalurbano\/wp-json\/wp\/v2\/users\/1"}],"replies":[{"embeddable":true,"href":"https:\/\/experienciadevida.com.ar\/portalurbano\/wp-json\/wp\/v2\/comments?post=62993"}],"version-history":[{"count":1,"href":"https:\/\/experienciadevida.com.ar\/portalurbano\/wp-json\/wp\/v2\/posts\/62993\/revisions"}],"predecessor-version":[{"id":62996,"href":"https:\/\/experienciadevida.com.ar\/portalurbano\/wp-json\/wp\/v2\/posts\/62993\/revisions\/62996"}],"wp:attachment":[{"href":"https:\/\/experienciadevida.com.ar\/portalurbano\/wp-json\/wp\/v2\/media?parent=62993"}],"wp:term":[{"taxonomy":"category","embeddable":true,"href":"https:\/\/experienciadevida.com.ar\/portalurbano\/wp-json\/wp\/v2\/categories?post=62993"},{"taxonomy":"post_tag","embeddable":true,"href":"https:\/\/experienciadevida.com.ar\/portalurbano\/wp-json\/wp\/v2\/tags?post=62993"}],"curies":[{"name":"wp","href":"https:\/\/api.w.org\/{rel}","templated":true}]}}