{"id":62897,"date":"2019-04-03T11:45:17","date_gmt":"2019-04-03T14:45:17","guid":{"rendered":"https:\/\/experienciadevida.com.ar\/portalurbano\/?p=62897"},"modified":"2019-04-03T11:45:39","modified_gmt":"2019-04-03T14:45:39","slug":"agente-de-la-unidad-38-obtuvo-el-segundo-puesto-del-gran-prix-deportivo-anual-del-spb","status":"publish","type":"post","link":"https:\/\/experienciadevida.com.ar\/portalurbano\/agente-de-la-unidad-38-obtuvo-el-segundo-puesto-del-gran-prix-deportivo-anual-del-spb\/","title":{"rendered":"Agente de la Unidad 38 obtuvo el segundo puesto del Gran Prix deportivo anual del SPB"},"content":{"rendered":"<p>Se trata del Sargento Elvis Garc\u00eda Ortiz, quien el pasado viernes concurri\u00f3 a las Instalaciones de la Escuela de Cadetes \u201cInsp. Gral. Baltasar Armando Iramain\u201d de la ciudad de La Plata para participar de la primera etapa del Gran Prix Deportivo Anual del Servicio Penitenciario Bonaerense.<\/p>\n<p>En representaci\u00f3n de la Unidad N\u00b0 38 dependiente del Complejo Centro Zona Sur, Garc\u00eda Ortiz empat\u00f3 la primera posici\u00f3n de su zona con 3\u00bd puntos producto de tres victorias y un empate con el local Agust\u00edn Denti, requiriendo entonces una partida de desempate para definir la clasificaci\u00f3n, se impuso y de esta forma pas\u00f3 a la final. En la instancia definitoria se enfrent\u00f3 a Patricio Irigoyt\u00eda, quien se llev\u00f3 el triunfo.<\/p>\n<p>Garc\u00eda Ortiz hace m\u00e1s de 30 a\u00f1os que practica ajedrez y 15 que est\u00e1 en la instituci\u00f3n penitenciaria, al respecto dijo \u201ceste torneo sirve para encontrarnos aquellos que amamos este deporte por lo que estoy muy contento por el premio y porque se haya podido realizar el encuentro que espero le den continuidad\u201d.<\/p>\n<p>La competencia se dividi\u00f3 en dos zonas y el sistema utilizado fue el denominado Americano, todos contra todos, con los ganadores de ambas zonas clasificando a la final a simple vuelta. El tiempo de reflexi\u00f3n fue de 20 minutos por jugador a finish.<\/p>\n<p>Fuente y Foto: Servicio Penitenciario Bonaerense<\/p>\n<div class=\"slider-gallery-wrapper \"><div class=\"slider-gallery\"><div id=\"sliderify-carousel-1\" class=\"owl-carousel\"><div class=\"sliderify-owl-item-inner\"><img src=\"\"><\/div><div class=\"sliderify-owl-item-inner\"><img src=\"\"><\/div><div class=\"sliderify-owl-item-inner\"><img src=\"\"><\/div><\/div><!-- .owl-carousel --><\/div><!-- .slider-gallery --><\/div><!-- .slider-gallery-wrapper --><script>\n\t\t\tjQuery(document).ready(function($){\n\t\t\t\tcarousel1 = $('#sliderify-carousel-1');\ncarousel1.imagesLoaded(function(){carousel1.owlCarousel({items:1,\nstagePadding:0,\nnav:1,\nnavText:['<span><\/span><span><\/span>','<span><\/span><span><\/span>'],\ncenter:1,\nloop:1,\nmargin:0,\nautoWidth:false,\nautoHeight:true,\nstageOuterClass:'sliderify-stage-outer',\nstageClass:'sliderify-stage',\nnavContainerClass:'sliderify-nav',\ncontrolsClass:'sliderify-controls',\ndotsClass:'sliderify-dots',\ndotClass:'sliderify-dot',\nonInitialized:function(event){\n\t\t\t\tconsole.log('init');\n\t\t\t},\n});});\n});\n\t\t\t<\/script>\n","protected":false},"excerpt":{"rendered":"<p>Se trata del Sargento Elvis Garc\u00eda Ortiz, quien el pasado viernes concurri\u00f3 a las Instalaciones&#8230;<\/p>\n","protected":false},"author":1,"featured_media":0,"comment_status":"open","ping_status":"open","sticky":false,"template":"","format":"standard","meta":{"content-type":""},"categories":[28],"tags":[],"nelio_content":{"isAutoShareEnabled":false,"autoShareEndMode":"default","automationSources":{"useContentSentences":true,"useSocialTemplates":true,"useCustomSentences":false,"customSentences":[]},"followers":[1],"suggestedReferences":[],"includedReferences":[],"efiUrl":"","efiAlt":"","highlights":[]},"yoast_head":"<!-- This site is optimized with the Yoast SEO plugin v20.7 - https:\/\/yoast.com\/wordpress\/plugins\/seo\/ -->\n<title>Agente de la Unidad 38 obtuvo el segundo puesto del Gran Prix deportivo anual del SPB -<\/title>\n<meta name=\"robots\" content=\"index, follow, max-snippet:-1, max-image-preview:large, max-video-preview:-1\" \/>\n<link rel=\"canonical\" href=\"https:\/\/experienciadevida.com.ar\/portalurbano\/agente-de-la-unidad-38-obtuvo-el-segundo-puesto-del-gran-prix-deportivo-anual-del-spb\/\" \/>\n<meta property=\"og:locale\" content=\"es_ES\" \/>\n<meta property=\"og:type\" content=\"article\" \/>\n<meta property=\"og:title\" content=\"Agente de la Unidad 38 obtuvo el segundo puesto del Gran Prix deportivo anual del SPB -\" \/>\n<meta property=\"og:description\" content=\"Se trata del Sargento Elvis Garc\u00eda Ortiz, quien el pasado viernes concurri\u00f3 a las Instalaciones...\" \/>\n<meta property=\"og:url\" content=\"https:\/\/experienciadevida.com.ar\/portalurbano\/agente-de-la-unidad-38-obtuvo-el-segundo-puesto-del-gran-prix-deportivo-anual-del-spb\/\" \/>\n<meta property=\"article:publisher\" content=\"https:\/\/www.facebook.com\/Portal-Urbano-171542830093757\/\" \/>\n<meta property=\"article:published_time\" content=\"2019-04-03T14:45:17+00:00\" \/>\n<meta property=\"article:modified_time\" content=\"2019-04-03T14:45:39+00:00\" \/>\n<meta property=\"og:image\" content=\"https:\/\/experienciadevida.com.ar\/portalurbano\/wp-content\/uploads\/2019\/04\/AGENTE.jpeg\" \/>\n\t<meta property=\"og:image:width\" content=\"800\" \/>\n\t<meta property=\"og:image:height\" content=\"450\" \/>\n\t<meta property=\"og:image:type\" content=\"image\/jpeg\" \/>\n<meta name=\"author\" content=\"admpu17wp\" \/>\n<meta name=\"twitter:card\" content=\"summary_large_image\" \/>\n<meta name=\"twitter:creator\" content=\"@portalurbanook\" \/>\n<meta name=\"twitter:site\" content=\"@portalurbanook\" \/>\n<meta name=\"twitter:label1\" content=\"Escrito por\" \/>\n\t<meta name=\"twitter:data1\" content=\"admpu17wp\" \/>\n\t<meta name=\"twitter:label2\" content=\"Tiempo de lectura\" \/>\n\t<meta name=\"twitter:data2\" content=\"1 minuto\" \/>\n<script type=\"application\/ld+json\" class=\"yoast-schema-graph\">{\"@context\":\"https:\/\/schema.org\",\"@graph\":[{\"@type\":\"Article\",\"@id\":\"https:\/\/experienciadevida.com.ar\/portalurbano\/agente-de-la-unidad-38-obtuvo-el-segundo-puesto-del-gran-prix-deportivo-anual-del-spb\/#article\",\"isPartOf\":{\"@id\":\"https:\/\/experienciadevida.com.ar\/portalurbano\/agente-de-la-unidad-38-obtuvo-el-segundo-puesto-del-gran-prix-deportivo-anual-del-spb\/\"},\"author\":{\"name\":\"admpu17wp\",\"@id\":\"https:\/\/experienciadevida.com.ar\/portalurbano\/#\/schema\/person\/02dd326b1c4b056e9cc972486934a3a7\"},\"headline\":\"Agente de la Unidad 38 obtuvo el segundo puesto del Gran Prix deportivo anual del SPB\",\"datePublished\":\"2019-04-03T14:45:17+00:00\",\"dateModified\":\"2019-04-03T14:45:39+00:00\",\"mainEntityOfPage\":{\"@id\":\"https:\/\/experienciadevida.com.ar\/portalurbano\/agente-de-la-unidad-38-obtuvo-el-segundo-puesto-del-gran-prix-deportivo-anual-del-spb\/\"},\"wordCount\":248,\"commentCount\":0,\"publisher\":{\"@id\":\"https:\/\/experienciadevida.com.ar\/portalurbano\/#organization\"},\"articleSection\":[\"Cultura\"],\"inLanguage\":\"es\",\"potentialAction\":[{\"@type\":\"CommentAction\",\"name\":\"Comment\",\"target\":[\"https:\/\/experienciadevida.com.ar\/portalurbano\/agente-de-la-unidad-38-obtuvo-el-segundo-puesto-del-gran-prix-deportivo-anual-del-spb\/#respond\"]}]},{\"@type\":\"WebPage\",\"@id\":\"https:\/\/experienciadevida.com.ar\/portalurbano\/agente-de-la-unidad-38-obtuvo-el-segundo-puesto-del-gran-prix-deportivo-anual-del-spb\/\",\"url\":\"https:\/\/experienciadevida.com.ar\/portalurbano\/agente-de-la-unidad-38-obtuvo-el-segundo-puesto-del-gran-prix-deportivo-anual-del-spb\/\",\"name\":\"Agente de la Unidad 38 obtuvo el segundo puesto del Gran Prix deportivo anual del SPB -\",\"isPartOf\":{\"@id\":\"https:\/\/experienciadevida.com.ar\/portalurbano\/#website\"},\"datePublished\":\"2019-04-03T14:45:17+00:00\",\"dateModified\":\"2019-04-03T14:45:39+00:00\",\"breadcrumb\":{\"@id\":\"https:\/\/experienciadevida.com.ar\/portalurbano\/agente-de-la-unidad-38-obtuvo-el-segundo-puesto-del-gran-prix-deportivo-anual-del-spb\/#breadcrumb\"},\"inLanguage\":\"es\",\"potentialAction\":[{\"@type\":\"ReadAction\",\"target\":[\"https:\/\/experienciadevida.com.ar\/portalurbano\/agente-de-la-unidad-38-obtuvo-el-segundo-puesto-del-gran-prix-deportivo-anual-del-spb\/\"]}]},{\"@type\":\"BreadcrumbList\",\"@id\":\"https:\/\/experienciadevida.com.ar\/portalurbano\/agente-de-la-unidad-38-obtuvo-el-segundo-puesto-del-gran-prix-deportivo-anual-del-spb\/#breadcrumb\",\"itemListElement\":[{\"@type\":\"ListItem\",\"position\":1,\"name\":\"Portada\",\"item\":\"https:\/\/experienciadevida.com.ar\/portalurbano\/\"},{\"@type\":\"ListItem\",\"position\":2,\"name\":\"Agente de la Unidad 38 obtuvo el segundo puesto del Gran Prix deportivo anual del SPB\"}]},{\"@type\":\"WebSite\",\"@id\":\"https:\/\/experienciadevida.com.ar\/portalurbano\/#website\",\"url\":\"https:\/\/experienciadevida.com.ar\/portalurbano\/\",\"name\":\"\",\"description\":\"\",\"publisher\":{\"@id\":\"https:\/\/experienciadevida.com.ar\/portalurbano\/#organization\"},\"potentialAction\":[{\"@type\":\"SearchAction\",\"target\":{\"@type\":\"EntryPoint\",\"urlTemplate\":\"https:\/\/experienciadevida.com.ar\/portalurbano\/?s={search_term_string}\"},\"query-input\":\"required name=search_term_string\"}],\"inLanguage\":\"es\"},{\"@type\":\"Organization\",\"@id\":\"https:\/\/experienciadevida.com.ar\/portalurbano\/#organization\",\"name\":\"Portal Urbano\",\"url\":\"https:\/\/experienciadevida.com.ar\/portalurbano\/\",\"logo\":{\"@type\":\"ImageObject\",\"inLanguage\":\"es\",\"@id\":\"https:\/\/experienciadevida.com.ar\/portalurbano\/#\/schema\/logo\/image\/\",\"url\":\"https:\/\/experienciadevida.com.ar\/portalurbano\/wp-content\/uploads\/2019\/09\/Logo-Original.png\",\"contentUrl\":\"https:\/\/experienciadevida.com.ar\/portalurbano\/wp-content\/uploads\/2019\/09\/Logo-Original.png\",\"width\":2236,\"height\":1216,\"caption\":\"Portal Urbano\"},\"image\":{\"@id\":\"https:\/\/experienciadevida.com.ar\/portalurbano\/#\/schema\/logo\/image\/\"},\"sameAs\":[\"https:\/\/www.facebook.com\/Portal-Urbano-171542830093757\/\",\"https:\/\/twitter.com\/portalurbanook\",\"https:\/\/www.instagram.com\/_portalurbano\/\",\"https:\/\/www.youtube.com\/channel\/UCXhagIfszH8KxFiOok79zbA?view_as=subscriber\"]},{\"@type\":\"Person\",\"@id\":\"https:\/\/experienciadevida.com.ar\/portalurbano\/#\/schema\/person\/02dd326b1c4b056e9cc972486934a3a7\",\"name\":\"admpu17wp\",\"image\":{\"@type\":\"ImageObject\",\"inLanguage\":\"es\",\"@id\":\"https:\/\/experienciadevida.com.ar\/portalurbano\/#\/schema\/person\/image\/\",\"url\":\"https:\/\/secure.gravatar.com\/avatar\/830d4c57adaae6630765e449a6908047?s=96&d=mm&r=g\",\"contentUrl\":\"https:\/\/secure.gravatar.com\/avatar\/830d4c57adaae6630765e449a6908047?s=96&d=mm&r=g\",\"caption\":\"admpu17wp\"}}]}<\/script>\n<!-- \/ Yoast SEO plugin. -->","yoast_head_json":{"title":"Agente de la Unidad 38 obtuvo el segundo puesto del Gran Prix deportivo anual del SPB -","robots":{"index":"index","follow":"follow","max-snippet":"max-snippet:-1","max-image-preview":"max-image-preview:large","max-video-preview":"max-video-preview:-1"},"canonical":"https:\/\/experienciadevida.com.ar\/portalurbano\/agente-de-la-unidad-38-obtuvo-el-segundo-puesto-del-gran-prix-deportivo-anual-del-spb\/","og_locale":"es_ES","og_type":"article","og_title":"Agente de la Unidad 38 obtuvo el segundo puesto del Gran Prix deportivo anual del SPB -","og_description":"Se trata del Sargento Elvis Garc\u00eda Ortiz, quien el pasado viernes concurri\u00f3 a las Instalaciones...","og_url":"https:\/\/experienciadevida.com.ar\/portalurbano\/agente-de-la-unidad-38-obtuvo-el-segundo-puesto-del-gran-prix-deportivo-anual-del-spb\/","article_publisher":"https:\/\/www.facebook.com\/Portal-Urbano-171542830093757\/","article_published_time":"2019-04-03T14:45:17+00:00","article_modified_time":"2019-04-03T14:45:39+00:00","og_image":[{"width":800,"height":450,"url":"https:\/\/experienciadevida.com.ar\/portalurbano\/wp-content\/uploads\/2019\/04\/AGENTE.jpeg","type":"image\/jpeg"}],"author":"admpu17wp","twitter_card":"summary_large_image","twitter_creator":"@portalurbanook","twitter_site":"@portalurbanook","twitter_misc":{"Escrito por":"admpu17wp","Tiempo de lectura":"1 minuto"},"schema":{"@context":"https:\/\/schema.org","@graph":[{"@type":"Article","@id":"https:\/\/experienciadevida.com.ar\/portalurbano\/agente-de-la-unidad-38-obtuvo-el-segundo-puesto-del-gran-prix-deportivo-anual-del-spb\/#article","isPartOf":{"@id":"https:\/\/experienciadevida.com.ar\/portalurbano\/agente-de-la-unidad-38-obtuvo-el-segundo-puesto-del-gran-prix-deportivo-anual-del-spb\/"},"author":{"name":"admpu17wp","@id":"https:\/\/experienciadevida.com.ar\/portalurbano\/#\/schema\/person\/02dd326b1c4b056e9cc972486934a3a7"},"headline":"Agente de la Unidad 38 obtuvo el segundo puesto del Gran Prix deportivo anual del SPB","datePublished":"2019-04-03T14:45:17+00:00","dateModified":"2019-04-03T14:45:39+00:00","mainEntityOfPage":{"@id":"https:\/\/experienciadevida.com.ar\/portalurbano\/agente-de-la-unidad-38-obtuvo-el-segundo-puesto-del-gran-prix-deportivo-anual-del-spb\/"},"wordCount":248,"commentCount":0,"publisher":{"@id":"https:\/\/experienciadevida.com.ar\/portalurbano\/#organization"},"articleSection":["Cultura"],"inLanguage":"es","potentialAction":[{"@type":"CommentAction","name":"Comment","target":["https:\/\/experienciadevida.com.ar\/portalurbano\/agente-de-la-unidad-38-obtuvo-el-segundo-puesto-del-gran-prix-deportivo-anual-del-spb\/#respond"]}]},{"@type":"WebPage","@id":"https:\/\/experienciadevida.com.ar\/portalurbano\/agente-de-la-unidad-38-obtuvo-el-segundo-puesto-del-gran-prix-deportivo-anual-del-spb\/","url":"https:\/\/experienciadevida.com.ar\/portalurbano\/agente-de-la-unidad-38-obtuvo-el-segundo-puesto-del-gran-prix-deportivo-anual-del-spb\/","name":"Agente de la Unidad 38 obtuvo el segundo puesto del Gran Prix deportivo anual del SPB -","isPartOf":{"@id":"https:\/\/experienciadevida.com.ar\/portalurbano\/#website"},"datePublished":"2019-04-03T14:45:17+00:00","dateModified":"2019-04-03T14:45:39+00:00","breadcrumb":{"@id":"https:\/\/experienciadevida.com.ar\/portalurbano\/agente-de-la-unidad-38-obtuvo-el-segundo-puesto-del-gran-prix-deportivo-anual-del-spb\/#breadcrumb"},"inLanguage":"es","potentialAction":[{"@type":"ReadAction","target":["https:\/\/experienciadevida.com.ar\/portalurbano\/agente-de-la-unidad-38-obtuvo-el-segundo-puesto-del-gran-prix-deportivo-anual-del-spb\/"]}]},{"@type":"BreadcrumbList","@id":"https:\/\/experienciadevida.com.ar\/portalurbano\/agente-de-la-unidad-38-obtuvo-el-segundo-puesto-del-gran-prix-deportivo-anual-del-spb\/#breadcrumb","itemListElement":[{"@type":"ListItem","position":1,"name":"Portada","item":"https:\/\/experienciadevida.com.ar\/portalurbano\/"},{"@type":"ListItem","position":2,"name":"Agente de la Unidad 38 obtuvo el segundo puesto del Gran Prix deportivo anual del SPB"}]},{"@type":"WebSite","@id":"https:\/\/experienciadevida.com.ar\/portalurbano\/#website","url":"https:\/\/experienciadevida.com.ar\/portalurbano\/","name":"","description":"","publisher":{"@id":"https:\/\/experienciadevida.com.ar\/portalurbano\/#organization"},"potentialAction":[{"@type":"SearchAction","target":{"@type":"EntryPoint","urlTemplate":"https:\/\/experienciadevida.com.ar\/portalurbano\/?s={search_term_string}"},"query-input":"required name=search_term_string"}],"inLanguage":"es"},{"@type":"Organization","@id":"https:\/\/experienciadevida.com.ar\/portalurbano\/#organization","name":"Portal Urbano","url":"https:\/\/experienciadevida.com.ar\/portalurbano\/","logo":{"@type":"ImageObject","inLanguage":"es","@id":"https:\/\/experienciadevida.com.ar\/portalurbano\/#\/schema\/logo\/image\/","url":"https:\/\/experienciadevida.com.ar\/portalurbano\/wp-content\/uploads\/2019\/09\/Logo-Original.png","contentUrl":"https:\/\/experienciadevida.com.ar\/portalurbano\/wp-content\/uploads\/2019\/09\/Logo-Original.png","width":2236,"height":1216,"caption":"Portal Urbano"},"image":{"@id":"https:\/\/experienciadevida.com.ar\/portalurbano\/#\/schema\/logo\/image\/"},"sameAs":["https:\/\/www.facebook.com\/Portal-Urbano-171542830093757\/","https:\/\/twitter.com\/portalurbanook","https:\/\/www.instagram.com\/_portalurbano\/","https:\/\/www.youtube.com\/channel\/UCXhagIfszH8KxFiOok79zbA?view_as=subscriber"]},{"@type":"Person","@id":"https:\/\/experienciadevida.com.ar\/portalurbano\/#\/schema\/person\/02dd326b1c4b056e9cc972486934a3a7","name":"admpu17wp","image":{"@type":"ImageObject","inLanguage":"es","@id":"https:\/\/experienciadevida.com.ar\/portalurbano\/#\/schema\/person\/image\/","url":"https:\/\/secure.gravatar.com\/avatar\/830d4c57adaae6630765e449a6908047?s=96&d=mm&r=g","contentUrl":"https:\/\/secure.gravatar.com\/avatar\/830d4c57adaae6630765e449a6908047?s=96&d=mm&r=g","caption":"admpu17wp"}}]}},"featured_image_urls":{"full":"","thumbnail":"","medium":"","medium_large":"","large":"","ug_big":"","1536x1536":"","2048x2048":"","newsever-slider-full":"","newsever-featured":"","newsever-medium":"","web-stories-poster-portrait":"","web-stories-publisher-logo":"","web-stories-thumbnail":""},"author_info":{"display_name":"admpu17wp","author_link":"https:\/\/experienciadevida.com.ar\/portalurbano\/author\/admpu17wp\/"},"category_info":"<a href=\"https:\/\/experienciadevida.com.ar\/portalurbano\/category\/ciudad\/cultura\/\" rel=\"category tag\">Cultura<\/a>","tag_info":"Cultura","comment_count":"0","amp_enabled":true,"_links":{"self":[{"href":"https:\/\/experienciadevida.com.ar\/portalurbano\/wp-json\/wp\/v2\/posts\/62897"}],"collection":[{"href":"https:\/\/experienciadevida.com.ar\/portalurbano\/wp-json\/wp\/v2\/posts"}],"about":[{"href":"https:\/\/experienciadevida.com.ar\/portalurbano\/wp-json\/wp\/v2\/types\/post"}],"author":[{"embeddable":true,"href":"https:\/\/experienciadevida.com.ar\/portalurbano\/wp-json\/wp\/v2\/users\/1"}],"replies":[{"embeddable":true,"href":"https:\/\/experienciadevida.com.ar\/portalurbano\/wp-json\/wp\/v2\/comments?post=62897"}],"version-history":[{"count":1,"href":"https:\/\/experienciadevida.com.ar\/portalurbano\/wp-json\/wp\/v2\/posts\/62897\/revisions"}],"predecessor-version":[{"id":62901,"href":"https:\/\/experienciadevida.com.ar\/portalurbano\/wp-json\/wp\/v2\/posts\/62897\/revisions\/62901"}],"wp:attachment":[{"href":"https:\/\/experienciadevida.com.ar\/portalurbano\/wp-json\/wp\/v2\/media?parent=62897"}],"wp:term":[{"taxonomy":"category","embeddable":true,"href":"https:\/\/experienciadevida.com.ar\/portalurbano\/wp-json\/wp\/v2\/categories?post=62897"},{"taxonomy":"post_tag","embeddable":true,"href":"https:\/\/experienciadevida.com.ar\/portalurbano\/wp-json\/wp\/v2\/tags?post=62897"}],"curies":[{"name":"wp","href":"https:\/\/api.w.org\/{rel}","templated":true}]}}