{"id":62749,"date":"2019-04-01T20:10:52","date_gmt":"2019-04-01T23:10:52","guid":{"rendered":"https:\/\/experienciadevida.com.ar\/portalurbano\/?p=62749"},"modified":"2019-04-01T20:10:52","modified_gmt":"2019-04-01T23:10:52","slug":"shell-baja-las-naftas-un-45-para-mantener-su-competitividad","status":"publish","type":"post","link":"https:\/\/experienciadevida.com.ar\/portalurbano\/shell-baja-las-naftas-un-45-para-mantener-su-competitividad\/","title":{"rendered":"Shell baja las naftas un 4,5% para mantener su competitividad"},"content":{"rendered":"<p>La petrolera implementar\u00e1 una rebaja, luego de un aumento inicial del 9,5%, muy encima del incremento dispuesto por su competencia<\/p>\n<p>La petrolera\u00a0<strong>Raizen<\/strong>, licenciataria de\u00a0<strong>Shell<\/strong>\u00a0en la Argentina, anunci\u00f3 que a partir de la medianoche de este martes implementar\u00e1 una rebaja del\u00a0<strong>4,5%<\/strong>\u00a0en los precios en sus combustibles, promedio en todo el pa\u00eds, para mantener su competitividad en el segmento seg\u00fan informaron fuentes de la empresa.<\/p>\n<p>La decisi\u00f3n de la compa\u00f1\u00eda brasile\u00f1a, que opera la marca Shell, se debe a una revisi\u00f3n del aumento inicial dispuesto el viernes que era del 9,5%, lo que result\u00f3 muy por encima de lo que hicieron horas despu\u00e9s su competencia, en particular\u00a0<strong>YPF y Axion.<\/strong><\/p>\n<p>Desde la empresa se explic\u00f3 a la agencia\u00a0<em>T\u00e9lam\u00a0<\/em>que si bien el aumento inicial es el que deber\u00eda aplicarse para cubrir el incremento de costos reflejados por los movimientos en el tipo de cambio, del crudo Brent y del componente impositivo, tambi\u00e9n es necesario atender la competitividad de los productos de la marca ante los principales jugadores del mercado.<\/p>\n<p>Raizen lograr\u00e1 que las estaciones Shell exhiban precios m\u00e1s cercanos a los que decidieron este fin de semana YPF y Axion, con las cuales conforma m\u00e1s del 90% del mercado de combustibles l\u00edquidos en el segmento minorista.<\/p>\n<div class=\"penci-pullqoute align-none\">\n<blockquote><p>Axion aument\u00f3 desde la cero de este lunes entre 4,5% y 5,3% mientras que YPF lo hizo en un 4,55% para las naftas y un $4,89 para el gasoil.<\/p><\/blockquote>\n<\/div>\n<p>Las subas, seg\u00fan coincidieron fuentes de las compa\u00f1\u00edas, responden la apreciaci\u00f3n del d\u00f3lar, al avance del precio del crudo Brent que viene con un tendencia alcista en las \u00faltimas semanas y que cerr\u00f3 el viernes a US$ 68,39 el barril y a la implementaci\u00f3n de la segunda etapa del incremento impositivo a los combustibles del 11,6%.<\/p>\n<div class=\"penci-pullqoute align-none\">\n<blockquote><p>El gobierno nacional decidi\u00f3 desdoblar en marzo la aplicaci\u00f3n de este impuesto, que es de de actualizaci\u00f3n trimestral, para morigerar su impacto en la variaci\u00f3n de precios de la econom\u00eda.<\/p><\/blockquote>\n<\/div>\n<p>De esta manera, las petroleras incorporaron a partir de hoy el segundo tramo de aumento que es del 5,6%, lo que equivale proporcionalmente a $0,48 por litro de nafta.<\/p>\n","protected":false},"excerpt":{"rendered":"<p>La petrolera implementar\u00e1 una rebaja, luego de un aumento inicial del 9,5%, muy encima del&#8230;<\/p>\n","protected":false},"author":1,"featured_media":0,"comment_status":"open","ping_status":"open","sticky":false,"template":"","format":"standard","meta":{"content-type":""},"categories":[39],"tags":[],"nelio_content":{"isAutoShareEnabled":false,"autoShareEndMode":"default","automationSources":{"useContentSentences":true,"useSocialTemplates":true,"useCustomSentences":false,"customSentences":[]},"followers":[1],"suggestedReferences":[],"includedReferences":[],"efiUrl":"","efiAlt":"","highlights":[]},"yoast_head":"<!-- This site is optimized with the Yoast SEO plugin v20.7 - https:\/\/yoast.com\/wordpress\/plugins\/seo\/ -->\n<title>Shell baja las naftas un 4,5% para mantener su competitividad -<\/title>\n<meta name=\"robots\" content=\"index, follow, max-snippet:-1, max-image-preview:large, max-video-preview:-1\" \/>\n<link rel=\"canonical\" href=\"https:\/\/experienciadevida.com.ar\/portalurbano\/shell-baja-las-naftas-un-45-para-mantener-su-competitividad\/\" \/>\n<meta property=\"og:locale\" content=\"es_ES\" \/>\n<meta property=\"og:type\" content=\"article\" \/>\n<meta property=\"og:title\" content=\"Shell baja las naftas un 4,5% para mantener su competitividad -\" \/>\n<meta property=\"og:description\" content=\"La petrolera implementar\u00e1 una rebaja, luego de un aumento inicial del 9,5%, muy encima del...\" \/>\n<meta property=\"og:url\" content=\"https:\/\/experienciadevida.com.ar\/portalurbano\/shell-baja-las-naftas-un-45-para-mantener-su-competitividad\/\" \/>\n<meta property=\"article:publisher\" content=\"https:\/\/www.facebook.com\/Portal-Urbano-171542830093757\/\" \/>\n<meta property=\"article:published_time\" content=\"2019-04-01T23:10:52+00:00\" \/>\n<meta property=\"og:image\" content=\"https:\/\/experienciadevida.com.ar\/portalurbano\/wp-content\/uploads\/2019\/04\/0005515659-e1554160188166.jpg\" \/>\n\t<meta property=\"og:image:width\" content=\"750\" \/>\n\t<meta property=\"og:image:height\" content=\"563\" \/>\n\t<meta property=\"og:image:type\" content=\"image\/jpeg\" \/>\n<meta name=\"author\" content=\"admpu17wp\" \/>\n<meta name=\"twitter:card\" content=\"summary_large_image\" \/>\n<meta name=\"twitter:creator\" content=\"@portalurbanook\" \/>\n<meta name=\"twitter:site\" content=\"@portalurbanook\" \/>\n<meta name=\"twitter:label1\" content=\"Escrito por\" \/>\n\t<meta name=\"twitter:data1\" content=\"admpu17wp\" \/>\n\t<meta name=\"twitter:label2\" content=\"Tiempo de lectura\" \/>\n\t<meta name=\"twitter:data2\" content=\"2 minutos\" \/>\n<script type=\"application\/ld+json\" class=\"yoast-schema-graph\">{\"@context\":\"https:\/\/schema.org\",\"@graph\":[{\"@type\":\"Article\",\"@id\":\"https:\/\/experienciadevida.com.ar\/portalurbano\/shell-baja-las-naftas-un-45-para-mantener-su-competitividad\/#article\",\"isPartOf\":{\"@id\":\"https:\/\/experienciadevida.com.ar\/portalurbano\/shell-baja-las-naftas-un-45-para-mantener-su-competitividad\/\"},\"author\":{\"name\":\"admpu17wp\",\"@id\":\"https:\/\/experienciadevida.com.ar\/portalurbano\/#\/schema\/person\/02dd326b1c4b056e9cc972486934a3a7\"},\"headline\":\"Shell baja las naftas un 4,5% para mantener su competitividad\",\"datePublished\":\"2019-04-01T23:10:52+00:00\",\"dateModified\":\"2019-04-01T23:10:52+00:00\",\"mainEntityOfPage\":{\"@id\":\"https:\/\/experienciadevida.com.ar\/portalurbano\/shell-baja-las-naftas-un-45-para-mantener-su-competitividad\/\"},\"wordCount\":379,\"commentCount\":0,\"publisher\":{\"@id\":\"https:\/\/experienciadevida.com.ar\/portalurbano\/#organization\"},\"articleSection\":[\"Naci\u00f3n\"],\"inLanguage\":\"es\",\"potentialAction\":[{\"@type\":\"CommentAction\",\"name\":\"Comment\",\"target\":[\"https:\/\/experienciadevida.com.ar\/portalurbano\/shell-baja-las-naftas-un-45-para-mantener-su-competitividad\/#respond\"]}]},{\"@type\":\"WebPage\",\"@id\":\"https:\/\/experienciadevida.com.ar\/portalurbano\/shell-baja-las-naftas-un-45-para-mantener-su-competitividad\/\",\"url\":\"https:\/\/experienciadevida.com.ar\/portalurbano\/shell-baja-las-naftas-un-45-para-mantener-su-competitividad\/\",\"name\":\"Shell baja las naftas un 4,5% para mantener su competitividad -\",\"isPartOf\":{\"@id\":\"https:\/\/experienciadevida.com.ar\/portalurbano\/#website\"},\"datePublished\":\"2019-04-01T23:10:52+00:00\",\"dateModified\":\"2019-04-01T23:10:52+00:00\",\"breadcrumb\":{\"@id\":\"https:\/\/experienciadevida.com.ar\/portalurbano\/shell-baja-las-naftas-un-45-para-mantener-su-competitividad\/#breadcrumb\"},\"inLanguage\":\"es\",\"potentialAction\":[{\"@type\":\"ReadAction\",\"target\":[\"https:\/\/experienciadevida.com.ar\/portalurbano\/shell-baja-las-naftas-un-45-para-mantener-su-competitividad\/\"]}]},{\"@type\":\"BreadcrumbList\",\"@id\":\"https:\/\/experienciadevida.com.ar\/portalurbano\/shell-baja-las-naftas-un-45-para-mantener-su-competitividad\/#breadcrumb\",\"itemListElement\":[{\"@type\":\"ListItem\",\"position\":1,\"name\":\"Portada\",\"item\":\"https:\/\/experienciadevida.com.ar\/portalurbano\/\"},{\"@type\":\"ListItem\",\"position\":2,\"name\":\"Shell baja las naftas un 4,5% para mantener su competitividad\"}]},{\"@type\":\"WebSite\",\"@id\":\"https:\/\/experienciadevida.com.ar\/portalurbano\/#website\",\"url\":\"https:\/\/experienciadevida.com.ar\/portalurbano\/\",\"name\":\"\",\"description\":\"\",\"publisher\":{\"@id\":\"https:\/\/experienciadevida.com.ar\/portalurbano\/#organization\"},\"potentialAction\":[{\"@type\":\"SearchAction\",\"target\":{\"@type\":\"EntryPoint\",\"urlTemplate\":\"https:\/\/experienciadevida.com.ar\/portalurbano\/?s={search_term_string}\"},\"query-input\":\"required name=search_term_string\"}],\"inLanguage\":\"es\"},{\"@type\":\"Organization\",\"@id\":\"https:\/\/experienciadevida.com.ar\/portalurbano\/#organization\",\"name\":\"Portal Urbano\",\"url\":\"https:\/\/experienciadevida.com.ar\/portalurbano\/\",\"logo\":{\"@type\":\"ImageObject\",\"inLanguage\":\"es\",\"@id\":\"https:\/\/experienciadevida.com.ar\/portalurbano\/#\/schema\/logo\/image\/\",\"url\":\"https:\/\/experienciadevida.com.ar\/portalurbano\/wp-content\/uploads\/2019\/09\/Logo-Original.png\",\"contentUrl\":\"https:\/\/experienciadevida.com.ar\/portalurbano\/wp-content\/uploads\/2019\/09\/Logo-Original.png\",\"width\":2236,\"height\":1216,\"caption\":\"Portal Urbano\"},\"image\":{\"@id\":\"https:\/\/experienciadevida.com.ar\/portalurbano\/#\/schema\/logo\/image\/\"},\"sameAs\":[\"https:\/\/www.facebook.com\/Portal-Urbano-171542830093757\/\",\"https:\/\/twitter.com\/portalurbanook\",\"https:\/\/www.instagram.com\/_portalurbano\/\",\"https:\/\/www.youtube.com\/channel\/UCXhagIfszH8KxFiOok79zbA?view_as=subscriber\"]},{\"@type\":\"Person\",\"@id\":\"https:\/\/experienciadevida.com.ar\/portalurbano\/#\/schema\/person\/02dd326b1c4b056e9cc972486934a3a7\",\"name\":\"admpu17wp\",\"image\":{\"@type\":\"ImageObject\",\"inLanguage\":\"es\",\"@id\":\"https:\/\/experienciadevida.com.ar\/portalurbano\/#\/schema\/person\/image\/\",\"url\":\"https:\/\/secure.gravatar.com\/avatar\/830d4c57adaae6630765e449a6908047?s=96&d=mm&r=g\",\"contentUrl\":\"https:\/\/secure.gravatar.com\/avatar\/830d4c57adaae6630765e449a6908047?s=96&d=mm&r=g\",\"caption\":\"admpu17wp\"}}]}<\/script>\n<!-- \/ Yoast SEO plugin. -->","yoast_head_json":{"title":"Shell baja las naftas un 4,5% para mantener su competitividad -","robots":{"index":"index","follow":"follow","max-snippet":"max-snippet:-1","max-image-preview":"max-image-preview:large","max-video-preview":"max-video-preview:-1"},"canonical":"https:\/\/experienciadevida.com.ar\/portalurbano\/shell-baja-las-naftas-un-45-para-mantener-su-competitividad\/","og_locale":"es_ES","og_type":"article","og_title":"Shell baja las naftas un 4,5% para mantener su competitividad -","og_description":"La petrolera implementar\u00e1 una rebaja, luego de un aumento inicial del 9,5%, muy encima del...","og_url":"https:\/\/experienciadevida.com.ar\/portalurbano\/shell-baja-las-naftas-un-45-para-mantener-su-competitividad\/","article_publisher":"https:\/\/www.facebook.com\/Portal-Urbano-171542830093757\/","article_published_time":"2019-04-01T23:10:52+00:00","og_image":[{"width":750,"height":563,"url":"https:\/\/experienciadevida.com.ar\/portalurbano\/wp-content\/uploads\/2019\/04\/0005515659-e1554160188166.jpg","type":"image\/jpeg"}],"author":"admpu17wp","twitter_card":"summary_large_image","twitter_creator":"@portalurbanook","twitter_site":"@portalurbanook","twitter_misc":{"Escrito por":"admpu17wp","Tiempo de lectura":"2 minutos"},"schema":{"@context":"https:\/\/schema.org","@graph":[{"@type":"Article","@id":"https:\/\/experienciadevida.com.ar\/portalurbano\/shell-baja-las-naftas-un-45-para-mantener-su-competitividad\/#article","isPartOf":{"@id":"https:\/\/experienciadevida.com.ar\/portalurbano\/shell-baja-las-naftas-un-45-para-mantener-su-competitividad\/"},"author":{"name":"admpu17wp","@id":"https:\/\/experienciadevida.com.ar\/portalurbano\/#\/schema\/person\/02dd326b1c4b056e9cc972486934a3a7"},"headline":"Shell baja las naftas un 4,5% para mantener su competitividad","datePublished":"2019-04-01T23:10:52+00:00","dateModified":"2019-04-01T23:10:52+00:00","mainEntityOfPage":{"@id":"https:\/\/experienciadevida.com.ar\/portalurbano\/shell-baja-las-naftas-un-45-para-mantener-su-competitividad\/"},"wordCount":379,"commentCount":0,"publisher":{"@id":"https:\/\/experienciadevida.com.ar\/portalurbano\/#organization"},"articleSection":["Naci\u00f3n"],"inLanguage":"es","potentialAction":[{"@type":"CommentAction","name":"Comment","target":["https:\/\/experienciadevida.com.ar\/portalurbano\/shell-baja-las-naftas-un-45-para-mantener-su-competitividad\/#respond"]}]},{"@type":"WebPage","@id":"https:\/\/experienciadevida.com.ar\/portalurbano\/shell-baja-las-naftas-un-45-para-mantener-su-competitividad\/","url":"https:\/\/experienciadevida.com.ar\/portalurbano\/shell-baja-las-naftas-un-45-para-mantener-su-competitividad\/","name":"Shell baja las naftas un 4,5% para mantener su competitividad -","isPartOf":{"@id":"https:\/\/experienciadevida.com.ar\/portalurbano\/#website"},"datePublished":"2019-04-01T23:10:52+00:00","dateModified":"2019-04-01T23:10:52+00:00","breadcrumb":{"@id":"https:\/\/experienciadevida.com.ar\/portalurbano\/shell-baja-las-naftas-un-45-para-mantener-su-competitividad\/#breadcrumb"},"inLanguage":"es","potentialAction":[{"@type":"ReadAction","target":["https:\/\/experienciadevida.com.ar\/portalurbano\/shell-baja-las-naftas-un-45-para-mantener-su-competitividad\/"]}]},{"@type":"BreadcrumbList","@id":"https:\/\/experienciadevida.com.ar\/portalurbano\/shell-baja-las-naftas-un-45-para-mantener-su-competitividad\/#breadcrumb","itemListElement":[{"@type":"ListItem","position":1,"name":"Portada","item":"https:\/\/experienciadevida.com.ar\/portalurbano\/"},{"@type":"ListItem","position":2,"name":"Shell baja las naftas un 4,5% para mantener su competitividad"}]},{"@type":"WebSite","@id":"https:\/\/experienciadevida.com.ar\/portalurbano\/#website","url":"https:\/\/experienciadevida.com.ar\/portalurbano\/","name":"","description":"","publisher":{"@id":"https:\/\/experienciadevida.com.ar\/portalurbano\/#organization"},"potentialAction":[{"@type":"SearchAction","target":{"@type":"EntryPoint","urlTemplate":"https:\/\/experienciadevida.com.ar\/portalurbano\/?s={search_term_string}"},"query-input":"required name=search_term_string"}],"inLanguage":"es"},{"@type":"Organization","@id":"https:\/\/experienciadevida.com.ar\/portalurbano\/#organization","name":"Portal Urbano","url":"https:\/\/experienciadevida.com.ar\/portalurbano\/","logo":{"@type":"ImageObject","inLanguage":"es","@id":"https:\/\/experienciadevida.com.ar\/portalurbano\/#\/schema\/logo\/image\/","url":"https:\/\/experienciadevida.com.ar\/portalurbano\/wp-content\/uploads\/2019\/09\/Logo-Original.png","contentUrl":"https:\/\/experienciadevida.com.ar\/portalurbano\/wp-content\/uploads\/2019\/09\/Logo-Original.png","width":2236,"height":1216,"caption":"Portal Urbano"},"image":{"@id":"https:\/\/experienciadevida.com.ar\/portalurbano\/#\/schema\/logo\/image\/"},"sameAs":["https:\/\/www.facebook.com\/Portal-Urbano-171542830093757\/","https:\/\/twitter.com\/portalurbanook","https:\/\/www.instagram.com\/_portalurbano\/","https:\/\/www.youtube.com\/channel\/UCXhagIfszH8KxFiOok79zbA?view_as=subscriber"]},{"@type":"Person","@id":"https:\/\/experienciadevida.com.ar\/portalurbano\/#\/schema\/person\/02dd326b1c4b056e9cc972486934a3a7","name":"admpu17wp","image":{"@type":"ImageObject","inLanguage":"es","@id":"https:\/\/experienciadevida.com.ar\/portalurbano\/#\/schema\/person\/image\/","url":"https:\/\/secure.gravatar.com\/avatar\/830d4c57adaae6630765e449a6908047?s=96&d=mm&r=g","contentUrl":"https:\/\/secure.gravatar.com\/avatar\/830d4c57adaae6630765e449a6908047?s=96&d=mm&r=g","caption":"admpu17wp"}}]}},"featured_image_urls":{"full":"","thumbnail":"","medium":"","medium_large":"","large":"","ug_big":"","1536x1536":"","2048x2048":"","newsever-slider-full":"","newsever-featured":"","newsever-medium":"","web-stories-poster-portrait":"","web-stories-publisher-logo":"","web-stories-thumbnail":""},"author_info":{"display_name":"admpu17wp","author_link":"https:\/\/experienciadevida.com.ar\/portalurbano\/author\/admpu17wp\/"},"category_info":"<a href=\"https:\/\/experienciadevida.com.ar\/portalurbano\/category\/nacion\/\" rel=\"category tag\">Naci\u00f3n<\/a>","tag_info":"Naci\u00f3n","comment_count":"0","amp_enabled":true,"_links":{"self":[{"href":"https:\/\/experienciadevida.com.ar\/portalurbano\/wp-json\/wp\/v2\/posts\/62749"}],"collection":[{"href":"https:\/\/experienciadevida.com.ar\/portalurbano\/wp-json\/wp\/v2\/posts"}],"about":[{"href":"https:\/\/experienciadevida.com.ar\/portalurbano\/wp-json\/wp\/v2\/types\/post"}],"author":[{"embeddable":true,"href":"https:\/\/experienciadevida.com.ar\/portalurbano\/wp-json\/wp\/v2\/users\/1"}],"replies":[{"embeddable":true,"href":"https:\/\/experienciadevida.com.ar\/portalurbano\/wp-json\/wp\/v2\/comments?post=62749"}],"version-history":[{"count":2,"href":"https:\/\/experienciadevida.com.ar\/portalurbano\/wp-json\/wp\/v2\/posts\/62749\/revisions"}],"predecessor-version":[{"id":62754,"href":"https:\/\/experienciadevida.com.ar\/portalurbano\/wp-json\/wp\/v2\/posts\/62749\/revisions\/62754"}],"wp:attachment":[{"href":"https:\/\/experienciadevida.com.ar\/portalurbano\/wp-json\/wp\/v2\/media?parent=62749"}],"wp:term":[{"taxonomy":"category","embeddable":true,"href":"https:\/\/experienciadevida.com.ar\/portalurbano\/wp-json\/wp\/v2\/categories?post=62749"},{"taxonomy":"post_tag","embeddable":true,"href":"https:\/\/experienciadevida.com.ar\/portalurbano\/wp-json\/wp\/v2\/tags?post=62749"}],"curies":[{"name":"wp","href":"https:\/\/api.w.org\/{rel}","templated":true}]}}