{"id":62562,"date":"2019-03-31T11:00:45","date_gmt":"2019-03-31T14:00:45","guid":{"rendered":"https:\/\/experienciadevida.com.ar\/portalurbano\/?p=62562"},"modified":"2019-03-31T11:00:45","modified_gmt":"2019-03-31T14:00:45","slug":"a-partir-de-manana-sera-obligatorio-el-uso-de-factura-electronica-como-generarla","status":"publish","type":"post","link":"https:\/\/experienciadevida.com.ar\/portalurbano\/a-partir-de-manana-sera-obligatorio-el-uso-de-factura-electronica-como-generarla\/","title":{"rendered":"A partir de ma\u00f1ana ser\u00e1 obligatorio el uso de factura electr\u00f3nica: c\u00f3mo generarla"},"content":{"rendered":"<article id=\"article-post\" class=\"first\">\n<p class=\"interiorCopete\">En abril comienza a regir la obligatoriedad para las categor\u00edas de menor facturaci\u00f3n. Paso a paso c\u00f3mo generar el comprobante<\/p>\n<div class=\"separator-line\">A partir del 1 de abril rige la obligatoriedad de utilizar factura electr\u00f3nica para todas las\u00a0<strong>categor\u00edas del monotributo<\/strong>, de acuerdo a la normativa establecida por la\u00a0<strong>Administraci\u00f3n Federal de Ingresos P\u00fablicos (AFIP).<\/strong><\/div>\n<div class=\"cuerpo\" data-twitter-link=\"https:\/\/twitter.com\/intent\/tweet?url=https:\/\/www.diariopopular.com.ar\/\/c389732&amp;via=poopulardiario&amp;related=Diario Popular&amp;text=\">\n<div id=\"div-gpt-ad-nota-524128\" class=\"banner-90\" data-mapping=\"mapping9\" data-google-query-id=\"COfLvdfErOECFYxgwQod3uQK9g\">\n<div id=\"google_ads_iframe_\/7581181\/dp_universal_0__container__\"><\/div>\n<\/div>\n<\/div>\n<\/article>\n<article id=\"article-post\">\n<div class=\"cuerpo\" data-twitter-link=\"https:\/\/twitter.com\/intent\/tweet?url=https:\/\/www.diariopopular.com.ar\/\/c389732&amp;via=poopulardiario&amp;related=Diario Popular&amp;text=\">\n<p>La implementaci\u00f3n se fue dando de forma progresiva las distintas categor\u00edas del\u00a0<strong>R\u00e9gimen Simplificado<\/strong>, en un cronograma que comenz\u00f3 en febrero, y<strong>\u00a0a partir de abril alcanza a las categor\u00edas de menor facturaci\u00f3n (\u201cA\u201d).<\/strong><\/p>\n<p>Sin embargo, podr\u00e1n quedar exceptuados de la obligaci\u00f3n aquellos contribuyentes que opten por\u00a0<strong>emitir sus comprobantes mediante el uso de controladores fiscales.<\/strong>\u00a0En ese caso, deber\u00e1n solicitar previamente la habilitaci\u00f3n del equipo.<\/p>\n<div id=\"sc_intxt_container\">\n<div>\n<div id=\"sc_ava_companion\" class=\"sc_intxt_hided\">La factura electr\u00f3nica es un documento comercial en formato digital que<strong>\u00a0reemplaza al formato en papel.<\/strong>\u00a0Si bien, las facturas en papel no ser\u00e1n eliminadas por completo, ya que servir\u00e1n de resguardo en caso de que se genere alg\u00fan inconveniente en el sistema electr\u00f3nico.<\/div>\n<\/div>\n<\/div>\n<p>De esta manera, el organismo busca agilizar las operaciones, evitar costos de impresi\u00f3n y distribuci\u00f3n, permitir al usuario personalizar sus comprobantes, y registrar en las bases de<strong>\u00a0AFIP todos los comprobantes facturados en tiempo real<\/strong><\/p>\n<h2>Paso a paso: c\u00f3mo realizarlo<\/h2>\n<p>Para realizar el tr\u00e1mite, es necesario<strong>\u00a0ingresar al sitio web del organismo con clave fiscal con nivel de seguridad 2<\/strong>\u00a0o superior. El tr\u00e1mite es gratuito.<\/p>\n<p>El sistema desplegar\u00e1 en pantalla la lista de servicios habilitados. Se debe seleccionar \u201c<strong>Comprobantes en l\u00ednea<\/strong>\u201d y clickear en la opci\u00f3n que corresponda como monotributista. Se desplegar\u00e1 la pantalla del\u00a0<strong>R\u00e9gimen de Comprobantes en l\u00ednea.<\/strong>\u00a0En esa pesta\u00f1a, se debe selecci\u00f3n la opci\u00f3n de\u00a0<strong>Datos Adicionales del Comprobante<\/strong>, donde se deben completar los\u00a0<strong>datos que figurar\u00e1n en la factura.<\/strong><\/p>\n<div id=\"div-gpt-ad-nota-245246\" class=\"banner-90\" data-mapping=\"mapping9\" data-google-query-id=\"CJ_NvdfErOECFYxgwQod3uQK9g\">\n<div id=\"google_ads_iframe_\/7581181\/dp_universal_1__container__\">La AFIP precis\u00f3 que &#8220;para poder emitir comprobantes electr\u00f3nicos, los contribuyentes previamente deber\u00e1n\u00a0<strong>dar de alta un nuevo punto de venta<\/strong>, diferente al que utilizaban para facturar manualmente&#8221;. Para ello, en la opci\u00f3n\u00a0<strong>\u201cABM Puntos de Ventas\u201d,<\/strong>\u00a0ser\u00e1 necesario dar de alta un nuevo punto de venta con el tipo de comprobante \u201c<strong>Factura en l\u00ednea\u201d.<\/strong><\/div>\n<\/div>\n<p>Finalmente, en\u00a0<strong>Generar Comprobantes,<\/strong>\u00a0se deber\u00e1n completar los datos de emisi\u00f3n de la factura y los datos del receptor, as\u00ed como las condiciones de venta. Al finalizar,<strong>\u00a0el sistema permitir\u00e1 visualizar la factura e imprimirla por triplicado.<\/strong><\/p>\n<p>Para agilizar a\u00fan m\u00e1s el proceso, la AFIP desarroll\u00f3 la aplicaci\u00f3n para dispositivos m\u00f3viles\u00a0<strong>Facturador M\u00f3vil,<\/strong>\u00a0a trav\u00e9s de la cual los\u00a0monotributistas\u00a0pueden\u00a0<strong>generar los comprobantes en el momento y lugar que lo precisen, as\u00ed como consultar las facturas emitidas y contar con una base de datos de clientes.<\/strong><\/p>\n<div id=\"379988-Libre-523384019_wrap\" class=\"embed_cont type_imagen no-epigrafe no-copyright\">\n<div id=\"379988-Libre-523384019_content\" class=\"embed_content\"><img decoding=\"async\" id=\"379988-Libre-523384019_embed\" src=\"https:\/\/media.diariopopular.com.ar\/adjuntos\/143\/imagenes\/005\/776\/0005776113.jpg?0000-00-00-00-00-00\" alt=\"\" longdesc=\"https:\/\/media.diariopopular.com.ar\/adjuntos\/143\/imagenes\/005\/776\/0005776113.jpg?0000-00-00-00-00-00\" \/><\/div>\n<\/div>\n<\/div>\n<\/article>\n","protected":false},"excerpt":{"rendered":"<p>En abril comienza a regir la obligatoriedad para las categor\u00edas de menor facturaci\u00f3n. Paso a&#8230;<\/p>\n","protected":false},"author":1,"featured_media":-62562,"comment_status":"open","ping_status":"open","sticky":false,"template":"","format":"standard","meta":{"content-type":""},"categories":[39],"tags":[],"nelio_content":{"isAutoShareEnabled":false,"autoShareEndMode":"default","automationSources":{"useContentSentences":true,"useSocialTemplates":true,"useCustomSentences":false,"customSentences":[]},"followers":[1],"suggestedReferences":[],"includedReferences":[],"efiUrl":"","efiAlt":"","highlights":[]},"yoast_head":"<!-- This site is optimized with the Yoast SEO plugin v20.7 - https:\/\/yoast.com\/wordpress\/plugins\/seo\/ -->\n<title>A partir de ma\u00f1ana ser\u00e1 obligatorio el uso de factura electr\u00f3nica: c\u00f3mo generarla -<\/title>\n<meta name=\"robots\" content=\"index, follow, max-snippet:-1, max-image-preview:large, max-video-preview:-1\" \/>\n<link rel=\"canonical\" href=\"https:\/\/experienciadevida.com.ar\/portalurbano\/a-partir-de-manana-sera-obligatorio-el-uso-de-factura-electronica-como-generarla\/\" \/>\n<meta property=\"og:locale\" content=\"es_ES\" \/>\n<meta property=\"og:type\" content=\"article\" \/>\n<meta property=\"og:title\" content=\"A partir de ma\u00f1ana ser\u00e1 obligatorio el uso de factura electr\u00f3nica: c\u00f3mo generarla -\" \/>\n<meta property=\"og:description\" content=\"En abril comienza a regir la obligatoriedad para las categor\u00edas de menor facturaci\u00f3n. Paso a...\" \/>\n<meta property=\"og:url\" content=\"https:\/\/experienciadevida.com.ar\/portalurbano\/a-partir-de-manana-sera-obligatorio-el-uso-de-factura-electronica-como-generarla\/\" \/>\n<meta property=\"article:publisher\" content=\"https:\/\/www.facebook.com\/Portal-Urbano-171542830093757\/\" \/>\n<meta property=\"article:published_time\" content=\"2019-03-31T14:00:45+00:00\" \/>\n<meta property=\"og:image\" content=\"https:\/\/experienciadevida.com.ar\/portalurbano\/wp-content\/uploads\/2019\/03\/0005776102-e1554040823632.jpg\" \/>\n\t<meta property=\"og:image:width\" content=\"750\" \/>\n\t<meta property=\"og:image:height\" content=\"423\" \/>\n\t<meta property=\"og:image:type\" content=\"image\/jpeg\" \/>\n<meta name=\"author\" content=\"admpu17wp\" \/>\n<meta name=\"twitter:card\" content=\"summary_large_image\" \/>\n<meta name=\"twitter:creator\" content=\"@portalurbanook\" \/>\n<meta name=\"twitter:site\" content=\"@portalurbanook\" \/>\n<meta name=\"twitter:label1\" content=\"Escrito por\" \/>\n\t<meta name=\"twitter:data1\" content=\"admpu17wp\" \/>\n\t<meta name=\"twitter:label2\" content=\"Tiempo de lectura\" \/>\n\t<meta name=\"twitter:data2\" content=\"2 minutos\" \/>\n<script type=\"application\/ld+json\" class=\"yoast-schema-graph\">{\"@context\":\"https:\/\/schema.org\",\"@graph\":[{\"@type\":\"Article\",\"@id\":\"https:\/\/experienciadevida.com.ar\/portalurbano\/a-partir-de-manana-sera-obligatorio-el-uso-de-factura-electronica-como-generarla\/#article\",\"isPartOf\":{\"@id\":\"https:\/\/experienciadevida.com.ar\/portalurbano\/a-partir-de-manana-sera-obligatorio-el-uso-de-factura-electronica-como-generarla\/\"},\"author\":{\"name\":\"admpu17wp\",\"@id\":\"https:\/\/experienciadevida.com.ar\/portalurbano\/#\/schema\/person\/02dd326b1c4b056e9cc972486934a3a7\"},\"headline\":\"A partir de ma\u00f1ana ser\u00e1 obligatorio el uso de factura electr\u00f3nica: c\u00f3mo generarla\",\"datePublished\":\"2019-03-31T14:00:45+00:00\",\"dateModified\":\"2019-03-31T14:00:45+00:00\",\"mainEntityOfPage\":{\"@id\":\"https:\/\/experienciadevida.com.ar\/portalurbano\/a-partir-de-manana-sera-obligatorio-el-uso-de-factura-electronica-como-generarla\/\"},\"wordCount\":490,\"commentCount\":0,\"publisher\":{\"@id\":\"https:\/\/experienciadevida.com.ar\/portalurbano\/#organization\"},\"articleSection\":[\"Naci\u00f3n\"],\"inLanguage\":\"es\",\"potentialAction\":[{\"@type\":\"CommentAction\",\"name\":\"Comment\",\"target\":[\"https:\/\/experienciadevida.com.ar\/portalurbano\/a-partir-de-manana-sera-obligatorio-el-uso-de-factura-electronica-como-generarla\/#respond\"]}]},{\"@type\":\"WebPage\",\"@id\":\"https:\/\/experienciadevida.com.ar\/portalurbano\/a-partir-de-manana-sera-obligatorio-el-uso-de-factura-electronica-como-generarla\/\",\"url\":\"https:\/\/experienciadevida.com.ar\/portalurbano\/a-partir-de-manana-sera-obligatorio-el-uso-de-factura-electronica-como-generarla\/\",\"name\":\"A partir de ma\u00f1ana ser\u00e1 obligatorio el uso de factura electr\u00f3nica: c\u00f3mo generarla -\",\"isPartOf\":{\"@id\":\"https:\/\/experienciadevida.com.ar\/portalurbano\/#website\"},\"datePublished\":\"2019-03-31T14:00:45+00:00\",\"dateModified\":\"2019-03-31T14:00:45+00:00\",\"breadcrumb\":{\"@id\":\"https:\/\/experienciadevida.com.ar\/portalurbano\/a-partir-de-manana-sera-obligatorio-el-uso-de-factura-electronica-como-generarla\/#breadcrumb\"},\"inLanguage\":\"es\",\"potentialAction\":[{\"@type\":\"ReadAction\",\"target\":[\"https:\/\/experienciadevida.com.ar\/portalurbano\/a-partir-de-manana-sera-obligatorio-el-uso-de-factura-electronica-como-generarla\/\"]}]},{\"@type\":\"BreadcrumbList\",\"@id\":\"https:\/\/experienciadevida.com.ar\/portalurbano\/a-partir-de-manana-sera-obligatorio-el-uso-de-factura-electronica-como-generarla\/#breadcrumb\",\"itemListElement\":[{\"@type\":\"ListItem\",\"position\":1,\"name\":\"Portada\",\"item\":\"https:\/\/experienciadevida.com.ar\/portalurbano\/\"},{\"@type\":\"ListItem\",\"position\":2,\"name\":\"A partir de ma\u00f1ana ser\u00e1 obligatorio el uso de factura electr\u00f3nica: c\u00f3mo generarla\"}]},{\"@type\":\"WebSite\",\"@id\":\"https:\/\/experienciadevida.com.ar\/portalurbano\/#website\",\"url\":\"https:\/\/experienciadevida.com.ar\/portalurbano\/\",\"name\":\"\",\"description\":\"\",\"publisher\":{\"@id\":\"https:\/\/experienciadevida.com.ar\/portalurbano\/#organization\"},\"potentialAction\":[{\"@type\":\"SearchAction\",\"target\":{\"@type\":\"EntryPoint\",\"urlTemplate\":\"https:\/\/experienciadevida.com.ar\/portalurbano\/?s={search_term_string}\"},\"query-input\":\"required name=search_term_string\"}],\"inLanguage\":\"es\"},{\"@type\":\"Organization\",\"@id\":\"https:\/\/experienciadevida.com.ar\/portalurbano\/#organization\",\"name\":\"Portal Urbano\",\"url\":\"https:\/\/experienciadevida.com.ar\/portalurbano\/\",\"logo\":{\"@type\":\"ImageObject\",\"inLanguage\":\"es\",\"@id\":\"https:\/\/experienciadevida.com.ar\/portalurbano\/#\/schema\/logo\/image\/\",\"url\":\"https:\/\/experienciadevida.com.ar\/portalurbano\/wp-content\/uploads\/2019\/09\/Logo-Original.png\",\"contentUrl\":\"https:\/\/experienciadevida.com.ar\/portalurbano\/wp-content\/uploads\/2019\/09\/Logo-Original.png\",\"width\":2236,\"height\":1216,\"caption\":\"Portal Urbano\"},\"image\":{\"@id\":\"https:\/\/experienciadevida.com.ar\/portalurbano\/#\/schema\/logo\/image\/\"},\"sameAs\":[\"https:\/\/www.facebook.com\/Portal-Urbano-171542830093757\/\",\"https:\/\/twitter.com\/portalurbanook\",\"https:\/\/www.instagram.com\/_portalurbano\/\",\"https:\/\/www.youtube.com\/channel\/UCXhagIfszH8KxFiOok79zbA?view_as=subscriber\"]},{\"@type\":\"Person\",\"@id\":\"https:\/\/experienciadevida.com.ar\/portalurbano\/#\/schema\/person\/02dd326b1c4b056e9cc972486934a3a7\",\"name\":\"admpu17wp\",\"image\":{\"@type\":\"ImageObject\",\"inLanguage\":\"es\",\"@id\":\"https:\/\/experienciadevida.com.ar\/portalurbano\/#\/schema\/person\/image\/\",\"url\":\"https:\/\/secure.gravatar.com\/avatar\/830d4c57adaae6630765e449a6908047?s=96&d=mm&r=g\",\"contentUrl\":\"https:\/\/secure.gravatar.com\/avatar\/830d4c57adaae6630765e449a6908047?s=96&d=mm&r=g\",\"caption\":\"admpu17wp\"}}]}<\/script>\n<!-- \/ Yoast SEO plugin. -->","yoast_head_json":{"title":"A partir de ma\u00f1ana ser\u00e1 obligatorio el uso de factura electr\u00f3nica: c\u00f3mo generarla -","robots":{"index":"index","follow":"follow","max-snippet":"max-snippet:-1","max-image-preview":"max-image-preview:large","max-video-preview":"max-video-preview:-1"},"canonical":"https:\/\/experienciadevida.com.ar\/portalurbano\/a-partir-de-manana-sera-obligatorio-el-uso-de-factura-electronica-como-generarla\/","og_locale":"es_ES","og_type":"article","og_title":"A partir de ma\u00f1ana ser\u00e1 obligatorio el uso de factura electr\u00f3nica: c\u00f3mo generarla -","og_description":"En abril comienza a regir la obligatoriedad para las categor\u00edas de menor facturaci\u00f3n. Paso a...","og_url":"https:\/\/experienciadevida.com.ar\/portalurbano\/a-partir-de-manana-sera-obligatorio-el-uso-de-factura-electronica-como-generarla\/","article_publisher":"https:\/\/www.facebook.com\/Portal-Urbano-171542830093757\/","article_published_time":"2019-03-31T14:00:45+00:00","og_image":[{"width":750,"height":423,"url":"https:\/\/experienciadevida.com.ar\/portalurbano\/wp-content\/uploads\/2019\/03\/0005776102-e1554040823632.jpg","type":"image\/jpeg"}],"author":"admpu17wp","twitter_card":"summary_large_image","twitter_creator":"@portalurbanook","twitter_site":"@portalurbanook","twitter_misc":{"Escrito por":"admpu17wp","Tiempo de lectura":"2 minutos"},"schema":{"@context":"https:\/\/schema.org","@graph":[{"@type":"Article","@id":"https:\/\/experienciadevida.com.ar\/portalurbano\/a-partir-de-manana-sera-obligatorio-el-uso-de-factura-electronica-como-generarla\/#article","isPartOf":{"@id":"https:\/\/experienciadevida.com.ar\/portalurbano\/a-partir-de-manana-sera-obligatorio-el-uso-de-factura-electronica-como-generarla\/"},"author":{"name":"admpu17wp","@id":"https:\/\/experienciadevida.com.ar\/portalurbano\/#\/schema\/person\/02dd326b1c4b056e9cc972486934a3a7"},"headline":"A partir de ma\u00f1ana ser\u00e1 obligatorio el uso de factura electr\u00f3nica: c\u00f3mo generarla","datePublished":"2019-03-31T14:00:45+00:00","dateModified":"2019-03-31T14:00:45+00:00","mainEntityOfPage":{"@id":"https:\/\/experienciadevida.com.ar\/portalurbano\/a-partir-de-manana-sera-obligatorio-el-uso-de-factura-electronica-como-generarla\/"},"wordCount":490,"commentCount":0,"publisher":{"@id":"https:\/\/experienciadevida.com.ar\/portalurbano\/#organization"},"articleSection":["Naci\u00f3n"],"inLanguage":"es","potentialAction":[{"@type":"CommentAction","name":"Comment","target":["https:\/\/experienciadevida.com.ar\/portalurbano\/a-partir-de-manana-sera-obligatorio-el-uso-de-factura-electronica-como-generarla\/#respond"]}]},{"@type":"WebPage","@id":"https:\/\/experienciadevida.com.ar\/portalurbano\/a-partir-de-manana-sera-obligatorio-el-uso-de-factura-electronica-como-generarla\/","url":"https:\/\/experienciadevida.com.ar\/portalurbano\/a-partir-de-manana-sera-obligatorio-el-uso-de-factura-electronica-como-generarla\/","name":"A partir de ma\u00f1ana ser\u00e1 obligatorio el uso de factura electr\u00f3nica: c\u00f3mo generarla -","isPartOf":{"@id":"https:\/\/experienciadevida.com.ar\/portalurbano\/#website"},"datePublished":"2019-03-31T14:00:45+00:00","dateModified":"2019-03-31T14:00:45+00:00","breadcrumb":{"@id":"https:\/\/experienciadevida.com.ar\/portalurbano\/a-partir-de-manana-sera-obligatorio-el-uso-de-factura-electronica-como-generarla\/#breadcrumb"},"inLanguage":"es","potentialAction":[{"@type":"ReadAction","target":["https:\/\/experienciadevida.com.ar\/portalurbano\/a-partir-de-manana-sera-obligatorio-el-uso-de-factura-electronica-como-generarla\/"]}]},{"@type":"BreadcrumbList","@id":"https:\/\/experienciadevida.com.ar\/portalurbano\/a-partir-de-manana-sera-obligatorio-el-uso-de-factura-electronica-como-generarla\/#breadcrumb","itemListElement":[{"@type":"ListItem","position":1,"name":"Portada","item":"https:\/\/experienciadevida.com.ar\/portalurbano\/"},{"@type":"ListItem","position":2,"name":"A partir de ma\u00f1ana ser\u00e1 obligatorio el uso de factura electr\u00f3nica: c\u00f3mo generarla"}]},{"@type":"WebSite","@id":"https:\/\/experienciadevida.com.ar\/portalurbano\/#website","url":"https:\/\/experienciadevida.com.ar\/portalurbano\/","name":"","description":"","publisher":{"@id":"https:\/\/experienciadevida.com.ar\/portalurbano\/#organization"},"potentialAction":[{"@type":"SearchAction","target":{"@type":"EntryPoint","urlTemplate":"https:\/\/experienciadevida.com.ar\/portalurbano\/?s={search_term_string}"},"query-input":"required name=search_term_string"}],"inLanguage":"es"},{"@type":"Organization","@id":"https:\/\/experienciadevida.com.ar\/portalurbano\/#organization","name":"Portal Urbano","url":"https:\/\/experienciadevida.com.ar\/portalurbano\/","logo":{"@type":"ImageObject","inLanguage":"es","@id":"https:\/\/experienciadevida.com.ar\/portalurbano\/#\/schema\/logo\/image\/","url":"https:\/\/experienciadevida.com.ar\/portalurbano\/wp-content\/uploads\/2019\/09\/Logo-Original.png","contentUrl":"https:\/\/experienciadevida.com.ar\/portalurbano\/wp-content\/uploads\/2019\/09\/Logo-Original.png","width":2236,"height":1216,"caption":"Portal Urbano"},"image":{"@id":"https:\/\/experienciadevida.com.ar\/portalurbano\/#\/schema\/logo\/image\/"},"sameAs":["https:\/\/www.facebook.com\/Portal-Urbano-171542830093757\/","https:\/\/twitter.com\/portalurbanook","https:\/\/www.instagram.com\/_portalurbano\/","https:\/\/www.youtube.com\/channel\/UCXhagIfszH8KxFiOok79zbA?view_as=subscriber"]},{"@type":"Person","@id":"https:\/\/experienciadevida.com.ar\/portalurbano\/#\/schema\/person\/02dd326b1c4b056e9cc972486934a3a7","name":"admpu17wp","image":{"@type":"ImageObject","inLanguage":"es","@id":"https:\/\/experienciadevida.com.ar\/portalurbano\/#\/schema\/person\/image\/","url":"https:\/\/secure.gravatar.com\/avatar\/830d4c57adaae6630765e449a6908047?s=96&d=mm&r=g","contentUrl":"https:\/\/secure.gravatar.com\/avatar\/830d4c57adaae6630765e449a6908047?s=96&d=mm&r=g","caption":"admpu17wp"}}]}},"featured_image_urls":{"full":["https:\/\/media.diariopopular.com.ar\/adjuntos\/143\/imagenes\/005\/776\/0005776113.jpg?0000-00-00-00-00-00",1920,1080,false],"thumbnail":["https:\/\/media.diariopopular.com.ar\/adjuntos\/143\/imagenes\/005\/776\/0005776113.jpg?0000-00-00-00-00-00",150,150,true],"medium":["https:\/\/media.diariopopular.com.ar\/adjuntos\/143\/imagenes\/005\/776\/0005776113.jpg?0000-00-00-00-00-00",300,169,true],"medium_large":["https:\/\/media.diariopopular.com.ar\/adjuntos\/143\/imagenes\/005\/776\/0005776113.jpg?0000-00-00-00-00-00",640,360,true],"large":["https:\/\/media.diariopopular.com.ar\/adjuntos\/143\/imagenes\/005\/776\/0005776113.jpg?0000-00-00-00-00-00",640,360,true],"ug_big":["https:\/\/media.diariopopular.com.ar\/adjuntos\/143\/imagenes\/005\/776\/0005776113.jpg?0000-00-00-00-00-00",768,432,true],"1536x1536":["https:\/\/media.diariopopular.com.ar\/adjuntos\/143\/imagenes\/005\/776\/0005776113.jpg?0000-00-00-00-00-00",1536,864,true],"2048x2048":["https:\/\/media.diariopopular.com.ar\/adjuntos\/143\/imagenes\/005\/776\/0005776113.jpg?0000-00-00-00-00-00",1920,1080,false],"newsever-slider-full":["https:\/\/media.diariopopular.com.ar\/adjuntos\/143\/imagenes\/005\/776\/0005776113.jpg?0000-00-00-00-00-00",1280,845,true],"newsever-featured":["https:\/\/media.diariopopular.com.ar\/adjuntos\/143\/imagenes\/005\/776\/0005776113.jpg?0000-00-00-00-00-00",1024,576,true],"newsever-medium":["https:\/\/media.diariopopular.com.ar\/adjuntos\/143\/imagenes\/005\/776\/0005776113.jpg?0000-00-00-00-00-00",720,475,true],"web-stories-poster-portrait":["https:\/\/media.diariopopular.com.ar\/adjuntos\/143\/imagenes\/005\/776\/0005776113.jpg?0000-00-00-00-00-00",640,853,true],"web-stories-publisher-logo":["https:\/\/media.diariopopular.com.ar\/adjuntos\/143\/imagenes\/005\/776\/0005776113.jpg?0000-00-00-00-00-00",96,96,true],"web-stories-thumbnail":["https:\/\/media.diariopopular.com.ar\/adjuntos\/143\/imagenes\/005\/776\/0005776113.jpg?0000-00-00-00-00-00",150,84,true]},"author_info":{"display_name":"admpu17wp","author_link":"https:\/\/experienciadevida.com.ar\/portalurbano\/author\/admpu17wp\/"},"category_info":"<a href=\"https:\/\/experienciadevida.com.ar\/portalurbano\/category\/nacion\/\" rel=\"category tag\">Naci\u00f3n<\/a>","tag_info":"Naci\u00f3n","comment_count":"0","amp_enabled":true,"_links":{"self":[{"href":"https:\/\/experienciadevida.com.ar\/portalurbano\/wp-json\/wp\/v2\/posts\/62562"}],"collection":[{"href":"https:\/\/experienciadevida.com.ar\/portalurbano\/wp-json\/wp\/v2\/posts"}],"about":[{"href":"https:\/\/experienciadevida.com.ar\/portalurbano\/wp-json\/wp\/v2\/types\/post"}],"author":[{"embeddable":true,"href":"https:\/\/experienciadevida.com.ar\/portalurbano\/wp-json\/wp\/v2\/users\/1"}],"replies":[{"embeddable":true,"href":"https:\/\/experienciadevida.com.ar\/portalurbano\/wp-json\/wp\/v2\/comments?post=62562"}],"version-history":[{"count":1,"href":"https:\/\/experienciadevida.com.ar\/portalurbano\/wp-json\/wp\/v2\/posts\/62562\/revisions"}],"predecessor-version":[{"id":62566,"href":"https:\/\/experienciadevida.com.ar\/portalurbano\/wp-json\/wp\/v2\/posts\/62562\/revisions\/62566"}],"wp:featuredmedia":[{"embeddable":true,"href":"https:\/\/experienciadevida.com.ar\/portalurbano\/wp-json\/"}],"wp:attachment":[{"href":"https:\/\/experienciadevida.com.ar\/portalurbano\/wp-json\/wp\/v2\/media?parent=62562"}],"wp:term":[{"taxonomy":"category","embeddable":true,"href":"https:\/\/experienciadevida.com.ar\/portalurbano\/wp-json\/wp\/v2\/categories?post=62562"},{"taxonomy":"post_tag","embeddable":true,"href":"https:\/\/experienciadevida.com.ar\/portalurbano\/wp-json\/wp\/v2\/tags?post=62562"}],"curies":[{"name":"wp","href":"https:\/\/api.w.org\/{rel}","templated":true}]}}