{"id":62535,"date":"2019-03-31T01:22:37","date_gmt":"2019-03-31T04:22:37","guid":{"rendered":"https:\/\/experienciadevida.com.ar\/portalurbano\/?p=62535"},"modified":"2019-03-31T01:22:37","modified_gmt":"2019-03-31T04:22:37","slug":"advierten-que-se-profundizara-el-faltante-de-leche","status":"publish","type":"post","link":"https:\/\/experienciadevida.com.ar\/portalurbano\/advierten-que-se-profundizara-el-faltante-de-leche\/","title":{"rendered":"Advierten que se profundizar\u00e1 el faltante de leche"},"content":{"rendered":"<p><strong>Un estudio del Instituto de Estudios de Consumo Masivo Calvete anticip\u00f3 que &#8220;la situaci\u00f3n se agravar\u00e1 a\u00fan m\u00e1s en los pr\u00f3ximos cinco meses por cuestiones naturales de estacionalidad&#8221;<\/strong><\/p>\n<p>Durante los pr\u00f3ximos meses se va a profundizar el desabastecimiento de leche en almacenes y supermercados por cuestiones de estacionalidad, de acuerdo a un estudio realizado por el Instituto de\u00a0<strong>Estudios de\u00a0Consumo\u00a0Masivo<\/strong>\u00a0(INDECOM), desde donde consideraron que la propia industria y el gobierno nacional deber\u00edan aplicar \u201cpol\u00edticas de emergencia de forma urgente\u201d.<\/p>\n<p>\u201cA la situaci\u00f3n que ven\u00eda atravesando el sector en los \u00faltimos a\u00f1os (particularmente en el \u00faltimo semestre, tras una abrupta ca\u00edda de la producci\u00f3n que se acentu\u00f3 a fines del 2018), se agrega una disminuci\u00f3n del 10% en la producci\u00f3n derivada de cuestiones clim\u00e1ticas (sequ\u00edas e inundaciones)\u201d, puntualiz\u00f3 el informe de la entidad cuyo director es Miguel Calvete.<\/p>\n<p>El sondeo, realizado en los \u00faltimos d\u00edas entre las industrias y c\u00e1maras que agrupan al sector productivo, tuvo en cuenta que\u00a0<strong>\u201ctres de las seis empresas m\u00e1s importantes del pa\u00eds no producen leche en sachet y que se ha dado un incremento en la exportaci\u00f3n del producto en polvo del 37%, respecto al mismo per\u00edodo de 2018\u201d<\/strong>.<\/p>\n<p>Calvete anticip\u00f3 que \u201cla situaci\u00f3n se agravar\u00e1 a\u00fan m\u00e1s en los pr\u00f3ximos cinco meses, dado que entre abril y agosto las vacas producen un 30% menos de leche por cuestiones naturales de estacionalidad\u201d, por lo que apunt\u00f3:\u00a0<strong>\u201cIndustria y Gobierno deber\u00edan aplicar de manera urgente pol\u00edticas de emergencia para morigerar los da\u00f1os\u201d<\/strong>.<\/p>\n<p>\u201cHay que tener en cuenta que el conflicto grave lleva ya varios meses, siendo que el 30 noviembre de 2018 la empresa Sancor dej\u00f3 de producir leche en sachet, lo cual significaba entre 700 mil y 1 mill\u00f3n de litros diarios que no fueron sustituidos por otras marcas, lo cual en los \u00faltimos d\u00edas se agrav\u00f3 a\u00fan m\u00e1s con el cierre de Industrias L\u00e1cteas Buenos Aires (ILBA &#8211; Ver\u00f3nica)\u201d, argument\u00f3 el especialista.<\/p>\n<p>Sobre el sector industrial, consider\u00f3 que \u201cdeber\u00eda destinar de 200 a 300 mil litros de leche que se utilizan para la fabricaci\u00f3n de quesos y derivados a la producci\u00f3n de leche l\u00edquida en sachet para segundas marcas, lo cual aplacar\u00eda ostensiblemente el desabastecimiento interno y provocar\u00eda una baja de precios\u201d.<\/p>\n<p>A su vez, se\u00f1al\u00f3 que \u201cel gobierno nacional tendr\u00eda que abocarse inmediatamente a la creaci\u00f3n de est\u00edmulos impositivos para la coyuntura que atraviesa el sector, as\u00ed como incentivar la producci\u00f3n de leche fluida en sachet econ\u00f3mica y dise\u00f1ar beneficios para las empresas de distribuci\u00f3n\u201d.<\/p>\n","protected":false},"excerpt":{"rendered":"<p>Un estudio del Instituto de Estudios de Consumo Masivo Calvete anticip\u00f3 que &#8220;la situaci\u00f3n se&#8230;<\/p>\n","protected":false},"author":1,"featured_media":0,"comment_status":"open","ping_status":"open","sticky":false,"template":"","format":"standard","meta":{"content-type":""},"categories":[39],"tags":[],"nelio_content":{"isAutoShareEnabled":false,"autoShareEndMode":"default","automationSources":{"useContentSentences":true,"useSocialTemplates":true,"useCustomSentences":false,"customSentences":[]},"followers":[1],"suggestedReferences":[],"includedReferences":[],"efiUrl":"","efiAlt":"","highlights":[]},"yoast_head":"<!-- This site is optimized with the Yoast SEO plugin v20.7 - https:\/\/yoast.com\/wordpress\/plugins\/seo\/ -->\n<title>Advierten que se profundizar\u00e1 el faltante de leche -<\/title>\n<meta name=\"robots\" content=\"index, follow, max-snippet:-1, max-image-preview:large, max-video-preview:-1\" \/>\n<link rel=\"canonical\" href=\"https:\/\/experienciadevida.com.ar\/portalurbano\/advierten-que-se-profundizara-el-faltante-de-leche\/\" \/>\n<meta property=\"og:locale\" content=\"es_ES\" \/>\n<meta property=\"og:type\" content=\"article\" \/>\n<meta property=\"og:title\" content=\"Advierten que se profundizar\u00e1 el faltante de leche -\" \/>\n<meta property=\"og:description\" content=\"Un estudio del Instituto de Estudios de Consumo Masivo Calvete anticip\u00f3 que &#8220;la situaci\u00f3n se...\" \/>\n<meta property=\"og:url\" content=\"https:\/\/experienciadevida.com.ar\/portalurbano\/advierten-que-se-profundizara-el-faltante-de-leche\/\" \/>\n<meta property=\"article:publisher\" content=\"https:\/\/www.facebook.com\/Portal-Urbano-171542830093757\/\" \/>\n<meta property=\"article:published_time\" content=\"2019-03-31T04:22:37+00:00\" \/>\n<meta property=\"og:image\" content=\"https:\/\/experienciadevida.com.ar\/portalurbano\/wp-content\/uploads\/2019\/03\/0005775523-e1554005969496.jpg\" \/>\n\t<meta property=\"og:image:width\" content=\"750\" \/>\n\t<meta property=\"og:image:height\" content=\"460\" \/>\n\t<meta property=\"og:image:type\" content=\"image\/jpeg\" \/>\n<meta name=\"author\" content=\"admpu17wp\" \/>\n<meta name=\"twitter:card\" content=\"summary_large_image\" \/>\n<meta name=\"twitter:creator\" content=\"@portalurbanook\" \/>\n<meta name=\"twitter:site\" content=\"@portalurbanook\" \/>\n<meta name=\"twitter:label1\" content=\"Escrito por\" \/>\n\t<meta name=\"twitter:data1\" content=\"admpu17wp\" \/>\n\t<meta name=\"twitter:label2\" content=\"Tiempo de lectura\" \/>\n\t<meta name=\"twitter:data2\" content=\"2 minutos\" \/>\n<script type=\"application\/ld+json\" class=\"yoast-schema-graph\">{\"@context\":\"https:\/\/schema.org\",\"@graph\":[{\"@type\":\"Article\",\"@id\":\"https:\/\/experienciadevida.com.ar\/portalurbano\/advierten-que-se-profundizara-el-faltante-de-leche\/#article\",\"isPartOf\":{\"@id\":\"https:\/\/experienciadevida.com.ar\/portalurbano\/advierten-que-se-profundizara-el-faltante-de-leche\/\"},\"author\":{\"name\":\"admpu17wp\",\"@id\":\"https:\/\/experienciadevida.com.ar\/portalurbano\/#\/schema\/person\/02dd326b1c4b056e9cc972486934a3a7\"},\"headline\":\"Advierten que se profundizar\u00e1 el faltante de leche\",\"datePublished\":\"2019-03-31T04:22:37+00:00\",\"dateModified\":\"2019-03-31T04:22:37+00:00\",\"mainEntityOfPage\":{\"@id\":\"https:\/\/experienciadevida.com.ar\/portalurbano\/advierten-que-se-profundizara-el-faltante-de-leche\/\"},\"wordCount\":461,\"commentCount\":0,\"publisher\":{\"@id\":\"https:\/\/experienciadevida.com.ar\/portalurbano\/#organization\"},\"articleSection\":[\"Naci\u00f3n\"],\"inLanguage\":\"es\",\"potentialAction\":[{\"@type\":\"CommentAction\",\"name\":\"Comment\",\"target\":[\"https:\/\/experienciadevida.com.ar\/portalurbano\/advierten-que-se-profundizara-el-faltante-de-leche\/#respond\"]}]},{\"@type\":\"WebPage\",\"@id\":\"https:\/\/experienciadevida.com.ar\/portalurbano\/advierten-que-se-profundizara-el-faltante-de-leche\/\",\"url\":\"https:\/\/experienciadevida.com.ar\/portalurbano\/advierten-que-se-profundizara-el-faltante-de-leche\/\",\"name\":\"Advierten que se profundizar\u00e1 el faltante de leche -\",\"isPartOf\":{\"@id\":\"https:\/\/experienciadevida.com.ar\/portalurbano\/#website\"},\"datePublished\":\"2019-03-31T04:22:37+00:00\",\"dateModified\":\"2019-03-31T04:22:37+00:00\",\"breadcrumb\":{\"@id\":\"https:\/\/experienciadevida.com.ar\/portalurbano\/advierten-que-se-profundizara-el-faltante-de-leche\/#breadcrumb\"},\"inLanguage\":\"es\",\"potentialAction\":[{\"@type\":\"ReadAction\",\"target\":[\"https:\/\/experienciadevida.com.ar\/portalurbano\/advierten-que-se-profundizara-el-faltante-de-leche\/\"]}]},{\"@type\":\"BreadcrumbList\",\"@id\":\"https:\/\/experienciadevida.com.ar\/portalurbano\/advierten-que-se-profundizara-el-faltante-de-leche\/#breadcrumb\",\"itemListElement\":[{\"@type\":\"ListItem\",\"position\":1,\"name\":\"Portada\",\"item\":\"https:\/\/experienciadevida.com.ar\/portalurbano\/\"},{\"@type\":\"ListItem\",\"position\":2,\"name\":\"Advierten que se profundizar\u00e1 el faltante de leche\"}]},{\"@type\":\"WebSite\",\"@id\":\"https:\/\/experienciadevida.com.ar\/portalurbano\/#website\",\"url\":\"https:\/\/experienciadevida.com.ar\/portalurbano\/\",\"name\":\"\",\"description\":\"\",\"publisher\":{\"@id\":\"https:\/\/experienciadevida.com.ar\/portalurbano\/#organization\"},\"potentialAction\":[{\"@type\":\"SearchAction\",\"target\":{\"@type\":\"EntryPoint\",\"urlTemplate\":\"https:\/\/experienciadevida.com.ar\/portalurbano\/?s={search_term_string}\"},\"query-input\":\"required name=search_term_string\"}],\"inLanguage\":\"es\"},{\"@type\":\"Organization\",\"@id\":\"https:\/\/experienciadevida.com.ar\/portalurbano\/#organization\",\"name\":\"Portal Urbano\",\"url\":\"https:\/\/experienciadevida.com.ar\/portalurbano\/\",\"logo\":{\"@type\":\"ImageObject\",\"inLanguage\":\"es\",\"@id\":\"https:\/\/experienciadevida.com.ar\/portalurbano\/#\/schema\/logo\/image\/\",\"url\":\"https:\/\/experienciadevida.com.ar\/portalurbano\/wp-content\/uploads\/2019\/09\/Logo-Original.png\",\"contentUrl\":\"https:\/\/experienciadevida.com.ar\/portalurbano\/wp-content\/uploads\/2019\/09\/Logo-Original.png\",\"width\":2236,\"height\":1216,\"caption\":\"Portal Urbano\"},\"image\":{\"@id\":\"https:\/\/experienciadevida.com.ar\/portalurbano\/#\/schema\/logo\/image\/\"},\"sameAs\":[\"https:\/\/www.facebook.com\/Portal-Urbano-171542830093757\/\",\"https:\/\/twitter.com\/portalurbanook\",\"https:\/\/www.instagram.com\/_portalurbano\/\",\"https:\/\/www.youtube.com\/channel\/UCXhagIfszH8KxFiOok79zbA?view_as=subscriber\"]},{\"@type\":\"Person\",\"@id\":\"https:\/\/experienciadevida.com.ar\/portalurbano\/#\/schema\/person\/02dd326b1c4b056e9cc972486934a3a7\",\"name\":\"admpu17wp\",\"image\":{\"@type\":\"ImageObject\",\"inLanguage\":\"es\",\"@id\":\"https:\/\/experienciadevida.com.ar\/portalurbano\/#\/schema\/person\/image\/\",\"url\":\"https:\/\/secure.gravatar.com\/avatar\/830d4c57adaae6630765e449a6908047?s=96&d=mm&r=g\",\"contentUrl\":\"https:\/\/secure.gravatar.com\/avatar\/830d4c57adaae6630765e449a6908047?s=96&d=mm&r=g\",\"caption\":\"admpu17wp\"}}]}<\/script>\n<!-- \/ Yoast SEO plugin. -->","yoast_head_json":{"title":"Advierten que se profundizar\u00e1 el faltante de leche -","robots":{"index":"index","follow":"follow","max-snippet":"max-snippet:-1","max-image-preview":"max-image-preview:large","max-video-preview":"max-video-preview:-1"},"canonical":"https:\/\/experienciadevida.com.ar\/portalurbano\/advierten-que-se-profundizara-el-faltante-de-leche\/","og_locale":"es_ES","og_type":"article","og_title":"Advierten que se profundizar\u00e1 el faltante de leche -","og_description":"Un estudio del Instituto de Estudios de Consumo Masivo Calvete anticip\u00f3 que &#8220;la situaci\u00f3n se...","og_url":"https:\/\/experienciadevida.com.ar\/portalurbano\/advierten-que-se-profundizara-el-faltante-de-leche\/","article_publisher":"https:\/\/www.facebook.com\/Portal-Urbano-171542830093757\/","article_published_time":"2019-03-31T04:22:37+00:00","og_image":[{"width":750,"height":460,"url":"https:\/\/experienciadevida.com.ar\/portalurbano\/wp-content\/uploads\/2019\/03\/0005775523-e1554005969496.jpg","type":"image\/jpeg"}],"author":"admpu17wp","twitter_card":"summary_large_image","twitter_creator":"@portalurbanook","twitter_site":"@portalurbanook","twitter_misc":{"Escrito por":"admpu17wp","Tiempo de lectura":"2 minutos"},"schema":{"@context":"https:\/\/schema.org","@graph":[{"@type":"Article","@id":"https:\/\/experienciadevida.com.ar\/portalurbano\/advierten-que-se-profundizara-el-faltante-de-leche\/#article","isPartOf":{"@id":"https:\/\/experienciadevida.com.ar\/portalurbano\/advierten-que-se-profundizara-el-faltante-de-leche\/"},"author":{"name":"admpu17wp","@id":"https:\/\/experienciadevida.com.ar\/portalurbano\/#\/schema\/person\/02dd326b1c4b056e9cc972486934a3a7"},"headline":"Advierten que se profundizar\u00e1 el faltante de leche","datePublished":"2019-03-31T04:22:37+00:00","dateModified":"2019-03-31T04:22:37+00:00","mainEntityOfPage":{"@id":"https:\/\/experienciadevida.com.ar\/portalurbano\/advierten-que-se-profundizara-el-faltante-de-leche\/"},"wordCount":461,"commentCount":0,"publisher":{"@id":"https:\/\/experienciadevida.com.ar\/portalurbano\/#organization"},"articleSection":["Naci\u00f3n"],"inLanguage":"es","potentialAction":[{"@type":"CommentAction","name":"Comment","target":["https:\/\/experienciadevida.com.ar\/portalurbano\/advierten-que-se-profundizara-el-faltante-de-leche\/#respond"]}]},{"@type":"WebPage","@id":"https:\/\/experienciadevida.com.ar\/portalurbano\/advierten-que-se-profundizara-el-faltante-de-leche\/","url":"https:\/\/experienciadevida.com.ar\/portalurbano\/advierten-que-se-profundizara-el-faltante-de-leche\/","name":"Advierten que se profundizar\u00e1 el faltante de leche -","isPartOf":{"@id":"https:\/\/experienciadevida.com.ar\/portalurbano\/#website"},"datePublished":"2019-03-31T04:22:37+00:00","dateModified":"2019-03-31T04:22:37+00:00","breadcrumb":{"@id":"https:\/\/experienciadevida.com.ar\/portalurbano\/advierten-que-se-profundizara-el-faltante-de-leche\/#breadcrumb"},"inLanguage":"es","potentialAction":[{"@type":"ReadAction","target":["https:\/\/experienciadevida.com.ar\/portalurbano\/advierten-que-se-profundizara-el-faltante-de-leche\/"]}]},{"@type":"BreadcrumbList","@id":"https:\/\/experienciadevida.com.ar\/portalurbano\/advierten-que-se-profundizara-el-faltante-de-leche\/#breadcrumb","itemListElement":[{"@type":"ListItem","position":1,"name":"Portada","item":"https:\/\/experienciadevida.com.ar\/portalurbano\/"},{"@type":"ListItem","position":2,"name":"Advierten que se profundizar\u00e1 el faltante de leche"}]},{"@type":"WebSite","@id":"https:\/\/experienciadevida.com.ar\/portalurbano\/#website","url":"https:\/\/experienciadevida.com.ar\/portalurbano\/","name":"","description":"","publisher":{"@id":"https:\/\/experienciadevida.com.ar\/portalurbano\/#organization"},"potentialAction":[{"@type":"SearchAction","target":{"@type":"EntryPoint","urlTemplate":"https:\/\/experienciadevida.com.ar\/portalurbano\/?s={search_term_string}"},"query-input":"required name=search_term_string"}],"inLanguage":"es"},{"@type":"Organization","@id":"https:\/\/experienciadevida.com.ar\/portalurbano\/#organization","name":"Portal Urbano","url":"https:\/\/experienciadevida.com.ar\/portalurbano\/","logo":{"@type":"ImageObject","inLanguage":"es","@id":"https:\/\/experienciadevida.com.ar\/portalurbano\/#\/schema\/logo\/image\/","url":"https:\/\/experienciadevida.com.ar\/portalurbano\/wp-content\/uploads\/2019\/09\/Logo-Original.png","contentUrl":"https:\/\/experienciadevida.com.ar\/portalurbano\/wp-content\/uploads\/2019\/09\/Logo-Original.png","width":2236,"height":1216,"caption":"Portal Urbano"},"image":{"@id":"https:\/\/experienciadevida.com.ar\/portalurbano\/#\/schema\/logo\/image\/"},"sameAs":["https:\/\/www.facebook.com\/Portal-Urbano-171542830093757\/","https:\/\/twitter.com\/portalurbanook","https:\/\/www.instagram.com\/_portalurbano\/","https:\/\/www.youtube.com\/channel\/UCXhagIfszH8KxFiOok79zbA?view_as=subscriber"]},{"@type":"Person","@id":"https:\/\/experienciadevida.com.ar\/portalurbano\/#\/schema\/person\/02dd326b1c4b056e9cc972486934a3a7","name":"admpu17wp","image":{"@type":"ImageObject","inLanguage":"es","@id":"https:\/\/experienciadevida.com.ar\/portalurbano\/#\/schema\/person\/image\/","url":"https:\/\/secure.gravatar.com\/avatar\/830d4c57adaae6630765e449a6908047?s=96&d=mm&r=g","contentUrl":"https:\/\/secure.gravatar.com\/avatar\/830d4c57adaae6630765e449a6908047?s=96&d=mm&r=g","caption":"admpu17wp"}}]}},"featured_image_urls":{"full":"","thumbnail":"","medium":"","medium_large":"","large":"","ug_big":"","1536x1536":"","2048x2048":"","newsever-slider-full":"","newsever-featured":"","newsever-medium":"","web-stories-poster-portrait":"","web-stories-publisher-logo":"","web-stories-thumbnail":""},"author_info":{"display_name":"admpu17wp","author_link":"https:\/\/experienciadevida.com.ar\/portalurbano\/author\/admpu17wp\/"},"category_info":"<a href=\"https:\/\/experienciadevida.com.ar\/portalurbano\/category\/nacion\/\" rel=\"category tag\">Naci\u00f3n<\/a>","tag_info":"Naci\u00f3n","comment_count":"0","amp_enabled":true,"_links":{"self":[{"href":"https:\/\/experienciadevida.com.ar\/portalurbano\/wp-json\/wp\/v2\/posts\/62535"}],"collection":[{"href":"https:\/\/experienciadevida.com.ar\/portalurbano\/wp-json\/wp\/v2\/posts"}],"about":[{"href":"https:\/\/experienciadevida.com.ar\/portalurbano\/wp-json\/wp\/v2\/types\/post"}],"author":[{"embeddable":true,"href":"https:\/\/experienciadevida.com.ar\/portalurbano\/wp-json\/wp\/v2\/users\/1"}],"replies":[{"embeddable":true,"href":"https:\/\/experienciadevida.com.ar\/portalurbano\/wp-json\/wp\/v2\/comments?post=62535"}],"version-history":[{"count":1,"href":"https:\/\/experienciadevida.com.ar\/portalurbano\/wp-json\/wp\/v2\/posts\/62535\/revisions"}],"predecessor-version":[{"id":62537,"href":"https:\/\/experienciadevida.com.ar\/portalurbano\/wp-json\/wp\/v2\/posts\/62535\/revisions\/62537"}],"wp:attachment":[{"href":"https:\/\/experienciadevida.com.ar\/portalurbano\/wp-json\/wp\/v2\/media?parent=62535"}],"wp:term":[{"taxonomy":"category","embeddable":true,"href":"https:\/\/experienciadevida.com.ar\/portalurbano\/wp-json\/wp\/v2\/categories?post=62535"},{"taxonomy":"post_tag","embeddable":true,"href":"https:\/\/experienciadevida.com.ar\/portalurbano\/wp-json\/wp\/v2\/tags?post=62535"}],"curies":[{"name":"wp","href":"https:\/\/api.w.org\/{rel}","templated":true}]}}