{"id":62265,"date":"2019-03-28T19:44:44","date_gmt":"2019-03-28T22:44:44","guid":{"rendered":"https:\/\/experienciadevida.com.ar\/portalurbano\/?p=62265"},"modified":"2019-03-28T19:44:44","modified_gmt":"2019-03-28T22:44:44","slug":"el-indice-de-salarios-subio-a-la-par-de-la-inflacion-durante-enero","status":"publish","type":"post","link":"https:\/\/experienciadevida.com.ar\/portalurbano\/el-indice-de-salarios-subio-a-la-par-de-la-inflacion-durante-enero\/","title":{"rendered":"El \u00cdndice de Salarios subi\u00f3 a la par de la inflaci\u00f3n durante enero"},"content":{"rendered":"<p><strong>Este \u00edtem creci\u00f3 un 3,1%, mientras que la suba de precios del primer mes del 2018 fue del 2,9%. En el caso de los estatales el incremento salarial<\/strong><\/p>\n<p>El\u00a0<strong>\u00cdndice de Salarios<\/strong>\u00a0aument\u00f3 en enero 3,1% en comparaci\u00f3n a diciembre de 2018, impulsado por un alza de 3,5% del sector privado registrado, seg\u00fan inform\u00f3 este jueves el Instituto Nacional de Estad\u00edstica y Censos (Indec).<\/p>\n<p>En el caso de los estatales y de los trabajadores del sector privado no registrado, el incremento fue de 2,6%, por debajo del promedio.<\/p>\n<p>Con esta suba, el \u00cdndice de salarios se coloc\u00f3 por encima de la inflaci\u00f3n minorista de enero que hab\u00eda alcanzado a 2,9%, de acuerdo a la medici\u00f3n del Indice de Precios al Consumidor (IPC).<\/p>\n<p>En la comparaci\u00f3n interanual, el Indice de Salarios registr\u00f3 un avance de 32,2%, muy por debajo de la inflaci\u00f3n de enero contra enero, que alcanz\u00f3 a 49,3%.<\/p>\n<p>En esta comparaci\u00f3n, los trabajadores del sector p\u00fablico fueron los que mayores aumentos de sueldos recibieron, con una suba del IS de 33,1%, seguidos por los empleados privados registrados con el 32,8% y los trabajadores &#8220;en negro&#8221; con el 29,7%.<\/p>\n<p>A mitad de marzo,\u00a0 el\u00a0<strong>ministro de Producci\u00f3n y Trabajo,\u00a0Dante Sica,<\/strong>\u00a0revel\u00f3 que se est\u00e1 discutiendo con los distintos sindicatos que en vez de la cl\u00e1usula gatillo en las negociaciones\u00a0paritarias\u00a0&#8220;se apliquen revisiones que pueden ser cada seis meses&#8221;.<\/p>\n<p>&#8220;No vemos este a\u00f1o movimientos tan bruscos desde el punto de vista inflacionario como para poder tener revisiones (salariales) m\u00e1s cortas&#8221;, dijo Sica durante una charla en el Colegio de Abogados de la Ciudad de Buenos Aires.<\/p>\n<p>&#8220;Pensamos que una revisi\u00f3n semestral antes de fin de a\u00f1o le da una garant\u00eda al trabajador de que no va a tener una p\u00e9rdida de salario real y le permite al empresario planificar mejor&#8221;, dijo Sica.<\/p>\n","protected":false},"excerpt":{"rendered":"<p>Este \u00edtem creci\u00f3 un 3,1%, mientras que la suba de precios del primer mes del&#8230;<\/p>\n","protected":false},"author":1,"featured_media":0,"comment_status":"open","ping_status":"open","sticky":false,"template":"","format":"standard","meta":{"content-type":""},"categories":[39],"tags":[],"nelio_content":{"isAutoShareEnabled":false,"autoShareEndMode":"default","automationSources":{"useContentSentences":true,"useSocialTemplates":true,"useCustomSentences":false,"customSentences":[]},"followers":[1],"suggestedReferences":[],"includedReferences":[],"efiUrl":"","efiAlt":"","highlights":[]},"yoast_head":"<!-- This site is optimized with the Yoast SEO plugin v20.7 - https:\/\/yoast.com\/wordpress\/plugins\/seo\/ -->\n<title>El \u00cdndice de Salarios subi\u00f3 a la par de la inflaci\u00f3n durante enero -<\/title>\n<meta name=\"robots\" content=\"index, follow, max-snippet:-1, max-image-preview:large, max-video-preview:-1\" \/>\n<link rel=\"canonical\" href=\"https:\/\/experienciadevida.com.ar\/portalurbano\/el-indice-de-salarios-subio-a-la-par-de-la-inflacion-durante-enero\/\" \/>\n<meta property=\"og:locale\" content=\"es_ES\" \/>\n<meta property=\"og:type\" content=\"article\" \/>\n<meta property=\"og:title\" content=\"El \u00cdndice de Salarios subi\u00f3 a la par de la inflaci\u00f3n durante enero -\" \/>\n<meta property=\"og:description\" content=\"Este \u00edtem creci\u00f3 un 3,1%, mientras que la suba de precios del primer mes del...\" \/>\n<meta property=\"og:url\" content=\"https:\/\/experienciadevida.com.ar\/portalurbano\/el-indice-de-salarios-subio-a-la-par-de-la-inflacion-durante-enero\/\" \/>\n<meta property=\"article:publisher\" content=\"https:\/\/www.facebook.com\/Portal-Urbano-171542830093757\/\" \/>\n<meta property=\"article:published_time\" content=\"2019-03-28T22:44:44+00:00\" \/>\n<meta property=\"og:image\" content=\"https:\/\/experienciadevida.com.ar\/portalurbano\/wp-content\/uploads\/2019\/03\/0005686168-1-e1553812998319.jpg\" \/>\n\t<meta property=\"og:image:width\" content=\"750\" \/>\n\t<meta property=\"og:image:height\" content=\"443\" \/>\n\t<meta property=\"og:image:type\" content=\"image\/jpeg\" \/>\n<meta name=\"author\" content=\"admpu17wp\" \/>\n<meta name=\"twitter:card\" content=\"summary_large_image\" \/>\n<meta name=\"twitter:creator\" content=\"@portalurbanook\" \/>\n<meta name=\"twitter:site\" content=\"@portalurbanook\" \/>\n<meta name=\"twitter:label1\" content=\"Escrito por\" \/>\n\t<meta name=\"twitter:data1\" content=\"admpu17wp\" \/>\n\t<meta name=\"twitter:label2\" content=\"Tiempo de lectura\" \/>\n\t<meta name=\"twitter:data2\" content=\"2 minutos\" \/>\n<script type=\"application\/ld+json\" class=\"yoast-schema-graph\">{\"@context\":\"https:\/\/schema.org\",\"@graph\":[{\"@type\":\"Article\",\"@id\":\"https:\/\/experienciadevida.com.ar\/portalurbano\/el-indice-de-salarios-subio-a-la-par-de-la-inflacion-durante-enero\/#article\",\"isPartOf\":{\"@id\":\"https:\/\/experienciadevida.com.ar\/portalurbano\/el-indice-de-salarios-subio-a-la-par-de-la-inflacion-durante-enero\/\"},\"author\":{\"name\":\"admpu17wp\",\"@id\":\"https:\/\/experienciadevida.com.ar\/portalurbano\/#\/schema\/person\/02dd326b1c4b056e9cc972486934a3a7\"},\"headline\":\"El \u00cdndice de Salarios subi\u00f3 a la par de la inflaci\u00f3n durante enero\",\"datePublished\":\"2019-03-28T22:44:44+00:00\",\"dateModified\":\"2019-03-28T22:44:44+00:00\",\"mainEntityOfPage\":{\"@id\":\"https:\/\/experienciadevida.com.ar\/portalurbano\/el-indice-de-salarios-subio-a-la-par-de-la-inflacion-durante-enero\/\"},\"wordCount\":322,\"commentCount\":0,\"publisher\":{\"@id\":\"https:\/\/experienciadevida.com.ar\/portalurbano\/#organization\"},\"articleSection\":[\"Naci\u00f3n\"],\"inLanguage\":\"es\",\"potentialAction\":[{\"@type\":\"CommentAction\",\"name\":\"Comment\",\"target\":[\"https:\/\/experienciadevida.com.ar\/portalurbano\/el-indice-de-salarios-subio-a-la-par-de-la-inflacion-durante-enero\/#respond\"]}]},{\"@type\":\"WebPage\",\"@id\":\"https:\/\/experienciadevida.com.ar\/portalurbano\/el-indice-de-salarios-subio-a-la-par-de-la-inflacion-durante-enero\/\",\"url\":\"https:\/\/experienciadevida.com.ar\/portalurbano\/el-indice-de-salarios-subio-a-la-par-de-la-inflacion-durante-enero\/\",\"name\":\"El \u00cdndice de Salarios subi\u00f3 a la par de la inflaci\u00f3n durante enero -\",\"isPartOf\":{\"@id\":\"https:\/\/experienciadevida.com.ar\/portalurbano\/#website\"},\"datePublished\":\"2019-03-28T22:44:44+00:00\",\"dateModified\":\"2019-03-28T22:44:44+00:00\",\"breadcrumb\":{\"@id\":\"https:\/\/experienciadevida.com.ar\/portalurbano\/el-indice-de-salarios-subio-a-la-par-de-la-inflacion-durante-enero\/#breadcrumb\"},\"inLanguage\":\"es\",\"potentialAction\":[{\"@type\":\"ReadAction\",\"target\":[\"https:\/\/experienciadevida.com.ar\/portalurbano\/el-indice-de-salarios-subio-a-la-par-de-la-inflacion-durante-enero\/\"]}]},{\"@type\":\"BreadcrumbList\",\"@id\":\"https:\/\/experienciadevida.com.ar\/portalurbano\/el-indice-de-salarios-subio-a-la-par-de-la-inflacion-durante-enero\/#breadcrumb\",\"itemListElement\":[{\"@type\":\"ListItem\",\"position\":1,\"name\":\"Portada\",\"item\":\"https:\/\/experienciadevida.com.ar\/portalurbano\/\"},{\"@type\":\"ListItem\",\"position\":2,\"name\":\"El \u00cdndice de Salarios subi\u00f3 a la par de la inflaci\u00f3n durante enero\"}]},{\"@type\":\"WebSite\",\"@id\":\"https:\/\/experienciadevida.com.ar\/portalurbano\/#website\",\"url\":\"https:\/\/experienciadevida.com.ar\/portalurbano\/\",\"name\":\"\",\"description\":\"\",\"publisher\":{\"@id\":\"https:\/\/experienciadevida.com.ar\/portalurbano\/#organization\"},\"potentialAction\":[{\"@type\":\"SearchAction\",\"target\":{\"@type\":\"EntryPoint\",\"urlTemplate\":\"https:\/\/experienciadevida.com.ar\/portalurbano\/?s={search_term_string}\"},\"query-input\":\"required name=search_term_string\"}],\"inLanguage\":\"es\"},{\"@type\":\"Organization\",\"@id\":\"https:\/\/experienciadevida.com.ar\/portalurbano\/#organization\",\"name\":\"Portal Urbano\",\"url\":\"https:\/\/experienciadevida.com.ar\/portalurbano\/\",\"logo\":{\"@type\":\"ImageObject\",\"inLanguage\":\"es\",\"@id\":\"https:\/\/experienciadevida.com.ar\/portalurbano\/#\/schema\/logo\/image\/\",\"url\":\"https:\/\/experienciadevida.com.ar\/portalurbano\/wp-content\/uploads\/2019\/09\/Logo-Original.png\",\"contentUrl\":\"https:\/\/experienciadevida.com.ar\/portalurbano\/wp-content\/uploads\/2019\/09\/Logo-Original.png\",\"width\":2236,\"height\":1216,\"caption\":\"Portal Urbano\"},\"image\":{\"@id\":\"https:\/\/experienciadevida.com.ar\/portalurbano\/#\/schema\/logo\/image\/\"},\"sameAs\":[\"https:\/\/www.facebook.com\/Portal-Urbano-171542830093757\/\",\"https:\/\/twitter.com\/portalurbanook\",\"https:\/\/www.instagram.com\/_portalurbano\/\",\"https:\/\/www.youtube.com\/channel\/UCXhagIfszH8KxFiOok79zbA?view_as=subscriber\"]},{\"@type\":\"Person\",\"@id\":\"https:\/\/experienciadevida.com.ar\/portalurbano\/#\/schema\/person\/02dd326b1c4b056e9cc972486934a3a7\",\"name\":\"admpu17wp\",\"image\":{\"@type\":\"ImageObject\",\"inLanguage\":\"es\",\"@id\":\"https:\/\/experienciadevida.com.ar\/portalurbano\/#\/schema\/person\/image\/\",\"url\":\"https:\/\/secure.gravatar.com\/avatar\/830d4c57adaae6630765e449a6908047?s=96&d=mm&r=g\",\"contentUrl\":\"https:\/\/secure.gravatar.com\/avatar\/830d4c57adaae6630765e449a6908047?s=96&d=mm&r=g\",\"caption\":\"admpu17wp\"}}]}<\/script>\n<!-- \/ Yoast SEO plugin. -->","yoast_head_json":{"title":"El \u00cdndice de Salarios subi\u00f3 a la par de la inflaci\u00f3n durante enero -","robots":{"index":"index","follow":"follow","max-snippet":"max-snippet:-1","max-image-preview":"max-image-preview:large","max-video-preview":"max-video-preview:-1"},"canonical":"https:\/\/experienciadevida.com.ar\/portalurbano\/el-indice-de-salarios-subio-a-la-par-de-la-inflacion-durante-enero\/","og_locale":"es_ES","og_type":"article","og_title":"El \u00cdndice de Salarios subi\u00f3 a la par de la inflaci\u00f3n durante enero -","og_description":"Este \u00edtem creci\u00f3 un 3,1%, mientras que la suba de precios del primer mes del...","og_url":"https:\/\/experienciadevida.com.ar\/portalurbano\/el-indice-de-salarios-subio-a-la-par-de-la-inflacion-durante-enero\/","article_publisher":"https:\/\/www.facebook.com\/Portal-Urbano-171542830093757\/","article_published_time":"2019-03-28T22:44:44+00:00","og_image":[{"width":750,"height":443,"url":"https:\/\/experienciadevida.com.ar\/portalurbano\/wp-content\/uploads\/2019\/03\/0005686168-1-e1553812998319.jpg","type":"image\/jpeg"}],"author":"admpu17wp","twitter_card":"summary_large_image","twitter_creator":"@portalurbanook","twitter_site":"@portalurbanook","twitter_misc":{"Escrito por":"admpu17wp","Tiempo de lectura":"2 minutos"},"schema":{"@context":"https:\/\/schema.org","@graph":[{"@type":"Article","@id":"https:\/\/experienciadevida.com.ar\/portalurbano\/el-indice-de-salarios-subio-a-la-par-de-la-inflacion-durante-enero\/#article","isPartOf":{"@id":"https:\/\/experienciadevida.com.ar\/portalurbano\/el-indice-de-salarios-subio-a-la-par-de-la-inflacion-durante-enero\/"},"author":{"name":"admpu17wp","@id":"https:\/\/experienciadevida.com.ar\/portalurbano\/#\/schema\/person\/02dd326b1c4b056e9cc972486934a3a7"},"headline":"El \u00cdndice de Salarios subi\u00f3 a la par de la inflaci\u00f3n durante enero","datePublished":"2019-03-28T22:44:44+00:00","dateModified":"2019-03-28T22:44:44+00:00","mainEntityOfPage":{"@id":"https:\/\/experienciadevida.com.ar\/portalurbano\/el-indice-de-salarios-subio-a-la-par-de-la-inflacion-durante-enero\/"},"wordCount":322,"commentCount":0,"publisher":{"@id":"https:\/\/experienciadevida.com.ar\/portalurbano\/#organization"},"articleSection":["Naci\u00f3n"],"inLanguage":"es","potentialAction":[{"@type":"CommentAction","name":"Comment","target":["https:\/\/experienciadevida.com.ar\/portalurbano\/el-indice-de-salarios-subio-a-la-par-de-la-inflacion-durante-enero\/#respond"]}]},{"@type":"WebPage","@id":"https:\/\/experienciadevida.com.ar\/portalurbano\/el-indice-de-salarios-subio-a-la-par-de-la-inflacion-durante-enero\/","url":"https:\/\/experienciadevida.com.ar\/portalurbano\/el-indice-de-salarios-subio-a-la-par-de-la-inflacion-durante-enero\/","name":"El \u00cdndice de Salarios subi\u00f3 a la par de la inflaci\u00f3n durante enero -","isPartOf":{"@id":"https:\/\/experienciadevida.com.ar\/portalurbano\/#website"},"datePublished":"2019-03-28T22:44:44+00:00","dateModified":"2019-03-28T22:44:44+00:00","breadcrumb":{"@id":"https:\/\/experienciadevida.com.ar\/portalurbano\/el-indice-de-salarios-subio-a-la-par-de-la-inflacion-durante-enero\/#breadcrumb"},"inLanguage":"es","potentialAction":[{"@type":"ReadAction","target":["https:\/\/experienciadevida.com.ar\/portalurbano\/el-indice-de-salarios-subio-a-la-par-de-la-inflacion-durante-enero\/"]}]},{"@type":"BreadcrumbList","@id":"https:\/\/experienciadevida.com.ar\/portalurbano\/el-indice-de-salarios-subio-a-la-par-de-la-inflacion-durante-enero\/#breadcrumb","itemListElement":[{"@type":"ListItem","position":1,"name":"Portada","item":"https:\/\/experienciadevida.com.ar\/portalurbano\/"},{"@type":"ListItem","position":2,"name":"El \u00cdndice de Salarios subi\u00f3 a la par de la inflaci\u00f3n durante enero"}]},{"@type":"WebSite","@id":"https:\/\/experienciadevida.com.ar\/portalurbano\/#website","url":"https:\/\/experienciadevida.com.ar\/portalurbano\/","name":"","description":"","publisher":{"@id":"https:\/\/experienciadevida.com.ar\/portalurbano\/#organization"},"potentialAction":[{"@type":"SearchAction","target":{"@type":"EntryPoint","urlTemplate":"https:\/\/experienciadevida.com.ar\/portalurbano\/?s={search_term_string}"},"query-input":"required name=search_term_string"}],"inLanguage":"es"},{"@type":"Organization","@id":"https:\/\/experienciadevida.com.ar\/portalurbano\/#organization","name":"Portal Urbano","url":"https:\/\/experienciadevida.com.ar\/portalurbano\/","logo":{"@type":"ImageObject","inLanguage":"es","@id":"https:\/\/experienciadevida.com.ar\/portalurbano\/#\/schema\/logo\/image\/","url":"https:\/\/experienciadevida.com.ar\/portalurbano\/wp-content\/uploads\/2019\/09\/Logo-Original.png","contentUrl":"https:\/\/experienciadevida.com.ar\/portalurbano\/wp-content\/uploads\/2019\/09\/Logo-Original.png","width":2236,"height":1216,"caption":"Portal Urbano"},"image":{"@id":"https:\/\/experienciadevida.com.ar\/portalurbano\/#\/schema\/logo\/image\/"},"sameAs":["https:\/\/www.facebook.com\/Portal-Urbano-171542830093757\/","https:\/\/twitter.com\/portalurbanook","https:\/\/www.instagram.com\/_portalurbano\/","https:\/\/www.youtube.com\/channel\/UCXhagIfszH8KxFiOok79zbA?view_as=subscriber"]},{"@type":"Person","@id":"https:\/\/experienciadevida.com.ar\/portalurbano\/#\/schema\/person\/02dd326b1c4b056e9cc972486934a3a7","name":"admpu17wp","image":{"@type":"ImageObject","inLanguage":"es","@id":"https:\/\/experienciadevida.com.ar\/portalurbano\/#\/schema\/person\/image\/","url":"https:\/\/secure.gravatar.com\/avatar\/830d4c57adaae6630765e449a6908047?s=96&d=mm&r=g","contentUrl":"https:\/\/secure.gravatar.com\/avatar\/830d4c57adaae6630765e449a6908047?s=96&d=mm&r=g","caption":"admpu17wp"}}]}},"featured_image_urls":{"full":"","thumbnail":"","medium":"","medium_large":"","large":"","ug_big":"","1536x1536":"","2048x2048":"","newsever-slider-full":"","newsever-featured":"","newsever-medium":"","web-stories-poster-portrait":"","web-stories-publisher-logo":"","web-stories-thumbnail":""},"author_info":{"display_name":"admpu17wp","author_link":"https:\/\/experienciadevida.com.ar\/portalurbano\/author\/admpu17wp\/"},"category_info":"<a href=\"https:\/\/experienciadevida.com.ar\/portalurbano\/category\/nacion\/\" rel=\"category tag\">Naci\u00f3n<\/a>","tag_info":"Naci\u00f3n","comment_count":"0","amp_enabled":true,"_links":{"self":[{"href":"https:\/\/experienciadevida.com.ar\/portalurbano\/wp-json\/wp\/v2\/posts\/62265"}],"collection":[{"href":"https:\/\/experienciadevida.com.ar\/portalurbano\/wp-json\/wp\/v2\/posts"}],"about":[{"href":"https:\/\/experienciadevida.com.ar\/portalurbano\/wp-json\/wp\/v2\/types\/post"}],"author":[{"embeddable":true,"href":"https:\/\/experienciadevida.com.ar\/portalurbano\/wp-json\/wp\/v2\/users\/1"}],"replies":[{"embeddable":true,"href":"https:\/\/experienciadevida.com.ar\/portalurbano\/wp-json\/wp\/v2\/comments?post=62265"}],"version-history":[{"count":2,"href":"https:\/\/experienciadevida.com.ar\/portalurbano\/wp-json\/wp\/v2\/posts\/62265\/revisions"}],"predecessor-version":[{"id":62268,"href":"https:\/\/experienciadevida.com.ar\/portalurbano\/wp-json\/wp\/v2\/posts\/62265\/revisions\/62268"}],"wp:attachment":[{"href":"https:\/\/experienciadevida.com.ar\/portalurbano\/wp-json\/wp\/v2\/media?parent=62265"}],"wp:term":[{"taxonomy":"category","embeddable":true,"href":"https:\/\/experienciadevida.com.ar\/portalurbano\/wp-json\/wp\/v2\/categories?post=62265"},{"taxonomy":"post_tag","embeddable":true,"href":"https:\/\/experienciadevida.com.ar\/portalurbano\/wp-json\/wp\/v2\/tags?post=62265"}],"curies":[{"name":"wp","href":"https:\/\/api.w.org\/{rel}","templated":true}]}}