{"id":62261,"date":"2019-03-28T19:39:57","date_gmt":"2019-03-28T22:39:57","guid":{"rendered":"https:\/\/experienciadevida.com.ar\/portalurbano\/?p=62261"},"modified":"2019-03-28T19:39:57","modified_gmt":"2019-03-28T22:39:57","slug":"indec-la-pobreza-alcanzo-al-32-de-las-personas-y-la-indigencia-llego-al-67-en-el-segundo-semestre-de-2018","status":"publish","type":"post","link":"https:\/\/experienciadevida.com.ar\/portalurbano\/indec-la-pobreza-alcanzo-al-32-de-las-personas-y-la-indigencia-llego-al-67-en-el-segundo-semestre-de-2018\/","title":{"rendered":"Indec: la pobreza alcanz\u00f3 al 32% de las personas y la indigencia lleg\u00f3 al 6,7% en el segundo semestre de 2018"},"content":{"rendered":"<article id=\"article-post\" class=\"first\">\n<p class=\"interiorCopete\">El organismo emiti\u00f3 los resultados correspondientes al segundo semestre de 2018. Mientras que la indigencia lleg\u00f3 al 6,7% de los habitantes<\/p>\n<div class=\"separator-line\">La\u00a0<strong>pobreza alcanz\u00f3 al 23,4% de los hogares y al 32% de las personas en el segundo semestre de 2018,<\/strong>\u00a04,7%por encima de la tasa registrada en la primera mitad del a\u00f1o pasado, seg\u00fan inform\u00f3 el\u00a0<strong>Instituto Nacional de Estad\u00edstica y Censos (Indec)<\/strong>.<\/div>\n<div class=\"cuerpo\" data-twitter-link=\"https:\/\/twitter.com\/intent\/tweet?url=https:\/\/www.diariopopular.com.ar\/\/c389526&amp;via=poopulardiario&amp;related=Diario Popular&amp;text=\">\n<div id=\"div-gpt-ad-nota-817424\" class=\"banner-90\" data-mapping=\"mapping9\" data-google-query-id=\"CPTykqXypeECFZcegQodwJsGhw\">\n<div><\/div>\n<div id=\"google_ads_iframe_\/7581181\/dp_universal_0__container__\">Adem\u00e1s,<strong>\u00a0la indigencia alcanz\u00f3 al 6,7% de los habitantes en el mismo per\u00edodo, 1,8 puntos porcentuales m\u00e1s que en el primer semestre<\/strong>. El anuncio oficial se hizo en medio de un clima tenso por una protesta de ATE y la CTA-A que se realizar\u00e1 en la puerta.<\/div>\n<\/div>\n<\/div>\n<\/article>\n<article id=\"article-post\">\n<div class=\"cuerpo\" data-twitter-link=\"https:\/\/twitter.com\/intent\/tweet?url=https:\/\/www.diariopopular.com.ar\/\/c389526&amp;via=poopulardiario&amp;related=Diario Popular&amp;text=\">\n<div id=\"embed63_wrap\" class=\"embed_cont type_freetext no-epigrafe no-copyright\">\n<div id=\"embed63_content\" class=\"embed_content\">\n<div id=\"embed63_embed\">\n<div class=\"SandboxRoot env-bp-350\" data-twitter-event-id=\"0\">\n<div id=\"twitter-widget-0\" class=\"EmbeddedTweet EmbeddedTweet--cta EmbeddedTweet--mediaForward media-forward js-clickToOpenTarget js-tweetIdInfo tweet-InformationCircle-widgetParent\" lang=\"es\" data-click-to-open-target=\"https:\/\/twitter.com\/INDECArgentina\/status\/1111343249271259144\" data-iframe-title=\"Tweet de Twitter\" data-scribe=\"page:tweet\" data-tweet-id=\"1111343249271259144\" data-twitter-event-id=\"1\">\n<article class=\"MediaCard\n           MediaCard--mediaForward\n\n           customisable-border\" dir=\"ltr\" data-scribe=\"component:card\"><\/p>\n<div class=\"MediaCard-media\" data-scribe=\"element:photo\">\n<div class=\"MediaCard-widthConstraint js-cspForcedStyle\" data-style=\"max-width: 1200px\">\n<div class=\"MediaCard-mediaContainer js-cspForcedStyle\" data-style=\"padding-bottom: 95.0000%\"><a class=\"MediaCard-mediaAsset NaturalImage\" href=\"https:\/\/twitter.com\/INDECArgentina\/status\/1111343249271259144\/photo\/1\"><img decoding=\"async\" class=\"NaturalImage-image\" title=\"Ver imagen en Twitter\" src=\"https:\/\/pbs.twimg.com\/media\/D2xIVOXXcAAh90M?format=jpg&amp;name=small\" alt=\"Ver imagen en Twitter\" width=\"1200\" height=\"1140\" data-image=\"https:\/\/pbs.twimg.com\/media\/D2xIVOXXcAAh90M\" \/><\/a><\/div>\n<\/div>\n<\/div>\n<\/article>\n<div class=\"EmbeddedTweet-tweetContainer\">\n<div class=\"EmbeddedTweet-tweet\">\n<blockquote class=\"Tweet h-entry js-tweetIdInfo subject expanded\" cite=\"https:\/\/twitter.com\/INDECArgentina\/status\/1111343249271259144\" data-tweet-id=\"1111343249271259144\" data-scribe=\"section:subject\">\n<div class=\"Tweet-body e-entry-content\" data-scribe=\"component:tweet\">\n<div class=\"u-hiddenVisually js-inViewportScribingTarget\"><\/div>\n<div class=\"TweetInfo\">\n<div class=\"TweetInfo-timeGeo\">Las cifras confirmaron un deterioro de la situaci\u00f3n social como consecuencia de la recesi\u00f3n econ\u00f3mica y la alta inflaci\u00f3n que vive Argentina desde el segundo trimestre del a\u00f1o pasado.<\/div>\n<\/div>\n<\/div>\n<\/blockquote>\n<\/div>\n<\/div>\n<\/div>\n<\/div>\n<\/div>\n<\/div>\n<\/div>\n<div id=\"sc_intxt_container\">\n<div><\/div>\n<\/div>\n<div class=\"penci-pullqoute align-none\">\n<blockquote><p>La estad\u00edstica oficial se\u00f1ala que a finales de diciembre pasado se encontraban por debajo de la l\u00ednea de pobreza 2,1 millones de hogares, lo que supone 8,9 millones de personas pobres.<\/p><\/blockquote>\n<\/div>\n<p>Asimismo, 442.859 hogares se encuentran, a su vez, bajo la l\u00ednea de indigencia, lo que incluye a 1,8 millones de personas.<\/p>\n<div id=\"div-gpt-ad-nota-98129\" class=\"banner-90\" data-mapping=\"mapping9\" data-google-query-id=\"CLL1kqXypeECFZcegQodwJsGhw\">\n<div id=\"google_ads_iframe_\/7581181\/dp_universal_1__container__\">La medici\u00f3n tiene en cuenta el nivel de vida en los 31 centros urbanos m\u00e1s poblados del pa\u00eds, lo que abarca a 27,8 millones de personas, sobre una poblaci\u00f3n total en Argentina 40 millones de personas.<\/div>\n<\/div>\n<p>El informe difundido este jueves es el sexto sobre la pobreza que realiza el Indec tras la llegada de Mauricio Macri a la Presidencia argentina, a finales de 2015, y el segundo de este ciclo que arroja como resultado un aumento en el \u00edndice.<\/p>\n<p>El crecimiento de la pobreza en la segunda mitad del a\u00f1o coincide con altas tasas de inflaci\u00f3n, indicador que incide en forma directa en la valoraci\u00f3n de la cesta b\u00e1sica de alimentos y de servicios que se utiliza luego para medir la l\u00ednea de indigencia y pobreza.<\/p>\n<p>ATE y la CTA-A realizan una vigilia desde las 14 y otrogar\u00e1n una conferencia de prensa para las 16 para analizar los datos difundidos.<\/p>\n<p>Participar\u00e1 Hugo \u201cCachorro\u201d Godoy, Sec. General de ATE Nacional, dirigentes de la CTA-A y de movimientos sociales para explicar los alcances de la movilizaci\u00f3n del 4 de abril.<\/p>\n<\/div>\n<\/article>\n","protected":false},"excerpt":{"rendered":"<p>El organismo emiti\u00f3 los resultados correspondientes al segundo semestre de 2018. Mientras que la indigencia&#8230;<\/p>\n","protected":false},"author":1,"featured_media":-62261,"comment_status":"open","ping_status":"open","sticky":false,"template":"","format":"standard","meta":{"content-type":""},"categories":[39],"tags":[],"nelio_content":{"isAutoShareEnabled":false,"autoShareEndMode":"default","automationSources":{"useContentSentences":true,"useSocialTemplates":true,"useCustomSentences":false,"customSentences":[]},"followers":[1],"suggestedReferences":[],"includedReferences":[],"efiUrl":"","efiAlt":"","highlights":[]},"yoast_head":"<!-- This site is optimized with the Yoast SEO plugin v20.7 - https:\/\/yoast.com\/wordpress\/plugins\/seo\/ -->\n<title>Indec: la pobreza alcanz\u00f3 al 32% de las personas y la indigencia lleg\u00f3 al 6,7% en el segundo semestre de 2018 -<\/title>\n<meta name=\"robots\" content=\"index, follow, max-snippet:-1, max-image-preview:large, max-video-preview:-1\" \/>\n<link rel=\"canonical\" href=\"https:\/\/experienciadevida.com.ar\/portalurbano\/indec-la-pobreza-alcanzo-al-32-de-las-personas-y-la-indigencia-llego-al-67-en-el-segundo-semestre-de-2018\/\" \/>\n<meta property=\"og:locale\" content=\"es_ES\" \/>\n<meta property=\"og:type\" content=\"article\" \/>\n<meta property=\"og:title\" content=\"Indec: la pobreza alcanz\u00f3 al 32% de las personas y la indigencia lleg\u00f3 al 6,7% en el segundo semestre de 2018 -\" \/>\n<meta property=\"og:description\" content=\"El organismo emiti\u00f3 los resultados correspondientes al segundo semestre de 2018. Mientras que la indigencia...\" \/>\n<meta property=\"og:url\" content=\"https:\/\/experienciadevida.com.ar\/portalurbano\/indec-la-pobreza-alcanzo-al-32-de-las-personas-y-la-indigencia-llego-al-67-en-el-segundo-semestre-de-2018\/\" \/>\n<meta property=\"article:publisher\" content=\"https:\/\/www.facebook.com\/Portal-Urbano-171542830093757\/\" \/>\n<meta property=\"article:published_time\" content=\"2019-03-28T22:39:57+00:00\" \/>\n<meta property=\"og:image\" content=\"https:\/\/experienciadevida.com.ar\/portalurbano\/wp-content\/uploads\/2017\/11\/INDEC-1-1-e1526417517910.jpg\" \/>\n\t<meta property=\"og:image:width\" content=\"670\" \/>\n\t<meta property=\"og:image:height\" content=\"447\" \/>\n\t<meta property=\"og:image:type\" content=\"image\/jpeg\" \/>\n<meta name=\"author\" content=\"admpu17wp\" \/>\n<meta name=\"twitter:card\" content=\"summary_large_image\" \/>\n<meta name=\"twitter:creator\" content=\"@portalurbanook\" \/>\n<meta name=\"twitter:site\" content=\"@portalurbanook\" \/>\n<meta name=\"twitter:label1\" content=\"Escrito por\" \/>\n\t<meta name=\"twitter:data1\" content=\"admpu17wp\" \/>\n\t<meta name=\"twitter:label2\" content=\"Tiempo de lectura\" \/>\n\t<meta name=\"twitter:data2\" content=\"2 minutos\" \/>\n<script type=\"application\/ld+json\" class=\"yoast-schema-graph\">{\"@context\":\"https:\/\/schema.org\",\"@graph\":[{\"@type\":\"Article\",\"@id\":\"https:\/\/experienciadevida.com.ar\/portalurbano\/indec-la-pobreza-alcanzo-al-32-de-las-personas-y-la-indigencia-llego-al-67-en-el-segundo-semestre-de-2018\/#article\",\"isPartOf\":{\"@id\":\"https:\/\/experienciadevida.com.ar\/portalurbano\/indec-la-pobreza-alcanzo-al-32-de-las-personas-y-la-indigencia-llego-al-67-en-el-segundo-semestre-de-2018\/\"},\"author\":{\"name\":\"admpu17wp\",\"@id\":\"https:\/\/experienciadevida.com.ar\/portalurbano\/#\/schema\/person\/02dd326b1c4b056e9cc972486934a3a7\"},\"headline\":\"Indec: la pobreza alcanz\u00f3 al 32% de las personas y la indigencia lleg\u00f3 al 6,7% en el segundo semestre de 2018\",\"datePublished\":\"2019-03-28T22:39:57+00:00\",\"dateModified\":\"2019-03-28T22:39:57+00:00\",\"mainEntityOfPage\":{\"@id\":\"https:\/\/experienciadevida.com.ar\/portalurbano\/indec-la-pobreza-alcanzo-al-32-de-las-personas-y-la-indigencia-llego-al-67-en-el-segundo-semestre-de-2018\/\"},\"wordCount\":400,\"commentCount\":0,\"publisher\":{\"@id\":\"https:\/\/experienciadevida.com.ar\/portalurbano\/#organization\"},\"articleSection\":[\"Naci\u00f3n\"],\"inLanguage\":\"es\",\"potentialAction\":[{\"@type\":\"CommentAction\",\"name\":\"Comment\",\"target\":[\"https:\/\/experienciadevida.com.ar\/portalurbano\/indec-la-pobreza-alcanzo-al-32-de-las-personas-y-la-indigencia-llego-al-67-en-el-segundo-semestre-de-2018\/#respond\"]}]},{\"@type\":\"WebPage\",\"@id\":\"https:\/\/experienciadevida.com.ar\/portalurbano\/indec-la-pobreza-alcanzo-al-32-de-las-personas-y-la-indigencia-llego-al-67-en-el-segundo-semestre-de-2018\/\",\"url\":\"https:\/\/experienciadevida.com.ar\/portalurbano\/indec-la-pobreza-alcanzo-al-32-de-las-personas-y-la-indigencia-llego-al-67-en-el-segundo-semestre-de-2018\/\",\"name\":\"Indec: la pobreza alcanz\u00f3 al 32% de las personas y la indigencia lleg\u00f3 al 6,7% en el segundo semestre de 2018 -\",\"isPartOf\":{\"@id\":\"https:\/\/experienciadevida.com.ar\/portalurbano\/#website\"},\"datePublished\":\"2019-03-28T22:39:57+00:00\",\"dateModified\":\"2019-03-28T22:39:57+00:00\",\"breadcrumb\":{\"@id\":\"https:\/\/experienciadevida.com.ar\/portalurbano\/indec-la-pobreza-alcanzo-al-32-de-las-personas-y-la-indigencia-llego-al-67-en-el-segundo-semestre-de-2018\/#breadcrumb\"},\"inLanguage\":\"es\",\"potentialAction\":[{\"@type\":\"ReadAction\",\"target\":[\"https:\/\/experienciadevida.com.ar\/portalurbano\/indec-la-pobreza-alcanzo-al-32-de-las-personas-y-la-indigencia-llego-al-67-en-el-segundo-semestre-de-2018\/\"]}]},{\"@type\":\"BreadcrumbList\",\"@id\":\"https:\/\/experienciadevida.com.ar\/portalurbano\/indec-la-pobreza-alcanzo-al-32-de-las-personas-y-la-indigencia-llego-al-67-en-el-segundo-semestre-de-2018\/#breadcrumb\",\"itemListElement\":[{\"@type\":\"ListItem\",\"position\":1,\"name\":\"Portada\",\"item\":\"https:\/\/experienciadevida.com.ar\/portalurbano\/\"},{\"@type\":\"ListItem\",\"position\":2,\"name\":\"Indec: la pobreza alcanz\u00f3 al 32% de las personas y la indigencia lleg\u00f3 al 6,7% en el segundo semestre de 2018\"}]},{\"@type\":\"WebSite\",\"@id\":\"https:\/\/experienciadevida.com.ar\/portalurbano\/#website\",\"url\":\"https:\/\/experienciadevida.com.ar\/portalurbano\/\",\"name\":\"\",\"description\":\"\",\"publisher\":{\"@id\":\"https:\/\/experienciadevida.com.ar\/portalurbano\/#organization\"},\"potentialAction\":[{\"@type\":\"SearchAction\",\"target\":{\"@type\":\"EntryPoint\",\"urlTemplate\":\"https:\/\/experienciadevida.com.ar\/portalurbano\/?s={search_term_string}\"},\"query-input\":\"required name=search_term_string\"}],\"inLanguage\":\"es\"},{\"@type\":\"Organization\",\"@id\":\"https:\/\/experienciadevida.com.ar\/portalurbano\/#organization\",\"name\":\"Portal Urbano\",\"url\":\"https:\/\/experienciadevida.com.ar\/portalurbano\/\",\"logo\":{\"@type\":\"ImageObject\",\"inLanguage\":\"es\",\"@id\":\"https:\/\/experienciadevida.com.ar\/portalurbano\/#\/schema\/logo\/image\/\",\"url\":\"https:\/\/experienciadevida.com.ar\/portalurbano\/wp-content\/uploads\/2019\/09\/Logo-Original.png\",\"contentUrl\":\"https:\/\/experienciadevida.com.ar\/portalurbano\/wp-content\/uploads\/2019\/09\/Logo-Original.png\",\"width\":2236,\"height\":1216,\"caption\":\"Portal Urbano\"},\"image\":{\"@id\":\"https:\/\/experienciadevida.com.ar\/portalurbano\/#\/schema\/logo\/image\/\"},\"sameAs\":[\"https:\/\/www.facebook.com\/Portal-Urbano-171542830093757\/\",\"https:\/\/twitter.com\/portalurbanook\",\"https:\/\/www.instagram.com\/_portalurbano\/\",\"https:\/\/www.youtube.com\/channel\/UCXhagIfszH8KxFiOok79zbA?view_as=subscriber\"]},{\"@type\":\"Person\",\"@id\":\"https:\/\/experienciadevida.com.ar\/portalurbano\/#\/schema\/person\/02dd326b1c4b056e9cc972486934a3a7\",\"name\":\"admpu17wp\",\"image\":{\"@type\":\"ImageObject\",\"inLanguage\":\"es\",\"@id\":\"https:\/\/experienciadevida.com.ar\/portalurbano\/#\/schema\/person\/image\/\",\"url\":\"https:\/\/secure.gravatar.com\/avatar\/830d4c57adaae6630765e449a6908047?s=96&d=mm&r=g\",\"contentUrl\":\"https:\/\/secure.gravatar.com\/avatar\/830d4c57adaae6630765e449a6908047?s=96&d=mm&r=g\",\"caption\":\"admpu17wp\"}}]}<\/script>\n<!-- \/ Yoast SEO plugin. -->","yoast_head_json":{"title":"Indec: la pobreza alcanz\u00f3 al 32% de las personas y la indigencia lleg\u00f3 al 6,7% en el segundo semestre de 2018 -","robots":{"index":"index","follow":"follow","max-snippet":"max-snippet:-1","max-image-preview":"max-image-preview:large","max-video-preview":"max-video-preview:-1"},"canonical":"https:\/\/experienciadevida.com.ar\/portalurbano\/indec-la-pobreza-alcanzo-al-32-de-las-personas-y-la-indigencia-llego-al-67-en-el-segundo-semestre-de-2018\/","og_locale":"es_ES","og_type":"article","og_title":"Indec: la pobreza alcanz\u00f3 al 32% de las personas y la indigencia lleg\u00f3 al 6,7% en el segundo semestre de 2018 -","og_description":"El organismo emiti\u00f3 los resultados correspondientes al segundo semestre de 2018. Mientras que la indigencia...","og_url":"https:\/\/experienciadevida.com.ar\/portalurbano\/indec-la-pobreza-alcanzo-al-32-de-las-personas-y-la-indigencia-llego-al-67-en-el-segundo-semestre-de-2018\/","article_publisher":"https:\/\/www.facebook.com\/Portal-Urbano-171542830093757\/","article_published_time":"2019-03-28T22:39:57+00:00","og_image":[{"width":670,"height":447,"url":"https:\/\/experienciadevida.com.ar\/portalurbano\/wp-content\/uploads\/2017\/11\/INDEC-1-1-e1526417517910.jpg","type":"image\/jpeg"}],"author":"admpu17wp","twitter_card":"summary_large_image","twitter_creator":"@portalurbanook","twitter_site":"@portalurbanook","twitter_misc":{"Escrito por":"admpu17wp","Tiempo de lectura":"2 minutos"},"schema":{"@context":"https:\/\/schema.org","@graph":[{"@type":"Article","@id":"https:\/\/experienciadevida.com.ar\/portalurbano\/indec-la-pobreza-alcanzo-al-32-de-las-personas-y-la-indigencia-llego-al-67-en-el-segundo-semestre-de-2018\/#article","isPartOf":{"@id":"https:\/\/experienciadevida.com.ar\/portalurbano\/indec-la-pobreza-alcanzo-al-32-de-las-personas-y-la-indigencia-llego-al-67-en-el-segundo-semestre-de-2018\/"},"author":{"name":"admpu17wp","@id":"https:\/\/experienciadevida.com.ar\/portalurbano\/#\/schema\/person\/02dd326b1c4b056e9cc972486934a3a7"},"headline":"Indec: la pobreza alcanz\u00f3 al 32% de las personas y la indigencia lleg\u00f3 al 6,7% en el segundo semestre de 2018","datePublished":"2019-03-28T22:39:57+00:00","dateModified":"2019-03-28T22:39:57+00:00","mainEntityOfPage":{"@id":"https:\/\/experienciadevida.com.ar\/portalurbano\/indec-la-pobreza-alcanzo-al-32-de-las-personas-y-la-indigencia-llego-al-67-en-el-segundo-semestre-de-2018\/"},"wordCount":400,"commentCount":0,"publisher":{"@id":"https:\/\/experienciadevida.com.ar\/portalurbano\/#organization"},"articleSection":["Naci\u00f3n"],"inLanguage":"es","potentialAction":[{"@type":"CommentAction","name":"Comment","target":["https:\/\/experienciadevida.com.ar\/portalurbano\/indec-la-pobreza-alcanzo-al-32-de-las-personas-y-la-indigencia-llego-al-67-en-el-segundo-semestre-de-2018\/#respond"]}]},{"@type":"WebPage","@id":"https:\/\/experienciadevida.com.ar\/portalurbano\/indec-la-pobreza-alcanzo-al-32-de-las-personas-y-la-indigencia-llego-al-67-en-el-segundo-semestre-de-2018\/","url":"https:\/\/experienciadevida.com.ar\/portalurbano\/indec-la-pobreza-alcanzo-al-32-de-las-personas-y-la-indigencia-llego-al-67-en-el-segundo-semestre-de-2018\/","name":"Indec: la pobreza alcanz\u00f3 al 32% de las personas y la indigencia lleg\u00f3 al 6,7% en el segundo semestre de 2018 -","isPartOf":{"@id":"https:\/\/experienciadevida.com.ar\/portalurbano\/#website"},"datePublished":"2019-03-28T22:39:57+00:00","dateModified":"2019-03-28T22:39:57+00:00","breadcrumb":{"@id":"https:\/\/experienciadevida.com.ar\/portalurbano\/indec-la-pobreza-alcanzo-al-32-de-las-personas-y-la-indigencia-llego-al-67-en-el-segundo-semestre-de-2018\/#breadcrumb"},"inLanguage":"es","potentialAction":[{"@type":"ReadAction","target":["https:\/\/experienciadevida.com.ar\/portalurbano\/indec-la-pobreza-alcanzo-al-32-de-las-personas-y-la-indigencia-llego-al-67-en-el-segundo-semestre-de-2018\/"]}]},{"@type":"BreadcrumbList","@id":"https:\/\/experienciadevida.com.ar\/portalurbano\/indec-la-pobreza-alcanzo-al-32-de-las-personas-y-la-indigencia-llego-al-67-en-el-segundo-semestre-de-2018\/#breadcrumb","itemListElement":[{"@type":"ListItem","position":1,"name":"Portada","item":"https:\/\/experienciadevida.com.ar\/portalurbano\/"},{"@type":"ListItem","position":2,"name":"Indec: la pobreza alcanz\u00f3 al 32% de las personas y la indigencia lleg\u00f3 al 6,7% en el segundo semestre de 2018"}]},{"@type":"WebSite","@id":"https:\/\/experienciadevida.com.ar\/portalurbano\/#website","url":"https:\/\/experienciadevida.com.ar\/portalurbano\/","name":"","description":"","publisher":{"@id":"https:\/\/experienciadevida.com.ar\/portalurbano\/#organization"},"potentialAction":[{"@type":"SearchAction","target":{"@type":"EntryPoint","urlTemplate":"https:\/\/experienciadevida.com.ar\/portalurbano\/?s={search_term_string}"},"query-input":"required name=search_term_string"}],"inLanguage":"es"},{"@type":"Organization","@id":"https:\/\/experienciadevida.com.ar\/portalurbano\/#organization","name":"Portal Urbano","url":"https:\/\/experienciadevida.com.ar\/portalurbano\/","logo":{"@type":"ImageObject","inLanguage":"es","@id":"https:\/\/experienciadevida.com.ar\/portalurbano\/#\/schema\/logo\/image\/","url":"https:\/\/experienciadevida.com.ar\/portalurbano\/wp-content\/uploads\/2019\/09\/Logo-Original.png","contentUrl":"https:\/\/experienciadevida.com.ar\/portalurbano\/wp-content\/uploads\/2019\/09\/Logo-Original.png","width":2236,"height":1216,"caption":"Portal Urbano"},"image":{"@id":"https:\/\/experienciadevida.com.ar\/portalurbano\/#\/schema\/logo\/image\/"},"sameAs":["https:\/\/www.facebook.com\/Portal-Urbano-171542830093757\/","https:\/\/twitter.com\/portalurbanook","https:\/\/www.instagram.com\/_portalurbano\/","https:\/\/www.youtube.com\/channel\/UCXhagIfszH8KxFiOok79zbA?view_as=subscriber"]},{"@type":"Person","@id":"https:\/\/experienciadevida.com.ar\/portalurbano\/#\/schema\/person\/02dd326b1c4b056e9cc972486934a3a7","name":"admpu17wp","image":{"@type":"ImageObject","inLanguage":"es","@id":"https:\/\/experienciadevida.com.ar\/portalurbano\/#\/schema\/person\/image\/","url":"https:\/\/secure.gravatar.com\/avatar\/830d4c57adaae6630765e449a6908047?s=96&d=mm&r=g","contentUrl":"https:\/\/secure.gravatar.com\/avatar\/830d4c57adaae6630765e449a6908047?s=96&d=mm&r=g","caption":"admpu17wp"}}]}},"featured_image_urls":{"full":["https:\/\/pbs.twimg.com\/media\/D2xIVOXXcAAh90M?format=jpg&amp;name=small",1920,1080,false],"thumbnail":["https:\/\/pbs.twimg.com\/media\/D2xIVOXXcAAh90M?format=jpg&amp;name=small",150,150,true],"medium":["https:\/\/pbs.twimg.com\/media\/D2xIVOXXcAAh90M?format=jpg&amp;name=small",300,169,true],"medium_large":["https:\/\/pbs.twimg.com\/media\/D2xIVOXXcAAh90M?format=jpg&amp;name=small",640,360,true],"large":["https:\/\/pbs.twimg.com\/media\/D2xIVOXXcAAh90M?format=jpg&amp;name=small",640,360,true],"ug_big":["https:\/\/pbs.twimg.com\/media\/D2xIVOXXcAAh90M?format=jpg&amp;name=small",768,432,true],"1536x1536":["https:\/\/pbs.twimg.com\/media\/D2xIVOXXcAAh90M?format=jpg&amp;name=small",1536,864,true],"2048x2048":["https:\/\/pbs.twimg.com\/media\/D2xIVOXXcAAh90M?format=jpg&amp;name=small",1920,1080,false],"newsever-slider-full":["https:\/\/pbs.twimg.com\/media\/D2xIVOXXcAAh90M?format=jpg&amp;name=small",1280,845,true],"newsever-featured":["https:\/\/pbs.twimg.com\/media\/D2xIVOXXcAAh90M?format=jpg&amp;name=small",1024,576,true],"newsever-medium":["https:\/\/pbs.twimg.com\/media\/D2xIVOXXcAAh90M?format=jpg&amp;name=small",720,475,true],"web-stories-poster-portrait":["https:\/\/pbs.twimg.com\/media\/D2xIVOXXcAAh90M?format=jpg&amp;name=small",640,853,true],"web-stories-publisher-logo":["https:\/\/pbs.twimg.com\/media\/D2xIVOXXcAAh90M?format=jpg&amp;name=small",96,96,true],"web-stories-thumbnail":["https:\/\/pbs.twimg.com\/media\/D2xIVOXXcAAh90M?format=jpg&amp;name=small",150,84,true]},"author_info":{"display_name":"admpu17wp","author_link":"https:\/\/experienciadevida.com.ar\/portalurbano\/author\/admpu17wp\/"},"category_info":"<a href=\"https:\/\/experienciadevida.com.ar\/portalurbano\/category\/nacion\/\" rel=\"category tag\">Naci\u00f3n<\/a>","tag_info":"Naci\u00f3n","comment_count":"0","amp_enabled":true,"_links":{"self":[{"href":"https:\/\/experienciadevida.com.ar\/portalurbano\/wp-json\/wp\/v2\/posts\/62261"}],"collection":[{"href":"https:\/\/experienciadevida.com.ar\/portalurbano\/wp-json\/wp\/v2\/posts"}],"about":[{"href":"https:\/\/experienciadevida.com.ar\/portalurbano\/wp-json\/wp\/v2\/types\/post"}],"author":[{"embeddable":true,"href":"https:\/\/experienciadevida.com.ar\/portalurbano\/wp-json\/wp\/v2\/users\/1"}],"replies":[{"embeddable":true,"href":"https:\/\/experienciadevida.com.ar\/portalurbano\/wp-json\/wp\/v2\/comments?post=62261"}],"version-history":[{"count":1,"href":"https:\/\/experienciadevida.com.ar\/portalurbano\/wp-json\/wp\/v2\/posts\/62261\/revisions"}],"predecessor-version":[{"id":62264,"href":"https:\/\/experienciadevida.com.ar\/portalurbano\/wp-json\/wp\/v2\/posts\/62261\/revisions\/62264"}],"wp:featuredmedia":[{"embeddable":true,"href":"https:\/\/experienciadevida.com.ar\/portalurbano\/wp-json\/"}],"wp:attachment":[{"href":"https:\/\/experienciadevida.com.ar\/portalurbano\/wp-json\/wp\/v2\/media?parent=62261"}],"wp:term":[{"taxonomy":"category","embeddable":true,"href":"https:\/\/experienciadevida.com.ar\/portalurbano\/wp-json\/wp\/v2\/categories?post=62261"},{"taxonomy":"post_tag","embeddable":true,"href":"https:\/\/experienciadevida.com.ar\/portalurbano\/wp-json\/wp\/v2\/tags?post=62261"}],"curies":[{"name":"wp","href":"https:\/\/api.w.org\/{rel}","templated":true}]}}