{"id":62134,"date":"2019-03-28T00:05:08","date_gmt":"2019-03-28T03:05:08","guid":{"rendered":"https:\/\/experienciadevida.com.ar\/portalurbano\/?p=62134"},"modified":"2019-03-28T00:05:08","modified_gmt":"2019-03-28T03:05:08","slug":"el-limite-para-no-ser-pobre-aumento-un-57-en-un-ano-segun-el-indec","status":"publish","type":"post","link":"https:\/\/experienciadevida.com.ar\/portalurbano\/el-limite-para-no-ser-pobre-aumento-un-57-en-un-ano-segun-el-indec\/","title":{"rendered":"El l\u00edmite para no ser pobre aument\u00f3 un 57% en un a\u00f1o, seg\u00fan el Indec"},"content":{"rendered":"<p>En febrero pasado una familia tipo necesit\u00f3 $ 27.570 para no ser pobre, un l\u00edmite que se increment\u00f3 un 57,2% en un a\u00f1o, seg\u00fan inform\u00f3 esta tarde el Instituto Nacional de Estad\u00edstica y Censos (Indec).<\/p>\n<p>El organismo public\u00f3 hoy los datos de la canasta b\u00e1sica alimentaria y total, que define los l\u00edmites a partir de los cuales una familia es considerada pobre o indigente, respectivamente.<\/p>\n<p>De acuerdo al informe, en febrero pasado la canasta alimentaria se increment\u00f3 un 4,3% respecto a enero, experimentando una suba del 57,2% anual. De este modo, una familia tipo (un matrimonio y dos hijos) necesit\u00f3 $ 27.570 para no ser considerada pobre.<\/p>\n<p>En tanto, la canasta b\u00e1sica total experiment\u00f3 en febrero una suba del 4,3% sobre enero y 57,2% en los \u00faltimos 12 meses, por lo que el n\u00facleo familiar necesit\u00f3 contar con ingresos superiores a $ 11.117 para no caer en la indigencia.<\/p>\n<p>La canasta b\u00e1sica alimentaria (CBA) toma en cuenta los requerimientos imprescindibles para que un var\u00f3n adulto, entre 30 y 60 a\u00f1os, de actividad moderada, cubra durante un mes esas necesidades b\u00e1sicas. El mismo incluye \u00fanicamente alimentos con sus respectivas cantidades en funci\u00f3n de los h\u00e1bitos de consumo de la poblaci\u00f3n a partir de la informaci\u00f3n provista por la Encuesta Nacional de Gastos de los Hogares (ENGHo).<\/p>\n<p>De acuerdo a esas variables, se calcul\u00f3 que en febrero una persona necesit\u00f3 $ 8.922,47 para cubrir sus necesidades b\u00e1sicas alimentarias, sin contar alquiler, servicios, transporte y gastos de telecomunicaciones. Para el caso de la indigencia, en tanto, se dividen esas mismas variables, cubriendo muchas menos necesidades nutricionales.<\/p>\n<p>En febrero de 2018, cada persona necesit\u00f3 $ 5.675,69 para no ser pobre y $ 2.261,23 para no caer en la indigencia. Las familias tipo, en tanto, debieron afrontar gastos por $ 6.987 para no ser indigente en febrero de 2018, y $ 17.537,88 para no ser pobre.<\/p>\n<p><b>Pobreza<\/b><\/p>\n<p>El dato de la canasta b\u00e1sica publicado hoy por el Indec llega un d\u00eda antes que el organismo publique los datos de la pobreza, que todas las estimaciones ubican por encima del 30%.<\/p>\n<p>El lunes, el Observatorio de la Deuda Social de la UCA public\u00f3 su informe de pobreza multidimensional, que la ubic\u00f3 en el 31,3%, tomando no solo el factor de ingresos, sino el de acceso a servicios p\u00fablicos, vivienda digna y educaci\u00f3n, entre otros. (DIB) JG<\/p>\n","protected":false},"excerpt":{"rendered":"<p>En febrero pasado una familia tipo necesit\u00f3 $ 27.570 para no ser pobre, un l\u00edmite&#8230;<\/p>\n","protected":false},"author":1,"featured_media":0,"comment_status":"open","ping_status":"open","sticky":false,"template":"","format":"standard","meta":{"content-type":""},"categories":[39],"tags":[],"nelio_content":{"isAutoShareEnabled":false,"autoShareEndMode":"default","automationSources":{"useContentSentences":true,"useSocialTemplates":true,"useCustomSentences":false,"customSentences":[]},"followers":[1],"suggestedReferences":[],"includedReferences":[],"efiUrl":"","efiAlt":"","highlights":[]},"yoast_head":"<!-- This site is optimized with the Yoast SEO plugin v20.7 - https:\/\/yoast.com\/wordpress\/plugins\/seo\/ -->\n<title>El l\u00edmite para no ser pobre aument\u00f3 un 57% en un a\u00f1o, seg\u00fan el Indec -<\/title>\n<meta name=\"robots\" content=\"index, follow, max-snippet:-1, max-image-preview:large, max-video-preview:-1\" \/>\n<link rel=\"canonical\" href=\"https:\/\/experienciadevida.com.ar\/portalurbano\/el-limite-para-no-ser-pobre-aumento-un-57-en-un-ano-segun-el-indec\/\" \/>\n<meta property=\"og:locale\" content=\"es_ES\" \/>\n<meta property=\"og:type\" content=\"article\" \/>\n<meta property=\"og:title\" content=\"El l\u00edmite para no ser pobre aument\u00f3 un 57% en un a\u00f1o, seg\u00fan el Indec -\" \/>\n<meta property=\"og:description\" content=\"En febrero pasado una familia tipo necesit\u00f3 $ 27.570 para no ser pobre, un l\u00edmite...\" \/>\n<meta property=\"og:url\" content=\"https:\/\/experienciadevida.com.ar\/portalurbano\/el-limite-para-no-ser-pobre-aumento-un-57-en-un-ano-segun-el-indec\/\" \/>\n<meta property=\"article:publisher\" content=\"https:\/\/www.facebook.com\/Portal-Urbano-171542830093757\/\" \/>\n<meta property=\"article:published_time\" content=\"2019-03-28T03:05:08+00:00\" \/>\n<meta property=\"og:image\" content=\"https:\/\/experienciadevida.com.ar\/portalurbano\/wp-content\/uploads\/2017\/10\/Seg\u00fan-el-INDEC-\u00bfcu\u00e1nto-aument\u00f3-las-canastas-de-consumo-e1560456713261.jpg\" \/>\n\t<meta property=\"og:image:width\" content=\"750\" \/>\n\t<meta property=\"og:image:height\" content=\"418\" \/>\n\t<meta property=\"og:image:type\" content=\"image\/jpeg\" \/>\n<meta name=\"author\" content=\"admpu17wp\" \/>\n<meta name=\"twitter:card\" content=\"summary_large_image\" \/>\n<meta name=\"twitter:creator\" content=\"@portalurbanook\" \/>\n<meta name=\"twitter:site\" content=\"@portalurbanook\" \/>\n<meta name=\"twitter:label1\" content=\"Escrito por\" \/>\n\t<meta name=\"twitter:data1\" content=\"admpu17wp\" \/>\n\t<meta name=\"twitter:label2\" content=\"Tiempo de lectura\" \/>\n\t<meta name=\"twitter:data2\" content=\"2 minutos\" \/>\n<script type=\"application\/ld+json\" class=\"yoast-schema-graph\">{\"@context\":\"https:\/\/schema.org\",\"@graph\":[{\"@type\":\"Article\",\"@id\":\"https:\/\/experienciadevida.com.ar\/portalurbano\/el-limite-para-no-ser-pobre-aumento-un-57-en-un-ano-segun-el-indec\/#article\",\"isPartOf\":{\"@id\":\"https:\/\/experienciadevida.com.ar\/portalurbano\/el-limite-para-no-ser-pobre-aumento-un-57-en-un-ano-segun-el-indec\/\"},\"author\":{\"name\":\"admpu17wp\",\"@id\":\"https:\/\/experienciadevida.com.ar\/portalurbano\/#\/schema\/person\/02dd326b1c4b056e9cc972486934a3a7\"},\"headline\":\"El l\u00edmite para no ser pobre aument\u00f3 un 57% en un a\u00f1o, seg\u00fan el Indec\",\"datePublished\":\"2019-03-28T03:05:08+00:00\",\"dateModified\":\"2019-03-28T03:05:08+00:00\",\"mainEntityOfPage\":{\"@id\":\"https:\/\/experienciadevida.com.ar\/portalurbano\/el-limite-para-no-ser-pobre-aumento-un-57-en-un-ano-segun-el-indec\/\"},\"wordCount\":400,\"commentCount\":0,\"publisher\":{\"@id\":\"https:\/\/experienciadevida.com.ar\/portalurbano\/#organization\"},\"articleSection\":[\"Naci\u00f3n\"],\"inLanguage\":\"es\",\"potentialAction\":[{\"@type\":\"CommentAction\",\"name\":\"Comment\",\"target\":[\"https:\/\/experienciadevida.com.ar\/portalurbano\/el-limite-para-no-ser-pobre-aumento-un-57-en-un-ano-segun-el-indec\/#respond\"]}]},{\"@type\":\"WebPage\",\"@id\":\"https:\/\/experienciadevida.com.ar\/portalurbano\/el-limite-para-no-ser-pobre-aumento-un-57-en-un-ano-segun-el-indec\/\",\"url\":\"https:\/\/experienciadevida.com.ar\/portalurbano\/el-limite-para-no-ser-pobre-aumento-un-57-en-un-ano-segun-el-indec\/\",\"name\":\"El l\u00edmite para no ser pobre aument\u00f3 un 57% en un a\u00f1o, seg\u00fan el Indec -\",\"isPartOf\":{\"@id\":\"https:\/\/experienciadevida.com.ar\/portalurbano\/#website\"},\"datePublished\":\"2019-03-28T03:05:08+00:00\",\"dateModified\":\"2019-03-28T03:05:08+00:00\",\"breadcrumb\":{\"@id\":\"https:\/\/experienciadevida.com.ar\/portalurbano\/el-limite-para-no-ser-pobre-aumento-un-57-en-un-ano-segun-el-indec\/#breadcrumb\"},\"inLanguage\":\"es\",\"potentialAction\":[{\"@type\":\"ReadAction\",\"target\":[\"https:\/\/experienciadevida.com.ar\/portalurbano\/el-limite-para-no-ser-pobre-aumento-un-57-en-un-ano-segun-el-indec\/\"]}]},{\"@type\":\"BreadcrumbList\",\"@id\":\"https:\/\/experienciadevida.com.ar\/portalurbano\/el-limite-para-no-ser-pobre-aumento-un-57-en-un-ano-segun-el-indec\/#breadcrumb\",\"itemListElement\":[{\"@type\":\"ListItem\",\"position\":1,\"name\":\"Portada\",\"item\":\"https:\/\/experienciadevida.com.ar\/portalurbano\/\"},{\"@type\":\"ListItem\",\"position\":2,\"name\":\"El l\u00edmite para no ser pobre aument\u00f3 un 57% en un a\u00f1o, seg\u00fan el Indec\"}]},{\"@type\":\"WebSite\",\"@id\":\"https:\/\/experienciadevida.com.ar\/portalurbano\/#website\",\"url\":\"https:\/\/experienciadevida.com.ar\/portalurbano\/\",\"name\":\"\",\"description\":\"\",\"publisher\":{\"@id\":\"https:\/\/experienciadevida.com.ar\/portalurbano\/#organization\"},\"potentialAction\":[{\"@type\":\"SearchAction\",\"target\":{\"@type\":\"EntryPoint\",\"urlTemplate\":\"https:\/\/experienciadevida.com.ar\/portalurbano\/?s={search_term_string}\"},\"query-input\":\"required name=search_term_string\"}],\"inLanguage\":\"es\"},{\"@type\":\"Organization\",\"@id\":\"https:\/\/experienciadevida.com.ar\/portalurbano\/#organization\",\"name\":\"Portal Urbano\",\"url\":\"https:\/\/experienciadevida.com.ar\/portalurbano\/\",\"logo\":{\"@type\":\"ImageObject\",\"inLanguage\":\"es\",\"@id\":\"https:\/\/experienciadevida.com.ar\/portalurbano\/#\/schema\/logo\/image\/\",\"url\":\"https:\/\/experienciadevida.com.ar\/portalurbano\/wp-content\/uploads\/2019\/09\/Logo-Original.png\",\"contentUrl\":\"https:\/\/experienciadevida.com.ar\/portalurbano\/wp-content\/uploads\/2019\/09\/Logo-Original.png\",\"width\":2236,\"height\":1216,\"caption\":\"Portal Urbano\"},\"image\":{\"@id\":\"https:\/\/experienciadevida.com.ar\/portalurbano\/#\/schema\/logo\/image\/\"},\"sameAs\":[\"https:\/\/www.facebook.com\/Portal-Urbano-171542830093757\/\",\"https:\/\/twitter.com\/portalurbanook\",\"https:\/\/www.instagram.com\/_portalurbano\/\",\"https:\/\/www.youtube.com\/channel\/UCXhagIfszH8KxFiOok79zbA?view_as=subscriber\"]},{\"@type\":\"Person\",\"@id\":\"https:\/\/experienciadevida.com.ar\/portalurbano\/#\/schema\/person\/02dd326b1c4b056e9cc972486934a3a7\",\"name\":\"admpu17wp\",\"image\":{\"@type\":\"ImageObject\",\"inLanguage\":\"es\",\"@id\":\"https:\/\/experienciadevida.com.ar\/portalurbano\/#\/schema\/person\/image\/\",\"url\":\"https:\/\/secure.gravatar.com\/avatar\/830d4c57adaae6630765e449a6908047?s=96&d=mm&r=g\",\"contentUrl\":\"https:\/\/secure.gravatar.com\/avatar\/830d4c57adaae6630765e449a6908047?s=96&d=mm&r=g\",\"caption\":\"admpu17wp\"}}]}<\/script>\n<!-- \/ Yoast SEO plugin. -->","yoast_head_json":{"title":"El l\u00edmite para no ser pobre aument\u00f3 un 57% en un a\u00f1o, seg\u00fan el Indec -","robots":{"index":"index","follow":"follow","max-snippet":"max-snippet:-1","max-image-preview":"max-image-preview:large","max-video-preview":"max-video-preview:-1"},"canonical":"https:\/\/experienciadevida.com.ar\/portalurbano\/el-limite-para-no-ser-pobre-aumento-un-57-en-un-ano-segun-el-indec\/","og_locale":"es_ES","og_type":"article","og_title":"El l\u00edmite para no ser pobre aument\u00f3 un 57% en un a\u00f1o, seg\u00fan el Indec -","og_description":"En febrero pasado una familia tipo necesit\u00f3 $ 27.570 para no ser pobre, un l\u00edmite...","og_url":"https:\/\/experienciadevida.com.ar\/portalurbano\/el-limite-para-no-ser-pobre-aumento-un-57-en-un-ano-segun-el-indec\/","article_publisher":"https:\/\/www.facebook.com\/Portal-Urbano-171542830093757\/","article_published_time":"2019-03-28T03:05:08+00:00","og_image":[{"width":750,"height":418,"url":"https:\/\/experienciadevida.com.ar\/portalurbano\/wp-content\/uploads\/2017\/10\/Seg\u00fan-el-INDEC-\u00bfcu\u00e1nto-aument\u00f3-las-canastas-de-consumo-e1560456713261.jpg","type":"image\/jpeg"}],"author":"admpu17wp","twitter_card":"summary_large_image","twitter_creator":"@portalurbanook","twitter_site":"@portalurbanook","twitter_misc":{"Escrito por":"admpu17wp","Tiempo de lectura":"2 minutos"},"schema":{"@context":"https:\/\/schema.org","@graph":[{"@type":"Article","@id":"https:\/\/experienciadevida.com.ar\/portalurbano\/el-limite-para-no-ser-pobre-aumento-un-57-en-un-ano-segun-el-indec\/#article","isPartOf":{"@id":"https:\/\/experienciadevida.com.ar\/portalurbano\/el-limite-para-no-ser-pobre-aumento-un-57-en-un-ano-segun-el-indec\/"},"author":{"name":"admpu17wp","@id":"https:\/\/experienciadevida.com.ar\/portalurbano\/#\/schema\/person\/02dd326b1c4b056e9cc972486934a3a7"},"headline":"El l\u00edmite para no ser pobre aument\u00f3 un 57% en un a\u00f1o, seg\u00fan el Indec","datePublished":"2019-03-28T03:05:08+00:00","dateModified":"2019-03-28T03:05:08+00:00","mainEntityOfPage":{"@id":"https:\/\/experienciadevida.com.ar\/portalurbano\/el-limite-para-no-ser-pobre-aumento-un-57-en-un-ano-segun-el-indec\/"},"wordCount":400,"commentCount":0,"publisher":{"@id":"https:\/\/experienciadevida.com.ar\/portalurbano\/#organization"},"articleSection":["Naci\u00f3n"],"inLanguage":"es","potentialAction":[{"@type":"CommentAction","name":"Comment","target":["https:\/\/experienciadevida.com.ar\/portalurbano\/el-limite-para-no-ser-pobre-aumento-un-57-en-un-ano-segun-el-indec\/#respond"]}]},{"@type":"WebPage","@id":"https:\/\/experienciadevida.com.ar\/portalurbano\/el-limite-para-no-ser-pobre-aumento-un-57-en-un-ano-segun-el-indec\/","url":"https:\/\/experienciadevida.com.ar\/portalurbano\/el-limite-para-no-ser-pobre-aumento-un-57-en-un-ano-segun-el-indec\/","name":"El l\u00edmite para no ser pobre aument\u00f3 un 57% en un a\u00f1o, seg\u00fan el Indec -","isPartOf":{"@id":"https:\/\/experienciadevida.com.ar\/portalurbano\/#website"},"datePublished":"2019-03-28T03:05:08+00:00","dateModified":"2019-03-28T03:05:08+00:00","breadcrumb":{"@id":"https:\/\/experienciadevida.com.ar\/portalurbano\/el-limite-para-no-ser-pobre-aumento-un-57-en-un-ano-segun-el-indec\/#breadcrumb"},"inLanguage":"es","potentialAction":[{"@type":"ReadAction","target":["https:\/\/experienciadevida.com.ar\/portalurbano\/el-limite-para-no-ser-pobre-aumento-un-57-en-un-ano-segun-el-indec\/"]}]},{"@type":"BreadcrumbList","@id":"https:\/\/experienciadevida.com.ar\/portalurbano\/el-limite-para-no-ser-pobre-aumento-un-57-en-un-ano-segun-el-indec\/#breadcrumb","itemListElement":[{"@type":"ListItem","position":1,"name":"Portada","item":"https:\/\/experienciadevida.com.ar\/portalurbano\/"},{"@type":"ListItem","position":2,"name":"El l\u00edmite para no ser pobre aument\u00f3 un 57% en un a\u00f1o, seg\u00fan el Indec"}]},{"@type":"WebSite","@id":"https:\/\/experienciadevida.com.ar\/portalurbano\/#website","url":"https:\/\/experienciadevida.com.ar\/portalurbano\/","name":"","description":"","publisher":{"@id":"https:\/\/experienciadevida.com.ar\/portalurbano\/#organization"},"potentialAction":[{"@type":"SearchAction","target":{"@type":"EntryPoint","urlTemplate":"https:\/\/experienciadevida.com.ar\/portalurbano\/?s={search_term_string}"},"query-input":"required name=search_term_string"}],"inLanguage":"es"},{"@type":"Organization","@id":"https:\/\/experienciadevida.com.ar\/portalurbano\/#organization","name":"Portal Urbano","url":"https:\/\/experienciadevida.com.ar\/portalurbano\/","logo":{"@type":"ImageObject","inLanguage":"es","@id":"https:\/\/experienciadevida.com.ar\/portalurbano\/#\/schema\/logo\/image\/","url":"https:\/\/experienciadevida.com.ar\/portalurbano\/wp-content\/uploads\/2019\/09\/Logo-Original.png","contentUrl":"https:\/\/experienciadevida.com.ar\/portalurbano\/wp-content\/uploads\/2019\/09\/Logo-Original.png","width":2236,"height":1216,"caption":"Portal Urbano"},"image":{"@id":"https:\/\/experienciadevida.com.ar\/portalurbano\/#\/schema\/logo\/image\/"},"sameAs":["https:\/\/www.facebook.com\/Portal-Urbano-171542830093757\/","https:\/\/twitter.com\/portalurbanook","https:\/\/www.instagram.com\/_portalurbano\/","https:\/\/www.youtube.com\/channel\/UCXhagIfszH8KxFiOok79zbA?view_as=subscriber"]},{"@type":"Person","@id":"https:\/\/experienciadevida.com.ar\/portalurbano\/#\/schema\/person\/02dd326b1c4b056e9cc972486934a3a7","name":"admpu17wp","image":{"@type":"ImageObject","inLanguage":"es","@id":"https:\/\/experienciadevida.com.ar\/portalurbano\/#\/schema\/person\/image\/","url":"https:\/\/secure.gravatar.com\/avatar\/830d4c57adaae6630765e449a6908047?s=96&d=mm&r=g","contentUrl":"https:\/\/secure.gravatar.com\/avatar\/830d4c57adaae6630765e449a6908047?s=96&d=mm&r=g","caption":"admpu17wp"}}]}},"featured_image_urls":{"full":"","thumbnail":"","medium":"","medium_large":"","large":"","ug_big":"","1536x1536":"","2048x2048":"","newsever-slider-full":"","newsever-featured":"","newsever-medium":"","web-stories-poster-portrait":"","web-stories-publisher-logo":"","web-stories-thumbnail":""},"author_info":{"display_name":"admpu17wp","author_link":"https:\/\/experienciadevida.com.ar\/portalurbano\/author\/admpu17wp\/"},"category_info":"<a href=\"https:\/\/experienciadevida.com.ar\/portalurbano\/category\/nacion\/\" rel=\"category tag\">Naci\u00f3n<\/a>","tag_info":"Naci\u00f3n","comment_count":"0","amp_enabled":true,"_links":{"self":[{"href":"https:\/\/experienciadevida.com.ar\/portalurbano\/wp-json\/wp\/v2\/posts\/62134"}],"collection":[{"href":"https:\/\/experienciadevida.com.ar\/portalurbano\/wp-json\/wp\/v2\/posts"}],"about":[{"href":"https:\/\/experienciadevida.com.ar\/portalurbano\/wp-json\/wp\/v2\/types\/post"}],"author":[{"embeddable":true,"href":"https:\/\/experienciadevida.com.ar\/portalurbano\/wp-json\/wp\/v2\/users\/1"}],"replies":[{"embeddable":true,"href":"https:\/\/experienciadevida.com.ar\/portalurbano\/wp-json\/wp\/v2\/comments?post=62134"}],"version-history":[{"count":1,"href":"https:\/\/experienciadevida.com.ar\/portalurbano\/wp-json\/wp\/v2\/posts\/62134\/revisions"}],"predecessor-version":[{"id":62135,"href":"https:\/\/experienciadevida.com.ar\/portalurbano\/wp-json\/wp\/v2\/posts\/62134\/revisions\/62135"}],"wp:attachment":[{"href":"https:\/\/experienciadevida.com.ar\/portalurbano\/wp-json\/wp\/v2\/media?parent=62134"}],"wp:term":[{"taxonomy":"category","embeddable":true,"href":"https:\/\/experienciadevida.com.ar\/portalurbano\/wp-json\/wp\/v2\/categories?post=62134"},{"taxonomy":"post_tag","embeddable":true,"href":"https:\/\/experienciadevida.com.ar\/portalurbano\/wp-json\/wp\/v2\/tags?post=62134"}],"curies":[{"name":"wp","href":"https:\/\/api.w.org\/{rel}","templated":true}]}}